{"id":12235,"date":"2020-02-01T14:00:00","date_gmt":"2020-02-01T13:00:00","guid":{"rendered":"https:\/\/www.bergundtal.com\/?p=12235"},"modified":"2020-02-04T11:45:48","modified_gmt":"2020-02-04T10:45:48","slug":"12235","status":"publish","type":"post","link":"https:\/\/www.bergundtal.com\/?p=12235","title":{"rendered":""},"content":{"rendered":"\n<p>Skitouren sind lange keine Randbewegung im Snowsport mehr, Skitouring ist mittlerweile eine fester Bestandteil der Skiszene und des Skimarktes; Skitouring boomt und sorgt so auch im Fachhandel f\u00fcr  steigenden Absatz und auf der diesj\u00e4hrigen ISPO f\u00fcr gro\u00dfes Interesse. <\/p>\n\n\n\n<div class=\"wp-block-jetpack-slideshow aligncenter\" data-effect=\"slide\"><div class=\"wp-block-jetpack-slideshow_container swiper-container\"><ul class=\"wp-block-jetpack-slideshow_swiper-wrapper swiper-wrapper\"><li class=\"wp-block-jetpack-slideshow_slide swiper-slide\"><figure><img decoding=\"async\" loading=\"lazy\" width=\"1024\" height=\"684\" alt=\"\" class=\"wp-block-jetpack-slideshow_image wp-image-12245\" data-id=\"12245\" src=\"https:\/\/www.bergundtal.com\/wp-content\/uploads\/2020\/01\/09-ISPOSkitouren-25-1024x684.jpg\" srcset=\"https:\/\/www.bergundtal.com\/wp-content\/uploads\/2020\/01\/09-ISPOSkitouren-25-1024x684.jpg 1024w, https:\/\/www.bergundtal.com\/wp-content\/uploads\/2020\/01\/09-ISPOSkitouren-25-300x200.jpg 300w, https:\/\/www.bergundtal.com\/wp-content\/uploads\/2020\/01\/09-ISPOSkitouren-25-768x513.jpg 768w, https:\/\/www.bergundtal.com\/wp-content\/uploads\/2020\/01\/09-ISPOSkitouren-25-1536x1026.jpg 1536w, https:\/\/www.bergundtal.com\/wp-content\/uploads\/2020\/01\/09-ISPOSkitouren-25-700x468.jpg 700w, https:\/\/www.bergundtal.com\/wp-content\/uploads\/2020\/01\/09-ISPOSkitouren-25-332x222.jpg 332w, https:\/\/www.bergundtal.com\/wp-content\/uploads\/2020\/01\/09-ISPOSkitouren-25.jpg 1600w\" sizes=\"(max-width: 1024px) 100vw, 1024px\" \/><\/figure><\/li><li class=\"wp-block-jetpack-slideshow_slide swiper-slide\"><figure><img decoding=\"async\" loading=\"lazy\" width=\"768\" height=\"1024\" alt=\"\" class=\"wp-block-jetpack-slideshow_image wp-image-12236\" data-id=\"12236\" src=\"https:\/\/www.bergundtal.com\/wp-content\/uploads\/2020\/01\/1-ISPOSkitouren-4-768x1024.jpg\" srcset=\"https:\/\/www.bergundtal.com\/wp-content\/uploads\/2020\/01\/1-ISPOSkitouren-4-768x1024.jpg 768w, https:\/\/www.bergundtal.com\/wp-content\/uploads\/2020\/01\/1-ISPOSkitouren-4-225x300.jpg 225w, https:\/\/www.bergundtal.com\/wp-content\/uploads\/2020\/01\/1-ISPOSkitouren-4-1152x1536.jpg 1152w, https:\/\/www.bergundtal.com\/wp-content\/uploads\/2020\/01\/1-ISPOSkitouren-4-700x933.jpg 700w, https:\/\/www.bergundtal.com\/wp-content\/uploads\/2020\/01\/1-ISPOSkitouren-4-332x443.jpg 332w, https:\/\/www.bergundtal.com\/wp-content\/uploads\/2020\/01\/1-ISPOSkitouren-4.jpg 1200w\" sizes=\"(max-width: 768px) 100vw, 768px\" \/><\/figure><\/li><li class=\"wp-block-jetpack-slideshow_slide swiper-slide\"><figure><img decoding=\"async\" loading=\"lazy\" width=\"1024\" height=\"614\" alt=\"\" class=\"wp-block-jetpack-slideshow_image wp-image-12237\" data-id=\"12237\" src=\"https:\/\/www.bergundtal.com\/wp-content\/uploads\/2020\/01\/1-skitouring_hr3-1024x614.jpg\" srcset=\"https:\/\/www.bergundtal.com\/wp-content\/uploads\/2020\/01\/1-skitouring_hr3-1024x614.jpg 1024w, https:\/\/www.bergundtal.com\/wp-content\/uploads\/2020\/01\/1-skitouring_hr3-300x180.jpg 300w, https:\/\/www.bergundtal.com\/wp-content\/uploads\/2020\/01\/1-skitouring_hr3-768x461.jpg 768w, https:\/\/www.bergundtal.com\/wp-content\/uploads\/2020\/01\/1-skitouring_hr3-1536x922.jpg 1536w, https:\/\/www.bergundtal.com\/wp-content\/uploads\/2020\/01\/1-skitouring_hr3-700x420.jpg 700w, https:\/\/www.bergundtal.com\/wp-content\/uploads\/2020\/01\/1-skitouring_hr3-332x199.jpg 332w, https:\/\/www.bergundtal.com\/wp-content\/uploads\/2020\/01\/1-skitouring_hr3.jpg 1600w\" sizes=\"(max-width: 1024px) 100vw, 1024px\" \/><\/figure><\/li><li class=\"wp-block-jetpack-slideshow_slide swiper-slide\"><figure><img decoding=\"async\" loading=\"lazy\" width=\"800\" height=\"535\" alt=\"\" class=\"wp-block-jetpack-slideshow_image wp-image-12240\" data-id=\"12240\" src=\"https:\/\/www.bergundtal.com\/wp-content\/uploads\/2020\/01\/04-ISPOSkitouren-24.jpg\" srcset=\"https:\/\/www.bergundtal.com\/wp-content\/uploads\/2020\/01\/04-ISPOSkitouren-24.jpg 800w, https:\/\/www.bergundtal.com\/wp-content\/uploads\/2020\/01\/04-ISPOSkitouren-24-300x201.jpg 300w, https:\/\/www.bergundtal.com\/wp-content\/uploads\/2020\/01\/04-ISPOSkitouren-24-768x514.jpg 768w, https:\/\/www.bergundtal.com\/wp-content\/uploads\/2020\/01\/04-ISPOSkitouren-24-700x468.jpg 700w, https:\/\/www.bergundtal.com\/wp-content\/uploads\/2020\/01\/04-ISPOSkitouren-24-332x222.jpg 332w\" sizes=\"(max-width: 800px) 100vw, 800px\" \/><\/figure><\/li><li class=\"wp-block-jetpack-slideshow_slide swiper-slide\"><figure><img decoding=\"async\" loading=\"lazy\" width=\"800\" height=\"730\" alt=\"\" class=\"wp-block-jetpack-slideshow_image wp-image-12239\" data-id=\"12239\" src=\"https:\/\/www.bergundtal.com\/wp-content\/uploads\/2020\/01\/03-ISPOSkitouren-23.jpg\" srcset=\"https:\/\/www.bergundtal.com\/wp-content\/uploads\/2020\/01\/03-ISPOSkitouren-23.jpg 800w, https:\/\/www.bergundtal.com\/wp-content\/uploads\/2020\/01\/03-ISPOSkitouren-23-300x274.jpg 300w, https:\/\/www.bergundtal.com\/wp-content\/uploads\/2020\/01\/03-ISPOSkitouren-23-768x701.jpg 768w, https:\/\/www.bergundtal.com\/wp-content\/uploads\/2020\/01\/03-ISPOSkitouren-23-700x639.jpg 700w, https:\/\/www.bergundtal.com\/wp-content\/uploads\/2020\/01\/03-ISPOSkitouren-23-332x303.jpg 332w\" sizes=\"(max-width: 800px) 100vw, 800px\" \/><\/figure><\/li><li class=\"wp-block-jetpack-slideshow_slide swiper-slide\"><figure><img decoding=\"async\" loading=\"lazy\" width=\"1024\" height=\"768\" alt=\"\" class=\"wp-block-jetpack-slideshow_image wp-image-12241\" data-id=\"12241\" src=\"https:\/\/www.bergundtal.com\/wp-content\/uploads\/2020\/01\/05-ISPOSkitouren-2-1024x768.jpg\" srcset=\"https:\/\/www.bergundtal.com\/wp-content\/uploads\/2020\/01\/05-ISPOSkitouren-2-1024x768.jpg 1024w, https:\/\/www.bergundtal.com\/wp-content\/uploads\/2020\/01\/05-ISPOSkitouren-2-300x225.jpg 300w, https:\/\/www.bergundtal.com\/wp-content\/uploads\/2020\/01\/05-ISPOSkitouren-2-768x576.jpg 768w, https:\/\/www.bergundtal.com\/wp-content\/uploads\/2020\/01\/05-ISPOSkitouren-2-1536x1152.jpg 1536w, https:\/\/www.bergundtal.com\/wp-content\/uploads\/2020\/01\/05-ISPOSkitouren-2-700x525.jpg 700w, https:\/\/www.bergundtal.com\/wp-content\/uploads\/2020\/01\/05-ISPOSkitouren-2-332x249.jpg 332w, https:\/\/www.bergundtal.com\/wp-content\/uploads\/2020\/01\/05-ISPOSkitouren-2.jpg 1600w\" sizes=\"(max-width: 1024px) 100vw, 1024px\" \/><\/figure><\/li><li class=\"wp-block-jetpack-slideshow_slide swiper-slide\"><figure><img decoding=\"async\" loading=\"lazy\" width=\"768\" height=\"1024\" alt=\"\" class=\"wp-block-jetpack-slideshow_image wp-image-12242\" data-id=\"12242\" src=\"https:\/\/www.bergundtal.com\/wp-content\/uploads\/2020\/01\/06-ISPOSkitouren-1-768x1024.jpg\" srcset=\"https:\/\/www.bergundtal.com\/wp-content\/uploads\/2020\/01\/06-ISPOSkitouren-1-768x1024.jpg 768w, https:\/\/www.bergundtal.com\/wp-content\/uploads\/2020\/01\/06-ISPOSkitouren-1-225x300.jpg 225w, https:\/\/www.bergundtal.com\/wp-content\/uploads\/2020\/01\/06-ISPOSkitouren-1-1152x1536.jpg 1152w, https:\/\/www.bergundtal.com\/wp-content\/uploads\/2020\/01\/06-ISPOSkitouren-1-700x933.jpg 700w, https:\/\/www.bergundtal.com\/wp-content\/uploads\/2020\/01\/06-ISPOSkitouren-1-332x443.jpg 332w, https:\/\/www.bergundtal.com\/wp-content\/uploads\/2020\/01\/06-ISPOSkitouren-1.jpg 1200w\" sizes=\"(max-width: 768px) 100vw, 768px\" \/><\/figure><\/li><li class=\"wp-block-jetpack-slideshow_slide swiper-slide\"><figure><img decoding=\"async\" loading=\"lazy\" width=\"1024\" height=\"642\" alt=\"\" class=\"wp-block-jetpack-slideshow_image wp-image-12246\" data-id=\"12246\" src=\"https:\/\/www.bergundtal.com\/wp-content\/uploads\/2020\/01\/15-ISPOSkitouren-31-1024x642.jpg\" srcset=\"https:\/\/www.bergundtal.com\/wp-content\/uploads\/2020\/01\/15-ISPOSkitouren-31-1024x642.jpg 1024w, https:\/\/www.bergundtal.com\/wp-content\/uploads\/2020\/01\/15-ISPOSkitouren-31-300x188.jpg 300w, https:\/\/www.bergundtal.com\/wp-content\/uploads\/2020\/01\/15-ISPOSkitouren-31-768x481.jpg 768w, https:\/\/www.bergundtal.com\/wp-content\/uploads\/2020\/01\/15-ISPOSkitouren-31-1536x963.jpg 1536w, https:\/\/www.bergundtal.com\/wp-content\/uploads\/2020\/01\/15-ISPOSkitouren-31-700x439.jpg 700w, https:\/\/www.bergundtal.com\/wp-content\/uploads\/2020\/01\/15-ISPOSkitouren-31-332x208.jpg 332w, https:\/\/www.bergundtal.com\/wp-content\/uploads\/2020\/01\/15-ISPOSkitouren-31.jpg 1600w\" sizes=\"(max-width: 1024px) 100vw, 1024px\" \/><\/figure><\/li><li class=\"wp-block-jetpack-slideshow_slide swiper-slide\"><figure><img decoding=\"async\" loading=\"lazy\" width=\"684\" height=\"1024\" alt=\"\" class=\"wp-block-jetpack-slideshow_image wp-image-12247\" data-id=\"12247\" src=\"https:\/\/www.bergundtal.com\/wp-content\/uploads\/2020\/01\/01-ISPOSkitouren-21-684x1024.jpg\" srcset=\"https:\/\/www.bergundtal.com\/wp-content\/uploads\/2020\/01\/01-ISPOSkitouren-21-684x1024.jpg 684w, https:\/\/www.bergundtal.com\/wp-content\/uploads\/2020\/01\/01-ISPOSkitouren-21-200x300.jpg 200w, https:\/\/www.bergundtal.com\/wp-content\/uploads\/2020\/01\/01-ISPOSkitouren-21-768x1149.jpg 768w, https:\/\/www.bergundtal.com\/wp-content\/uploads\/2020\/01\/01-ISPOSkitouren-21-1026x1536.jpg 1026w, https:\/\/www.bergundtal.com\/wp-content\/uploads\/2020\/01\/01-ISPOSkitouren-21-700x1048.jpg 700w, https:\/\/www.bergundtal.com\/wp-content\/uploads\/2020\/01\/01-ISPOSkitouren-21-332x497.jpg 332w, https:\/\/www.bergundtal.com\/wp-content\/uploads\/2020\/01\/01-ISPOSkitouren-21.jpg 1069w\" sizes=\"(max-width: 684px) 100vw, 684px\" \/><\/figure><\/li><\/ul><a class=\"wp-block-jetpack-slideshow_button-prev swiper-button-prev swiper-button-white\" role=\"button\"><\/a><a class=\"wp-block-jetpack-slideshow_button-next swiper-button-next swiper-button-white\" role=\"button\"><\/a><a aria-label=\"Pause Slideshow\" class=\"wp-block-jetpack-slideshow_button-pause\" role=\"button\"><\/a><div class=\"wp-block-jetpack-slideshow_pagination swiper-pagination swiper-pagination-white\"><\/div><\/div><\/div>\n\n\n\n<div class=\"wp-block-image\"><figure class=\"alignright size-large is-resized\"><img data-attachment-id=\"12239\" data-permalink=\"https:\/\/www.bergundtal.com\/?attachment_id=12239\" data-orig-file=\"https:\/\/www.bergundtal.com\/wp-content\/uploads\/2020\/01\/03-ISPOSkitouren-23.jpg\" data-orig-size=\"800,730\" data-comments-opened=\"0\" data-image-meta=\"{&quot;aperture&quot;:&quot;4&quot;,&quot;credit&quot;:&quot;Picasa&quot;,&quot;camera&quot;:&quot;DMC-FZ200&quot;,&quot;caption&quot;:&quot;&quot;,&quot;created_timestamp&quot;:&quot;1484481632&quot;,&quot;copyright&quot;:&quot;&quot;,&quot;focal_length&quot;:&quot;8.1&quot;,&quot;iso&quot;:&quot;160&quot;,&quot;shutter_speed&quot;:&quot;0.003125&quot;,&quot;title&quot;:&quot;&quot;,&quot;orientation&quot;:&quot;0&quot;}\" data-image-title=\"03-ISPOSkitouren (23)\" data-image-description=\"\" data-image-caption=\"\" data-medium-file=\"https:\/\/www.bergundtal.com\/wp-content\/uploads\/2020\/01\/03-ISPOSkitouren-23-300x274.jpg\" data-large-file=\"https:\/\/www.bergundtal.com\/wp-content\/uploads\/2020\/01\/03-ISPOSkitouren-23.jpg\" decoding=\"async\" loading=\"lazy\" src=\"https:\/\/www.bergundtal.com\/wp-content\/uploads\/2020\/01\/03-ISPOSkitouren-23.jpg\" alt=\"\" class=\"wp-image-12239\" width=\"335\" height=\"305\" srcset=\"https:\/\/www.bergundtal.com\/wp-content\/uploads\/2020\/01\/03-ISPOSkitouren-23.jpg 800w, https:\/\/www.bergundtal.com\/wp-content\/uploads\/2020\/01\/03-ISPOSkitouren-23-300x274.jpg 300w, https:\/\/www.bergundtal.com\/wp-content\/uploads\/2020\/01\/03-ISPOSkitouren-23-768x701.jpg 768w, https:\/\/www.bergundtal.com\/wp-content\/uploads\/2020\/01\/03-ISPOSkitouren-23-700x639.jpg 700w, https:\/\/www.bergundtal.com\/wp-content\/uploads\/2020\/01\/03-ISPOSkitouren-23-332x303.jpg 332w\" sizes=\"(max-width: 335px) 100vw, 335px\" \/><\/figure><\/div>\n\n\n\n<p>Mit der Zahl der Touren- geher* innen w\u00e4chst auch die Differenzierung; Dynafit sieht z. B. 4 wesentlichen Zielgruppen: Race, Speed, Tour und Free. Auch HAGAN unterscheidet in Freeride\/Allmountain, Tour Classic und Profes- sionell. Insgesamt gehen Sch\u00e4tzungen davon aus, dass es allein in Deutsch- land 2017 rund 500 000 Tourengeher*innen gab, in \u00d6sterreich \u2013 laut \u00d6AV &#8211;  in der Saison 2018\/19 600 000. Die Zahl der Pistentourer ist in den letzten Jahren sicherlich am st\u00e4rksten gestiegen;  viele Skigebiete bieten deshalb schon gesonderte Aufstiegsspuren f\u00fcr Tourengeher an, Tourenabende in Skigebieten sind weit verbreitet und auch sehr gut besucht .<\/p>\n\n\n\n<p> Skitouren sind auch keine m\u00e4nnerdominierte Sportart mehr, viele Frauen finden Gefallen an der naturverbundenen Aktivit\u00e4t; beim Pistentouring herrscht z. B. ein ausgeglichenes Verh\u00e4ltnis zwischen Frauen und M\u00e4nnern. Das Durchschnittsalter der Skitourengeher+innen hat sich laut \u00d6AV auf 37 Jahre verringert,  Skitouring ist in, modern. Skitourer+innen sind fitnessorientiert, naturverbunden und legen Wert auf eine gute Ausr\u00fcstung.<br>Neben Ski, Bindung und Tourenstiefel wird auch auf funktionelle Kleidung gro\u00dfer Wert gelegt; entsprechend umfangreich, bunt und interessant sind nat\u00fcrlich auch die auf der diesj\u00e4hrigen ISPO pr\u00e4sentierten Angebote und die erkennbaren Trends.<\/p>\n\n\n\n<p><\/p>\n\n\n\n<div class=\"is-layout-flow wp-block-group\"><div class=\"wp-block-group__inner-container\">\n<h3 class=\"has-vivid-cyan-blue-color has-text-color\">Tourenski<\/h3>\n\n\n\n<p>Das Angebot von Tourenski auf der diesj\u00e4hrigen ISPO ist sehr breit und differenziert; es geht von extrem schmalen Wettkampfski &#8211; nur 65 mm schmal und teilweise nur 160\/65mm kurz bis zu extrem breiten Rockern mit Mittelbreiten von mehr als 95mm.  Die Allroundtourer haben Mittelbreiten so zwischen 80 und 90mm und wiegen pro Ski ca. 1,5kg &#8211; also auch High-Ski mit modernen Materialien und aufwendiger Bauweise &#8211; Gewichtseinsparung und trotzdem Stabilit\u00e4t und Kantengriff ist nicht einfach! <br>Allerdings macht sich in diesem Segment schon bemerkbar, dass die Firmen von AmerSports &#8211; z. B. Atomic und Salomon &#8211; und der Oberalp-Gruppe &#8211; z.B. Dynafit und Salewa &#8211;  nicht mit ihren Produkten auf der ISPO pr\u00e4sent sind, Atomic und vor allen Dingen Dynafit sind auf dem Markt f\u00fcr Skitouring  wichtige Anbieter und Trendsetter und setzen damit auch Ma\u00dfst\u00e4be und bieten Orientierungspunkte.<\/p>\n\n\n\n<div class=\"is-layout-flow wp-block-group\"><div class=\"wp-block-group__inner-container\">\n<figure data-carousel-extra='{\"blog_id\":1,\"permalink\":\"https:\\\/\\\/www.bergundtal.com\\\/?p=12235\"}'  class=\"is-layout-flex wp-block-gallery-1 wp-block-gallery columns-2 is-cropped\"><ul class=\"blocks-gallery-grid\"><li class=\"blocks-gallery-item\"><figure><img data-attachment-id=\"12197\" data-permalink=\"https:\/\/www.bergundtal.com\/?attachment_id=12197\" data-orig-file=\"https:\/\/www.bergundtal.com\/wp-content\/uploads\/2020\/01\/06-ispo-award-goldwinner-snowsports-ski-touring-skies-dynafit-blacklight-pro-pin-ski-system_artikel.jpg\" data-orig-size=\"500,354\" data-comments-opened=\"0\" data-image-meta=\"{&quot;aperture&quot;:&quot;0&quot;,&quot;credit&quot;:&quot;Picasa&quot;,&quot;camera&quot;:&quot;&quot;,&quot;caption&quot;:&quot;&quot;,&quot;created_timestamp&quot;:&quot;1580388888&quot;,&quot;copyright&quot;:&quot;&quot;,&quot;focal_length&quot;:&quot;0&quot;,&quot;iso&quot;:&quot;0&quot;,&quot;shutter_speed&quot;:&quot;0&quot;,&quot;title&quot;:&quot;&quot;,&quot;orientation&quot;:&quot;0&quot;}\" data-image-title=\"06-ispo-award-goldwinner-snowsports-ski-touring-skies-dynafit-blacklight-pro-pin-ski-system_artikel\" data-image-description=\"\" data-image-caption=\"&lt;p&gt;DYNAFIT Blacklight Pro&lt;\/p&gt;\n\" data-medium-file=\"https:\/\/www.bergundtal.com\/wp-content\/uploads\/2020\/01\/06-ispo-award-goldwinner-snowsports-ski-touring-skies-dynafit-blacklight-pro-pin-ski-system_artikel-300x212.jpg\" data-large-file=\"https:\/\/www.bergundtal.com\/wp-content\/uploads\/2020\/01\/06-ispo-award-goldwinner-snowsports-ski-touring-skies-dynafit-blacklight-pro-pin-ski-system_artikel.jpg\" decoding=\"async\" loading=\"lazy\" width=\"500\" height=\"354\" src=\"https:\/\/www.bergundtal.com\/wp-content\/uploads\/2020\/01\/06-ispo-award-goldwinner-snowsports-ski-touring-skies-dynafit-blacklight-pro-pin-ski-system_artikel.jpg\" alt=\"\" data-id=\"12197\" data-full-url=\"https:\/\/www.bergundtal.com\/wp-content\/uploads\/2020\/01\/06-ispo-award-goldwinner-snowsports-ski-touring-skies-dynafit-blacklight-pro-pin-ski-system_artikel.jpg\" data-link=\"https:\/\/www.bergundtal.com\/?attachment_id=12197\" class=\"wp-image-12197\" srcset=\"https:\/\/www.bergundtal.com\/wp-content\/uploads\/2020\/01\/06-ispo-award-goldwinner-snowsports-ski-touring-skies-dynafit-blacklight-pro-pin-ski-system_artikel.jpg 500w, https:\/\/www.bergundtal.com\/wp-content\/uploads\/2020\/01\/06-ispo-award-goldwinner-snowsports-ski-touring-skies-dynafit-blacklight-pro-pin-ski-system_artikel-300x212.jpg 300w, https:\/\/www.bergundtal.com\/wp-content\/uploads\/2020\/01\/06-ispo-award-goldwinner-snowsports-ski-touring-skies-dynafit-blacklight-pro-pin-ski-system_artikel-332x235.jpg 332w\" sizes=\"(max-width: 500px) 100vw, 500px\" \/><figcaption class=\"blocks-gallery-item__caption\">DYNAFIT Blacklight Pro<\/figcaption><\/figure><\/li><li class=\"blocks-gallery-item\"><figure><img data-attachment-id=\"12336\" data-permalink=\"https:\/\/www.bergundtal.com\/?attachment_id=12336\" data-orig-file=\"https:\/\/www.bergundtal.com\/wp-content\/uploads\/2020\/02\/DYNAFIT_SL150_Keyvisual_official-1170x827-1.jpg\" data-orig-size=\"1170,827\" data-comments-opened=\"0\" data-image-meta=\"{&quot;aperture&quot;:&quot;0&quot;,&quot;credit&quot;:&quot;&quot;,&quot;camera&quot;:&quot;&quot;,&quot;caption&quot;:&quot;&quot;,&quot;created_timestamp&quot;:&quot;0&quot;,&quot;copyright&quot;:&quot;&quot;,&quot;focal_length&quot;:&quot;0&quot;,&quot;iso&quot;:&quot;0&quot;,&quot;shutter_speed&quot;:&quot;0&quot;,&quot;title&quot;:&quot;dynafit_keyvisual_superlite150_quer_R01.indd&quot;,&quot;orientation&quot;:&quot;1&quot;}\" data-image-title=\"dynafit_keyvisual_superlite150_quer_R01.indd\" data-image-description=\"\" data-image-caption=\"&lt;p&gt;und Superlight 150, zusammen weniger als 2,5kg&lt;\/p&gt;\n\" data-medium-file=\"https:\/\/www.bergundtal.com\/wp-content\/uploads\/2020\/02\/DYNAFIT_SL150_Keyvisual_official-1170x827-1-300x212.jpg\" data-large-file=\"https:\/\/www.bergundtal.com\/wp-content\/uploads\/2020\/02\/DYNAFIT_SL150_Keyvisual_official-1170x827-1-1024x724.jpg\" decoding=\"async\" loading=\"lazy\" width=\"1024\" height=\"724\" src=\"https:\/\/www.bergundtal.com\/wp-content\/uploads\/2020\/02\/DYNAFIT_SL150_Keyvisual_official-1170x827-1-1024x724.jpg\" alt=\"\" data-id=\"12336\" data-full-url=\"https:\/\/www.bergundtal.com\/wp-content\/uploads\/2020\/02\/DYNAFIT_SL150_Keyvisual_official-1170x827-1.jpg\" data-link=\"https:\/\/www.bergundtal.com\/?attachment_id=12336\" class=\"wp-image-12336\" srcset=\"https:\/\/www.bergundtal.com\/wp-content\/uploads\/2020\/02\/DYNAFIT_SL150_Keyvisual_official-1170x827-1-1024x724.jpg 1024w, https:\/\/www.bergundtal.com\/wp-content\/uploads\/2020\/02\/DYNAFIT_SL150_Keyvisual_official-1170x827-1-300x212.jpg 300w, https:\/\/www.bergundtal.com\/wp-content\/uploads\/2020\/02\/DYNAFIT_SL150_Keyvisual_official-1170x827-1-768x543.jpg 768w, https:\/\/www.bergundtal.com\/wp-content\/uploads\/2020\/02\/DYNAFIT_SL150_Keyvisual_official-1170x827-1-700x495.jpg 700w, https:\/\/www.bergundtal.com\/wp-content\/uploads\/2020\/02\/DYNAFIT_SL150_Keyvisual_official-1170x827-1-332x235.jpg 332w, https:\/\/www.bergundtal.com\/wp-content\/uploads\/2020\/02\/DYNAFIT_SL150_Keyvisual_official-1170x827-1.jpg 1170w\" sizes=\"(max-width: 1024px) 100vw, 1024px\" \/><figcaption class=\"blocks-gallery-item__caption\">und Superlight 150, zusammen weniger als 2,5kg<\/figcaption><\/figure><\/li><\/ul><\/figure>\n<\/div><\/div>\n\n\n\n<p>Dynafit hat z. B. mit der neuen BLACKLIGHT Skiserie und der SpeedbIndung SUPERLIGHT 150 ein sehr aufstiegsorientiertes Set neu im Sortiment &#8211; Paar Ski + Bindung nicht mal 2,5kg! Und Dynafit bietet ab Kauf Winter 2019\/20 auf alle Bindungen eine 10j\u00e4hrige Garantie, in der Werbung wird daraus bei einer durchschnittlich 10j\u00e4hrigen Lebensdauer einer Tourenbindung eine lebenslange Garantie.<\/p>\n\n\n\n<p><\/p>\n\n\n\n<div class=\"wp-block-jetpack-slideshow aligncenter\" data-effect=\"slide\"><div class=\"wp-block-jetpack-slideshow_container swiper-container\"><ul class=\"wp-block-jetpack-slideshow_swiper-wrapper swiper-wrapper\"><li class=\"wp-block-jetpack-slideshow_slide swiper-slide\"><figure><img decoding=\"async\" loading=\"lazy\" width=\"1024\" height=\"816\" alt=\"\" class=\"wp-block-jetpack-slideshow_image wp-image-12340\" data-id=\"12340\" src=\"https:\/\/www.bergundtal.com\/wp-content\/uploads\/2020\/02\/01-01-Tourenski-4-1024x816.jpg\"\/><figcaption class=\"wp-block-jetpack-slideshow_caption gallery-caption\">Black Diamond, breite Freetourer<\/figcaption><\/figure><\/li><li class=\"wp-block-jetpack-slideshow_slide swiper-slide\"><figure><img decoding=\"async\" loading=\"lazy\" width=\"1024\" height=\"760\" alt=\"\" class=\"wp-block-jetpack-slideshow_image wp-image-12342\" data-id=\"12342\" src=\"https:\/\/www.bergundtal.com\/wp-content\/uploads\/2020\/02\/1-P1250104-1024x760.jpg\" srcset=\"https:\/\/www.bergundtal.com\/wp-content\/uploads\/2020\/02\/1-P1250104-1024x760.jpg 1024w, https:\/\/www.bergundtal.com\/wp-content\/uploads\/2020\/02\/1-P1250104-300x223.jpg 300w, https:\/\/www.bergundtal.com\/wp-content\/uploads\/2020\/02\/1-P1250104-768x570.jpg 768w, https:\/\/www.bergundtal.com\/wp-content\/uploads\/2020\/02\/1-P1250104-1536x1140.jpg 1536w, https:\/\/www.bergundtal.com\/wp-content\/uploads\/2020\/02\/1-P1250104-700x520.jpg 700w, https:\/\/www.bergundtal.com\/wp-content\/uploads\/2020\/02\/1-P1250104-332x247.jpg 332w, https:\/\/www.bergundtal.com\/wp-content\/uploads\/2020\/02\/1-P1250104.jpg 1600w\" sizes=\"(max-width: 1024px) 100vw, 1024px\" \/><figcaption class=\"wp-block-jetpack-slideshow_caption gallery-caption\">Scott, immer mit dem speziellen Befestigungssystem f\u00fcr Felle,  hat eine breites Angebot<\/figcaption><\/figure><\/li><li class=\"wp-block-jetpack-slideshow_slide swiper-slide\"><figure><img decoding=\"async\" loading=\"lazy\" width=\"1024\" height=\"679\" alt=\"\" class=\"wp-block-jetpack-slideshow_image wp-image-12343\" data-id=\"12343\" src=\"https:\/\/www.bergundtal.com\/wp-content\/uploads\/2020\/02\/02-03-Tourenski-6-1024x679.jpg\"\/><figcaption class=\"wp-block-jetpack-slideshow_caption gallery-caption\">mit ganz unterschiedlichen Mittelbreiten<\/figcaption><\/figure><\/li><li class=\"wp-block-jetpack-slideshow_slide swiper-slide\"><figure><img decoding=\"async\" loading=\"lazy\" width=\"1024\" height=\"806\" alt=\"\" class=\"wp-block-jetpack-slideshow_image wp-image-12341\" data-id=\"12341\" src=\"https:\/\/www.bergundtal.com\/wp-content\/uploads\/2020\/02\/1-ISPOSkitouren-29-1024x806.jpg\" srcset=\"https:\/\/www.bergundtal.com\/wp-content\/uploads\/2020\/02\/1-ISPOSkitouren-29-1024x806.jpg 1024w, https:\/\/www.bergundtal.com\/wp-content\/uploads\/2020\/02\/1-ISPOSkitouren-29-300x236.jpg 300w, https:\/\/www.bergundtal.com\/wp-content\/uploads\/2020\/02\/1-ISPOSkitouren-29-768x605.jpg 768w, https:\/\/www.bergundtal.com\/wp-content\/uploads\/2020\/02\/1-ISPOSkitouren-29-1536x1210.jpg 1536w, https:\/\/www.bergundtal.com\/wp-content\/uploads\/2020\/02\/1-ISPOSkitouren-29-700x551.jpg 700w, https:\/\/www.bergundtal.com\/wp-content\/uploads\/2020\/02\/1-ISPOSkitouren-29-332x261.jpg 332w, https:\/\/www.bergundtal.com\/wp-content\/uploads\/2020\/02\/1-ISPOSkitouren-29.jpg 1600w\" sizes=\"(max-width: 1024px) 100vw, 1024px\" \/><figcaption class=\"wp-block-jetpack-slideshow_caption gallery-caption\">Scott SUPERGUIDE Ski (+ Schuh), Paulownia\/Buchen Kern + Carbon\/Aramid + 3Dimension Sidecut<\/figcaption><\/figure><\/li><li class=\"wp-block-jetpack-slideshow_slide swiper-slide\"><figure><img decoding=\"async\" loading=\"lazy\" width=\"1024\" height=\"710\" alt=\"\" class=\"wp-block-jetpack-slideshow_image wp-image-12344\" data-id=\"12344\" src=\"https:\/\/www.bergundtal.com\/wp-content\/uploads\/2020\/02\/03-04-Tourenski-7-1024x710.jpg\" srcset=\"https:\/\/www.bergundtal.com\/wp-content\/uploads\/2020\/02\/03-04-Tourenski-7-1024x710.jpg 1024w, https:\/\/www.bergundtal.com\/wp-content\/uploads\/2020\/02\/03-04-Tourenski-7-300x208.jpg 300w, https:\/\/www.bergundtal.com\/wp-content\/uploads\/2020\/02\/03-04-Tourenski-7-768x532.jpg 768w, https:\/\/www.bergundtal.com\/wp-content\/uploads\/2020\/02\/03-04-Tourenski-7-700x485.jpg 700w, https:\/\/www.bergundtal.com\/wp-content\/uploads\/2020\/02\/03-04-Tourenski-7-332x230.jpg 332w, https:\/\/www.bergundtal.com\/wp-content\/uploads\/2020\/02\/03-04-Tourenski-7.jpg 1476w\" sizes=\"(max-width: 1024px) 100vw, 1024px\" \/><\/figure><\/li><li class=\"wp-block-jetpack-slideshow_slide swiper-slide\"><figure><img decoding=\"async\" loading=\"lazy\" width=\"480\" height=\"601\" alt=\"\" class=\"wp-block-jetpack-slideshow_image wp-image-12345\" data-id=\"12345\" src=\"https:\/\/www.bergundtal.com\/wp-content\/uploads\/2020\/02\/04-05-Tourenski-1.jpg\" srcset=\"https:\/\/www.bergundtal.com\/wp-content\/uploads\/2020\/02\/04-05-Tourenski-1.jpg 480w, https:\/\/www.bergundtal.com\/wp-content\/uploads\/2020\/02\/04-05-Tourenski-1-240x300.jpg 240w, https:\/\/www.bergundtal.com\/wp-content\/uploads\/2020\/02\/04-05-Tourenski-1-332x416.jpg 332w\" sizes=\"(max-width: 480px) 100vw, 480px\" \/><\/figure><\/li><li class=\"wp-block-jetpack-slideshow_slide swiper-slide\"><figure><img decoding=\"async\" loading=\"lazy\" width=\"391\" height=\"466\" alt=\"\" class=\"wp-block-jetpack-slideshow_image wp-image-12346\" data-id=\"12346\" src=\"https:\/\/www.bergundtal.com\/wp-content\/uploads\/2020\/02\/06-06-Tourenski-2.jpg\" srcset=\"https:\/\/www.bergundtal.com\/wp-content\/uploads\/2020\/02\/06-06-Tourenski-2.jpg 391w, https:\/\/www.bergundtal.com\/wp-content\/uploads\/2020\/02\/06-06-Tourenski-2-252x300.jpg 252w, https:\/\/www.bergundtal.com\/wp-content\/uploads\/2020\/02\/06-06-Tourenski-2-332x396.jpg 332w\" sizes=\"(max-width: 391px) 100vw, 391px\" \/><\/figure><\/li><li class=\"wp-block-jetpack-slideshow_slide swiper-slide\"><figure><img decoding=\"async\" loading=\"lazy\" width=\"480\" height=\"640\" alt=\"\" class=\"wp-block-jetpack-slideshow_image wp-image-12347\" data-id=\"12347\" src=\"https:\/\/www.bergundtal.com\/wp-content\/uploads\/2020\/02\/08-07-Tourenski-3.jpg\" srcset=\"https:\/\/www.bergundtal.com\/wp-content\/uploads\/2020\/02\/08-07-Tourenski-3.jpg 480w, https:\/\/www.bergundtal.com\/wp-content\/uploads\/2020\/02\/08-07-Tourenski-3-225x300.jpg 225w, https:\/\/www.bergundtal.com\/wp-content\/uploads\/2020\/02\/08-07-Tourenski-3-332x443.jpg 332w\" sizes=\"(max-width: 480px) 100vw, 480px\" \/><\/figure><\/li><li class=\"wp-block-jetpack-slideshow_slide swiper-slide\"><figure><img decoding=\"async\" loading=\"lazy\" width=\"1024\" height=\"867\" alt=\"\" class=\"wp-block-jetpack-slideshow_image wp-image-12349\" data-id=\"12349\" src=\"https:\/\/www.bergundtal.com\/wp-content\/uploads\/2020\/02\/09-Tourenski-10-1024x867.jpg\" srcset=\"https:\/\/www.bergundtal.com\/wp-content\/uploads\/2020\/02\/09-Tourenski-10-1024x867.jpg 1024w, https:\/\/www.bergundtal.com\/wp-content\/uploads\/2020\/02\/09-Tourenski-10-300x254.jpg 300w, https:\/\/www.bergundtal.com\/wp-content\/uploads\/2020\/02\/09-Tourenski-10-768x650.jpg 768w, https:\/\/www.bergundtal.com\/wp-content\/uploads\/2020\/02\/09-Tourenski-10-1536x1301.jpg 1536w, https:\/\/www.bergundtal.com\/wp-content\/uploads\/2020\/02\/09-Tourenski-10-700x593.jpg 700w, https:\/\/www.bergundtal.com\/wp-content\/uploads\/2020\/02\/09-Tourenski-10-332x281.jpg 332w, https:\/\/www.bergundtal.com\/wp-content\/uploads\/2020\/02\/09-Tourenski-10.jpg 1600w\" sizes=\"(max-width: 1024px) 100vw, 1024px\" \/><\/figure><\/li><li class=\"wp-block-jetpack-slideshow_slide swiper-slide\"><figure><img decoding=\"async\" loading=\"lazy\" width=\"1024\" height=\"698\" alt=\"\" class=\"wp-block-jetpack-slideshow_image wp-image-12351\" data-id=\"12351\" src=\"https:\/\/www.bergundtal.com\/wp-content\/uploads\/2020\/02\/10-Tourenski-11-1024x698.jpg\" srcset=\"https:\/\/www.bergundtal.com\/wp-content\/uploads\/2020\/02\/10-Tourenski-11-1024x698.jpg 1024w, https:\/\/www.bergundtal.com\/wp-content\/uploads\/2020\/02\/10-Tourenski-11-300x204.jpg 300w, https:\/\/www.bergundtal.com\/wp-content\/uploads\/2020\/02\/10-Tourenski-11-768x523.jpg 768w, https:\/\/www.bergundtal.com\/wp-content\/uploads\/2020\/02\/10-Tourenski-11-1536x1046.jpg 1536w, https:\/\/www.bergundtal.com\/wp-content\/uploads\/2020\/02\/10-Tourenski-11-700x477.jpg 700w, https:\/\/www.bergundtal.com\/wp-content\/uploads\/2020\/02\/10-Tourenski-11-332x226.jpg 332w, https:\/\/www.bergundtal.com\/wp-content\/uploads\/2020\/02\/10-Tourenski-11.jpg 1600w\" sizes=\"(max-width: 1024px) 100vw, 1024px\" \/><\/figure><\/li><li class=\"wp-block-jetpack-slideshow_slide swiper-slide\"><figure><img decoding=\"async\" loading=\"lazy\" width=\"1024\" height=\"496\" alt=\"\" class=\"wp-block-jetpack-slideshow_image wp-image-12352\" data-id=\"12352\" src=\"https:\/\/www.bergundtal.com\/wp-content\/uploads\/2020\/02\/13-11-Tourenski-12-1024x496.jpg\" srcset=\"https:\/\/www.bergundtal.com\/wp-content\/uploads\/2020\/02\/13-11-Tourenski-12-1024x496.jpg 1024w, https:\/\/www.bergundtal.com\/wp-content\/uploads\/2020\/02\/13-11-Tourenski-12-300x145.jpg 300w, https:\/\/www.bergundtal.com\/wp-content\/uploads\/2020\/02\/13-11-Tourenski-12-768x372.jpg 768w, https:\/\/www.bergundtal.com\/wp-content\/uploads\/2020\/02\/13-11-Tourenski-12-1536x744.jpg 1536w, https:\/\/www.bergundtal.com\/wp-content\/uploads\/2020\/02\/13-11-Tourenski-12-700x339.jpg 700w, https:\/\/www.bergundtal.com\/wp-content\/uploads\/2020\/02\/13-11-Tourenski-12-332x161.jpg 332w, https:\/\/www.bergundtal.com\/wp-content\/uploads\/2020\/02\/13-11-Tourenski-12.jpg 1600w\" sizes=\"(max-width: 1024px) 100vw, 1024px\" \/><\/figure><\/li><li class=\"wp-block-jetpack-slideshow_slide swiper-slide\"><figure><img decoding=\"async\" loading=\"lazy\" width=\"1024\" height=\"900\" alt=\"\" class=\"wp-block-jetpack-slideshow_image wp-image-12348\" data-id=\"12348\" src=\"https:\/\/www.bergundtal.com\/wp-content\/uploads\/2020\/02\/08-Tourenski-8-1024x900.jpg\" srcset=\"https:\/\/www.bergundtal.com\/wp-content\/uploads\/2020\/02\/08-Tourenski-8-1024x900.jpg 1024w, https:\/\/www.bergundtal.com\/wp-content\/uploads\/2020\/02\/08-Tourenski-8-300x264.jpg 300w, https:\/\/www.bergundtal.com\/wp-content\/uploads\/2020\/02\/08-Tourenski-8-768x675.jpg 768w, https:\/\/www.bergundtal.com\/wp-content\/uploads\/2020\/02\/08-Tourenski-8-1536x1350.jpg 1536w, https:\/\/www.bergundtal.com\/wp-content\/uploads\/2020\/02\/08-Tourenski-8-700x615.jpg 700w, https:\/\/www.bergundtal.com\/wp-content\/uploads\/2020\/02\/08-Tourenski-8-332x292.jpg 332w, https:\/\/www.bergundtal.com\/wp-content\/uploads\/2020\/02\/08-Tourenski-8.jpg 1600w\" sizes=\"(max-width: 1024px) 100vw, 1024px\" \/><figcaption class=\"wp-block-jetpack-slideshow_caption gallery-caption\">Rossignol RideFRee Ski ROSSIGNOL BLACK OPS SENDER TI, <\/figcaption><\/figure><\/li><li class=\"wp-block-jetpack-slideshow_slide swiper-slide\"><figure><img decoding=\"async\" loading=\"lazy\" width=\"342\" height=\"694\" alt=\"\" class=\"wp-block-jetpack-slideshow_image wp-image-12433\" data-id=\"12433\" src=\"https:\/\/www.bergundtal.com\/wp-content\/uploads\/2020\/02\/1-ispo-award-winner-snowsports-freeride-skies-rossignol-blackops-sender-ti_artikel-1.jpg\" srcset=\"https:\/\/www.bergundtal.com\/wp-content\/uploads\/2020\/02\/1-ispo-award-winner-snowsports-freeride-skies-rossignol-blackops-sender-ti_artikel-1.jpg 342w, https:\/\/www.bergundtal.com\/wp-content\/uploads\/2020\/02\/1-ispo-award-winner-snowsports-freeride-skies-rossignol-blackops-sender-ti_artikel-1-148x300.jpg 148w, https:\/\/www.bergundtal.com\/wp-content\/uploads\/2020\/02\/1-ispo-award-winner-snowsports-freeride-skies-rossignol-blackops-sender-ti_artikel-1-332x674.jpg 332w\" sizes=\"(max-width: 342px) 100vw, 342px\" \/><figcaption class=\"wp-block-jetpack-slideshow_caption gallery-caption\">Bei der Herstellung setzen die Franzosen  auf PEFC\/FSC-zertifizierte Pappel-H\u00f6lzer und verwenden bis zu 30 Prozent Recyclingmaterial,  in 180 L\u00e4nge 137\/104\/127, ISPO Award Gewinner 2020, Kategorie Freeride Ski<\/figcaption><\/figure><\/li><\/ul><a class=\"wp-block-jetpack-slideshow_button-prev swiper-button-prev swiper-button-white\" role=\"button\"><\/a><a class=\"wp-block-jetpack-slideshow_button-next swiper-button-next swiper-button-white\" role=\"button\"><\/a><a aria-label=\"Pause Slideshow\" class=\"wp-block-jetpack-slideshow_button-pause\" role=\"button\"><\/a><div class=\"wp-block-jetpack-slideshow_pagination swiper-pagination swiper-pagination-white\"><\/div><\/div><\/div>\n<\/div><\/div>\n\n\n\n<p><\/p>\n\n\n\n<h3 class=\"has-vivid-cyan-blue-color has-text-color\"><strong>Tourenstiefel<\/strong><\/h3>\n\n\n\n<div class=\"wp-block-image\"><figure class=\"aligncenter size-large is-resized\"><img data-attachment-id=\"12278\" data-permalink=\"https:\/\/www.bergundtal.com\/?attachment_id=12278\" data-orig-file=\"https:\/\/www.bergundtal.com\/wp-content\/uploads\/2020\/01\/1-ISPOSkitouren-26.jpg\" data-orig-size=\"1600,1312\" data-comments-opened=\"0\" data-image-meta=\"{&quot;aperture&quot;:&quot;2.8&quot;,&quot;credit&quot;:&quot;Picasa&quot;,&quot;camera&quot;:&quot;DMC-FZ200&quot;,&quot;caption&quot;:&quot;&quot;,&quot;created_timestamp&quot;:&quot;1580045946&quot;,&quot;copyright&quot;:&quot;&quot;,&quot;focal_length&quot;:&quot;5.9&quot;,&quot;iso&quot;:&quot;400&quot;,&quot;shutter_speed&quot;:&quot;0.025&quot;,&quot;title&quot;:&quot;&quot;,&quot;orientation&quot;:&quot;0&quot;}\" data-image-title=\"1-ISPOSkitouren (26)\" data-image-description=\"\" data-image-caption=\"\" data-medium-file=\"https:\/\/www.bergundtal.com\/wp-content\/uploads\/2020\/01\/1-ISPOSkitouren-26-300x246.jpg\" data-large-file=\"https:\/\/www.bergundtal.com\/wp-content\/uploads\/2020\/01\/1-ISPOSkitouren-26-1024x840.jpg\" decoding=\"async\" loading=\"lazy\" src=\"https:\/\/www.bergundtal.com\/wp-content\/uploads\/2020\/01\/1-ISPOSkitouren-26-1024x840.jpg\" alt=\"\" class=\"wp-image-12278\" width=\"429\" height=\"351\" srcset=\"https:\/\/www.bergundtal.com\/wp-content\/uploads\/2020\/01\/1-ISPOSkitouren-26-1024x840.jpg 1024w, https:\/\/www.bergundtal.com\/wp-content\/uploads\/2020\/01\/1-ISPOSkitouren-26-300x246.jpg 300w, https:\/\/www.bergundtal.com\/wp-content\/uploads\/2020\/01\/1-ISPOSkitouren-26-768x630.jpg 768w, https:\/\/www.bergundtal.com\/wp-content\/uploads\/2020\/01\/1-ISPOSkitouren-26-1536x1260.jpg 1536w, https:\/\/www.bergundtal.com\/wp-content\/uploads\/2020\/01\/1-ISPOSkitouren-26-700x574.jpg 700w, https:\/\/www.bergundtal.com\/wp-content\/uploads\/2020\/01\/1-ISPOSkitouren-26-332x272.jpg 332w, https:\/\/www.bergundtal.com\/wp-content\/uploads\/2020\/01\/1-ISPOSkitouren-26.jpg 1600w\" sizes=\"(max-width: 429px) 100vw, 429px\" \/><\/figure><\/div>\n\n\n\n<p>Das Angebot wird von Jahr zu Jahr gr\u00f6\u00dfer und differenzierter; kaum ein Skistiefel-Anbieter tritt auf der diesj\u00e4hrigen ISPO ohne Tourenstiefel auf, es gibt Race-Tourer mit einem Gewicht von knapp 1,5 kg \/ Paar ( <strong>Scarpa, La Sportiva<\/strong> und ganz neu auch <strong>Dalbello<\/strong> ) und Freerider mit pistentauglicher  Abfahrtsperformance und einer Beweglichkeit von immerhin 53\u00b0 im Walkmodus. Interessant auch der Ansatz bei <strong>Scarpa,<\/strong> das sowieso schon leichte Modell F1 durch ein noch einmal \u201eabgespecktes\u201c Modell \u201eLight\u201c ( bei Schuhgr. 27.0 nur knapp 9ooGramm )zu erg\u00e4nzen, das aber trotz des geringen Gewichts volle Abfahrtsperformance aufweist, bei allerdings gestiegenem Preis.<\/p>\n\n\n\n<div class=\"wp-block-jetpack-slideshow aligncenter\" data-effect=\"slide\"><div class=\"wp-block-jetpack-slideshow_container swiper-container\"><ul class=\"wp-block-jetpack-slideshow_swiper-wrapper swiper-wrapper\"><li class=\"wp-block-jetpack-slideshow_slide swiper-slide\"><figure><img decoding=\"async\" loading=\"lazy\" width=\"480\" height=\"640\" alt=\"\" class=\"wp-block-jetpack-slideshow_image wp-image-12276\" data-id=\"12276\" src=\"https:\/\/www.bergundtal.com\/wp-content\/uploads\/2020\/01\/41-ISPOSkitouren-18.jpg\" srcset=\"https:\/\/www.bergundtal.com\/wp-content\/uploads\/2020\/01\/41-ISPOSkitouren-18.jpg 480w, https:\/\/www.bergundtal.com\/wp-content\/uploads\/2020\/01\/41-ISPOSkitouren-18-225x300.jpg 225w, https:\/\/www.bergundtal.com\/wp-content\/uploads\/2020\/01\/41-ISPOSkitouren-18-332x443.jpg 332w\" sizes=\"(max-width: 480px) 100vw, 480px\" \/><figcaption class=\"wp-block-jetpack-slideshow_caption gallery-caption\">Freerider der italienischen Marke ROXA mit 3 teiliger &#8222;Cabrio-Schale&#8220; <\/figcaption><\/figure><\/li><li class=\"wp-block-jetpack-slideshow_slide swiper-slide\"><figure><img decoding=\"async\" loading=\"lazy\" width=\"453\" height=\"508\" alt=\"\" class=\"wp-block-jetpack-slideshow_image wp-image-12275\" data-id=\"12275\" src=\"https:\/\/www.bergundtal.com\/wp-content\/uploads\/2020\/01\/40-ISPOSkitouren-17.jpg\" srcset=\"https:\/\/www.bergundtal.com\/wp-content\/uploads\/2020\/01\/40-ISPOSkitouren-17.jpg 453w, https:\/\/www.bergundtal.com\/wp-content\/uploads\/2020\/01\/40-ISPOSkitouren-17-268x300.jpg 268w, https:\/\/www.bergundtal.com\/wp-content\/uploads\/2020\/01\/40-ISPOSkitouren-17-332x372.jpg 332w\" sizes=\"(max-width: 453px) 100vw, 453px\" \/><figcaption class=\"wp-block-jetpack-slideshow_caption gallery-caption\">und Fersenschnalle<\/figcaption><\/figure><\/li><li class=\"wp-block-jetpack-slideshow_slide swiper-slide\"><figure><img decoding=\"async\" loading=\"lazy\" width=\"380\" height=\"416\" alt=\"\" class=\"wp-block-jetpack-slideshow_image wp-image-12251\" data-id=\"12251\" src=\"https:\/\/www.bergundtal.com\/wp-content\/uploads\/2020\/01\/42-ISPOSkitouren-19.jpg\" srcset=\"https:\/\/www.bergundtal.com\/wp-content\/uploads\/2020\/01\/42-ISPOSkitouren-19.jpg 380w, https:\/\/www.bergundtal.com\/wp-content\/uploads\/2020\/01\/42-ISPOSkitouren-19-274x300.jpg 274w, https:\/\/www.bergundtal.com\/wp-content\/uploads\/2020\/01\/42-ISPOSkitouren-19-332x363.jpg 332w\" sizes=\"(max-width: 380px) 100vw, 380px\" \/><figcaption class=\"wp-block-jetpack-slideshow_caption gallery-caption\">ROXA pr\u00e4sentiert auch einen leichten Tourenschuh<\/figcaption><\/figure><\/li><li class=\"wp-block-jetpack-slideshow_slide swiper-slide\"><figure><img decoding=\"async\" loading=\"lazy\" width=\"509\" height=\"454\" alt=\"\" class=\"wp-block-jetpack-slideshow_image wp-image-12445\" data-id=\"12445\" src=\"https:\/\/www.bergundtal.com\/wp-content\/uploads\/2020\/02\/1-P1040903.jpg\" srcset=\"https:\/\/www.bergundtal.com\/wp-content\/uploads\/2020\/02\/1-P1040903.jpg 509w, https:\/\/www.bergundtal.com\/wp-content\/uploads\/2020\/02\/1-P1040903-300x268.jpg 300w, https:\/\/www.bergundtal.com\/wp-content\/uploads\/2020\/02\/1-P1040903-332x296.jpg 332w\" sizes=\"(max-width: 509px) 100vw, 509px\" \/><\/figure><\/li><li class=\"wp-block-jetpack-slideshow_slide swiper-slide\"><figure><img decoding=\"async\" loading=\"lazy\" width=\"887\" height=\"1024\" alt=\"\" class=\"wp-block-jetpack-slideshow_image wp-image-12271\" data-id=\"12271\" src=\"https:\/\/www.bergundtal.com\/wp-content\/uploads\/2020\/01\/36-ISPOSkitouren-46-887x1024.jpg\" srcset=\"https:\/\/www.bergundtal.com\/wp-content\/uploads\/2020\/01\/36-ISPOSkitouren-46-887x1024.jpg 887w, https:\/\/www.bergundtal.com\/wp-content\/uploads\/2020\/01\/36-ISPOSkitouren-46-260x300.jpg 260w, https:\/\/www.bergundtal.com\/wp-content\/uploads\/2020\/01\/36-ISPOSkitouren-46-768x887.jpg 768w, https:\/\/www.bergundtal.com\/wp-content\/uploads\/2020\/01\/36-ISPOSkitouren-46-1331x1536.jpg 1331w, https:\/\/www.bergundtal.com\/wp-content\/uploads\/2020\/01\/36-ISPOSkitouren-46-700x808.jpg 700w, https:\/\/www.bergundtal.com\/wp-content\/uploads\/2020\/01\/36-ISPOSkitouren-46-332x383.jpg 332w, https:\/\/www.bergundtal.com\/wp-content\/uploads\/2020\/01\/36-ISPOSkitouren-46.jpg 1386w\" sizes=\"(max-width: 887px) 100vw, 887px\" \/><figcaption class=\"wp-block-jetpack-slideshow_caption gallery-caption\">LA SPORTIVA, Freetourer VEGA<\/figcaption><\/figure><\/li><li class=\"wp-block-jetpack-slideshow_slide swiper-slide\"><figure><img decoding=\"async\" loading=\"lazy\" width=\"1024\" height=\"1024\" alt=\"\" class=\"wp-block-jetpack-slideshow_image wp-image-12308\" data-id=\"12308\" src=\"https:\/\/www.bergundtal.com\/wp-content\/uploads\/2020\/02\/3-O_Gx3wx_-1024x1024.jpg\" srcset=\"https:\/\/www.bergundtal.com\/wp-content\/uploads\/2020\/02\/3-O_Gx3wx_-1024x1024.jpg 1024w, https:\/\/www.bergundtal.com\/wp-content\/uploads\/2020\/02\/3-O_Gx3wx_-300x300.jpg 300w, https:\/\/www.bergundtal.com\/wp-content\/uploads\/2020\/02\/3-O_Gx3wx_-150x150.jpg 150w, https:\/\/www.bergundtal.com\/wp-content\/uploads\/2020\/02\/3-O_Gx3wx_-768x768.jpg 768w, https:\/\/www.bergundtal.com\/wp-content\/uploads\/2020\/02\/3-O_Gx3wx_-700x700.jpg 700w, https:\/\/www.bergundtal.com\/wp-content\/uploads\/2020\/02\/3-O_Gx3wx_-332x332.jpg 332w, https:\/\/www.bergundtal.com\/wp-content\/uploads\/2020\/02\/3-O_Gx3wx_-432x432.jpg 432w, https:\/\/www.bergundtal.com\/wp-content\/uploads\/2020\/02\/3-O_Gx3wx_-268x268.jpg 268w, https:\/\/www.bergundtal.com\/wp-content\/uploads\/2020\/02\/3-O_Gx3wx_.jpg 1536w\" sizes=\"(max-width: 1024px) 100vw, 1024px\" \/><\/figure><\/li><li class=\"wp-block-jetpack-slideshow_slide swiper-slide\"><figure><img decoding=\"async\" loading=\"lazy\" width=\"1024\" height=\"1024\" alt=\"\" class=\"wp-block-jetpack-slideshow_image wp-image-12309\" data-id=\"12309\" src=\"https:\/\/www.bergundtal.com\/wp-content\/uploads\/2020\/02\/4-OEJ8CfrX-1024x1024.jpg\" srcset=\"https:\/\/www.bergundtal.com\/wp-content\/uploads\/2020\/02\/4-OEJ8CfrX-1024x1024.jpg 1024w, https:\/\/www.bergundtal.com\/wp-content\/uploads\/2020\/02\/4-OEJ8CfrX-300x300.jpg 300w, https:\/\/www.bergundtal.com\/wp-content\/uploads\/2020\/02\/4-OEJ8CfrX-150x150.jpg 150w, https:\/\/www.bergundtal.com\/wp-content\/uploads\/2020\/02\/4-OEJ8CfrX-768x768.jpg 768w, https:\/\/www.bergundtal.com\/wp-content\/uploads\/2020\/02\/4-OEJ8CfrX-700x700.jpg 700w, https:\/\/www.bergundtal.com\/wp-content\/uploads\/2020\/02\/4-OEJ8CfrX-332x332.jpg 332w, https:\/\/www.bergundtal.com\/wp-content\/uploads\/2020\/02\/4-OEJ8CfrX-432x432.jpg 432w, https:\/\/www.bergundtal.com\/wp-content\/uploads\/2020\/02\/4-OEJ8CfrX-268x268.jpg 268w, https:\/\/www.bergundtal.com\/wp-content\/uploads\/2020\/02\/4-OEJ8CfrX.jpg 1536w\" sizes=\"(max-width: 1024px) 100vw, 1024px\" \/><\/figure><\/li><li class=\"wp-block-jetpack-slideshow_slide swiper-slide\"><figure><img decoding=\"async\" loading=\"lazy\" width=\"794\" height=\"1024\" alt=\"\" class=\"wp-block-jetpack-slideshow_image wp-image-12272\" data-id=\"12272\" src=\"https:\/\/www.bergundtal.com\/wp-content\/uploads\/2020\/01\/37-ISPOSkitouren-49-794x1024.jpg\" srcset=\"https:\/\/www.bergundtal.com\/wp-content\/uploads\/2020\/01\/37-ISPOSkitouren-49-794x1024.jpg 794w, https:\/\/www.bergundtal.com\/wp-content\/uploads\/2020\/01\/37-ISPOSkitouren-49-233x300.jpg 233w, https:\/\/www.bergundtal.com\/wp-content\/uploads\/2020\/01\/37-ISPOSkitouren-49-768x991.jpg 768w, https:\/\/www.bergundtal.com\/wp-content\/uploads\/2020\/01\/37-ISPOSkitouren-49-1190x1536.jpg 1190w, https:\/\/www.bergundtal.com\/wp-content\/uploads\/2020\/01\/37-ISPOSkitouren-49-700x903.jpg 700w, https:\/\/www.bergundtal.com\/wp-content\/uploads\/2020\/01\/37-ISPOSkitouren-49-332x428.jpg 332w, https:\/\/www.bergundtal.com\/wp-content\/uploads\/2020\/01\/37-ISPOSkitouren-49.jpg 1240w\" sizes=\"(max-width: 794px) 100vw, 794px\" \/><\/figure><\/li><li class=\"wp-block-jetpack-slideshow_slide swiper-slide\"><figure><img decoding=\"async\" loading=\"lazy\" width=\"823\" height=\"1024\" alt=\"\" class=\"wp-block-jetpack-slideshow_image wp-image-12273\" data-id=\"12273\" src=\"https:\/\/www.bergundtal.com\/wp-content\/uploads\/2020\/01\/38-ISPOSkitouren-50-823x1024.jpg\" srcset=\"https:\/\/www.bergundtal.com\/wp-content\/uploads\/2020\/01\/38-ISPOSkitouren-50-823x1024.jpg 823w, https:\/\/www.bergundtal.com\/wp-content\/uploads\/2020\/01\/38-ISPOSkitouren-50-241x300.jpg 241w, https:\/\/www.bergundtal.com\/wp-content\/uploads\/2020\/01\/38-ISPOSkitouren-50-768x956.jpg 768w, https:\/\/www.bergundtal.com\/wp-content\/uploads\/2020\/01\/38-ISPOSkitouren-50-1235x1536.jpg 1235w, https:\/\/www.bergundtal.com\/wp-content\/uploads\/2020\/01\/38-ISPOSkitouren-50-700x871.jpg 700w, https:\/\/www.bergundtal.com\/wp-content\/uploads\/2020\/01\/38-ISPOSkitouren-50-332x413.jpg 332w, https:\/\/www.bergundtal.com\/wp-content\/uploads\/2020\/01\/38-ISPOSkitouren-50.jpg 1286w\" sizes=\"(max-width: 823px) 100vw, 823px\" \/><\/figure><\/li><li class=\"wp-block-jetpack-slideshow_slide swiper-slide\"><figure><img decoding=\"async\" loading=\"lazy\" width=\"838\" height=\"1024\" alt=\"\" class=\"wp-block-jetpack-slideshow_image wp-image-12265\" data-id=\"12265\" src=\"https:\/\/www.bergundtal.com\/wp-content\/uploads\/2020\/01\/27-ISPOSkitouren-9-838x1024.jpg\" srcset=\"https:\/\/www.bergundtal.com\/wp-content\/uploads\/2020\/01\/27-ISPOSkitouren-9-838x1024.jpg 838w, https:\/\/www.bergundtal.com\/wp-content\/uploads\/2020\/01\/27-ISPOSkitouren-9-246x300.jpg 246w, https:\/\/www.bergundtal.com\/wp-content\/uploads\/2020\/01\/27-ISPOSkitouren-9-768x938.jpg 768w, https:\/\/www.bergundtal.com\/wp-content\/uploads\/2020\/01\/27-ISPOSkitouren-9-1258x1536.jpg 1258w, https:\/\/www.bergundtal.com\/wp-content\/uploads\/2020\/01\/27-ISPOSkitouren-9-700x855.jpg 700w, https:\/\/www.bergundtal.com\/wp-content\/uploads\/2020\/01\/27-ISPOSkitouren-9-332x405.jpg 332w, https:\/\/www.bergundtal.com\/wp-content\/uploads\/2020\/01\/27-ISPOSkitouren-9.jpg 1310w\" sizes=\"(max-width: 838px) 100vw, 838px\" \/><\/figure><\/li><li class=\"wp-block-jetpack-slideshow_slide swiper-slide\"><figure><img decoding=\"async\" loading=\"lazy\" width=\"472\" height=\"465\" alt=\"\" class=\"wp-block-jetpack-slideshow_image wp-image-12266\" data-id=\"12266\" src=\"https:\/\/www.bergundtal.com\/wp-content\/uploads\/2020\/01\/29-ISPOSkitouren-15.jpg\" srcset=\"https:\/\/www.bergundtal.com\/wp-content\/uploads\/2020\/01\/29-ISPOSkitouren-15.jpg 472w, https:\/\/www.bergundtal.com\/wp-content\/uploads\/2020\/01\/29-ISPOSkitouren-15-300x296.jpg 300w, https:\/\/www.bergundtal.com\/wp-content\/uploads\/2020\/01\/29-ISPOSkitouren-15-332x327.jpg 332w\" sizes=\"(max-width: 472px) 100vw, 472px\" \/><\/figure><\/li><li class=\"wp-block-jetpack-slideshow_slide swiper-slide\"><figure><img decoding=\"async\" loading=\"lazy\" width=\"1024\" height=\"961\" alt=\"\" class=\"wp-block-jetpack-slideshow_image wp-image-12259\" data-id=\"12259\" src=\"https:\/\/www.bergundtal.com\/wp-content\/uploads\/2020\/01\/21-ISPOSkitouren-36-1024x961.jpg\" srcset=\"https:\/\/www.bergundtal.com\/wp-content\/uploads\/2020\/01\/21-ISPOSkitouren-36-1024x961.jpg 1024w, https:\/\/www.bergundtal.com\/wp-content\/uploads\/2020\/01\/21-ISPOSkitouren-36-300x282.jpg 300w, https:\/\/www.bergundtal.com\/wp-content\/uploads\/2020\/01\/21-ISPOSkitouren-36-768x721.jpg 768w, https:\/\/www.bergundtal.com\/wp-content\/uploads\/2020\/01\/21-ISPOSkitouren-36-1536x1442.jpg 1536w, https:\/\/www.bergundtal.com\/wp-content\/uploads\/2020\/01\/21-ISPOSkitouren-36-700x657.jpg 700w, https:\/\/www.bergundtal.com\/wp-content\/uploads\/2020\/01\/21-ISPOSkitouren-36-332x312.jpg 332w, https:\/\/www.bergundtal.com\/wp-content\/uploads\/2020\/01\/21-ISPOSkitouren-36.jpg 1600w\" sizes=\"(max-width: 1024px) 100vw, 1024px\" \/><figcaption class=\"wp-block-jetpack-slideshow_caption gallery-caption\">Scarpa F1 LT \u2013 aufstiegsorientierter Tourenschuh; Schale aus Carbon Grimalid LFT, 3 D Lambda Rahmen, abnehmbarer Spoiler, Boa-Verschluss, UVP. 649,- \u20ac, Gewicht 2 kg\/Paar<\/figcaption><\/figure><\/li><li class=\"wp-block-jetpack-slideshow_slide swiper-slide\"><figure><img decoding=\"async\" loading=\"lazy\" width=\"840\" height=\"1024\" alt=\"\" class=\"wp-block-jetpack-slideshow_image wp-image-12262\" data-id=\"12262\" src=\"https:\/\/www.bergundtal.com\/wp-content\/uploads\/2020\/01\/24-ISPOSkitouren-39-840x1024.jpg\" srcset=\"https:\/\/www.bergundtal.com\/wp-content\/uploads\/2020\/01\/24-ISPOSkitouren-39-840x1024.jpg 840w, https:\/\/www.bergundtal.com\/wp-content\/uploads\/2020\/01\/24-ISPOSkitouren-39-246x300.jpg 246w, https:\/\/www.bergundtal.com\/wp-content\/uploads\/2020\/01\/24-ISPOSkitouren-39-768x936.jpg 768w, https:\/\/www.bergundtal.com\/wp-content\/uploads\/2020\/01\/24-ISPOSkitouren-39-1260x1536.jpg 1260w, https:\/\/www.bergundtal.com\/wp-content\/uploads\/2020\/01\/24-ISPOSkitouren-39-700x853.jpg 700w, https:\/\/www.bergundtal.com\/wp-content\/uploads\/2020\/01\/24-ISPOSkitouren-39-332x405.jpg 332w, https:\/\/www.bergundtal.com\/wp-content\/uploads\/2020\/01\/24-ISPOSkitouren-39.jpg 1313w\" sizes=\"(max-width: 840px) 100vw, 840px\" \/><\/figure><\/li><li class=\"wp-block-jetpack-slideshow_slide swiper-slide\"><figure><img decoding=\"async\" loading=\"lazy\" width=\"767\" height=\"1024\" alt=\"\" class=\"wp-block-jetpack-slideshow_image wp-image-12260\" data-id=\"12260\" src=\"https:\/\/www.bergundtal.com\/wp-content\/uploads\/2020\/01\/22-ISPOSkitouren-37-767x1024.jpg\" srcset=\"https:\/\/www.bergundtal.com\/wp-content\/uploads\/2020\/01\/22-ISPOSkitouren-37-767x1024.jpg 767w, https:\/\/www.bergundtal.com\/wp-content\/uploads\/2020\/01\/22-ISPOSkitouren-37-225x300.jpg 225w, https:\/\/www.bergundtal.com\/wp-content\/uploads\/2020\/01\/22-ISPOSkitouren-37-768x1025.jpg 768w, https:\/\/www.bergundtal.com\/wp-content\/uploads\/2020\/01\/22-ISPOSkitouren-37-1151x1536.jpg 1151w, https:\/\/www.bergundtal.com\/wp-content\/uploads\/2020\/01\/22-ISPOSkitouren-37-700x934.jpg 700w, https:\/\/www.bergundtal.com\/wp-content\/uploads\/2020\/01\/22-ISPOSkitouren-37-332x443.jpg 332w, https:\/\/www.bergundtal.com\/wp-content\/uploads\/2020\/01\/22-ISPOSkitouren-37.jpg 1199w\" sizes=\"(max-width: 767px) 100vw, 767px\" \/><\/figure><\/li><li class=\"wp-block-jetpack-slideshow_slide swiper-slide\"><figure><img decoding=\"async\" loading=\"lazy\" width=\"514\" height=\"371\" alt=\"\" class=\"wp-block-jetpack-slideshow_image wp-image-12264\" data-id=\"12264\" src=\"https:\/\/www.bergundtal.com\/wp-content\/uploads\/2020\/01\/26-ISPOSkitouren-7.jpg\" srcset=\"https:\/\/www.bergundtal.com\/wp-content\/uploads\/2020\/01\/26-ISPOSkitouren-7.jpg 514w, https:\/\/www.bergundtal.com\/wp-content\/uploads\/2020\/01\/26-ISPOSkitouren-7-300x217.jpg 300w, https:\/\/www.bergundtal.com\/wp-content\/uploads\/2020\/01\/26-ISPOSkitouren-7-332x240.jpg 332w\" sizes=\"(max-width: 514px) 100vw, 514px\" \/><\/figure><\/li><li class=\"wp-block-jetpack-slideshow_slide swiper-slide\"><figure><img decoding=\"async\" loading=\"lazy\" width=\"465\" height=\"1024\" alt=\"\" class=\"wp-block-jetpack-slideshow_image wp-image-12263\" data-id=\"12263\" src=\"https:\/\/www.bergundtal.com\/wp-content\/uploads\/2020\/01\/25-ISPOSkitouren-40-465x1024.jpg\" srcset=\"https:\/\/www.bergundtal.com\/wp-content\/uploads\/2020\/01\/25-ISPOSkitouren-40-465x1024.jpg 465w, https:\/\/www.bergundtal.com\/wp-content\/uploads\/2020\/01\/25-ISPOSkitouren-40-136x300.jpg 136w, https:\/\/www.bergundtal.com\/wp-content\/uploads\/2020\/01\/25-ISPOSkitouren-40-697x1536.jpg 697w, https:\/\/www.bergundtal.com\/wp-content\/uploads\/2020\/01\/25-ISPOSkitouren-40-700x1543.jpg 700w, https:\/\/www.bergundtal.com\/wp-content\/uploads\/2020\/01\/25-ISPOSkitouren-40-332x732.jpg 332w, https:\/\/www.bergundtal.com\/wp-content\/uploads\/2020\/01\/25-ISPOSkitouren-40.jpg 726w\" sizes=\"(max-width: 465px) 100vw, 465px\" \/><figcaption class=\"wp-block-jetpack-slideshow_caption gallery-caption\">Scarpa bietet auch weiterhin Telemark Stiefel an, hier f\u00fcr NTN System, mit Inserts f\u00fcr Pin Bindung<\/figcaption><\/figure><\/li><li class=\"wp-block-jetpack-slideshow_slide swiper-slide\"><figure><img decoding=\"async\" loading=\"lazy\" width=\"480\" height=\"640\" alt=\"\" class=\"wp-block-jetpack-slideshow_image wp-image-12257\" data-id=\"12257\" src=\"https:\/\/www.bergundtal.com\/wp-content\/uploads\/2020\/01\/19-ISPOSkitouren-5.jpg\" srcset=\"https:\/\/www.bergundtal.com\/wp-content\/uploads\/2020\/01\/19-ISPOSkitouren-5.jpg 480w, https:\/\/www.bergundtal.com\/wp-content\/uploads\/2020\/01\/19-ISPOSkitouren-5-225x300.jpg 225w, https:\/\/www.bergundtal.com\/wp-content\/uploads\/2020\/01\/19-ISPOSkitouren-5-332x443.jpg 332w\" sizes=\"(max-width: 480px) 100vw, 480px\" \/><figcaption class=\"wp-block-jetpack-slideshow_caption gallery-caption\">DALBELLO Freetourer mit Fersenschnalle<\/figcaption><\/figure><\/li><li class=\"wp-block-jetpack-slideshow_slide swiper-slide\"><figure><img decoding=\"async\" loading=\"lazy\" width=\"462\" height=\"459\" alt=\"\" class=\"wp-block-jetpack-slideshow_image wp-image-12258\" data-id=\"12258\" src=\"https:\/\/www.bergundtal.com\/wp-content\/uploads\/2020\/01\/20-ISPOSkitouren-6.jpg\" srcset=\"https:\/\/www.bergundtal.com\/wp-content\/uploads\/2020\/01\/20-ISPOSkitouren-6.jpg 462w, https:\/\/www.bergundtal.com\/wp-content\/uploads\/2020\/01\/20-ISPOSkitouren-6-300x298.jpg 300w, https:\/\/www.bergundtal.com\/wp-content\/uploads\/2020\/01\/20-ISPOSkitouren-6-150x150.jpg 150w, https:\/\/www.bergundtal.com\/wp-content\/uploads\/2020\/01\/20-ISPOSkitouren-6-332x330.jpg 332w\" sizes=\"(max-width: 462px) 100vw, 462px\" \/><figcaption class=\"wp-block-jetpack-slideshow_caption gallery-caption\">DALBELLO, leichter Tourer mit Boa Verschluss<\/figcaption><\/figure><\/li><li class=\"wp-block-jetpack-slideshow_slide swiper-slide\"><figure><img decoding=\"async\" loading=\"lazy\" width=\"439\" height=\"480\" alt=\"\" class=\"wp-block-jetpack-slideshow_image wp-image-12442\" data-id=\"12442\" src=\"https:\/\/www.bergundtal.com\/wp-content\/uploads\/2020\/02\/1-P1040834-001.jpg\" srcset=\"https:\/\/www.bergundtal.com\/wp-content\/uploads\/2020\/02\/1-P1040834-001.jpg 439w, https:\/\/www.bergundtal.com\/wp-content\/uploads\/2020\/02\/1-P1040834-001-274x300.jpg 274w, https:\/\/www.bergundtal.com\/wp-content\/uploads\/2020\/02\/1-P1040834-001-332x363.jpg 332w\" sizes=\"(max-width: 439px) 100vw, 439px\" \/><figcaption class=\"wp-block-jetpack-slideshow_caption gallery-caption\">HAGAN mit eigenem Tourenstiefel , interessante Konstruktion, Hagan versteht was von Skitouring.PUR<\/figcaption><\/figure><\/li><li class=\"wp-block-jetpack-slideshow_slide swiper-slide\"><figure><img decoding=\"async\" loading=\"lazy\" width=\"1024\" height=\"992\" alt=\"\" class=\"wp-block-jetpack-slideshow_image wp-image-12255\" data-id=\"12255\" src=\"https:\/\/www.bergundtal.com\/wp-content\/uploads\/2020\/01\/17-ISPOSkitouren-33-1024x992.jpg\" srcset=\"https:\/\/www.bergundtal.com\/wp-content\/uploads\/2020\/01\/17-ISPOSkitouren-33-1024x992.jpg 1024w, https:\/\/www.bergundtal.com\/wp-content\/uploads\/2020\/01\/17-ISPOSkitouren-33-300x291.jpg 300w, https:\/\/www.bergundtal.com\/wp-content\/uploads\/2020\/01\/17-ISPOSkitouren-33-768x744.jpg 768w, https:\/\/www.bergundtal.com\/wp-content\/uploads\/2020\/01\/17-ISPOSkitouren-33-1536x1488.jpg 1536w, https:\/\/www.bergundtal.com\/wp-content\/uploads\/2020\/01\/17-ISPOSkitouren-33-700x678.jpg 700w, https:\/\/www.bergundtal.com\/wp-content\/uploads\/2020\/01\/17-ISPOSkitouren-33-332x322.jpg 332w, https:\/\/www.bergundtal.com\/wp-content\/uploads\/2020\/01\/17-ISPOSkitouren-33.jpg 1600w\" sizes=\"(max-width: 1024px) 100vw, 1024px\" \/><figcaption class=\"wp-block-jetpack-slideshow_caption gallery-caption\">LANGE steigt auch in den Tourenmark ein<\/figcaption><\/figure><\/li><li class=\"wp-block-jetpack-slideshow_slide swiper-slide\"><figure><img decoding=\"async\" loading=\"lazy\" width=\"870\" height=\"1024\" alt=\"\" class=\"wp-block-jetpack-slideshow_image wp-image-12256\" data-id=\"12256\" src=\"https:\/\/www.bergundtal.com\/wp-content\/uploads\/2020\/01\/18-ISPOSkitouren-35-870x1024.jpg\" srcset=\"https:\/\/www.bergundtal.com\/wp-content\/uploads\/2020\/01\/18-ISPOSkitouren-35-870x1024.jpg 870w, https:\/\/www.bergundtal.com\/wp-content\/uploads\/2020\/01\/18-ISPOSkitouren-35-255x300.jpg 255w, https:\/\/www.bergundtal.com\/wp-content\/uploads\/2020\/01\/18-ISPOSkitouren-35-768x904.jpg 768w, https:\/\/www.bergundtal.com\/wp-content\/uploads\/2020\/01\/18-ISPOSkitouren-35-1306x1536.jpg 1306w, https:\/\/www.bergundtal.com\/wp-content\/uploads\/2020\/01\/18-ISPOSkitouren-35-700x824.jpg 700w, https:\/\/www.bergundtal.com\/wp-content\/uploads\/2020\/01\/18-ISPOSkitouren-35-332x391.jpg 332w, https:\/\/www.bergundtal.com\/wp-content\/uploads\/2020\/01\/18-ISPOSkitouren-35.jpg 1360w\" sizes=\"(max-width: 870px) 100vw, 870px\" \/><\/figure><\/li><li class=\"wp-block-jetpack-slideshow_slide swiper-slide\"><figure><img decoding=\"async\" loading=\"lazy\" width=\"790\" height=\"1024\" alt=\"\" class=\"wp-block-jetpack-slideshow_image wp-image-12269\" data-id=\"12269\" src=\"https:\/\/www.bergundtal.com\/wp-content\/uploads\/2020\/01\/34-ISPOSkitouren-45-790x1024.jpg\" srcset=\"https:\/\/www.bergundtal.com\/wp-content\/uploads\/2020\/01\/34-ISPOSkitouren-45-790x1024.jpg 790w, https:\/\/www.bergundtal.com\/wp-content\/uploads\/2020\/01\/34-ISPOSkitouren-45-232x300.jpg 232w, https:\/\/www.bergundtal.com\/wp-content\/uploads\/2020\/01\/34-ISPOSkitouren-45-768x995.jpg 768w, https:\/\/www.bergundtal.com\/wp-content\/uploads\/2020\/01\/34-ISPOSkitouren-45-1186x1536.jpg 1186w, https:\/\/www.bergundtal.com\/wp-content\/uploads\/2020\/01\/34-ISPOSkitouren-45-700x907.jpg 700w, https:\/\/www.bergundtal.com\/wp-content\/uploads\/2020\/01\/34-ISPOSkitouren-45-332x430.jpg 332w, https:\/\/www.bergundtal.com\/wp-content\/uploads\/2020\/01\/34-ISPOSkitouren-45.jpg 1235w\" sizes=\"(max-width: 790px) 100vw, 790px\" \/><figcaption class=\"wp-block-jetpack-slideshow_caption gallery-caption\">Rossignol Alltrack Elite Freetouring Schuh<\/figcaption><\/figure><\/li><li class=\"wp-block-jetpack-slideshow_slide swiper-slide\"><figure><img decoding=\"async\" loading=\"lazy\" width=\"865\" height=\"1024\" alt=\"\" class=\"wp-block-jetpack-slideshow_image wp-image-12268\" data-id=\"12268\" src=\"https:\/\/www.bergundtal.com\/wp-content\/uploads\/2020\/01\/33-ISPOSkitouren-44-865x1024.jpg\" srcset=\"https:\/\/www.bergundtal.com\/wp-content\/uploads\/2020\/01\/33-ISPOSkitouren-44-865x1024.jpg 865w, https:\/\/www.bergundtal.com\/wp-content\/uploads\/2020\/01\/33-ISPOSkitouren-44-254x300.jpg 254w, https:\/\/www.bergundtal.com\/wp-content\/uploads\/2020\/01\/33-ISPOSkitouren-44-768x909.jpg 768w, https:\/\/www.bergundtal.com\/wp-content\/uploads\/2020\/01\/33-ISPOSkitouren-44-1298x1536.jpg 1298w, https:\/\/www.bergundtal.com\/wp-content\/uploads\/2020\/01\/33-ISPOSkitouren-44-700x828.jpg 700w, https:\/\/www.bergundtal.com\/wp-content\/uploads\/2020\/01\/33-ISPOSkitouren-44-332x393.jpg 332w, https:\/\/www.bergundtal.com\/wp-content\/uploads\/2020\/01\/33-ISPOSkitouren-44.jpg 1352w\" sizes=\"(max-width: 865px) 100vw, 865px\" \/><figcaption class=\"wp-block-jetpack-slideshow_caption gallery-caption\">mit Low Tech Inserts (Pin-Bindungen), die mit Alpinbindungen kompatibel sind.<\/figcaption><\/figure><\/li><li class=\"wp-block-jetpack-slideshow_slide swiper-slide\"><figure><img decoding=\"async\" loading=\"lazy\" width=\"839\" height=\"1024\" alt=\"\" class=\"wp-block-jetpack-slideshow_image wp-image-12254\" data-id=\"12254\" src=\"https:\/\/www.bergundtal.com\/wp-content\/uploads\/2020\/01\/14-ISPOSkitouren-30-839x1024.jpg\" srcset=\"https:\/\/www.bergundtal.com\/wp-content\/uploads\/2020\/01\/14-ISPOSkitouren-30-839x1024.jpg 839w, https:\/\/www.bergundtal.com\/wp-content\/uploads\/2020\/01\/14-ISPOSkitouren-30-246x300.jpg 246w, https:\/\/www.bergundtal.com\/wp-content\/uploads\/2020\/01\/14-ISPOSkitouren-30-768x937.jpg 768w, https:\/\/www.bergundtal.com\/wp-content\/uploads\/2020\/01\/14-ISPOSkitouren-30-1259x1536.jpg 1259w, https:\/\/www.bergundtal.com\/wp-content\/uploads\/2020\/01\/14-ISPOSkitouren-30-700x854.jpg 700w, https:\/\/www.bergundtal.com\/wp-content\/uploads\/2020\/01\/14-ISPOSkitouren-30-332x405.jpg 332w, https:\/\/www.bergundtal.com\/wp-content\/uploads\/2020\/01\/14-ISPOSkitouren-30.jpg 1311w\" sizes=\"(max-width: 839px) 100vw, 839px\" \/><figcaption class=\"wp-block-jetpack-slideshow_caption gallery-caption\">Scott Freeguide Schuh; Obermaterial Carbonfasern, Schaftrotaion 60^dank zweiteiliger ZUnge, Boa Innenswchuh<\/figcaption><\/figure><\/li><li class=\"wp-block-jetpack-slideshow_slide swiper-slide\"><figure><img decoding=\"async\" loading=\"lazy\" width=\"1024\" height=\"785\" alt=\"\" class=\"wp-block-jetpack-slideshow_image wp-image-12253\" data-id=\"12253\" src=\"https:\/\/www.bergundtal.com\/wp-content\/uploads\/2020\/01\/13-ISPOSkitouren-29-1024x785.jpg\" srcset=\"https:\/\/www.bergundtal.com\/wp-content\/uploads\/2020\/01\/13-ISPOSkitouren-29-1024x785.jpg 1024w, https:\/\/www.bergundtal.com\/wp-content\/uploads\/2020\/01\/13-ISPOSkitouren-29-300x230.jpg 300w, https:\/\/www.bergundtal.com\/wp-content\/uploads\/2020\/01\/13-ISPOSkitouren-29-768x589.jpg 768w, https:\/\/www.bergundtal.com\/wp-content\/uploads\/2020\/01\/13-ISPOSkitouren-29-1536x1178.jpg 1536w, https:\/\/www.bergundtal.com\/wp-content\/uploads\/2020\/01\/13-ISPOSkitouren-29-700x537.jpg 700w, https:\/\/www.bergundtal.com\/wp-content\/uploads\/2020\/01\/13-ISPOSkitouren-29-332x255.jpg 332w, https:\/\/www.bergundtal.com\/wp-content\/uploads\/2020\/01\/13-ISPOSkitouren-29.jpg 1600w\" sizes=\"(max-width: 1024px) 100vw, 1024px\" \/><\/figure><\/li><li class=\"wp-block-jetpack-slideshow_slide swiper-slide\"><figure><img decoding=\"async\" loading=\"lazy\" width=\"475\" height=\"474\" alt=\"\" class=\"wp-block-jetpack-slideshow_image wp-image-12441\" data-id=\"12441\" src=\"https:\/\/www.bergundtal.com\/wp-content\/uploads\/2020\/02\/1-P1040873.jpg\" srcset=\"https:\/\/www.bergundtal.com\/wp-content\/uploads\/2020\/02\/1-P1040873.jpg 475w, https:\/\/www.bergundtal.com\/wp-content\/uploads\/2020\/02\/1-P1040873-300x300.jpg 300w, https:\/\/www.bergundtal.com\/wp-content\/uploads\/2020\/02\/1-P1040873-150x150.jpg 150w, https:\/\/www.bergundtal.com\/wp-content\/uploads\/2020\/02\/1-P1040873-332x331.jpg 332w, https:\/\/www.bergundtal.com\/wp-content\/uploads\/2020\/02\/1-P1040873-432x432.jpg 432w, https:\/\/www.bergundtal.com\/wp-content\/uploads\/2020\/02\/1-P1040873-268x268.jpg 268w\" sizes=\"(max-width: 475px) 100vw, 475px\" \/><figcaption class=\"wp-block-jetpack-slideshow_caption gallery-caption\">FULL MTILT, superbequemer Tourenschuh ASCENDANT, um die volle Beweglichkeit im Walkmodus zu erreichen (60^), muss alerdings die Zunge rausgenommen (ganz einfach) werden.<\/figcaption><\/figure><\/li><\/ul><a class=\"wp-block-jetpack-slideshow_button-prev swiper-button-prev swiper-button-white\" role=\"button\"><\/a><a class=\"wp-block-jetpack-slideshow_button-next swiper-button-next swiper-button-white\" role=\"button\"><\/a><a aria-label=\"Pause Slideshow\" class=\"wp-block-jetpack-slideshow_button-pause\" role=\"button\"><\/a><div class=\"wp-block-jetpack-slideshow_pagination swiper-pagination swiper-pagination-white\"><\/div><\/div><\/div>\n\n\n\n<p><\/p>\n\n\n\n<h3 class=\"has-vivid-cyan-blue-color has-text-color\"><strong>Tourenkleidung<\/strong><\/h3>\n\n\n\n<p><\/p>\n\n\n\n<p><strong> <\/strong>Moderne Skitourenkleidung ist sportlich orientiert, kombiniert mehrere Schichten, ist atmunsaktiv und isolierend, flexibel und leicht. Durch Hybrid-Materialien werden Windschutz, Atmungsaktivit\u00e4t, Elastizit\u00e4t und Isolierung realisiert &#8211; alles in einer Jacke. Und sportliche Skitourenkleidung ist cross-functional; sie ist auch f\u00fcr Bergtouren, Winterwanderungen, Skiwandern \/ gem\u00fctlichen Skilanglauf, Nordic Walking im Herbst und Winter und Radfahren bei k\u00fchleren Temperaturen einsetzbar.  <\/p>\n\n\n\n<h4><strong><span style=\"text-decoration: underline;\">L\u00f6ffler Skitourenkollektion<\/span><\/strong><\/h4>\n\n\n\n<div class=\"wp-block-jetpack-slideshow aligncenter\" data-effect=\"slide\"><div class=\"wp-block-jetpack-slideshow_container swiper-container\"><ul class=\"wp-block-jetpack-slideshow_swiper-wrapper swiper-wrapper\"><li class=\"wp-block-jetpack-slideshow_slide swiper-slide\"><figure><img decoding=\"async\" loading=\"lazy\" width=\"1024\" height=\"614\" alt=\"\" class=\"wp-block-jetpack-slideshow_image wp-image-12282\" data-id=\"12282\" src=\"https:\/\/www.bergundtal.com\/wp-content\/uploads\/2020\/01\/1-skitouring_hr3-1-1024x614.jpg\" srcset=\"https:\/\/www.bergundtal.com\/wp-content\/uploads\/2020\/01\/1-skitouring_hr3-1-1024x614.jpg 1024w, https:\/\/www.bergundtal.com\/wp-content\/uploads\/2020\/01\/1-skitouring_hr3-1-300x180.jpg 300w, https:\/\/www.bergundtal.com\/wp-content\/uploads\/2020\/01\/1-skitouring_hr3-1-768x461.jpg 768w, https:\/\/www.bergundtal.com\/wp-content\/uploads\/2020\/01\/1-skitouring_hr3-1-1536x922.jpg 1536w, https:\/\/www.bergundtal.com\/wp-content\/uploads\/2020\/01\/1-skitouring_hr3-1-700x420.jpg 700w, https:\/\/www.bergundtal.com\/wp-content\/uploads\/2020\/01\/1-skitouring_hr3-1-332x199.jpg 332w, https:\/\/www.bergundtal.com\/wp-content\/uploads\/2020\/01\/1-skitouring_hr3-1.jpg 1600w\" sizes=\"(max-width: 1024px) 100vw, 1024px\" \/><figcaption class=\"wp-block-jetpack-slideshow_caption gallery-caption\">Tourenbekleidung von L\u00d6FFLER<\/figcaption><\/figure><\/li><li class=\"wp-block-jetpack-slideshow_slide swiper-slide\"><figure><img decoding=\"async\" loading=\"lazy\" width=\"1024\" height=\"769\" alt=\"\" class=\"wp-block-jetpack-slideshow_image wp-image-12287\" data-id=\"12287\" src=\"https:\/\/www.bergundtal.com\/wp-content\/uploads\/2020\/01\/04-Tourenkleidung-7-1024x769.jpg\" srcset=\"https:\/\/www.bergundtal.com\/wp-content\/uploads\/2020\/01\/04-Tourenkleidung-7-1024x769.jpg 1024w, https:\/\/www.bergundtal.com\/wp-content\/uploads\/2020\/01\/04-Tourenkleidung-7-300x225.jpg 300w, https:\/\/www.bergundtal.com\/wp-content\/uploads\/2020\/01\/04-Tourenkleidung-7-768x576.jpg 768w, https:\/\/www.bergundtal.com\/wp-content\/uploads\/2020\/01\/04-Tourenkleidung-7-1536x1153.jpg 1536w, https:\/\/www.bergundtal.com\/wp-content\/uploads\/2020\/01\/04-Tourenkleidung-7-700x525.jpg 700w, https:\/\/www.bergundtal.com\/wp-content\/uploads\/2020\/01\/04-Tourenkleidung-7-332x249.jpg 332w, https:\/\/www.bergundtal.com\/wp-content\/uploads\/2020\/01\/04-Tourenkleidung-7.jpg 1600w\" sizes=\"(max-width: 1024px) 100vw, 1024px\" \/><figcaption class=\"wp-block-jetpack-slideshow_caption gallery-caption\">Bekentnis zum Produktionsstandort<\/figcaption><\/figure><\/li><li class=\"wp-block-jetpack-slideshow_slide swiper-slide\"><figure><img decoding=\"async\" loading=\"lazy\" width=\"1024\" height=\"641\" alt=\"\" class=\"wp-block-jetpack-slideshow_image wp-image-12209\" data-id=\"12209\" src=\"https:\/\/www.bergundtal.com\/wp-content\/uploads\/2020\/01\/2-P1250250-1024x641.jpg\" srcset=\"https:\/\/www.bergundtal.com\/wp-content\/uploads\/2020\/01\/2-P1250250-1024x641.jpg 1024w, https:\/\/www.bergundtal.com\/wp-content\/uploads\/2020\/01\/2-P1250250-300x188.jpg 300w, https:\/\/www.bergundtal.com\/wp-content\/uploads\/2020\/01\/2-P1250250-768x480.jpg 768w, https:\/\/www.bergundtal.com\/wp-content\/uploads\/2020\/01\/2-P1250250-1536x961.jpg 1536w, https:\/\/www.bergundtal.com\/wp-content\/uploads\/2020\/01\/2-P1250250-700x438.jpg 700w, https:\/\/www.bergundtal.com\/wp-content\/uploads\/2020\/01\/2-P1250250-332x208.jpg 332w, https:\/\/www.bergundtal.com\/wp-content\/uploads\/2020\/01\/2-P1250250.jpg 1600w\" sizes=\"(max-width: 1024px) 100vw, 1024px\" \/><figcaption class=\"wp-block-jetpack-slideshow_caption gallery-caption\">\u00d6sterreich<\/figcaption><\/figure><\/li><li class=\"wp-block-jetpack-slideshow_slide swiper-slide\"><figure><img decoding=\"async\" loading=\"lazy\" width=\"780\" height=\"1024\" alt=\"\" class=\"wp-block-jetpack-slideshow_image wp-image-12296\" data-id=\"12296\" src=\"https:\/\/www.bergundtal.com\/wp-content\/uploads\/2020\/01\/11-Tourenkleidung-14-780x1024.jpg\" srcset=\"https:\/\/www.bergundtal.com\/wp-content\/uploads\/2020\/01\/11-Tourenkleidung-14-780x1024.jpg 780w, https:\/\/www.bergundtal.com\/wp-content\/uploads\/2020\/01\/11-Tourenkleidung-14-229x300.jpg 229w, https:\/\/www.bergundtal.com\/wp-content\/uploads\/2020\/01\/11-Tourenkleidung-14-768x1008.jpg 768w, https:\/\/www.bergundtal.com\/wp-content\/uploads\/2020\/01\/11-Tourenkleidung-14-1170x1536.jpg 1170w, https:\/\/www.bergundtal.com\/wp-content\/uploads\/2020\/01\/11-Tourenkleidung-14-700x919.jpg 700w, https:\/\/www.bergundtal.com\/wp-content\/uploads\/2020\/01\/11-Tourenkleidung-14-332x436.jpg 332w, https:\/\/www.bergundtal.com\/wp-content\/uploads\/2020\/01\/11-Tourenkleidung-14.jpg 1219w\" sizes=\"(max-width: 780px) 100vw, 780px\" \/><\/figure><\/li><li class=\"wp-block-jetpack-slideshow_slide swiper-slide\"><figure><img decoding=\"async\" loading=\"lazy\" width=\"765\" height=\"1024\" alt=\"\" class=\"wp-block-jetpack-slideshow_image wp-image-12295\" data-id=\"12295\" src=\"https:\/\/www.bergundtal.com\/wp-content\/uploads\/2020\/01\/10-Tourenkleidung-13-765x1024.jpg\" srcset=\"https:\/\/www.bergundtal.com\/wp-content\/uploads\/2020\/01\/10-Tourenkleidung-13-765x1024.jpg 765w, https:\/\/www.bergundtal.com\/wp-content\/uploads\/2020\/01\/10-Tourenkleidung-13-224x300.jpg 224w, https:\/\/www.bergundtal.com\/wp-content\/uploads\/2020\/01\/10-Tourenkleidung-13-768x1028.jpg 768w, https:\/\/www.bergundtal.com\/wp-content\/uploads\/2020\/01\/10-Tourenkleidung-13-1147x1536.jpg 1147w, https:\/\/www.bergundtal.com\/wp-content\/uploads\/2020\/01\/10-Tourenkleidung-13-700x937.jpg 700w, https:\/\/www.bergundtal.com\/wp-content\/uploads\/2020\/01\/10-Tourenkleidung-13-332x445.jpg 332w, https:\/\/www.bergundtal.com\/wp-content\/uploads\/2020\/01\/10-Tourenkleidung-13.jpg 1195w\" sizes=\"(max-width: 765px) 100vw, 765px\" \/><\/figure><\/li><li class=\"wp-block-jetpack-slideshow_slide swiper-slide\"><figure><img decoding=\"async\" loading=\"lazy\" width=\"874\" height=\"1024\" alt=\"\" class=\"wp-block-jetpack-slideshow_image wp-image-12294\" data-id=\"12294\" src=\"https:\/\/www.bergundtal.com\/wp-content\/uploads\/2020\/01\/09-Tourenkleidung-12-874x1024.jpg\" srcset=\"https:\/\/www.bergundtal.com\/wp-content\/uploads\/2020\/01\/09-Tourenkleidung-12-874x1024.jpg 874w, https:\/\/www.bergundtal.com\/wp-content\/uploads\/2020\/01\/09-Tourenkleidung-12-256x300.jpg 256w, https:\/\/www.bergundtal.com\/wp-content\/uploads\/2020\/01\/09-Tourenkleidung-12-768x900.jpg 768w, https:\/\/www.bergundtal.com\/wp-content\/uploads\/2020\/01\/09-Tourenkleidung-12-1311x1536.jpg 1311w, https:\/\/www.bergundtal.com\/wp-content\/uploads\/2020\/01\/09-Tourenkleidung-12-700x820.jpg 700w, https:\/\/www.bergundtal.com\/wp-content\/uploads\/2020\/01\/09-Tourenkleidung-12-332x389.jpg 332w, https:\/\/www.bergundtal.com\/wp-content\/uploads\/2020\/01\/09-Tourenkleidung-12.jpg 1366w\" sizes=\"(max-width: 874px) 100vw, 874px\" \/><\/figure><\/li><\/ul><a class=\"wp-block-jetpack-slideshow_button-prev swiper-button-prev swiper-button-white\" role=\"button\"><\/a><a class=\"wp-block-jetpack-slideshow_button-next swiper-button-next swiper-button-white\" role=\"button\"><\/a><a aria-label=\"Pause Slideshow\" class=\"wp-block-jetpack-slideshow_button-pause\" role=\"button\"><\/a><div class=\"wp-block-jetpack-slideshow_pagination swiper-pagination swiper-pagination-white\"><\/div><\/div><\/div>\n\n\n\n<p>L\u00f6ffler nutzt seine jahrelange Erfahrung mit Langlaufkleidung und pr\u00e4sentiert eine anspruchsvolle Skitouren-Kollektion, ein komplettes System nach dem Schichtenprinzip: Vom Baselayer \u00fcber First- und Midlayer zu Isolation bis zu sch\u00fctzenden Shell-Systemen.<em> \u201eSowohl fitness- als auch leistungsorientierte Skitourensportler finden ihren Anspr\u00fcchen gerechte Bekleidung in der neuen Kollektion. Aktive, extrem leichte High-End Produkte in funktionellem Materialmix &#8211; beispielsweise PRIMALOFT \u00ae NEXT und Active Stretch &#8211; \u00fcberzeugen durch minimalistisches Design bei maximaler Funktion. L\u00d6FFLER stellt sich mutig dieser neuen Herausforderung und produziert die gesamte Skitourenkollektion verantwortungsvoll in \u00d6sterreich und Europa.\u201c<\/em><\/p>\n\n\n\n<h4><\/h4>\n\n\n\n<div class=\"wp-block-jetpack-slideshow aligncenter\" data-effect=\"slide\"><div class=\"wp-block-jetpack-slideshow_container swiper-container\"><ul class=\"wp-block-jetpack-slideshow_swiper-wrapper swiper-wrapper\"><li class=\"wp-block-jetpack-slideshow_slide swiper-slide\"><figure><img decoding=\"async\" loading=\"lazy\" width=\"986\" height=\"1600\" alt=\"\" class=\"wp-block-jetpack-slideshow_image wp-image-12280\" data-id=\"12280\" src=\"https:\/\/www.bergundtal.com\/wp-content\/uploads\/2020\/01\/01-Tourenkleidung-6.jpg\" srcset=\"https:\/\/www.bergundtal.com\/wp-content\/uploads\/2020\/01\/01-Tourenkleidung-6.jpg 986w, https:\/\/www.bergundtal.com\/wp-content\/uploads\/2020\/01\/01-Tourenkleidung-6-185x300.jpg 185w, https:\/\/www.bergundtal.com\/wp-content\/uploads\/2020\/01\/01-Tourenkleidung-6-631x1024.jpg 631w, https:\/\/www.bergundtal.com\/wp-content\/uploads\/2020\/01\/01-Tourenkleidung-6-768x1246.jpg 768w, https:\/\/www.bergundtal.com\/wp-content\/uploads\/2020\/01\/01-Tourenkleidung-6-947x1536.jpg 947w, https:\/\/www.bergundtal.com\/wp-content\/uploads\/2020\/01\/01-Tourenkleidung-6-700x1136.jpg 700w, https:\/\/www.bergundtal.com\/wp-content\/uploads\/2020\/01\/01-Tourenkleidung-6-332x539.jpg 332w\" sizes=\"(max-width: 986px) 100vw, 986px\" \/><figcaption class=\"wp-block-jetpack-slideshow_caption gallery-caption\">Black Diamond <\/figcaption><\/figure><\/li><li class=\"wp-block-jetpack-slideshow_slide swiper-slide\"><figure><img decoding=\"async\" loading=\"lazy\" width=\"1600\" height=\"1208\" alt=\"\" class=\"wp-block-jetpack-slideshow_image wp-image-12303\" data-id=\"12303\" src=\"https:\/\/www.bergundtal.com\/wp-content\/uploads\/2020\/01\/18-Tourenkleidung-19.jpg\" srcset=\"https:\/\/www.bergundtal.com\/wp-content\/uploads\/2020\/01\/18-Tourenkleidung-19.jpg 1600w, https:\/\/www.bergundtal.com\/wp-content\/uploads\/2020\/01\/18-Tourenkleidung-19-300x227.jpg 300w, https:\/\/www.bergundtal.com\/wp-content\/uploads\/2020\/01\/18-Tourenkleidung-19-1024x773.jpg 1024w, https:\/\/www.bergundtal.com\/wp-content\/uploads\/2020\/01\/18-Tourenkleidung-19-768x580.jpg 768w, https:\/\/www.bergundtal.com\/wp-content\/uploads\/2020\/01\/18-Tourenkleidung-19-1536x1160.jpg 1536w, https:\/\/www.bergundtal.com\/wp-content\/uploads\/2020\/01\/18-Tourenkleidung-19-700x529.jpg 700w, https:\/\/www.bergundtal.com\/wp-content\/uploads\/2020\/01\/18-Tourenkleidung-19-332x251.jpg 332w\" sizes=\"(max-width: 1600px) 100vw, 1600px\" \/><\/figure><\/li><li class=\"wp-block-jetpack-slideshow_slide swiper-slide\"><figure><img decoding=\"async\" loading=\"lazy\" width=\"338\" height=\"564\" alt=\"\" class=\"wp-block-jetpack-slideshow_image wp-image-12283\" data-id=\"12283\" src=\"https:\/\/www.bergundtal.com\/wp-content\/uploads\/2020\/01\/02-Tourenkleidung-1.jpg\" srcset=\"https:\/\/www.bergundtal.com\/wp-content\/uploads\/2020\/01\/02-Tourenkleidung-1.jpg 338w, https:\/\/www.bergundtal.com\/wp-content\/uploads\/2020\/01\/02-Tourenkleidung-1-180x300.jpg 180w, https:\/\/www.bergundtal.com\/wp-content\/uploads\/2020\/01\/02-Tourenkleidung-1-332x554.jpg 332w\" sizes=\"(max-width: 338px) 100vw, 338px\" \/><figcaption class=\"wp-block-jetpack-slideshow_caption gallery-caption\">funktionelle Bergsportkleidung von Ortovox <\/figcaption><\/figure><\/li><li class=\"wp-block-jetpack-slideshow_slide swiper-slide\"><figure><img decoding=\"async\" loading=\"lazy\" width=\"2560\" height=\"1589\" alt=\"\" class=\"wp-block-jetpack-slideshow_image wp-image-12281\" data-id=\"12281\" src=\"https:\/\/www.bergundtal.com\/wp-content\/uploads\/2020\/01\/1-Ortovox-ISPO-scaled.jpg\" srcset=\"https:\/\/www.bergundtal.com\/wp-content\/uploads\/2020\/01\/1-Ortovox-ISPO-scaled.jpg 2560w, https:\/\/www.bergundtal.com\/wp-content\/uploads\/2020\/01\/1-Ortovox-ISPO-300x186.jpg 300w, https:\/\/www.bergundtal.com\/wp-content\/uploads\/2020\/01\/1-Ortovox-ISPO-1024x636.jpg 1024w, https:\/\/www.bergundtal.com\/wp-content\/uploads\/2020\/01\/1-Ortovox-ISPO-768x477.jpg 768w, https:\/\/www.bergundtal.com\/wp-content\/uploads\/2020\/01\/1-Ortovox-ISPO-1536x954.jpg 1536w, https:\/\/www.bergundtal.com\/wp-content\/uploads\/2020\/01\/1-Ortovox-ISPO-2048x1272.jpg 2048w, https:\/\/www.bergundtal.com\/wp-content\/uploads\/2020\/01\/1-Ortovox-ISPO-700x435.jpg 700w, https:\/\/www.bergundtal.com\/wp-content\/uploads\/2020\/01\/1-Ortovox-ISPO-332x206.jpg 332w\" sizes=\"(max-width: 2560px) 100vw, 2560px\" \/><\/figure><\/li><li class=\"wp-block-jetpack-slideshow_slide swiper-slide\"><figure><img decoding=\"async\" loading=\"lazy\" width=\"958\" height=\"1600\" alt=\"\" class=\"wp-block-jetpack-slideshow_image wp-image-12302\" data-id=\"12302\" src=\"https:\/\/www.bergundtal.com\/wp-content\/uploads\/2020\/01\/17-Tourenkleidung-18.jpg\" srcset=\"https:\/\/www.bergundtal.com\/wp-content\/uploads\/2020\/01\/17-Tourenkleidung-18.jpg 958w, https:\/\/www.bergundtal.com\/wp-content\/uploads\/2020\/01\/17-Tourenkleidung-18-180x300.jpg 180w, https:\/\/www.bergundtal.com\/wp-content\/uploads\/2020\/01\/17-Tourenkleidung-18-613x1024.jpg 613w, https:\/\/www.bergundtal.com\/wp-content\/uploads\/2020\/01\/17-Tourenkleidung-18-768x1283.jpg 768w, https:\/\/www.bergundtal.com\/wp-content\/uploads\/2020\/01\/17-Tourenkleidung-18-920x1536.jpg 920w, https:\/\/www.bergundtal.com\/wp-content\/uploads\/2020\/01\/17-Tourenkleidung-18-700x1169.jpg 700w, https:\/\/www.bergundtal.com\/wp-content\/uploads\/2020\/01\/17-Tourenkleidung-18-332x554.jpg 332w\" sizes=\"(max-width: 958px) 100vw, 958px\" \/><\/figure><\/li><li class=\"wp-block-jetpack-slideshow_slide swiper-slide\"><figure><img decoding=\"async\" loading=\"lazy\" width=\"1600\" height=\"1210\" alt=\"\" class=\"wp-block-jetpack-slideshow_image wp-image-12301\" data-id=\"12301\" src=\"https:\/\/www.bergundtal.com\/wp-content\/uploads\/2020\/01\/16-Tourenkleidung-17.jpg\" srcset=\"https:\/\/www.bergundtal.com\/wp-content\/uploads\/2020\/01\/16-Tourenkleidung-17.jpg 1600w, https:\/\/www.bergundtal.com\/wp-content\/uploads\/2020\/01\/16-Tourenkleidung-17-300x227.jpg 300w, https:\/\/www.bergundtal.com\/wp-content\/uploads\/2020\/01\/16-Tourenkleidung-17-1024x774.jpg 1024w, https:\/\/www.bergundtal.com\/wp-content\/uploads\/2020\/01\/16-Tourenkleidung-17-768x581.jpg 768w, https:\/\/www.bergundtal.com\/wp-content\/uploads\/2020\/01\/16-Tourenkleidung-17-1536x1162.jpg 1536w, https:\/\/www.bergundtal.com\/wp-content\/uploads\/2020\/01\/16-Tourenkleidung-17-700x529.jpg 700w, https:\/\/www.bergundtal.com\/wp-content\/uploads\/2020\/01\/16-Tourenkleidung-17-332x251.jpg 332w\" sizes=\"(max-width: 1600px) 100vw, 1600px\" \/><\/figure><\/li><li class=\"wp-block-jetpack-slideshow_slide swiper-slide\"><figure><img decoding=\"async\" loading=\"lazy\" width=\"1440\" height=\"2560\" alt=\"\" class=\"wp-block-jetpack-slideshow_image wp-image-12284\" data-id=\"12284\" src=\"https:\/\/www.bergundtal.com\/wp-content\/uploads\/2020\/01\/2-Ortovox-ISPO2-scaled.jpg\" srcset=\"https:\/\/www.bergundtal.com\/wp-content\/uploads\/2020\/01\/2-Ortovox-ISPO2-scaled.jpg 1440w, https:\/\/www.bergundtal.com\/wp-content\/uploads\/2020\/01\/2-Ortovox-ISPO2-169x300.jpg 169w, https:\/\/www.bergundtal.com\/wp-content\/uploads\/2020\/01\/2-Ortovox-ISPO2-576x1024.jpg 576w, https:\/\/www.bergundtal.com\/wp-content\/uploads\/2020\/01\/2-Ortovox-ISPO2-768x1365.jpg 768w, https:\/\/www.bergundtal.com\/wp-content\/uploads\/2020\/01\/2-Ortovox-ISPO2-864x1536.jpg 864w, https:\/\/www.bergundtal.com\/wp-content\/uploads\/2020\/01\/2-Ortovox-ISPO2-1152x2048.jpg 1152w, https:\/\/www.bergundtal.com\/wp-content\/uploads\/2020\/01\/2-Ortovox-ISPO2-700x1244.jpg 700w, https:\/\/www.bergundtal.com\/wp-content\/uploads\/2020\/01\/2-Ortovox-ISPO2-332x590.jpg 332w\" sizes=\"(max-width: 1440px) 100vw, 1440px\" \/><\/figure><\/li><li class=\"wp-block-jetpack-slideshow_slide swiper-slide\"><figure><img decoding=\"async\" loading=\"lazy\" width=\"2045\" height=\"2560\" alt=\"\" class=\"wp-block-jetpack-slideshow_image wp-image-12286\" data-id=\"12286\" src=\"https:\/\/www.bergundtal.com\/wp-content\/uploads\/2020\/01\/3-Ortovox-ISPO4-scaled.jpg\" srcset=\"https:\/\/www.bergundtal.com\/wp-content\/uploads\/2020\/01\/3-Ortovox-ISPO4-scaled.jpg 2045w, https:\/\/www.bergundtal.com\/wp-content\/uploads\/2020\/01\/3-Ortovox-ISPO4-240x300.jpg 240w, https:\/\/www.bergundtal.com\/wp-content\/uploads\/2020\/01\/3-Ortovox-ISPO4-818x1024.jpg 818w, https:\/\/www.bergundtal.com\/wp-content\/uploads\/2020\/01\/3-Ortovox-ISPO4-768x961.jpg 768w, https:\/\/www.bergundtal.com\/wp-content\/uploads\/2020\/01\/3-Ortovox-ISPO4-1227x1536.jpg 1227w, https:\/\/www.bergundtal.com\/wp-content\/uploads\/2020\/01\/3-Ortovox-ISPO4-1636x2048.jpg 1636w, https:\/\/www.bergundtal.com\/wp-content\/uploads\/2020\/01\/3-Ortovox-ISPO4-700x876.jpg 700w, https:\/\/www.bergundtal.com\/wp-content\/uploads\/2020\/01\/3-Ortovox-ISPO4-332x416.jpg 332w\" sizes=\"(max-width: 2045px) 100vw, 2045px\" \/><\/figure><\/li><li class=\"wp-block-jetpack-slideshow_slide swiper-slide\"><figure><img decoding=\"async\" loading=\"lazy\" width=\"1600\" height=\"1458\" alt=\"\" class=\"wp-block-jetpack-slideshow_image wp-image-12298\" data-id=\"12298\" src=\"https:\/\/www.bergundtal.com\/wp-content\/uploads\/2020\/01\/13-Tourenkleidung-16.jpg\" srcset=\"https:\/\/www.bergundtal.com\/wp-content\/uploads\/2020\/01\/13-Tourenkleidung-16.jpg 1600w, https:\/\/www.bergundtal.com\/wp-content\/uploads\/2020\/01\/13-Tourenkleidung-16-300x273.jpg 300w, https:\/\/www.bergundtal.com\/wp-content\/uploads\/2020\/01\/13-Tourenkleidung-16-1024x933.jpg 1024w, https:\/\/www.bergundtal.com\/wp-content\/uploads\/2020\/01\/13-Tourenkleidung-16-768x700.jpg 768w, https:\/\/www.bergundtal.com\/wp-content\/uploads\/2020\/01\/13-Tourenkleidung-16-1536x1400.jpg 1536w, https:\/\/www.bergundtal.com\/wp-content\/uploads\/2020\/01\/13-Tourenkleidung-16-700x638.jpg 700w, https:\/\/www.bergundtal.com\/wp-content\/uploads\/2020\/01\/13-Tourenkleidung-16-332x303.jpg 332w\" sizes=\"(max-width: 1600px) 100vw, 1600px\" \/><figcaption class=\"wp-block-jetpack-slideshow_caption gallery-caption\">Skitourenkleidung von VAUDE <\/figcaption><\/figure><\/li><li class=\"wp-block-jetpack-slideshow_slide swiper-slide\"><figure><img decoding=\"async\" loading=\"lazy\" width=\"1600\" height=\"1165\" alt=\"\" class=\"wp-block-jetpack-slideshow_image wp-image-12297\" data-id=\"12297\" src=\"https:\/\/www.bergundtal.com\/wp-content\/uploads\/2020\/01\/12-Tourenkleidung-15.jpg\" srcset=\"https:\/\/www.bergundtal.com\/wp-content\/uploads\/2020\/01\/12-Tourenkleidung-15.jpg 1600w, https:\/\/www.bergundtal.com\/wp-content\/uploads\/2020\/01\/12-Tourenkleidung-15-300x218.jpg 300w, https:\/\/www.bergundtal.com\/wp-content\/uploads\/2020\/01\/12-Tourenkleidung-15-1024x746.jpg 1024w, https:\/\/www.bergundtal.com\/wp-content\/uploads\/2020\/01\/12-Tourenkleidung-15-768x559.jpg 768w, https:\/\/www.bergundtal.com\/wp-content\/uploads\/2020\/01\/12-Tourenkleidung-15-1536x1118.jpg 1536w, https:\/\/www.bergundtal.com\/wp-content\/uploads\/2020\/01\/12-Tourenkleidung-15-700x510.jpg 700w, https:\/\/www.bergundtal.com\/wp-content\/uploads\/2020\/01\/12-Tourenkleidung-15-332x242.jpg 332w\" sizes=\"(max-width: 1600px) 100vw, 1600px\" \/><figcaption class=\"wp-block-jetpack-slideshow_caption gallery-caption\">VAUDE hat auch den Skitouren-Nachwuchs im Blick, z. B. Capacida Hybrid Jacket<\/figcaption><\/figure><\/li><li class=\"wp-block-jetpack-slideshow_slide swiper-slide\"><figure><img decoding=\"async\" loading=\"lazy\" width=\"1067\" height=\"1600\" alt=\"\" class=\"wp-block-jetpack-slideshow_image wp-image-12289\" data-id=\"12289\" src=\"https:\/\/www.bergundtal.com\/wp-content\/uploads\/2020\/01\/4-vaude_ms_sesvennaprojacket_042.jpg\" srcset=\"https:\/\/www.bergundtal.com\/wp-content\/uploads\/2020\/01\/4-vaude_ms_sesvennaprojacket_042.jpg 1067w, https:\/\/www.bergundtal.com\/wp-content\/uploads\/2020\/01\/4-vaude_ms_sesvennaprojacket_042-200x300.jpg 200w, https:\/\/www.bergundtal.com\/wp-content\/uploads\/2020\/01\/4-vaude_ms_sesvennaprojacket_042-683x1024.jpg 683w, https:\/\/www.bergundtal.com\/wp-content\/uploads\/2020\/01\/4-vaude_ms_sesvennaprojacket_042-768x1152.jpg 768w, https:\/\/www.bergundtal.com\/wp-content\/uploads\/2020\/01\/4-vaude_ms_sesvennaprojacket_042-1024x1536.jpg 1024w, https:\/\/www.bergundtal.com\/wp-content\/uploads\/2020\/01\/4-vaude_ms_sesvennaprojacket_042-700x1050.jpg 700w, https:\/\/www.bergundtal.com\/wp-content\/uploads\/2020\/01\/4-vaude_ms_sesvennaprojacket_042-332x498.jpg 332w\" sizes=\"(max-width: 1067px) 100vw, 1067px\" \/><figcaption class=\"wp-block-jetpack-slideshow_caption gallery-caption\">VAUDE Sesvenna Pro Jacket \u2013 windabweisend, isolierend, atmungsaktiv mit flexiblen Strickbereichen. Eine durchdachte Hybridjacke, sie kombiniert robustes, abriebfestes 20 D Nylon Mini Ripstop an stark beanspruchten Stellen mit flexiblen Strickeins\u00e4tzen am R\u00fccken und Knit-Stretch Material im Unterarmbereich. Dazu kommt als W\u00e4rmepolster Polartec\u00ae Alpha an der Front, isolierend und feuchtigkeitsregulierend. Zudem werden w\u00e4rmende Primaloft\u00ae-Eins\u00e4tze im Nierenbereich, an den Armen und am R\u00fccken integriert.<\/figcaption><\/figure><\/li><li class=\"wp-block-jetpack-slideshow_slide swiper-slide\"><figure><img decoding=\"async\" loading=\"lazy\" width=\"1600\" height=\"1224\" alt=\"\" class=\"wp-block-jetpack-slideshow_image wp-image-12290\" data-id=\"12290\" src=\"https:\/\/www.bergundtal.com\/wp-content\/uploads\/2020\/01\/05-Tourenkleidung-8.jpg\" srcset=\"https:\/\/www.bergundtal.com\/wp-content\/uploads\/2020\/01\/05-Tourenkleidung-8.jpg 1600w, https:\/\/www.bergundtal.com\/wp-content\/uploads\/2020\/01\/05-Tourenkleidung-8-300x230.jpg 300w, https:\/\/www.bergundtal.com\/wp-content\/uploads\/2020\/01\/05-Tourenkleidung-8-1024x783.jpg 1024w, https:\/\/www.bergundtal.com\/wp-content\/uploads\/2020\/01\/05-Tourenkleidung-8-768x588.jpg 768w, https:\/\/www.bergundtal.com\/wp-content\/uploads\/2020\/01\/05-Tourenkleidung-8-1536x1175.jpg 1536w, https:\/\/www.bergundtal.com\/wp-content\/uploads\/2020\/01\/05-Tourenkleidung-8-700x536.jpg 700w, https:\/\/www.bergundtal.com\/wp-content\/uploads\/2020\/01\/05-Tourenkleidung-8-332x254.jpg 332w\" sizes=\"(max-width: 1600px) 100vw, 1600px\" \/><figcaption class=\"wp-block-jetpack-slideshow_caption gallery-caption\">Ziener; Skitouren-Kollektion<\/figcaption><\/figure><\/li><li class=\"wp-block-jetpack-slideshow_slide swiper-slide\"><figure><img decoding=\"async\" loading=\"lazy\" width=\"1248\" height=\"1600\" alt=\"\" class=\"wp-block-jetpack-slideshow_image wp-image-12291\" data-id=\"12291\" src=\"https:\/\/www.bergundtal.com\/wp-content\/uploads\/2020\/01\/06-Tourenkleidung-9.jpg\" srcset=\"https:\/\/www.bergundtal.com\/wp-content\/uploads\/2020\/01\/06-Tourenkleidung-9.jpg 1248w, https:\/\/www.bergundtal.com\/wp-content\/uploads\/2020\/01\/06-Tourenkleidung-9-234x300.jpg 234w, https:\/\/www.bergundtal.com\/wp-content\/uploads\/2020\/01\/06-Tourenkleidung-9-799x1024.jpg 799w, https:\/\/www.bergundtal.com\/wp-content\/uploads\/2020\/01\/06-Tourenkleidung-9-768x985.jpg 768w, https:\/\/www.bergundtal.com\/wp-content\/uploads\/2020\/01\/06-Tourenkleidung-9-1198x1536.jpg 1198w, https:\/\/www.bergundtal.com\/wp-content\/uploads\/2020\/01\/06-Tourenkleidung-9-700x897.jpg 700w, https:\/\/www.bergundtal.com\/wp-content\/uploads\/2020\/01\/06-Tourenkleidung-9-332x426.jpg 332w\" sizes=\"(max-width: 1248px) 100vw, 1248px\" \/><\/figure><\/li><li class=\"wp-block-jetpack-slideshow_slide swiper-slide\"><figure><img decoding=\"async\" loading=\"lazy\" width=\"690\" height=\"1600\" alt=\"\" class=\"wp-block-jetpack-slideshow_image wp-image-12293\" data-id=\"12293\" src=\"https:\/\/www.bergundtal.com\/wp-content\/uploads\/2020\/01\/08-Tourenkleidung-11.jpg\" srcset=\"https:\/\/www.bergundtal.com\/wp-content\/uploads\/2020\/01\/08-Tourenkleidung-11.jpg 690w, https:\/\/www.bergundtal.com\/wp-content\/uploads\/2020\/01\/08-Tourenkleidung-11-129x300.jpg 129w, https:\/\/www.bergundtal.com\/wp-content\/uploads\/2020\/01\/08-Tourenkleidung-11-442x1024.jpg 442w, https:\/\/www.bergundtal.com\/wp-content\/uploads\/2020\/01\/08-Tourenkleidung-11-662x1536.jpg 662w, https:\/\/www.bergundtal.com\/wp-content\/uploads\/2020\/01\/08-Tourenkleidung-11-332x770.jpg 332w\" sizes=\"(max-width: 690px) 100vw, 690px\" \/><\/figure><\/li><li class=\"wp-block-jetpack-slideshow_slide swiper-slide\"><figure><img decoding=\"async\" loading=\"lazy\" width=\"843\" height=\"1600\" alt=\"\" class=\"wp-block-jetpack-slideshow_image wp-image-12292\" data-id=\"12292\" src=\"https:\/\/www.bergundtal.com\/wp-content\/uploads\/2020\/01\/07-Tourenkleidung-10.jpg\" srcset=\"https:\/\/www.bergundtal.com\/wp-content\/uploads\/2020\/01\/07-Tourenkleidung-10.jpg 843w, https:\/\/www.bergundtal.com\/wp-content\/uploads\/2020\/01\/07-Tourenkleidung-10-158x300.jpg 158w, https:\/\/www.bergundtal.com\/wp-content\/uploads\/2020\/01\/07-Tourenkleidung-10-540x1024.jpg 540w, https:\/\/www.bergundtal.com\/wp-content\/uploads\/2020\/01\/07-Tourenkleidung-10-768x1458.jpg 768w, https:\/\/www.bergundtal.com\/wp-content\/uploads\/2020\/01\/07-Tourenkleidung-10-809x1536.jpg 809w, https:\/\/www.bergundtal.com\/wp-content\/uploads\/2020\/01\/07-Tourenkleidung-10-700x1329.jpg 700w, https:\/\/www.bergundtal.com\/wp-content\/uploads\/2020\/01\/07-Tourenkleidung-10-332x630.jpg 332w\" sizes=\"(max-width: 843px) 100vw, 843px\" \/><\/figure><\/li><li class=\"wp-block-jetpack-slideshow_slide swiper-slide\"><figure><img decoding=\"async\" loading=\"lazy\" width=\"340\" height=\"592\" alt=\"\" class=\"wp-block-jetpack-slideshow_image wp-image-12285\" data-id=\"12285\" src=\"https:\/\/www.bergundtal.com\/wp-content\/uploads\/2020\/01\/03-Tourenkleidung-3.jpg\" srcset=\"https:\/\/www.bergundtal.com\/wp-content\/uploads\/2020\/01\/03-Tourenkleidung-3.jpg 340w, https:\/\/www.bergundtal.com\/wp-content\/uploads\/2020\/01\/03-Tourenkleidung-3-172x300.jpg 172w, https:\/\/www.bergundtal.com\/wp-content\/uploads\/2020\/01\/03-Tourenkleidung-3-332x578.jpg 332w\" sizes=\"(max-width: 340px) 100vw, 340px\" \/><figcaption class=\"wp-block-jetpack-slideshow_caption gallery-caption\">La Sportiva<\/figcaption><\/figure><\/li><li class=\"wp-block-jetpack-slideshow_slide swiper-slide\"><figure><img decoding=\"async\" loading=\"lazy\" width=\"805\" height=\"1600\" alt=\"\" class=\"wp-block-jetpack-slideshow_image wp-image-12304\" data-id=\"12304\" src=\"https:\/\/www.bergundtal.com\/wp-content\/uploads\/2020\/01\/19-Tourenkleidung-20.jpg\" srcset=\"https:\/\/www.bergundtal.com\/wp-content\/uploads\/2020\/01\/19-Tourenkleidung-20.jpg 805w, https:\/\/www.bergundtal.com\/wp-content\/uploads\/2020\/01\/19-Tourenkleidung-20-151x300.jpg 151w, https:\/\/www.bergundtal.com\/wp-content\/uploads\/2020\/01\/19-Tourenkleidung-20-515x1024.jpg 515w, https:\/\/www.bergundtal.com\/wp-content\/uploads\/2020\/01\/19-Tourenkleidung-20-768x1526.jpg 768w, https:\/\/www.bergundtal.com\/wp-content\/uploads\/2020\/01\/19-Tourenkleidung-20-773x1536.jpg 773w, https:\/\/www.bergundtal.com\/wp-content\/uploads\/2020\/01\/19-Tourenkleidung-20-700x1391.jpg 700w, https:\/\/www.bergundtal.com\/wp-content\/uploads\/2020\/01\/19-Tourenkleidung-20-332x660.jpg 332w\" sizes=\"(max-width: 805px) 100vw, 805px\" \/><\/figure><\/li><\/ul><a class=\"wp-block-jetpack-slideshow_button-prev swiper-button-prev swiper-button-white\" role=\"button\"><\/a><a class=\"wp-block-jetpack-slideshow_button-next swiper-button-next swiper-button-white\" role=\"button\"><\/a><a aria-label=\"Pause Slideshow\" class=\"wp-block-jetpack-slideshow_button-pause\" role=\"button\"><\/a><div class=\"wp-block-jetpack-slideshow_pagination swiper-pagination swiper-pagination-white\"><\/div><\/div><\/div>\n\n\n\n<p><\/p>\n\n\n\n<h4 class=\"has-vivid-cyan-blue-color has-text-color\"><strong>Skitourenrucks\u00e4cke<\/strong><\/h4>\n\n\n\n<div class=\"wp-block-jetpack-slideshow aligncenter\" data-effect=\"slide\"><div class=\"wp-block-jetpack-slideshow_container swiper-container\"><ul class=\"wp-block-jetpack-slideshow_swiper-wrapper swiper-wrapper\"><li class=\"wp-block-jetpack-slideshow_slide swiper-slide\"><figure><img decoding=\"async\" loading=\"lazy\" width=\"1024\" height=\"679\" alt=\"\" class=\"wp-block-jetpack-slideshow_image wp-image-12288\" data-id=\"12288\" src=\"https:\/\/www.bergundtal.com\/wp-content\/uploads\/2020\/01\/4-Ortovox-ISPO5-1024x679.jpg\" srcset=\"https:\/\/www.bergundtal.com\/wp-content\/uploads\/2020\/01\/4-Ortovox-ISPO5-1024x679.jpg 1024w, https:\/\/www.bergundtal.com\/wp-content\/uploads\/2020\/01\/4-Ortovox-ISPO5-300x199.jpg 300w, https:\/\/www.bergundtal.com\/wp-content\/uploads\/2020\/01\/4-Ortovox-ISPO5-768x509.jpg 768w, https:\/\/www.bergundtal.com\/wp-content\/uploads\/2020\/01\/4-Ortovox-ISPO5-1536x1018.jpg 1536w, https:\/\/www.bergundtal.com\/wp-content\/uploads\/2020\/01\/4-Ortovox-ISPO5-2048x1357.jpg 2048w, https:\/\/www.bergundtal.com\/wp-content\/uploads\/2020\/01\/4-Ortovox-ISPO5-700x464.jpg 700w, https:\/\/www.bergundtal.com\/wp-content\/uploads\/2020\/01\/4-Ortovox-ISPO5-332x220.jpg 332w\" sizes=\"(max-width: 1024px) 100vw, 1024px\" \/><\/figure><\/li><li class=\"wp-block-jetpack-slideshow_slide swiper-slide\"><figure><img decoding=\"async\" loading=\"lazy\" width=\"768\" height=\"1024\" alt=\"\" class=\"wp-block-jetpack-slideshow_image wp-image-12167\" data-id=\"12167\" src=\"https:\/\/www.bergundtal.com\/wp-content\/uploads\/2020\/01\/04-Ortovox8-768x1024.jpg\" srcset=\"https:\/\/www.bergundtal.com\/wp-content\/uploads\/2020\/01\/04-Ortovox8-768x1024.jpg 768w, https:\/\/www.bergundtal.com\/wp-content\/uploads\/2020\/01\/04-Ortovox8-225x300.jpg 225w, https:\/\/www.bergundtal.com\/wp-content\/uploads\/2020\/01\/04-Ortovox8-1152x1536.jpg 1152w, https:\/\/www.bergundtal.com\/wp-content\/uploads\/2020\/01\/04-Ortovox8-700x933.jpg 700w, https:\/\/www.bergundtal.com\/wp-content\/uploads\/2020\/01\/04-Ortovox8-332x443.jpg 332w, https:\/\/www.bergundtal.com\/wp-content\/uploads\/2020\/01\/04-Ortovox8.jpg 1200w\" sizes=\"(max-width: 768px) 100vw, 768px\" \/><figcaption class=\"wp-block-jetpack-slideshow_caption gallery-caption\">HAUTE ROUTE Tourenrucksack<\/figcaption><\/figure><\/li><li class=\"wp-block-jetpack-slideshow_slide swiper-slide\"><figure><img decoding=\"async\" loading=\"lazy\" width=\"768\" height=\"1024\" alt=\"\" class=\"wp-block-jetpack-slideshow_image wp-image-12164\" data-id=\"12164\" src=\"https:\/\/www.bergundtal.com\/wp-content\/uploads\/2020\/01\/03-Ortovox9-768x1024.jpg\" srcset=\"https:\/\/www.bergundtal.com\/wp-content\/uploads\/2020\/01\/03-Ortovox9-768x1024.jpg 768w, https:\/\/www.bergundtal.com\/wp-content\/uploads\/2020\/01\/03-Ortovox9-225x300.jpg 225w, https:\/\/www.bergundtal.com\/wp-content\/uploads\/2020\/01\/03-Ortovox9-1152x1536.jpg 1152w, https:\/\/www.bergundtal.com\/wp-content\/uploads\/2020\/01\/03-Ortovox9-700x933.jpg 700w, https:\/\/www.bergundtal.com\/wp-content\/uploads\/2020\/01\/03-Ortovox9-332x443.jpg 332w, https:\/\/www.bergundtal.com\/wp-content\/uploads\/2020\/01\/03-Ortovox9.jpg 1200w\" sizes=\"(max-width: 768px) 100vw, 768px\" \/><figcaption class=\"wp-block-jetpack-slideshow_caption gallery-caption\">30 Liter<\/figcaption><\/figure><\/li><li class=\"wp-block-jetpack-slideshow_slide swiper-slide\"><figure><img decoding=\"async\" loading=\"lazy\" width=\"759\" height=\"1024\" alt=\"\" class=\"wp-block-jetpack-slideshow_image wp-image-12160\" data-id=\"12160\" src=\"https:\/\/www.bergundtal.com\/wp-content\/uploads\/2020\/01\/02-Ortovox10-759x1024.jpg\" srcset=\"https:\/\/www.bergundtal.com\/wp-content\/uploads\/2020\/01\/02-Ortovox10-759x1024.jpg 759w, https:\/\/www.bergundtal.com\/wp-content\/uploads\/2020\/01\/02-Ortovox10-222x300.jpg 222w, https:\/\/www.bergundtal.com\/wp-content\/uploads\/2020\/01\/02-Ortovox10-768x1036.jpg 768w, https:\/\/www.bergundtal.com\/wp-content\/uploads\/2020\/01\/02-Ortovox10-1139x1536.jpg 1139w, https:\/\/www.bergundtal.com\/wp-content\/uploads\/2020\/01\/02-Ortovox10-700x944.jpg 700w, https:\/\/www.bergundtal.com\/wp-content\/uploads\/2020\/01\/02-Ortovox10-332x448.jpg 332w, https:\/\/www.bergundtal.com\/wp-content\/uploads\/2020\/01\/02-Ortovox10.jpg 1186w\" sizes=\"(max-width: 759px) 100vw, 759px\" \/><figcaption class=\"wp-block-jetpack-slideshow_caption gallery-caption\">38S Liter<\/figcaption><\/figure><\/li><\/ul><a class=\"wp-block-jetpack-slideshow_button-prev swiper-button-prev swiper-button-white\" role=\"button\"><\/a><a class=\"wp-block-jetpack-slideshow_button-next swiper-button-next swiper-button-white\" role=\"button\"><\/a><a aria-label=\"Pause Slideshow\" class=\"wp-block-jetpack-slideshow_button-pause\" role=\"button\"><\/a><div class=\"wp-block-jetpack-slideshow_pagination swiper-pagination swiper-pagination-white\"><\/div><\/div><\/div>\n\n\n\n<p> <strong>Deuter Freeride Rucks\u00e4cke<\/strong> &#8211; Der Freerider Lite ist der Kleinste und mit seinem neuen, robusten und extrem leichten Material das absolute Leichtgewicht der Serie. Ein besonderes Highlight beim Freerider Pro ist das Rolltop, mit dem sich das Volumen um 10 L erweitert l\u00e4sst. Mit zwei separaten Riemen k\u00f6nnen Skier, Schneeschuhe und Snowboard jetzt im Handumdrehen au\u00dfen am Rucksack, mithilfe der Materialschlaufen, befestigt werden. Die Riemen dienen beim Freerider und Freerider Pro au\u00dferdem zur seitlichen Kompression des Packsacks. Die Freerider Serie ist frei von PFC und beh\u00e4lt weiterhin, dank einer speziellen Oberfl\u00e4chenbehandlung, die schmutz- und wasserabweisenden Eigenschaften. Den Deuter Freerider Lite gibt es in 18 SL, 20. Den Freerider in 28 SL und 30.  Ein besonderes Highlight beim Freerider Pro ist das Rolltop, mit dem sich das Volumen um 10 L erweitert l\u00e4sst. <\/p>\n\n\n\n<figure data-carousel-extra='{\"blog_id\":1,\"permalink\":\"https:\\\/\\\/www.bergundtal.com\\\/?p=12235\"}'  class=\"is-layout-flex wp-block-gallery-5 wp-block-gallery aligncenter columns-3 is-cropped\"><ul class=\"blocks-gallery-grid\"><li class=\"blocks-gallery-item\"><figure><img data-attachment-id=\"12325\" data-permalink=\"https:\/\/www.bergundtal.com\/?attachment_id=12325\" data-orig-file=\"https:\/\/www.bergundtal.com\/wp-content\/uploads\/2020\/02\/3303221-8204-freeriderlite28sl-w20-d0.jpg\" data-orig-size=\"1181,1366\" data-comments-opened=\"0\" data-image-meta=\"{&quot;aperture&quot;:&quot;28&quot;,&quot;credit&quot;:&quot;CM-PHOTODESIGN&quot;,&quot;camera&quot;:&quot;Sinar eShutter\\\/ Sinarback eVolution 75H&quot;,&quot;caption&quot;:&quot;Studio f\\u00fcr Werbefotografie Augsburg\\\/W\\u00fcrzburg\\\/Hamburg. Professionelle Photographie in den Bereichen Image, People, Stills, Industrie &amp; Architektur.&quot;,&quot;created_timestamp&quot;:&quot;1569888000&quot;,&quot;copyright&quot;:&quot;Copyright 2000 - 2021 and following by CM-PHOTODESIGN \\\/ Chris M\\u00fcller Photodesign for Deuter Sport GmbH&quot;,&quot;focal_length&quot;:&quot;180&quot;,&quot;iso&quot;:&quot;50&quot;,&quot;shutter_speed&quot;:&quot;0.016666666666667&quot;,&quot;title&quot;:&quot;&quot;,&quot;orientation&quot;:&quot;1&quot;}\" data-image-title=\"3303221-8204-freeriderlite28sl-w20-d0\" data-image-description=\"\" data-image-caption=\"&lt;p&gt;Studio f\u00fcr Werbefotografie Augsburg\/W\u00fcrzburg\/Hamburg. Professionelle Photographie in den Bereichen Image, People, Stills, Industrie &amp;amp; Architektur.&lt;\/p&gt;\n\" data-medium-file=\"https:\/\/www.bergundtal.com\/wp-content\/uploads\/2020\/02\/3303221-8204-freeriderlite28sl-w20-d0-259x300.jpg\" data-large-file=\"https:\/\/www.bergundtal.com\/wp-content\/uploads\/2020\/02\/3303221-8204-freeriderlite28sl-w20-d0-885x1024.jpg\" decoding=\"async\" loading=\"lazy\" width=\"885\" height=\"1024\" src=\"https:\/\/www.bergundtal.com\/wp-content\/uploads\/2020\/02\/3303221-8204-freeriderlite28sl-w20-d0-885x1024.jpg\" alt=\"\" data-id=\"12325\" data-full-url=\"https:\/\/www.bergundtal.com\/wp-content\/uploads\/2020\/02\/3303221-8204-freeriderlite28sl-w20-d0.jpg\" data-link=\"https:\/\/www.bergundtal.com\/?attachment_id=12325\" class=\"wp-image-12325\" srcset=\"https:\/\/www.bergundtal.com\/wp-content\/uploads\/2020\/02\/3303221-8204-freeriderlite28sl-w20-d0-885x1024.jpg 885w, https:\/\/www.bergundtal.com\/wp-content\/uploads\/2020\/02\/3303221-8204-freeriderlite28sl-w20-d0-259x300.jpg 259w, https:\/\/www.bergundtal.com\/wp-content\/uploads\/2020\/02\/3303221-8204-freeriderlite28sl-w20-d0-768x888.jpg 768w, https:\/\/www.bergundtal.com\/wp-content\/uploads\/2020\/02\/3303221-8204-freeriderlite28sl-w20-d0-700x810.jpg 700w, https:\/\/www.bergundtal.com\/wp-content\/uploads\/2020\/02\/3303221-8204-freeriderlite28sl-w20-d0-332x384.jpg 332w, https:\/\/www.bergundtal.com\/wp-content\/uploads\/2020\/02\/3303221-8204-freeriderlite28sl-w20-d0.jpg 1181w\" sizes=\"(max-width: 885px) 100vw, 885px\" \/><figcaption class=\"blocks-gallery-item__caption\">Studio f\u00fcr Werbefotografie Augsburg\/W\u00fcrzburg\/Hamburg. Professionelle Photographie in den Bereichen Image, People, Stills, Industrie &amp; Architektur.<\/figcaption><\/figure><\/li><li class=\"blocks-gallery-item\"><figure><img data-attachment-id=\"12323\" data-permalink=\"https:\/\/www.bergundtal.com\/?attachment_id=12323\" data-orig-file=\"https:\/\/www.bergundtal.com\/wp-content\/uploads\/2020\/02\/4-1-1.jpg\" data-orig-size=\"1600,1237\" data-comments-opened=\"0\" data-image-meta=\"{&quot;aperture&quot;:&quot;2.8&quot;,&quot;credit&quot;:&quot;Picasa&quot;,&quot;camera&quot;:&quot;DMC-FZ200&quot;,&quot;caption&quot;:&quot;&quot;,&quot;created_timestamp&quot;:&quot;1580219466&quot;,&quot;copyright&quot;:&quot;&quot;,&quot;focal_length&quot;:&quot;4.5&quot;,&quot;iso&quot;:&quot;160&quot;,&quot;shutter_speed&quot;:&quot;0.016666666666667&quot;,&quot;title&quot;:&quot;&quot;,&quot;orientation&quot;:&quot;0&quot;}\" data-image-title=\"4-1 (1)\" data-image-description=\"\" data-image-caption=\"\" data-medium-file=\"https:\/\/www.bergundtal.com\/wp-content\/uploads\/2020\/02\/4-1-1-300x232.jpg\" data-large-file=\"https:\/\/www.bergundtal.com\/wp-content\/uploads\/2020\/02\/4-1-1-1024x792.jpg\" decoding=\"async\" loading=\"lazy\" width=\"1024\" height=\"792\" src=\"https:\/\/www.bergundtal.com\/wp-content\/uploads\/2020\/02\/4-1-1-1024x792.jpg\" alt=\"\" data-id=\"12323\" data-full-url=\"https:\/\/www.bergundtal.com\/wp-content\/uploads\/2020\/02\/4-1-1.jpg\" data-link=\"https:\/\/www.bergundtal.com\/?attachment_id=12323\" class=\"wp-image-12323\" srcset=\"https:\/\/www.bergundtal.com\/wp-content\/uploads\/2020\/02\/4-1-1-1024x792.jpg 1024w, https:\/\/www.bergundtal.com\/wp-content\/uploads\/2020\/02\/4-1-1-300x232.jpg 300w, https:\/\/www.bergundtal.com\/wp-content\/uploads\/2020\/02\/4-1-1-768x594.jpg 768w, https:\/\/www.bergundtal.com\/wp-content\/uploads\/2020\/02\/4-1-1-1536x1188.jpg 1536w, https:\/\/www.bergundtal.com\/wp-content\/uploads\/2020\/02\/4-1-1-700x541.jpg 700w, https:\/\/www.bergundtal.com\/wp-content\/uploads\/2020\/02\/4-1-1-332x257.jpg 332w, https:\/\/www.bergundtal.com\/wp-content\/uploads\/2020\/02\/4-1-1.jpg 1600w\" sizes=\"(max-width: 1024px) 100vw, 1024px\" \/><\/figure><\/li><li class=\"blocks-gallery-item\"><figure><img data-attachment-id=\"12324\" data-permalink=\"https:\/\/www.bergundtal.com\/?attachment_id=12324\" data-orig-file=\"https:\/\/www.bergundtal.com\/wp-content\/uploads\/2020\/02\/5-1-2.jpg\" data-orig-size=\"1142,1600\" data-comments-opened=\"0\" data-image-meta=\"{&quot;aperture&quot;:&quot;2.8&quot;,&quot;credit&quot;:&quot;Picasa&quot;,&quot;camera&quot;:&quot;DMC-FZ200&quot;,&quot;caption&quot;:&quot;&quot;,&quot;created_timestamp&quot;:&quot;1580219486&quot;,&quot;copyright&quot;:&quot;&quot;,&quot;focal_length&quot;:&quot;4.5&quot;,&quot;iso&quot;:&quot;100&quot;,&quot;shutter_speed&quot;:&quot;0.016666666666667&quot;,&quot;title&quot;:&quot;&quot;,&quot;orientation&quot;:&quot;0&quot;}\" data-image-title=\"5-1 (2)\" data-image-description=\"\" data-image-caption=\"\" data-medium-file=\"https:\/\/www.bergundtal.com\/wp-content\/uploads\/2020\/02\/5-1-2-214x300.jpg\" data-large-file=\"https:\/\/www.bergundtal.com\/wp-content\/uploads\/2020\/02\/5-1-2-731x1024.jpg\" decoding=\"async\" loading=\"lazy\" width=\"731\" height=\"1024\" src=\"https:\/\/www.bergundtal.com\/wp-content\/uploads\/2020\/02\/5-1-2-731x1024.jpg\" alt=\"\" data-id=\"12324\" data-full-url=\"https:\/\/www.bergundtal.com\/wp-content\/uploads\/2020\/02\/5-1-2.jpg\" data-link=\"https:\/\/www.bergundtal.com\/?attachment_id=12324\" class=\"wp-image-12324\" srcset=\"https:\/\/www.bergundtal.com\/wp-content\/uploads\/2020\/02\/5-1-2-731x1024.jpg 731w, https:\/\/www.bergundtal.com\/wp-content\/uploads\/2020\/02\/5-1-2-214x300.jpg 214w, https:\/\/www.bergundtal.com\/wp-content\/uploads\/2020\/02\/5-1-2-768x1076.jpg 768w, https:\/\/www.bergundtal.com\/wp-content\/uploads\/2020\/02\/5-1-2-1096x1536.jpg 1096w, https:\/\/www.bergundtal.com\/wp-content\/uploads\/2020\/02\/5-1-2-700x981.jpg 700w, https:\/\/www.bergundtal.com\/wp-content\/uploads\/2020\/02\/5-1-2-332x465.jpg 332w, https:\/\/www.bergundtal.com\/wp-content\/uploads\/2020\/02\/5-1-2.jpg 1142w\" sizes=\"(max-width: 731px) 100vw, 731px\" \/><\/figure><\/li><\/ul><\/figure>\n\n\n\n<p><\/p>\n\n\n\n<p><strong><span style=\"text-decoration: underline;\">Funktionsunterw\u00e4sche<\/span><\/strong> und passende Str\u00fcmpfe sind auch im Skitouring nicht unwichtig; ein funktionierendes Feuchtigkeitsmanagement + Isolation, gute Passform und auch eine gewisse Robustheit sind von zentraler Bedeutung. Mittlerweile weiss man, dass eine zus\u00e4tzlich Kompressionswirkung die Blutzirkulation und damit die Regeneration nach hoher Belastung f\u00f6rdert.<\/p>\n\n\n\n<figure data-carousel-extra='{\"blog_id\":1,\"permalink\":\"https:\\\/\\\/www.bergundtal.com\\\/?p=12235\"}'  class=\"is-layout-flex wp-block-gallery-7 wp-block-gallery columns-3 is-cropped\"><ul class=\"blocks-gallery-grid\"><li class=\"blocks-gallery-item\"><figure><img data-attachment-id=\"12332\" data-permalink=\"https:\/\/www.bergundtal.com\/?attachment_id=12332\" data-orig-file=\"https:\/\/www.bergundtal.com\/wp-content\/uploads\/2020\/02\/4-Unterw\u00e4sche-3.jpg\" data-orig-size=\"834,1600\" data-comments-opened=\"0\" data-image-meta=\"{&quot;aperture&quot;:&quot;2.8&quot;,&quot;credit&quot;:&quot;Picasa&quot;,&quot;camera&quot;:&quot;DMC-FZ200&quot;,&quot;caption&quot;:&quot;&quot;,&quot;created_timestamp&quot;:&quot;1580206139&quot;,&quot;copyright&quot;:&quot;&quot;,&quot;focal_length&quot;:&quot;5.2&quot;,&quot;iso&quot;:&quot;125&quot;,&quot;shutter_speed&quot;:&quot;0.016666666666667&quot;,&quot;title&quot;:&quot;&quot;,&quot;orientation&quot;:&quot;0&quot;}\" data-image-title=\"4-Unterw\u00e4sche (3)\" data-image-description=\"\" data-image-caption=\"&lt;p&gt;hoch wertige Funktionsunterw\u00e4sche&lt;\/p&gt;\n\" data-medium-file=\"https:\/\/www.bergundtal.com\/wp-content\/uploads\/2020\/02\/4-Unterw\u00e4sche-3-156x300.jpg\" data-large-file=\"https:\/\/www.bergundtal.com\/wp-content\/uploads\/2020\/02\/4-Unterw\u00e4sche-3-534x1024.jpg\" decoding=\"async\" loading=\"lazy\" width=\"534\" height=\"1024\" src=\"https:\/\/www.bergundtal.com\/wp-content\/uploads\/2020\/02\/4-Unterw\u00e4sche-3-534x1024.jpg\" alt=\"\" data-id=\"12332\" data-full-url=\"https:\/\/www.bergundtal.com\/wp-content\/uploads\/2020\/02\/4-Unterw\u00e4sche-3.jpg\" data-link=\"https:\/\/www.bergundtal.com\/?attachment_id=12332\" class=\"wp-image-12332\" srcset=\"https:\/\/www.bergundtal.com\/wp-content\/uploads\/2020\/02\/4-Unterw\u00e4sche-3-534x1024.jpg 534w, https:\/\/www.bergundtal.com\/wp-content\/uploads\/2020\/02\/4-Unterw\u00e4sche-3-156x300.jpg 156w, https:\/\/www.bergundtal.com\/wp-content\/uploads\/2020\/02\/4-Unterw\u00e4sche-3-768x1473.jpg 768w, https:\/\/www.bergundtal.com\/wp-content\/uploads\/2020\/02\/4-Unterw\u00e4sche-3-801x1536.jpg 801w, https:\/\/www.bergundtal.com\/wp-content\/uploads\/2020\/02\/4-Unterw\u00e4sche-3-700x1343.jpg 700w, https:\/\/www.bergundtal.com\/wp-content\/uploads\/2020\/02\/4-Unterw\u00e4sche-3-332x637.jpg 332w, https:\/\/www.bergundtal.com\/wp-content\/uploads\/2020\/02\/4-Unterw\u00e4sche-3.jpg 834w\" sizes=\"(max-width: 534px) 100vw, 534px\" \/><figcaption class=\"blocks-gallery-item__caption\">hoch wertige Funktionsunterw\u00e4sche<\/figcaption><\/figure><\/li><li class=\"blocks-gallery-item\"><figure><img data-attachment-id=\"12330\" data-permalink=\"https:\/\/www.bergundtal.com\/?attachment_id=12330\" data-orig-file=\"https:\/\/www.bergundtal.com\/wp-content\/uploads\/2020\/02\/2-Unterw\u00e4sche-1.jpg\" data-orig-size=\"1600,1064\" data-comments-opened=\"0\" data-image-meta=\"{&quot;aperture&quot;:&quot;2.8&quot;,&quot;credit&quot;:&quot;Picasa&quot;,&quot;camera&quot;:&quot;DMC-FZ200&quot;,&quot;caption&quot;:&quot;&quot;,&quot;created_timestamp&quot;:&quot;1580046884&quot;,&quot;copyright&quot;:&quot;&quot;,&quot;focal_length&quot;:&quot;4.5&quot;,&quot;iso&quot;:&quot;400&quot;,&quot;shutter_speed&quot;:&quot;0.025&quot;,&quot;title&quot;:&quot;&quot;,&quot;orientation&quot;:&quot;0&quot;}\" data-image-title=\"2-Unterw\u00e4sche (1)\" data-image-description=\"\" data-image-caption=\"&lt;p&gt;sog. First Layer&lt;\/p&gt;\n\" data-medium-file=\"https:\/\/www.bergundtal.com\/wp-content\/uploads\/2020\/02\/2-Unterw\u00e4sche-1-300x200.jpg\" data-large-file=\"https:\/\/www.bergundtal.com\/wp-content\/uploads\/2020\/02\/2-Unterw\u00e4sche-1-1024x681.jpg\" decoding=\"async\" loading=\"lazy\" width=\"1024\" height=\"681\" src=\"https:\/\/www.bergundtal.com\/wp-content\/uploads\/2020\/02\/2-Unterw\u00e4sche-1-1024x681.jpg\" alt=\"\" data-id=\"12330\" data-full-url=\"https:\/\/www.bergundtal.com\/wp-content\/uploads\/2020\/02\/2-Unterw\u00e4sche-1.jpg\" data-link=\"https:\/\/www.bergundtal.com\/?attachment_id=12330\" class=\"wp-image-12330\" srcset=\"https:\/\/www.bergundtal.com\/wp-content\/uploads\/2020\/02\/2-Unterw\u00e4sche-1-1024x681.jpg 1024w, https:\/\/www.bergundtal.com\/wp-content\/uploads\/2020\/02\/2-Unterw\u00e4sche-1-300x200.jpg 300w, https:\/\/www.bergundtal.com\/wp-content\/uploads\/2020\/02\/2-Unterw\u00e4sche-1-768x511.jpg 768w, https:\/\/www.bergundtal.com\/wp-content\/uploads\/2020\/02\/2-Unterw\u00e4sche-1-1536x1021.jpg 1536w, https:\/\/www.bergundtal.com\/wp-content\/uploads\/2020\/02\/2-Unterw\u00e4sche-1-700x466.jpg 700w, https:\/\/www.bergundtal.com\/wp-content\/uploads\/2020\/02\/2-Unterw\u00e4sche-1-332x221.jpg 332w, https:\/\/www.bergundtal.com\/wp-content\/uploads\/2020\/02\/2-Unterw\u00e4sche-1.jpg 1600w\" sizes=\"(max-width: 1024px) 100vw, 1024px\" \/><figcaption class=\"blocks-gallery-item__caption\">sog. First Layer<\/figcaption><\/figure><\/li><li class=\"blocks-gallery-item\"><figure><img data-attachment-id=\"12331\" data-permalink=\"https:\/\/www.bergundtal.com\/?attachment_id=12331\" data-orig-file=\"https:\/\/www.bergundtal.com\/wp-content\/uploads\/2020\/02\/3-Unterw\u00e4sche-2.jpg\" data-orig-size=\"1069,1600\" data-comments-opened=\"0\" data-image-meta=\"{&quot;aperture&quot;:&quot;2.8&quot;,&quot;credit&quot;:&quot;Picasa&quot;,&quot;camera&quot;:&quot;DMC-FZ200&quot;,&quot;caption&quot;:&quot;&quot;,&quot;created_timestamp&quot;:&quot;1580206089&quot;,&quot;copyright&quot;:&quot;&quot;,&quot;focal_length&quot;:&quot;10.5&quot;,&quot;iso&quot;:&quot;100&quot;,&quot;shutter_speed&quot;:&quot;0.0125&quot;,&quot;title&quot;:&quot;&quot;,&quot;orientation&quot;:&quot;0&quot;}\" data-image-title=\"3-Unterw\u00e4sche (2)\" data-image-description=\"\" data-image-caption=\"&lt;p&gt;hochwertige Funktionsstr\u00fcmpfe&lt;\/p&gt;\n\" data-medium-file=\"https:\/\/www.bergundtal.com\/wp-content\/uploads\/2020\/02\/3-Unterw\u00e4sche-2-200x300.jpg\" data-large-file=\"https:\/\/www.bergundtal.com\/wp-content\/uploads\/2020\/02\/3-Unterw\u00e4sche-2-684x1024.jpg\" decoding=\"async\" loading=\"lazy\" width=\"684\" height=\"1024\" src=\"https:\/\/www.bergundtal.com\/wp-content\/uploads\/2020\/02\/3-Unterw\u00e4sche-2-684x1024.jpg\" alt=\"\" data-id=\"12331\" data-full-url=\"https:\/\/www.bergundtal.com\/wp-content\/uploads\/2020\/02\/3-Unterw\u00e4sche-2.jpg\" data-link=\"https:\/\/www.bergundtal.com\/?attachment_id=12331\" class=\"wp-image-12331\" srcset=\"https:\/\/www.bergundtal.com\/wp-content\/uploads\/2020\/02\/3-Unterw\u00e4sche-2-684x1024.jpg 684w, https:\/\/www.bergundtal.com\/wp-content\/uploads\/2020\/02\/3-Unterw\u00e4sche-2-200x300.jpg 200w, https:\/\/www.bergundtal.com\/wp-content\/uploads\/2020\/02\/3-Unterw\u00e4sche-2-768x1149.jpg 768w, https:\/\/www.bergundtal.com\/wp-content\/uploads\/2020\/02\/3-Unterw\u00e4sche-2-1026x1536.jpg 1026w, https:\/\/www.bergundtal.com\/wp-content\/uploads\/2020\/02\/3-Unterw\u00e4sche-2-700x1048.jpg 700w, https:\/\/www.bergundtal.com\/wp-content\/uploads\/2020\/02\/3-Unterw\u00e4sche-2-332x497.jpg 332w, https:\/\/www.bergundtal.com\/wp-content\/uploads\/2020\/02\/3-Unterw\u00e4sche-2.jpg 1069w\" sizes=\"(max-width: 684px) 100vw, 684px\" \/><figcaption class=\"blocks-gallery-item__caption\">hochwertige Funktionsstr\u00fcmpfe<\/figcaption><\/figure><\/li><li class=\"blocks-gallery-item\"><figure><img data-attachment-id=\"12329\" data-permalink=\"https:\/\/www.bergundtal.com\/?attachment_id=12329\" data-orig-file=\"https:\/\/www.bergundtal.com\/wp-content\/uploads\/2020\/02\/1-Unterw\u00e4sche-4.jpg\" data-orig-size=\"1069,1600\" data-comments-opened=\"0\" data-image-meta=\"{&quot;aperture&quot;:&quot;2.8&quot;,&quot;credit&quot;:&quot;Picasa&quot;,&quot;camera&quot;:&quot;DMC-FZ200&quot;,&quot;caption&quot;:&quot;&quot;,&quot;created_timestamp&quot;:&quot;1580046710&quot;,&quot;copyright&quot;:&quot;&quot;,&quot;focal_length&quot;:&quot;5.2&quot;,&quot;iso&quot;:&quot;400&quot;,&quot;shutter_speed&quot;:&quot;0.02&quot;,&quot;title&quot;:&quot;&quot;,&quot;orientation&quot;:&quot;0&quot;}\" data-image-title=\"1-Unterw\u00e4sche (4)\" data-image-description=\"\" data-image-caption=\"&lt;p&gt;mit Kompression&lt;\/p&gt;\n\" data-medium-file=\"https:\/\/www.bergundtal.com\/wp-content\/uploads\/2020\/02\/1-Unterw\u00e4sche-4-200x300.jpg\" data-large-file=\"https:\/\/www.bergundtal.com\/wp-content\/uploads\/2020\/02\/1-Unterw\u00e4sche-4-684x1024.jpg\" decoding=\"async\" loading=\"lazy\" width=\"684\" height=\"1024\" src=\"https:\/\/www.bergundtal.com\/wp-content\/uploads\/2020\/02\/1-Unterw\u00e4sche-4-684x1024.jpg\" alt=\"\" data-id=\"12329\" data-full-url=\"https:\/\/www.bergundtal.com\/wp-content\/uploads\/2020\/02\/1-Unterw\u00e4sche-4.jpg\" data-link=\"https:\/\/www.bergundtal.com\/?attachment_id=12329\" class=\"wp-image-12329\" srcset=\"https:\/\/www.bergundtal.com\/wp-content\/uploads\/2020\/02\/1-Unterw\u00e4sche-4-684x1024.jpg 684w, https:\/\/www.bergundtal.com\/wp-content\/uploads\/2020\/02\/1-Unterw\u00e4sche-4-200x300.jpg 200w, https:\/\/www.bergundtal.com\/wp-content\/uploads\/2020\/02\/1-Unterw\u00e4sche-4-768x1149.jpg 768w, https:\/\/www.bergundtal.com\/wp-content\/uploads\/2020\/02\/1-Unterw\u00e4sche-4-1026x1536.jpg 1026w, https:\/\/www.bergundtal.com\/wp-content\/uploads\/2020\/02\/1-Unterw\u00e4sche-4-700x1048.jpg 700w, https:\/\/www.bergundtal.com\/wp-content\/uploads\/2020\/02\/1-Unterw\u00e4sche-4-332x497.jpg 332w, https:\/\/www.bergundtal.com\/wp-content\/uploads\/2020\/02\/1-Unterw\u00e4sche-4.jpg 1069w\" sizes=\"(max-width: 684px) 100vw, 684px\" \/><figcaption class=\"blocks-gallery-item__caption\">mit Kompression<\/figcaption><\/figure><\/li><\/ul><\/figure>\n","protected":false},"excerpt":{"rendered":"<p>Skitouren sind lange keine Randbewegung im Snowsport mehr, Skitouring ist mittlerweile eine fester Bestandteil der Skiszene und des Skimarktes; Skitouring boomt und sorgt so auch im Fachhandel f\u00fcr steigenden Absatz und auf der diesj\u00e4hrigen ISPO f\u00fcr gro\u00dfes Interesse. Mit der Zahl der Touren- geher* innen w\u00e4chst auch die Differenzierung; Dynafit &#8230;<\/p>\n","protected":false},"author":2,"featured_media":12250,"comment_status":"closed","ping_status":"closed","sticky":false,"template":"","format":"standard","meta":{"jetpack_post_was_ever_published":false,"jetpack_publicize_message":"","jetpack_is_tweetstorm":false,"jetpack_publicize_feature_enabled":true,"jetpack_social_options":[]},"categories":[373,416,430,1,360],"tags":[],"coauthors":[461,460],"jetpack_publicize_connections":[],"jetpack_featured_media_url":"https:\/\/www.bergundtal.com\/wp-content\/uploads\/2020\/01\/1-ISPOSkitouren-4-1.jpg","jetpack_shortlink":"https:\/\/wp.me\/s3YISc-12235","jetpack_sharing_enabled":true,"_links":{"self":[{"href":"https:\/\/www.bergundtal.com\/index.php?rest_route=\/wp\/v2\/posts\/12235"}],"collection":[{"href":"https:\/\/www.bergundtal.com\/index.php?rest_route=\/wp\/v2\/posts"}],"about":[{"href":"https:\/\/www.bergundtal.com\/index.php?rest_route=\/wp\/v2\/types\/post"}],"author":[{"embeddable":true,"href":"https:\/\/www.bergundtal.com\/index.php?rest_route=\/wp\/v2\/users\/2"}],"replies":[{"embeddable":true,"href":"https:\/\/www.bergundtal.com\/index.php?rest_route=%2Fwp%2Fv2%2Fcomments&post=12235"}],"version-history":[{"count":24,"href":"https:\/\/www.bergundtal.com\/index.php?rest_route=\/wp\/v2\/posts\/12235\/revisions"}],"predecessor-version":[{"id":12446,"href":"https:\/\/www.bergundtal.com\/index.php?rest_route=\/wp\/v2\/posts\/12235\/revisions\/12446"}],"wp:featuredmedia":[{"embeddable":true,"href":"https:\/\/www.bergundtal.com\/index.php?rest_route=\/wp\/v2\/media\/12250"}],"wp:attachment":[{"href":"https:\/\/www.bergundtal.com\/index.php?rest_route=%2Fwp%2Fv2%2Fmedia&parent=12235"}],"wp:term":[{"taxonomy":"category","embeddable":true,"href":"https:\/\/www.bergundtal.com\/index.php?rest_route=%2Fwp%2Fv2%2Fcategories&post=12235"},{"taxonomy":"post_tag","embeddable":true,"href":"https:\/\/www.bergundtal.com\/index.php?rest_route=%2Fwp%2Fv2%2Ftags&post=12235"},{"taxonomy":"author","embeddable":true,"href":"https:\/\/www.bergundtal.com\/index.php?rest_route=%2Fwp%2Fv2%2Fcoauthors&post=12235"}],"curies":[{"name":"wp","href":"https:\/\/api.w.org\/{rel}","templated":true}]}}