{"id":12566,"date":"2020-02-17T15:33:12","date_gmt":"2020-02-17T14:33:12","guid":{"rendered":"https:\/\/www.bergundtal.com\/?p=12566"},"modified":"2020-02-24T16:07:38","modified_gmt":"2020-02-24T15:07:38","slug":"12566","status":"publish","type":"post","link":"https:\/\/www.bergundtal.com\/?p=12566","title":{"rendered":""},"content":{"rendered":"\n<h2 class=\"has-text-color has-text-align-center\" style=\"color:#1200a3\"><strong>Langlaufregion Pillerseetal<\/strong><\/h2>\n\n\n\n<figure class=\"wp-block-image size-large\"><img data-attachment-id=\"12574\" data-permalink=\"https:\/\/www.bergundtal.com\/?attachment_id=12574\" data-orig-file=\"https:\/\/www.bergundtal.com\/wp-content\/uploads\/2020\/02\/08-Pillerseetal-40.jpg\" data-orig-size=\"1600,1069\" data-comments-opened=\"0\" data-image-meta=\"{&quot;aperture&quot;:&quot;4&quot;,&quot;credit&quot;:&quot;Picasa&quot;,&quot;camera&quot;:&quot;DMC-FZ200&quot;,&quot;caption&quot;:&quot;&quot;,&quot;created_timestamp&quot;:&quot;1517068516&quot;,&quot;copyright&quot;:&quot;&quot;,&quot;focal_length&quot;:&quot;19.2&quot;,&quot;iso&quot;:&quot;100&quot;,&quot;shutter_speed&quot;:&quot;0.001&quot;,&quot;title&quot;:&quot;&quot;,&quot;orientation&quot;:&quot;0&quot;}\" data-image-title=\"08-Pillerseetal (40)\" data-image-description=\"\" data-image-caption=\"&lt;p&gt;unterwegs im Pillerseetal&lt;\/p&gt;\n\" data-medium-file=\"https:\/\/www.bergundtal.com\/wp-content\/uploads\/2020\/02\/08-Pillerseetal-40-300x200.jpg\" data-large-file=\"https:\/\/www.bergundtal.com\/wp-content\/uploads\/2020\/02\/08-Pillerseetal-40-1024x684.jpg\" decoding=\"async\" loading=\"lazy\" width=\"1024\" height=\"684\" src=\"https:\/\/www.bergundtal.com\/wp-content\/uploads\/2020\/02\/08-Pillerseetal-40-1024x684.jpg\" alt=\"\" class=\"wp-image-12574\" srcset=\"https:\/\/www.bergundtal.com\/wp-content\/uploads\/2020\/02\/08-Pillerseetal-40-1024x684.jpg 1024w, https:\/\/www.bergundtal.com\/wp-content\/uploads\/2020\/02\/08-Pillerseetal-40-300x200.jpg 300w, https:\/\/www.bergundtal.com\/wp-content\/uploads\/2020\/02\/08-Pillerseetal-40-768x513.jpg 768w, https:\/\/www.bergundtal.com\/wp-content\/uploads\/2020\/02\/08-Pillerseetal-40-1536x1026.jpg 1536w, https:\/\/www.bergundtal.com\/wp-content\/uploads\/2020\/02\/08-Pillerseetal-40-700x468.jpg 700w, https:\/\/www.bergundtal.com\/wp-content\/uploads\/2020\/02\/08-Pillerseetal-40-332x222.jpg 332w, https:\/\/www.bergundtal.com\/wp-content\/uploads\/2020\/02\/08-Pillerseetal-40.jpg 1600w\" sizes=\"(max-width: 1024px) 100vw, 1024px\" \/><\/figure>\n\n\n\n<p>Lanlaufregion Pillerseetal<\/p>\n\n\n\n<p>Das Pillerseetal ist das \u201eSchneeloch\u201c der Kitzb\u00fchler Alpen und die schneereichste Region Tirols. Welche Schneemenge eine Nordstaulage innerhalb k\u00fcrzester Zeit im Pillerseetal bringen kann, wissen die Einheimischen schon lange und seit Herbst 2014 ist es auch durch eine Studie belegt: Amtliche Schneemessreihen kommen zu dem Ergebnis, dass <em>\u201eHochfilzen der schneereichste aller dauerhaft besiedelten Orte Tirols\u201c<\/em> ist und \u201e<em>das Pillerseetal ist die schneereichste Tourismusregion Tirols\u201c<\/em> &#8211; so der Skitourismusforscher Mag. G\u00fcnther Aigner in einer Studie zur Zukunft des Skisports.<\/p>\n\n\n\n<figure class=\"wp-block-image size-large\"><img data-attachment-id=\"12594\" data-permalink=\"https:\/\/www.bergundtal.com\/?attachment_id=12594\" data-orig-file=\"https:\/\/www.bergundtal.com\/wp-content\/uploads\/2020\/02\/28-Pillerseetal-51.jpg\" data-orig-size=\"1600,1084\" data-comments-opened=\"0\" data-image-meta=\"{&quot;aperture&quot;:&quot;4&quot;,&quot;credit&quot;:&quot;Picasa&quot;,&quot;camera&quot;:&quot;DMC-FZ200&quot;,&quot;caption&quot;:&quot;&quot;,&quot;created_timestamp&quot;:&quot;1581767850&quot;,&quot;copyright&quot;:&quot;&quot;,&quot;focal_length&quot;:&quot;10.5&quot;,&quot;iso&quot;:&quot;100&quot;,&quot;shutter_speed&quot;:&quot;0.00076923076923077&quot;,&quot;title&quot;:&quot;&quot;,&quot;orientation&quot;:&quot;0&quot;}\" data-image-title=\"28-Pillerseetal (51)\" data-image-description=\"\" data-image-caption=\"\" data-medium-file=\"https:\/\/www.bergundtal.com\/wp-content\/uploads\/2020\/02\/28-Pillerseetal-51-300x203.jpg\" data-large-file=\"https:\/\/www.bergundtal.com\/wp-content\/uploads\/2020\/02\/28-Pillerseetal-51-1024x694.jpg\" decoding=\"async\" loading=\"lazy\" width=\"1024\" height=\"694\" src=\"https:\/\/www.bergundtal.com\/wp-content\/uploads\/2020\/02\/28-Pillerseetal-51-1024x694.jpg\" alt=\"\" class=\"wp-image-12594\" srcset=\"https:\/\/www.bergundtal.com\/wp-content\/uploads\/2020\/02\/28-Pillerseetal-51-1024x694.jpg 1024w, https:\/\/www.bergundtal.com\/wp-content\/uploads\/2020\/02\/28-Pillerseetal-51-300x203.jpg 300w, https:\/\/www.bergundtal.com\/wp-content\/uploads\/2020\/02\/28-Pillerseetal-51-768x520.jpg 768w, https:\/\/www.bergundtal.com\/wp-content\/uploads\/2020\/02\/28-Pillerseetal-51-1536x1041.jpg 1536w, https:\/\/www.bergundtal.com\/wp-content\/uploads\/2020\/02\/28-Pillerseetal-51-700x474.jpg 700w, https:\/\/www.bergundtal.com\/wp-content\/uploads\/2020\/02\/28-Pillerseetal-51-332x225.jpg 332w, https:\/\/www.bergundtal.com\/wp-content\/uploads\/2020\/02\/28-Pillerseetal-51.jpg 1600w\" sizes=\"(max-width: 1024px) 100vw, 1024px\" \/><figcaption>Orientierungstafel in St. Ulrich<\/figcaption><\/figure>\n\n\n\n<p>Dieser Schneereichtum und die relative Schneesicherheit sind nat\u00fcrlich ideale Voraussetzungen f\u00fcr Skisport generell und speziell auch f\u00fcr Langlauf; das Pillerseetal zwischen Waidring, Hochfilzen und Fieberbrunn ist eine der Top Langlauf Adressen in \u00d6sterreich. <br><strong><em>Achtzehn Loipen mit insgesamt ca. 100 km Loipennetz in unterschiedlichen Schwierigkeitsgraden f\u00fcr Skater und klassische L\u00e4ufer, beleuchtete Nachtloipen, w\u00f6chentlicher G\u00e4stebiathlon &#8211;  egal ob im Diagonalschritt  oder Skating, Anf\u00e4nger oder Profi, hier kommt jeder Langl\u00e4ufer auf seine Kosten.<\/em><\/strong><\/p>\n\n\n\n<p> Wer nicht direkt in S. Ulrich, St. Jakob oder Hochfilzen wohnt, kann auf vielen Parkpl\u00e4tzen mit gro\u00dfer Orientierungstafel, Ticketautomat und direktem Loipenzugang parken. Das Tagesticket kostet 6 Euro, f\u00fcr die wirklich gute Infrastruktur und Loipenpflege ist das in Ordnung, obwohl ja jeder \u00dcbernachtungsgast in seiner Unterkunft schon mal die Ortstaxe bezahlt, die ja auch der Finanzierung touristischer Infrastruktur dient! Gut, ab der 3-Tage LL Karte wird im Pillerseetal ja dann auch mit G\u00e4stekarte der Loipenbeitrag etwas g\u00fcnstiger.<\/p>\n\n\n\n<div class=\"wp-block-image\"><figure class=\"alignleft size-large is-resized\"><img data-attachment-id=\"12600\" data-permalink=\"https:\/\/www.bergundtal.com\/?attachment_id=12600\" data-orig-file=\"https:\/\/www.bergundtal.com\/wp-content\/uploads\/2020\/02\/34-Pillerseetal-58.jpg\" data-orig-size=\"1600,1069\" data-comments-opened=\"0\" data-image-meta=\"{&quot;aperture&quot;:&quot;4.5&quot;,&quot;credit&quot;:&quot;Picasa&quot;,&quot;camera&quot;:&quot;DMC-FZ200&quot;,&quot;caption&quot;:&quot;&quot;,&quot;created_timestamp&quot;:&quot;1581771571&quot;,&quot;copyright&quot;:&quot;&quot;,&quot;focal_length&quot;:&quot;53.4&quot;,&quot;iso&quot;:&quot;100&quot;,&quot;shutter_speed&quot;:&quot;0.000625&quot;,&quot;title&quot;:&quot;&quot;,&quot;orientation&quot;:&quot;0&quot;}\" data-image-title=\"34-Pillerseetal (58)\" data-image-description=\"\" data-image-caption=\"&lt;p&gt;mit Jakobshorn&lt;\/p&gt;\n\" data-medium-file=\"https:\/\/www.bergundtal.com\/wp-content\/uploads\/2020\/02\/34-Pillerseetal-58-300x200.jpg\" data-large-file=\"https:\/\/www.bergundtal.com\/wp-content\/uploads\/2020\/02\/34-Pillerseetal-58-1024x684.jpg\" decoding=\"async\" loading=\"lazy\" src=\"https:\/\/www.bergundtal.com\/wp-content\/uploads\/2020\/02\/34-Pillerseetal-58-1024x684.jpg\" alt=\"\" class=\"wp-image-12600\" width=\"286\" height=\"191\" srcset=\"https:\/\/www.bergundtal.com\/wp-content\/uploads\/2020\/02\/34-Pillerseetal-58-1024x684.jpg 1024w, https:\/\/www.bergundtal.com\/wp-content\/uploads\/2020\/02\/34-Pillerseetal-58-300x200.jpg 300w, https:\/\/www.bergundtal.com\/wp-content\/uploads\/2020\/02\/34-Pillerseetal-58-768x513.jpg 768w, https:\/\/www.bergundtal.com\/wp-content\/uploads\/2020\/02\/34-Pillerseetal-58-1536x1026.jpg 1536w, https:\/\/www.bergundtal.com\/wp-content\/uploads\/2020\/02\/34-Pillerseetal-58-700x468.jpg 700w, https:\/\/www.bergundtal.com\/wp-content\/uploads\/2020\/02\/34-Pillerseetal-58-332x222.jpg 332w, https:\/\/www.bergundtal.com\/wp-content\/uploads\/2020\/02\/34-Pillerseetal-58.jpg 1600w\" sizes=\"(max-width: 286px) 100vw, 286px\" \/><figcaption>Buchensteinwand mit Jakobskreuz<\/figcaption><\/figure><\/div>\n\n\n\n<p>Wir waren im Februar 2020 mehrere Tage im Pillerseetal mit Langlaufski unterwegs und haben das breite Tal mit den sehr gepflegten Loipen mit Blick auf die Loferer Steinberge, das Kitzb\u00fcheler Horn  und das gro\u00dfe Jakobskreuz auf der Buchen-steinwand genossen. <br><\/p>\n\n\n\n<figure data-carousel-extra='{\"blog_id\":1,\"permalink\":\"https:\\\/\\\/www.bergundtal.com\\\/?p=12566\"}'  class=\"is-layout-flex wp-block-gallery-1 wp-block-gallery aligncenter columns-2 is-cropped\"><ul class=\"blocks-gallery-grid\"><li class=\"blocks-gallery-item\"><figure><img data-attachment-id=\"12657\" data-permalink=\"https:\/\/www.bergundtal.com\/?attachment_id=12657\" data-orig-file=\"https:\/\/www.bergundtal.com\/wp-content\/uploads\/2020\/02\/05-Tourenski-World-8.jpg\" data-orig-size=\"1600,1069\" data-comments-opened=\"0\" data-image-meta=\"{&quot;aperture&quot;:&quot;5&quot;,&quot;credit&quot;:&quot;Picasa&quot;,&quot;camera&quot;:&quot;DMC-FZ200&quot;,&quot;caption&quot;:&quot;&quot;,&quot;created_timestamp&quot;:&quot;1581598383&quot;,&quot;copyright&quot;:&quot;&quot;,&quot;focal_length&quot;:&quot;31.1&quot;,&quot;iso&quot;:&quot;100&quot;,&quot;shutter_speed&quot;:&quot;0.000625&quot;,&quot;title&quot;:&quot;&quot;,&quot;orientation&quot;:&quot;0&quot;}\" data-image-title=\"05-Tourenski World (8)\" data-image-description=\"\" data-image-caption=\"&lt;p&gt;Blick aufs Kitzb\u00fcheler Horn&lt;\/p&gt;\n\" data-medium-file=\"https:\/\/www.bergundtal.com\/wp-content\/uploads\/2020\/02\/05-Tourenski-World-8-300x200.jpg\" data-large-file=\"https:\/\/www.bergundtal.com\/wp-content\/uploads\/2020\/02\/05-Tourenski-World-8-1024x684.jpg\" decoding=\"async\" loading=\"lazy\" width=\"1024\" height=\"684\" src=\"https:\/\/www.bergundtal.com\/wp-content\/uploads\/2020\/02\/05-Tourenski-World-8-1024x684.jpg\" alt=\"\" data-id=\"12657\" data-full-url=\"https:\/\/www.bergundtal.com\/wp-content\/uploads\/2020\/02\/05-Tourenski-World-8.jpg\" data-link=\"https:\/\/www.bergundtal.com\/?attachment_id=12657\" class=\"wp-image-12657\" srcset=\"https:\/\/www.bergundtal.com\/wp-content\/uploads\/2020\/02\/05-Tourenski-World-8-1024x684.jpg 1024w, https:\/\/www.bergundtal.com\/wp-content\/uploads\/2020\/02\/05-Tourenski-World-8-300x200.jpg 300w, https:\/\/www.bergundtal.com\/wp-content\/uploads\/2020\/02\/05-Tourenski-World-8-768x513.jpg 768w, https:\/\/www.bergundtal.com\/wp-content\/uploads\/2020\/02\/05-Tourenski-World-8-1536x1026.jpg 1536w, https:\/\/www.bergundtal.com\/wp-content\/uploads\/2020\/02\/05-Tourenski-World-8-700x468.jpg 700w, https:\/\/www.bergundtal.com\/wp-content\/uploads\/2020\/02\/05-Tourenski-World-8-332x222.jpg 332w, https:\/\/www.bergundtal.com\/wp-content\/uploads\/2020\/02\/05-Tourenski-World-8.jpg 1600w\" sizes=\"(max-width: 1024px) 100vw, 1024px\" \/><figcaption class=\"blocks-gallery-item__caption\">Blick aufs Kitzb\u00fcheler Horn<\/figcaption><\/figure><\/li><li class=\"blocks-gallery-item\"><figure><img data-attachment-id=\"12698\" data-permalink=\"https:\/\/www.bergundtal.com\/?attachment_id=12698\" data-orig-file=\"https:\/\/www.bergundtal.com\/wp-content\/uploads\/2020\/02\/1-P1250546.jpg\" data-orig-size=\"1069,1600\" data-comments-opened=\"0\" data-image-meta=\"{&quot;aperture&quot;:&quot;4&quot;,&quot;credit&quot;:&quot;Picasa&quot;,&quot;camera&quot;:&quot;DMC-FZ200&quot;,&quot;caption&quot;:&quot;&quot;,&quot;created_timestamp&quot;:&quot;1581686644&quot;,&quot;copyright&quot;:&quot;&quot;,&quot;focal_length&quot;:&quot;6.8&quot;,&quot;iso&quot;:&quot;100&quot;,&quot;shutter_speed&quot;:&quot;0.000625&quot;,&quot;title&quot;:&quot;&quot;,&quot;orientation&quot;:&quot;0&quot;}\" data-image-title=\"1-P1250546\" data-image-description=\"\" data-image-caption=\"&lt;p&gt;und die Loferer Steinberge&lt;\/p&gt;\n\" data-medium-file=\"https:\/\/www.bergundtal.com\/wp-content\/uploads\/2020\/02\/1-P1250546-200x300.jpg\" data-large-file=\"https:\/\/www.bergundtal.com\/wp-content\/uploads\/2020\/02\/1-P1250546-684x1024.jpg\" decoding=\"async\" loading=\"lazy\" width=\"684\" height=\"1024\" src=\"https:\/\/www.bergundtal.com\/wp-content\/uploads\/2020\/02\/1-P1250546-684x1024.jpg\" alt=\"\" data-id=\"12698\" data-full-url=\"https:\/\/www.bergundtal.com\/wp-content\/uploads\/2020\/02\/1-P1250546.jpg\" data-link=\"https:\/\/www.bergundtal.com\/?attachment_id=12698\" class=\"wp-image-12698\" srcset=\"https:\/\/www.bergundtal.com\/wp-content\/uploads\/2020\/02\/1-P1250546-684x1024.jpg 684w, https:\/\/www.bergundtal.com\/wp-content\/uploads\/2020\/02\/1-P1250546-200x300.jpg 200w, https:\/\/www.bergundtal.com\/wp-content\/uploads\/2020\/02\/1-P1250546-768x1149.jpg 768w, https:\/\/www.bergundtal.com\/wp-content\/uploads\/2020\/02\/1-P1250546-1026x1536.jpg 1026w, https:\/\/www.bergundtal.com\/wp-content\/uploads\/2020\/02\/1-P1250546-700x1048.jpg 700w, https:\/\/www.bergundtal.com\/wp-content\/uploads\/2020\/02\/1-P1250546-332x497.jpg 332w, https:\/\/www.bergundtal.com\/wp-content\/uploads\/2020\/02\/1-P1250546.jpg 1069w\" sizes=\"(max-width: 684px) 100vw, 684px\" \/><figcaption class=\"blocks-gallery-item__caption\">und die Loferer Steinberge<\/figcaption><\/figure><\/li><\/ul><\/figure>\n\n\n\n<p>Das Tal ist sehr breit und relativ eben, also viel Platz f\u00fcr Loipen mit langen ebenen Strecken f\u00fcr rhythmisches Laufen. Andererseits  bieten die angrenzenden Steinberge und die Loipen \u2013 vorbei am Wiesensee \u2013 nach  Hochfilzen aber auch gen\u00fcgend Gelegenheit f\u00fcr anspruchsvolle Strecke mit kernigen Anstiegen und Abfahrten. An den wichtigen Punkten stehen gro\u00dfe \u00dcbersichtstafel zur Orientierung und die Loipen sind mit den g\u00e4ngigen Schwierigkeitsstufen blau, rot und schwarz gut gekennzeichnet \u2013 <strong>so macht Langlauf Spa\u00df, ein Sport- und Naturerlebnis der Extraklasse. <\/strong><\/p>\n\n\n\n<div class=\"wp-block-jetpack-slideshow aligncenter\" data-effect=\"slide\"><div class=\"wp-block-jetpack-slideshow_container swiper-container\"><ul class=\"wp-block-jetpack-slideshow_swiper-wrapper swiper-wrapper\"><li class=\"wp-block-jetpack-slideshow_slide swiper-slide\"><figure><img decoding=\"async\" loading=\"lazy\" width=\"1600\" height=\"876\" alt=\"\" class=\"wp-block-jetpack-slideshow_image wp-image-12584\" data-id=\"12584\" src=\"https:\/\/www.bergundtal.com\/wp-content\/uploads\/2020\/02\/18-Pillerseetal-28.jpg\" srcset=\"https:\/\/www.bergundtal.com\/wp-content\/uploads\/2020\/02\/18-Pillerseetal-28.jpg 1600w, https:\/\/www.bergundtal.com\/wp-content\/uploads\/2020\/02\/18-Pillerseetal-28-300x164.jpg 300w, https:\/\/www.bergundtal.com\/wp-content\/uploads\/2020\/02\/18-Pillerseetal-28-1024x561.jpg 1024w, https:\/\/www.bergundtal.com\/wp-content\/uploads\/2020\/02\/18-Pillerseetal-28-768x420.jpg 768w, https:\/\/www.bergundtal.com\/wp-content\/uploads\/2020\/02\/18-Pillerseetal-28-1536x841.jpg 1536w, https:\/\/www.bergundtal.com\/wp-content\/uploads\/2020\/02\/18-Pillerseetal-28-700x383.jpg 700w, https:\/\/www.bergundtal.com\/wp-content\/uploads\/2020\/02\/18-Pillerseetal-28-332x182.jpg 332w\" sizes=\"(max-width: 1600px) 100vw, 1600px\" \/><figcaption class=\"wp-block-jetpack-slideshow_caption gallery-caption\">Langlauf- und Biathlonzentrum Hochfilzen<\/figcaption><\/figure><\/li><li class=\"wp-block-jetpack-slideshow_slide swiper-slide\"><figure><img decoding=\"async\" loading=\"lazy\" width=\"1600\" height=\"1488\" alt=\"\" class=\"wp-block-jetpack-slideshow_image wp-image-12585\" data-id=\"12585\" src=\"https:\/\/www.bergundtal.com\/wp-content\/uploads\/2020\/02\/19-Pillerseetal-29.jpg\" srcset=\"https:\/\/www.bergundtal.com\/wp-content\/uploads\/2020\/02\/19-Pillerseetal-29.jpg 1600w, https:\/\/www.bergundtal.com\/wp-content\/uploads\/2020\/02\/19-Pillerseetal-29-300x279.jpg 300w, https:\/\/www.bergundtal.com\/wp-content\/uploads\/2020\/02\/19-Pillerseetal-29-1024x952.jpg 1024w, https:\/\/www.bergundtal.com\/wp-content\/uploads\/2020\/02\/19-Pillerseetal-29-768x714.jpg 768w, https:\/\/www.bergundtal.com\/wp-content\/uploads\/2020\/02\/19-Pillerseetal-29-1536x1428.jpg 1536w, https:\/\/www.bergundtal.com\/wp-content\/uploads\/2020\/02\/19-Pillerseetal-29-700x651.jpg 700w, https:\/\/www.bergundtal.com\/wp-content\/uploads\/2020\/02\/19-Pillerseetal-29-332x309.jpg 332w\" sizes=\"(max-width: 1600px) 100vw, 1600px\" \/><\/figure><\/li><li class=\"wp-block-jetpack-slideshow_slide swiper-slide\"><figure><img decoding=\"async\" loading=\"lazy\" width=\"1200\" height=\"1600\" alt=\"\" class=\"wp-block-jetpack-slideshow_image wp-image-12575\" data-id=\"12575\" src=\"https:\/\/www.bergundtal.com\/wp-content\/uploads\/2020\/02\/09-Pillerseetal-1.jpg\" srcset=\"https:\/\/www.bergundtal.com\/wp-content\/uploads\/2020\/02\/09-Pillerseetal-1.jpg 1200w, https:\/\/www.bergundtal.com\/wp-content\/uploads\/2020\/02\/09-Pillerseetal-1-225x300.jpg 225w, https:\/\/www.bergundtal.com\/wp-content\/uploads\/2020\/02\/09-Pillerseetal-1-768x1024.jpg 768w, https:\/\/www.bergundtal.com\/wp-content\/uploads\/2020\/02\/09-Pillerseetal-1-1152x1536.jpg 1152w, https:\/\/www.bergundtal.com\/wp-content\/uploads\/2020\/02\/09-Pillerseetal-1-700x933.jpg 700w, https:\/\/www.bergundtal.com\/wp-content\/uploads\/2020\/02\/09-Pillerseetal-1-332x443.jpg 332w\" sizes=\"(max-width: 1200px) 100vw, 1200px\" \/><figcaption class=\"wp-block-jetpack-slideshow_caption gallery-caption\">Unterwegs <\/figcaption><\/figure><\/li><li class=\"wp-block-jetpack-slideshow_slide swiper-slide\"><figure><img decoding=\"async\" loading=\"lazy\" width=\"1600\" height=\"1200\" alt=\"\" class=\"wp-block-jetpack-slideshow_image wp-image-12579\" data-id=\"12579\" src=\"https:\/\/www.bergundtal.com\/wp-content\/uploads\/2020\/02\/13-Pillerseetal-11.jpg\" srcset=\"https:\/\/www.bergundtal.com\/wp-content\/uploads\/2020\/02\/13-Pillerseetal-11.jpg 1600w, https:\/\/www.bergundtal.com\/wp-content\/uploads\/2020\/02\/13-Pillerseetal-11-300x225.jpg 300w, https:\/\/www.bergundtal.com\/wp-content\/uploads\/2020\/02\/13-Pillerseetal-11-1024x768.jpg 1024w, https:\/\/www.bergundtal.com\/wp-content\/uploads\/2020\/02\/13-Pillerseetal-11-768x576.jpg 768w, https:\/\/www.bergundtal.com\/wp-content\/uploads\/2020\/02\/13-Pillerseetal-11-1536x1152.jpg 1536w, https:\/\/www.bergundtal.com\/wp-content\/uploads\/2020\/02\/13-Pillerseetal-11-700x525.jpg 700w, https:\/\/www.bergundtal.com\/wp-content\/uploads\/2020\/02\/13-Pillerseetal-11-332x249.jpg 332w\" sizes=\"(max-width: 1600px) 100vw, 1600px\" \/><figcaption class=\"wp-block-jetpack-slideshow_caption gallery-caption\">auf der  Warmingloipe<\/figcaption><\/figure><\/li><li class=\"wp-block-jetpack-slideshow_slide swiper-slide\"><figure><img decoding=\"async\" loading=\"lazy\" width=\"1600\" height=\"1200\" alt=\"\" class=\"wp-block-jetpack-slideshow_image wp-image-12580\" data-id=\"12580\" src=\"https:\/\/www.bergundtal.com\/wp-content\/uploads\/2020\/02\/14-Pillerseetal-12.jpg\" srcset=\"https:\/\/www.bergundtal.com\/wp-content\/uploads\/2020\/02\/14-Pillerseetal-12.jpg 1600w, https:\/\/www.bergundtal.com\/wp-content\/uploads\/2020\/02\/14-Pillerseetal-12-300x225.jpg 300w, https:\/\/www.bergundtal.com\/wp-content\/uploads\/2020\/02\/14-Pillerseetal-12-1024x768.jpg 1024w, https:\/\/www.bergundtal.com\/wp-content\/uploads\/2020\/02\/14-Pillerseetal-12-768x576.jpg 768w, https:\/\/www.bergundtal.com\/wp-content\/uploads\/2020\/02\/14-Pillerseetal-12-1536x1152.jpg 1536w, https:\/\/www.bergundtal.com\/wp-content\/uploads\/2020\/02\/14-Pillerseetal-12-700x525.jpg 700w, https:\/\/www.bergundtal.com\/wp-content\/uploads\/2020\/02\/14-Pillerseetal-12-332x249.jpg 332w\" sizes=\"(max-width: 1600px) 100vw, 1600px\" \/><figcaption class=\"wp-block-jetpack-slideshow_caption gallery-caption\">Hochfilzen<\/figcaption><\/figure><\/li><li class=\"wp-block-jetpack-slideshow_slide swiper-slide\"><figure><img decoding=\"async\" loading=\"lazy\" width=\"1600\" height=\"1200\" alt=\"\" class=\"wp-block-jetpack-slideshow_image wp-image-12577\" data-id=\"12577\" src=\"https:\/\/www.bergundtal.com\/wp-content\/uploads\/2020\/02\/11-Pillerseetal-8.jpg\" srcset=\"https:\/\/www.bergundtal.com\/wp-content\/uploads\/2020\/02\/11-Pillerseetal-8.jpg 1600w, https:\/\/www.bergundtal.com\/wp-content\/uploads\/2020\/02\/11-Pillerseetal-8-300x225.jpg 300w, https:\/\/www.bergundtal.com\/wp-content\/uploads\/2020\/02\/11-Pillerseetal-8-1024x768.jpg 1024w, https:\/\/www.bergundtal.com\/wp-content\/uploads\/2020\/02\/11-Pillerseetal-8-768x576.jpg 768w, https:\/\/www.bergundtal.com\/wp-content\/uploads\/2020\/02\/11-Pillerseetal-8-1536x1152.jpg 1536w, https:\/\/www.bergundtal.com\/wp-content\/uploads\/2020\/02\/11-Pillerseetal-8-700x525.jpg 700w, https:\/\/www.bergundtal.com\/wp-content\/uploads\/2020\/02\/11-Pillerseetal-8-332x249.jpg 332w\" sizes=\"(max-width: 1600px) 100vw, 1600px\" \/><\/figure><\/li><li class=\"wp-block-jetpack-slideshow_slide swiper-slide\"><figure><img decoding=\"async\" loading=\"lazy\" width=\"1600\" height=\"1200\" alt=\"\" class=\"wp-block-jetpack-slideshow_image wp-image-12586\" data-id=\"12586\" src=\"https:\/\/www.bergundtal.com\/wp-content\/uploads\/2020\/02\/20-Pillerseetal-31.jpg\" srcset=\"https:\/\/www.bergundtal.com\/wp-content\/uploads\/2020\/02\/20-Pillerseetal-31.jpg 1600w, https:\/\/www.bergundtal.com\/wp-content\/uploads\/2020\/02\/20-Pillerseetal-31-300x225.jpg 300w, https:\/\/www.bergundtal.com\/wp-content\/uploads\/2020\/02\/20-Pillerseetal-31-1024x768.jpg 1024w, https:\/\/www.bergundtal.com\/wp-content\/uploads\/2020\/02\/20-Pillerseetal-31-768x576.jpg 768w, https:\/\/www.bergundtal.com\/wp-content\/uploads\/2020\/02\/20-Pillerseetal-31-1536x1152.jpg 1536w, https:\/\/www.bergundtal.com\/wp-content\/uploads\/2020\/02\/20-Pillerseetal-31-700x525.jpg 700w, https:\/\/www.bergundtal.com\/wp-content\/uploads\/2020\/02\/20-Pillerseetal-31-332x249.jpg 332w\" sizes=\"(max-width: 1600px) 100vw, 1600px\" \/><figcaption class=\"wp-block-jetpack-slideshow_caption gallery-caption\">am Talende Hochfilzen Richtung St. Ulrich<\/figcaption><\/figure><\/li><li class=\"wp-block-jetpack-slideshow_slide swiper-slide\"><figure><img decoding=\"async\" loading=\"lazy\" width=\"1600\" height=\"1179\" alt=\"\" class=\"wp-block-jetpack-slideshow_image wp-image-12576\" data-id=\"12576\" src=\"https:\/\/www.bergundtal.com\/wp-content\/uploads\/2020\/02\/10-Pillerseetal-7.jpg\" srcset=\"https:\/\/www.bergundtal.com\/wp-content\/uploads\/2020\/02\/10-Pillerseetal-7.jpg 1600w, https:\/\/www.bergundtal.com\/wp-content\/uploads\/2020\/02\/10-Pillerseetal-7-300x221.jpg 300w, https:\/\/www.bergundtal.com\/wp-content\/uploads\/2020\/02\/10-Pillerseetal-7-1024x755.jpg 1024w, https:\/\/www.bergundtal.com\/wp-content\/uploads\/2020\/02\/10-Pillerseetal-7-768x566.jpg 768w, https:\/\/www.bergundtal.com\/wp-content\/uploads\/2020\/02\/10-Pillerseetal-7-1536x1132.jpg 1536w, https:\/\/www.bergundtal.com\/wp-content\/uploads\/2020\/02\/10-Pillerseetal-7-700x516.jpg 700w, https:\/\/www.bergundtal.com\/wp-content\/uploads\/2020\/02\/10-Pillerseetal-7-332x245.jpg 332w\" sizes=\"(max-width: 1600px) 100vw, 1600px\" \/><figcaption class=\"wp-block-jetpack-slideshow_caption gallery-caption\">Schie\u00dfstand f\u00fcr den Volksbiathlon<\/figcaption><\/figure><\/li><li class=\"wp-block-jetpack-slideshow_slide swiper-slide\"><figure><img decoding=\"async\" loading=\"lazy\" width=\"992\" height=\"1600\" alt=\"\" class=\"wp-block-jetpack-slideshow_image wp-image-12595\" data-id=\"12595\" src=\"https:\/\/www.bergundtal.com\/wp-content\/uploads\/2020\/02\/29-Pillerseetal-53.jpg\" srcset=\"https:\/\/www.bergundtal.com\/wp-content\/uploads\/2020\/02\/29-Pillerseetal-53.jpg 992w, https:\/\/www.bergundtal.com\/wp-content\/uploads\/2020\/02\/29-Pillerseetal-53-186x300.jpg 186w, https:\/\/www.bergundtal.com\/wp-content\/uploads\/2020\/02\/29-Pillerseetal-53-635x1024.jpg 635w, https:\/\/www.bergundtal.com\/wp-content\/uploads\/2020\/02\/29-Pillerseetal-53-768x1239.jpg 768w, https:\/\/www.bergundtal.com\/wp-content\/uploads\/2020\/02\/29-Pillerseetal-53-952x1536.jpg 952w, https:\/\/www.bergundtal.com\/wp-content\/uploads\/2020\/02\/29-Pillerseetal-53-700x1129.jpg 700w, https:\/\/www.bergundtal.com\/wp-content\/uploads\/2020\/02\/29-Pillerseetal-53-332x535.jpg 332w\" sizes=\"(max-width: 992px) 100vw, 992px\" \/><figcaption class=\"wp-block-jetpack-slideshow_caption gallery-caption\">Loipeneinstieg in St. Ulrich<\/figcaption><\/figure><\/li><li class=\"wp-block-jetpack-slideshow_slide swiper-slide\"><figure><img decoding=\"async\" loading=\"lazy\" width=\"1600\" height=\"1069\" alt=\"\" class=\"wp-block-jetpack-slideshow_image wp-image-12596\" data-id=\"12596\" src=\"https:\/\/www.bergundtal.com\/wp-content\/uploads\/2020\/02\/30-Pillerseetal-54.jpg\" srcset=\"https:\/\/www.bergundtal.com\/wp-content\/uploads\/2020\/02\/30-Pillerseetal-54.jpg 1600w, https:\/\/www.bergundtal.com\/wp-content\/uploads\/2020\/02\/30-Pillerseetal-54-300x200.jpg 300w, https:\/\/www.bergundtal.com\/wp-content\/uploads\/2020\/02\/30-Pillerseetal-54-1024x684.jpg 1024w, https:\/\/www.bergundtal.com\/wp-content\/uploads\/2020\/02\/30-Pillerseetal-54-768x513.jpg 768w, https:\/\/www.bergundtal.com\/wp-content\/uploads\/2020\/02\/30-Pillerseetal-54-1536x1026.jpg 1536w, https:\/\/www.bergundtal.com\/wp-content\/uploads\/2020\/02\/30-Pillerseetal-54-700x468.jpg 700w, https:\/\/www.bergundtal.com\/wp-content\/uploads\/2020\/02\/30-Pillerseetal-54-332x222.jpg 332w\" sizes=\"(max-width: 1600px) 100vw, 1600px\" \/><\/figure><\/li><li class=\"wp-block-jetpack-slideshow_slide swiper-slide\"><figure><img decoding=\"async\" loading=\"lazy\" width=\"1600\" height=\"1084\" alt=\"\" class=\"wp-block-jetpack-slideshow_image wp-image-12594\" data-id=\"12594\" src=\"https:\/\/www.bergundtal.com\/wp-content\/uploads\/2020\/02\/28-Pillerseetal-51.jpg\" srcset=\"https:\/\/www.bergundtal.com\/wp-content\/uploads\/2020\/02\/28-Pillerseetal-51.jpg 1600w, https:\/\/www.bergundtal.com\/wp-content\/uploads\/2020\/02\/28-Pillerseetal-51-300x203.jpg 300w, https:\/\/www.bergundtal.com\/wp-content\/uploads\/2020\/02\/28-Pillerseetal-51-1024x694.jpg 1024w, https:\/\/www.bergundtal.com\/wp-content\/uploads\/2020\/02\/28-Pillerseetal-51-768x520.jpg 768w, https:\/\/www.bergundtal.com\/wp-content\/uploads\/2020\/02\/28-Pillerseetal-51-1536x1041.jpg 1536w, https:\/\/www.bergundtal.com\/wp-content\/uploads\/2020\/02\/28-Pillerseetal-51-700x474.jpg 700w, https:\/\/www.bergundtal.com\/wp-content\/uploads\/2020\/02\/28-Pillerseetal-51-332x225.jpg 332w\" sizes=\"(max-width: 1600px) 100vw, 1600px\" \/><\/figure><\/li><li class=\"wp-block-jetpack-slideshow_slide swiper-slide\"><figure><img decoding=\"async\" loading=\"lazy\" width=\"1600\" height=\"1069\" alt=\"\" class=\"wp-block-jetpack-slideshow_image wp-image-12574\" data-id=\"12574\" src=\"https:\/\/www.bergundtal.com\/wp-content\/uploads\/2020\/02\/08-Pillerseetal-40.jpg\" srcset=\"https:\/\/www.bergundtal.com\/wp-content\/uploads\/2020\/02\/08-Pillerseetal-40.jpg 1600w, https:\/\/www.bergundtal.com\/wp-content\/uploads\/2020\/02\/08-Pillerseetal-40-300x200.jpg 300w, https:\/\/www.bergundtal.com\/wp-content\/uploads\/2020\/02\/08-Pillerseetal-40-1024x684.jpg 1024w, https:\/\/www.bergundtal.com\/wp-content\/uploads\/2020\/02\/08-Pillerseetal-40-768x513.jpg 768w, https:\/\/www.bergundtal.com\/wp-content\/uploads\/2020\/02\/08-Pillerseetal-40-1536x1026.jpg 1536w, https:\/\/www.bergundtal.com\/wp-content\/uploads\/2020\/02\/08-Pillerseetal-40-700x468.jpg 700w, https:\/\/www.bergundtal.com\/wp-content\/uploads\/2020\/02\/08-Pillerseetal-40-332x222.jpg 332w\" sizes=\"(max-width: 1600px) 100vw, 1600px\" \/><figcaption class=\"wp-block-jetpack-slideshow_caption gallery-caption\">unterwegs im Pillerseetal<\/figcaption><\/figure><\/li><li class=\"wp-block-jetpack-slideshow_slide swiper-slide\"><figure><img decoding=\"async\" loading=\"lazy\" width=\"1600\" height=\"1069\" alt=\"\" class=\"wp-block-jetpack-slideshow_image wp-image-12573\" data-id=\"12573\" src=\"https:\/\/www.bergundtal.com\/wp-content\/uploads\/2020\/02\/07-Pillerseetal-39.jpg\" srcset=\"https:\/\/www.bergundtal.com\/wp-content\/uploads\/2020\/02\/07-Pillerseetal-39.jpg 1600w, https:\/\/www.bergundtal.com\/wp-content\/uploads\/2020\/02\/07-Pillerseetal-39-300x200.jpg 300w, https:\/\/www.bergundtal.com\/wp-content\/uploads\/2020\/02\/07-Pillerseetal-39-1024x684.jpg 1024w, https:\/\/www.bergundtal.com\/wp-content\/uploads\/2020\/02\/07-Pillerseetal-39-768x513.jpg 768w, https:\/\/www.bergundtal.com\/wp-content\/uploads\/2020\/02\/07-Pillerseetal-39-1536x1026.jpg 1536w, https:\/\/www.bergundtal.com\/wp-content\/uploads\/2020\/02\/07-Pillerseetal-39-700x468.jpg 700w, https:\/\/www.bergundtal.com\/wp-content\/uploads\/2020\/02\/07-Pillerseetal-39-332x222.jpg 332w\" sizes=\"(max-width: 1600px) 100vw, 1600px\" \/><figcaption class=\"wp-block-jetpack-slideshow_caption gallery-caption\">Blick aufs Kitzb\u00fcheler Horn<\/figcaption><\/figure><\/li><li class=\"wp-block-jetpack-slideshow_slide swiper-slide\"><figure><img decoding=\"async\" loading=\"lazy\" width=\"1600\" height=\"1069\" alt=\"\" class=\"wp-block-jetpack-slideshow_image wp-image-12567\" data-id=\"12567\" src=\"https:\/\/www.bergundtal.com\/wp-content\/uploads\/2020\/02\/01-Pillerseetal-32.jpg\" srcset=\"https:\/\/www.bergundtal.com\/wp-content\/uploads\/2020\/02\/01-Pillerseetal-32.jpg 1600w, https:\/\/www.bergundtal.com\/wp-content\/uploads\/2020\/02\/01-Pillerseetal-32-300x200.jpg 300w, https:\/\/www.bergundtal.com\/wp-content\/uploads\/2020\/02\/01-Pillerseetal-32-1024x684.jpg 1024w, https:\/\/www.bergundtal.com\/wp-content\/uploads\/2020\/02\/01-Pillerseetal-32-768x513.jpg 768w, https:\/\/www.bergundtal.com\/wp-content\/uploads\/2020\/02\/01-Pillerseetal-32-1536x1026.jpg 1536w, https:\/\/www.bergundtal.com\/wp-content\/uploads\/2020\/02\/01-Pillerseetal-32-700x468.jpg 700w, https:\/\/www.bergundtal.com\/wp-content\/uploads\/2020\/02\/01-Pillerseetal-32-332x222.jpg 332w\" sizes=\"(max-width: 1600px) 100vw, 1600px\" \/><figcaption class=\"wp-block-jetpack-slideshow_caption gallery-caption\">das breite Tal  mit Doppelspur <\/figcaption><\/figure><\/li><li class=\"wp-block-jetpack-slideshow_slide swiper-slide\"><figure><img decoding=\"async\" loading=\"lazy\" width=\"1069\" height=\"1600\" alt=\"\" class=\"wp-block-jetpack-slideshow_image wp-image-12568\" data-id=\"12568\" src=\"https:\/\/www.bergundtal.com\/wp-content\/uploads\/2020\/02\/02-Pillerseetal-33.jpg\" srcset=\"https:\/\/www.bergundtal.com\/wp-content\/uploads\/2020\/02\/02-Pillerseetal-33.jpg 1069w, https:\/\/www.bergundtal.com\/wp-content\/uploads\/2020\/02\/02-Pillerseetal-33-200x300.jpg 200w, https:\/\/www.bergundtal.com\/wp-content\/uploads\/2020\/02\/02-Pillerseetal-33-684x1024.jpg 684w, https:\/\/www.bergundtal.com\/wp-content\/uploads\/2020\/02\/02-Pillerseetal-33-768x1149.jpg 768w, https:\/\/www.bergundtal.com\/wp-content\/uploads\/2020\/02\/02-Pillerseetal-33-1026x1536.jpg 1026w, https:\/\/www.bergundtal.com\/wp-content\/uploads\/2020\/02\/02-Pillerseetal-33-700x1048.jpg 700w, https:\/\/www.bergundtal.com\/wp-content\/uploads\/2020\/02\/02-Pillerseetal-33-332x497.jpg 332w\" sizes=\"(max-width: 1069px) 100vw, 1069px\" \/><figcaption class=\"wp-block-jetpack-slideshow_caption gallery-caption\">+ Saktingspur<\/figcaption><\/figure><\/li><li class=\"wp-block-jetpack-slideshow_slide swiper-slide\"><figure><img decoding=\"async\" loading=\"lazy\" width=\"1600\" height=\"1069\" alt=\"\" class=\"wp-block-jetpack-slideshow_image wp-image-12569\" data-id=\"12569\" src=\"https:\/\/www.bergundtal.com\/wp-content\/uploads\/2020\/02\/03-Pillerseetal-34.jpg\" srcset=\"https:\/\/www.bergundtal.com\/wp-content\/uploads\/2020\/02\/03-Pillerseetal-34.jpg 1600w, https:\/\/www.bergundtal.com\/wp-content\/uploads\/2020\/02\/03-Pillerseetal-34-300x200.jpg 300w, https:\/\/www.bergundtal.com\/wp-content\/uploads\/2020\/02\/03-Pillerseetal-34-1024x684.jpg 1024w, https:\/\/www.bergundtal.com\/wp-content\/uploads\/2020\/02\/03-Pillerseetal-34-768x513.jpg 768w, https:\/\/www.bergundtal.com\/wp-content\/uploads\/2020\/02\/03-Pillerseetal-34-1536x1026.jpg 1536w, https:\/\/www.bergundtal.com\/wp-content\/uploads\/2020\/02\/03-Pillerseetal-34-700x468.jpg 700w, https:\/\/www.bergundtal.com\/wp-content\/uploads\/2020\/02\/03-Pillerseetal-34-332x222.jpg 332w\" sizes=\"(max-width: 1600px) 100vw, 1600px\" \/><\/figure><\/li><li class=\"wp-block-jetpack-slideshow_slide swiper-slide\"><figure><img decoding=\"async\" loading=\"lazy\" width=\"1600\" height=\"1069\" alt=\"\" class=\"wp-block-jetpack-slideshow_image wp-image-12593\" data-id=\"12593\" src=\"https:\/\/www.bergundtal.com\/wp-content\/uploads\/2020\/02\/27-Pillerseetal-50.jpg\" srcset=\"https:\/\/www.bergundtal.com\/wp-content\/uploads\/2020\/02\/27-Pillerseetal-50.jpg 1600w, https:\/\/www.bergundtal.com\/wp-content\/uploads\/2020\/02\/27-Pillerseetal-50-300x200.jpg 300w, https:\/\/www.bergundtal.com\/wp-content\/uploads\/2020\/02\/27-Pillerseetal-50-1024x684.jpg 1024w, https:\/\/www.bergundtal.com\/wp-content\/uploads\/2020\/02\/27-Pillerseetal-50-768x513.jpg 768w, https:\/\/www.bergundtal.com\/wp-content\/uploads\/2020\/02\/27-Pillerseetal-50-1536x1026.jpg 1536w, https:\/\/www.bergundtal.com\/wp-content\/uploads\/2020\/02\/27-Pillerseetal-50-700x468.jpg 700w, https:\/\/www.bergundtal.com\/wp-content\/uploads\/2020\/02\/27-Pillerseetal-50-332x222.jpg 332w\" sizes=\"(max-width: 1600px) 100vw, 1600px\" \/><\/figure><\/li><li class=\"wp-block-jetpack-slideshow_slide swiper-slide\"><figure><img decoding=\"async\" loading=\"lazy\" width=\"1600\" height=\"1069\" alt=\"\" class=\"wp-block-jetpack-slideshow_image wp-image-12570\" data-id=\"12570\" src=\"https:\/\/www.bergundtal.com\/wp-content\/uploads\/2020\/02\/04-Pillerseetal-36.jpg\" srcset=\"https:\/\/www.bergundtal.com\/wp-content\/uploads\/2020\/02\/04-Pillerseetal-36.jpg 1600w, https:\/\/www.bergundtal.com\/wp-content\/uploads\/2020\/02\/04-Pillerseetal-36-300x200.jpg 300w, https:\/\/www.bergundtal.com\/wp-content\/uploads\/2020\/02\/04-Pillerseetal-36-1024x684.jpg 1024w, https:\/\/www.bergundtal.com\/wp-content\/uploads\/2020\/02\/04-Pillerseetal-36-768x513.jpg 768w, https:\/\/www.bergundtal.com\/wp-content\/uploads\/2020\/02\/04-Pillerseetal-36-1536x1026.jpg 1536w, https:\/\/www.bergundtal.com\/wp-content\/uploads\/2020\/02\/04-Pillerseetal-36-700x468.jpg 700w, https:\/\/www.bergundtal.com\/wp-content\/uploads\/2020\/02\/04-Pillerseetal-36-332x222.jpg 332w\" sizes=\"(max-width: 1600px) 100vw, 1600px\" \/><\/figure><\/li><li class=\"wp-block-jetpack-slideshow_slide swiper-slide\"><figure><img decoding=\"async\" loading=\"lazy\" width=\"1600\" height=\"1069\" alt=\"\" class=\"wp-block-jetpack-slideshow_image wp-image-12592\" data-id=\"12592\" src=\"https:\/\/www.bergundtal.com\/wp-content\/uploads\/2020\/02\/26-Pillerseetal-49.jpg\" srcset=\"https:\/\/www.bergundtal.com\/wp-content\/uploads\/2020\/02\/26-Pillerseetal-49.jpg 1600w, https:\/\/www.bergundtal.com\/wp-content\/uploads\/2020\/02\/26-Pillerseetal-49-300x200.jpg 300w, https:\/\/www.bergundtal.com\/wp-content\/uploads\/2020\/02\/26-Pillerseetal-49-1024x684.jpg 1024w, https:\/\/www.bergundtal.com\/wp-content\/uploads\/2020\/02\/26-Pillerseetal-49-768x513.jpg 768w, https:\/\/www.bergundtal.com\/wp-content\/uploads\/2020\/02\/26-Pillerseetal-49-1536x1026.jpg 1536w, https:\/\/www.bergundtal.com\/wp-content\/uploads\/2020\/02\/26-Pillerseetal-49-700x468.jpg 700w, https:\/\/www.bergundtal.com\/wp-content\/uploads\/2020\/02\/26-Pillerseetal-49-332x222.jpg 332w\" sizes=\"(max-width: 1600px) 100vw, 1600px\" \/><figcaption class=\"wp-block-jetpack-slideshow_caption gallery-caption\">Tiroler LL Meisterschaften <\/figcaption><\/figure><\/li><li class=\"wp-block-jetpack-slideshow_slide swiper-slide\"><figure><img decoding=\"async\" loading=\"lazy\" width=\"1600\" height=\"1069\" alt=\"\" class=\"wp-block-jetpack-slideshow_image wp-image-12591\" data-id=\"12591\" src=\"https:\/\/www.bergundtal.com\/wp-content\/uploads\/2020\/02\/25-Pillerseetal-48.jpg\" srcset=\"https:\/\/www.bergundtal.com\/wp-content\/uploads\/2020\/02\/25-Pillerseetal-48.jpg 1600w, https:\/\/www.bergundtal.com\/wp-content\/uploads\/2020\/02\/25-Pillerseetal-48-300x200.jpg 300w, https:\/\/www.bergundtal.com\/wp-content\/uploads\/2020\/02\/25-Pillerseetal-48-1024x684.jpg 1024w, https:\/\/www.bergundtal.com\/wp-content\/uploads\/2020\/02\/25-Pillerseetal-48-768x513.jpg 768w, https:\/\/www.bergundtal.com\/wp-content\/uploads\/2020\/02\/25-Pillerseetal-48-1536x1026.jpg 1536w, https:\/\/www.bergundtal.com\/wp-content\/uploads\/2020\/02\/25-Pillerseetal-48-700x468.jpg 700w, https:\/\/www.bergundtal.com\/wp-content\/uploads\/2020\/02\/25-Pillerseetal-48-332x222.jpg 332w\" sizes=\"(max-width: 1600px) 100vw, 1600px\" \/><figcaption class=\"wp-block-jetpack-slideshow_caption gallery-caption\">bei Schwendt, Skiclub St. Ulrich am Pillersee<\/figcaption><\/figure><\/li><li class=\"wp-block-jetpack-slideshow_slide swiper-slide\"><figure><img decoding=\"async\" loading=\"lazy\" width=\"1069\" height=\"1600\" alt=\"\" class=\"wp-block-jetpack-slideshow_image wp-image-12590\" data-id=\"12590\" src=\"https:\/\/www.bergundtal.com\/wp-content\/uploads\/2020\/02\/24-Pillerseetal-45.jpg\" srcset=\"https:\/\/www.bergundtal.com\/wp-content\/uploads\/2020\/02\/24-Pillerseetal-45.jpg 1069w, https:\/\/www.bergundtal.com\/wp-content\/uploads\/2020\/02\/24-Pillerseetal-45-200x300.jpg 200w, https:\/\/www.bergundtal.com\/wp-content\/uploads\/2020\/02\/24-Pillerseetal-45-684x1024.jpg 684w, https:\/\/www.bergundtal.com\/wp-content\/uploads\/2020\/02\/24-Pillerseetal-45-768x1149.jpg 768w, https:\/\/www.bergundtal.com\/wp-content\/uploads\/2020\/02\/24-Pillerseetal-45-1026x1536.jpg 1026w, https:\/\/www.bergundtal.com\/wp-content\/uploads\/2020\/02\/24-Pillerseetal-45-700x1048.jpg 700w, https:\/\/www.bergundtal.com\/wp-content\/uploads\/2020\/02\/24-Pillerseetal-45-332x497.jpg 332w\" sizes=\"(max-width: 1069px) 100vw, 1069px\" \/><figcaption class=\"wp-block-jetpack-slideshow_caption gallery-caption\">in der Loipe Richtung Loferer Steinberge<\/figcaption><\/figure><\/li><li class=\"wp-block-jetpack-slideshow_slide swiper-slide\"><figure><img decoding=\"async\" loading=\"lazy\" width=\"1069\" height=\"1600\" alt=\"\" class=\"wp-block-jetpack-slideshow_image wp-image-12597\" data-id=\"12597\" src=\"https:\/\/www.bergundtal.com\/wp-content\/uploads\/2020\/02\/31-Pillerseetal-55.jpg\" srcset=\"https:\/\/www.bergundtal.com\/wp-content\/uploads\/2020\/02\/31-Pillerseetal-55.jpg 1069w, https:\/\/www.bergundtal.com\/wp-content\/uploads\/2020\/02\/31-Pillerseetal-55-200x300.jpg 200w, https:\/\/www.bergundtal.com\/wp-content\/uploads\/2020\/02\/31-Pillerseetal-55-684x1024.jpg 684w, https:\/\/www.bergundtal.com\/wp-content\/uploads\/2020\/02\/31-Pillerseetal-55-768x1149.jpg 768w, https:\/\/www.bergundtal.com\/wp-content\/uploads\/2020\/02\/31-Pillerseetal-55-1026x1536.jpg 1026w, https:\/\/www.bergundtal.com\/wp-content\/uploads\/2020\/02\/31-Pillerseetal-55-700x1048.jpg 700w, https:\/\/www.bergundtal.com\/wp-content\/uploads\/2020\/02\/31-Pillerseetal-55-332x497.jpg 332w\" sizes=\"(max-width: 1069px) 100vw, 1069px\" \/><figcaption class=\"wp-block-jetpack-slideshow_caption gallery-caption\">in  der N\u00e4he der Buchensteinwand- Sesselbahn<\/figcaption><\/figure><\/li><li class=\"wp-block-jetpack-slideshow_slide swiper-slide\"><figure><img decoding=\"async\" loading=\"lazy\" width=\"1069\" height=\"1600\" alt=\"\" class=\"wp-block-jetpack-slideshow_image wp-image-12598\" data-id=\"12598\" src=\"https:\/\/www.bergundtal.com\/wp-content\/uploads\/2020\/02\/32-Pillerseetal-56.jpg\" srcset=\"https:\/\/www.bergundtal.com\/wp-content\/uploads\/2020\/02\/32-Pillerseetal-56.jpg 1069w, https:\/\/www.bergundtal.com\/wp-content\/uploads\/2020\/02\/32-Pillerseetal-56-200x300.jpg 200w, https:\/\/www.bergundtal.com\/wp-content\/uploads\/2020\/02\/32-Pillerseetal-56-684x1024.jpg 684w, https:\/\/www.bergundtal.com\/wp-content\/uploads\/2020\/02\/32-Pillerseetal-56-768x1149.jpg 768w, https:\/\/www.bergundtal.com\/wp-content\/uploads\/2020\/02\/32-Pillerseetal-56-1026x1536.jpg 1026w, https:\/\/www.bergundtal.com\/wp-content\/uploads\/2020\/02\/32-Pillerseetal-56-700x1048.jpg 700w, https:\/\/www.bergundtal.com\/wp-content\/uploads\/2020\/02\/32-Pillerseetal-56-332x497.jpg 332w\" sizes=\"(max-width: 1069px) 100vw, 1069px\" \/><figcaption class=\"wp-block-jetpack-slideshow_caption gallery-caption\">mit Blick auf Kitzb\u00fcheler Horn<\/figcaption><\/figure><\/li><li class=\"wp-block-jetpack-slideshow_slide swiper-slide\"><figure><img decoding=\"async\" loading=\"lazy\" width=\"1069\" height=\"1600\" alt=\"\" class=\"wp-block-jetpack-slideshow_image wp-image-12601\" data-id=\"12601\" src=\"https:\/\/www.bergundtal.com\/wp-content\/uploads\/2020\/02\/35-Pillerseetal-59.jpg\" srcset=\"https:\/\/www.bergundtal.com\/wp-content\/uploads\/2020\/02\/35-Pillerseetal-59.jpg 1069w, https:\/\/www.bergundtal.com\/wp-content\/uploads\/2020\/02\/35-Pillerseetal-59-200x300.jpg 200w, https:\/\/www.bergundtal.com\/wp-content\/uploads\/2020\/02\/35-Pillerseetal-59-684x1024.jpg 684w, https:\/\/www.bergundtal.com\/wp-content\/uploads\/2020\/02\/35-Pillerseetal-59-768x1149.jpg 768w, https:\/\/www.bergundtal.com\/wp-content\/uploads\/2020\/02\/35-Pillerseetal-59-1026x1536.jpg 1026w, https:\/\/www.bergundtal.com\/wp-content\/uploads\/2020\/02\/35-Pillerseetal-59-700x1048.jpg 700w, https:\/\/www.bergundtal.com\/wp-content\/uploads\/2020\/02\/35-Pillerseetal-59-332x497.jpg 332w\" sizes=\"(max-width: 1069px) 100vw, 1069px\" \/><\/figure><\/li><li class=\"wp-block-jetpack-slideshow_slide swiper-slide\"><figure><img decoding=\"async\" loading=\"lazy\" width=\"1600\" height=\"1069\" alt=\"\" class=\"wp-block-jetpack-slideshow_image wp-image-12599\" data-id=\"12599\" src=\"https:\/\/www.bergundtal.com\/wp-content\/uploads\/2020\/02\/33-Pillerseetal-57.jpg\" srcset=\"https:\/\/www.bergundtal.com\/wp-content\/uploads\/2020\/02\/33-Pillerseetal-57.jpg 1600w, https:\/\/www.bergundtal.com\/wp-content\/uploads\/2020\/02\/33-Pillerseetal-57-300x200.jpg 300w, https:\/\/www.bergundtal.com\/wp-content\/uploads\/2020\/02\/33-Pillerseetal-57-1024x684.jpg 1024w, https:\/\/www.bergundtal.com\/wp-content\/uploads\/2020\/02\/33-Pillerseetal-57-768x513.jpg 768w, https:\/\/www.bergundtal.com\/wp-content\/uploads\/2020\/02\/33-Pillerseetal-57-1536x1026.jpg 1536w, https:\/\/www.bergundtal.com\/wp-content\/uploads\/2020\/02\/33-Pillerseetal-57-700x468.jpg 700w, https:\/\/www.bergundtal.com\/wp-content\/uploads\/2020\/02\/33-Pillerseetal-57-332x222.jpg 332w\" sizes=\"(max-width: 1600px) 100vw, 1600px\" \/><figcaption class=\"wp-block-jetpack-slideshow_caption gallery-caption\">Buchensteinwand <\/figcaption><\/figure><\/li><li class=\"wp-block-jetpack-slideshow_slide swiper-slide\"><figure><img decoding=\"async\" loading=\"lazy\" width=\"1600\" height=\"1069\" alt=\"\" class=\"wp-block-jetpack-slideshow_image wp-image-12600\" data-id=\"12600\" src=\"https:\/\/www.bergundtal.com\/wp-content\/uploads\/2020\/02\/34-Pillerseetal-58.jpg\" srcset=\"https:\/\/www.bergundtal.com\/wp-content\/uploads\/2020\/02\/34-Pillerseetal-58.jpg 1600w, https:\/\/www.bergundtal.com\/wp-content\/uploads\/2020\/02\/34-Pillerseetal-58-300x200.jpg 300w, https:\/\/www.bergundtal.com\/wp-content\/uploads\/2020\/02\/34-Pillerseetal-58-1024x684.jpg 1024w, https:\/\/www.bergundtal.com\/wp-content\/uploads\/2020\/02\/34-Pillerseetal-58-768x513.jpg 768w, https:\/\/www.bergundtal.com\/wp-content\/uploads\/2020\/02\/34-Pillerseetal-58-1536x1026.jpg 1536w, https:\/\/www.bergundtal.com\/wp-content\/uploads\/2020\/02\/34-Pillerseetal-58-700x468.jpg 700w, https:\/\/www.bergundtal.com\/wp-content\/uploads\/2020\/02\/34-Pillerseetal-58-332x222.jpg 332w\" sizes=\"(max-width: 1600px) 100vw, 1600px\" \/><figcaption class=\"wp-block-jetpack-slideshow_caption gallery-caption\">mit Jakobshorn<\/figcaption><\/figure><\/li><li class=\"wp-block-jetpack-slideshow_slide swiper-slide\"><figure><img decoding=\"async\" loading=\"lazy\" width=\"1069\" height=\"1600\" alt=\"\" class=\"wp-block-jetpack-slideshow_image wp-image-12602\" data-id=\"12602\" src=\"https:\/\/www.bergundtal.com\/wp-content\/uploads\/2020\/02\/36-Pillerseetal-60.jpg\" srcset=\"https:\/\/www.bergundtal.com\/wp-content\/uploads\/2020\/02\/36-Pillerseetal-60.jpg 1069w, https:\/\/www.bergundtal.com\/wp-content\/uploads\/2020\/02\/36-Pillerseetal-60-200x300.jpg 200w, https:\/\/www.bergundtal.com\/wp-content\/uploads\/2020\/02\/36-Pillerseetal-60-684x1024.jpg 684w, https:\/\/www.bergundtal.com\/wp-content\/uploads\/2020\/02\/36-Pillerseetal-60-768x1149.jpg 768w, https:\/\/www.bergundtal.com\/wp-content\/uploads\/2020\/02\/36-Pillerseetal-60-1026x1536.jpg 1026w, https:\/\/www.bergundtal.com\/wp-content\/uploads\/2020\/02\/36-Pillerseetal-60-700x1048.jpg 700w, https:\/\/www.bergundtal.com\/wp-content\/uploads\/2020\/02\/36-Pillerseetal-60-332x497.jpg 332w\" sizes=\"(max-width: 1069px) 100vw, 1069px\" \/><figcaption class=\"wp-block-jetpack-slideshow_caption gallery-caption\">top pr\u00e4parierte Loipen f\u00fcr Diagonalschritt<\/figcaption><\/figure><\/li><li class=\"wp-block-jetpack-slideshow_slide swiper-slide\"><figure><img decoding=\"async\" loading=\"lazy\" width=\"1069\" height=\"1600\" alt=\"\" class=\"wp-block-jetpack-slideshow_image wp-image-12603\" data-id=\"12603\" src=\"https:\/\/www.bergundtal.com\/wp-content\/uploads\/2020\/02\/37-Pillerseetal-61.jpg\" srcset=\"https:\/\/www.bergundtal.com\/wp-content\/uploads\/2020\/02\/37-Pillerseetal-61.jpg 1069w, https:\/\/www.bergundtal.com\/wp-content\/uploads\/2020\/02\/37-Pillerseetal-61-200x300.jpg 200w, https:\/\/www.bergundtal.com\/wp-content\/uploads\/2020\/02\/37-Pillerseetal-61-684x1024.jpg 684w, https:\/\/www.bergundtal.com\/wp-content\/uploads\/2020\/02\/37-Pillerseetal-61-768x1149.jpg 768w, https:\/\/www.bergundtal.com\/wp-content\/uploads\/2020\/02\/37-Pillerseetal-61-1026x1536.jpg 1026w, https:\/\/www.bergundtal.com\/wp-content\/uploads\/2020\/02\/37-Pillerseetal-61-700x1048.jpg 700w, https:\/\/www.bergundtal.com\/wp-content\/uploads\/2020\/02\/37-Pillerseetal-61-332x497.jpg 332w\" sizes=\"(max-width: 1069px) 100vw, 1069px\" \/><figcaption class=\"wp-block-jetpack-slideshow_caption gallery-caption\">und Skating<\/figcaption><\/figure><\/li><\/ul><a class=\"wp-block-jetpack-slideshow_button-prev swiper-button-prev swiper-button-white\" role=\"button\"><\/a><a class=\"wp-block-jetpack-slideshow_button-next swiper-button-next swiper-button-white\" role=\"button\"><\/a><a aria-label=\"Pause Slideshow\" class=\"wp-block-jetpack-slideshow_button-pause\" role=\"button\"><\/a><div class=\"wp-block-jetpack-slideshow_pagination swiper-pagination swiper-pagination-white\"><\/div><\/div><\/div>\n","protected":false},"excerpt":{"rendered":"<p>Langlaufregion Pillerseetal Lanlaufregion Pillerseetal Das Pillerseetal ist das \u201eSchneeloch\u201c der Kitzb\u00fchler Alpen und die schneereichste Region Tirols. Welche Schneemenge eine Nordstaulage innerhalb k\u00fcrzester Zeit im Pillerseetal bringen kann, wissen die Einheimischen schon lange und seit Herbst 2014 ist es auch durch eine Studie belegt: Amtliche Schneemessreihen kommen zu dem Ergebnis, &#8230;<\/p>\n","protected":false},"author":2,"featured_media":12589,"comment_status":"closed","ping_status":"closed","sticky":false,"template":"","format":"standard","meta":{"jetpack_post_was_ever_published":false,"jetpack_publicize_message":"","jetpack_is_tweetstorm":false,"jetpack_publicize_feature_enabled":true,"jetpack_social_options":[]},"categories":[370,53,416],"tags":[],"coauthors":[461],"jetpack_publicize_connections":[],"jetpack_featured_media_url":"https:\/\/www.bergundtal.com\/wp-content\/uploads\/2020\/02\/23-Pillerseetal-44.jpg","jetpack_shortlink":"https:\/\/wp.me\/s3YISc-12566","jetpack_sharing_enabled":true,"_links":{"self":[{"href":"https:\/\/www.bergundtal.com\/index.php?rest_route=\/wp\/v2\/posts\/12566"}],"collection":[{"href":"https:\/\/www.bergundtal.com\/index.php?rest_route=\/wp\/v2\/posts"}],"about":[{"href":"https:\/\/www.bergundtal.com\/index.php?rest_route=\/wp\/v2\/types\/post"}],"author":[{"embeddable":true,"href":"https:\/\/www.bergundtal.com\/index.php?rest_route=\/wp\/v2\/users\/2"}],"replies":[{"embeddable":true,"href":"https:\/\/www.bergundtal.com\/index.php?rest_route=%2Fwp%2Fv2%2Fcomments&post=12566"}],"version-history":[{"count":8,"href":"https:\/\/www.bergundtal.com\/index.php?rest_route=\/wp\/v2\/posts\/12566\/revisions"}],"predecessor-version":[{"id":12874,"href":"https:\/\/www.bergundtal.com\/index.php?rest_route=\/wp\/v2\/posts\/12566\/revisions\/12874"}],"wp:featuredmedia":[{"embeddable":true,"href":"https:\/\/www.bergundtal.com\/index.php?rest_route=\/wp\/v2\/media\/12589"}],"wp:attachment":[{"href":"https:\/\/www.bergundtal.com\/index.php?rest_route=%2Fwp%2Fv2%2Fmedia&parent=12566"}],"wp:term":[{"taxonomy":"category","embeddable":true,"href":"https:\/\/www.bergundtal.com\/index.php?rest_route=%2Fwp%2Fv2%2Fcategories&post=12566"},{"taxonomy":"post_tag","embeddable":true,"href":"https:\/\/www.bergundtal.com\/index.php?rest_route=%2Fwp%2Fv2%2Ftags&post=12566"},{"taxonomy":"author","embeddable":true,"href":"https:\/\/www.bergundtal.com\/index.php?rest_route=%2Fwp%2Fv2%2Fcoauthors&post=12566"}],"curies":[{"name":"wp","href":"https:\/\/api.w.org\/{rel}","templated":true}]}}