{"id":13808,"date":"2020-07-26T20:31:24","date_gmt":"2020-07-26T18:31:24","guid":{"rendered":"https:\/\/www.bergundtal.com\/?p=13808"},"modified":"2020-09-29T17:37:11","modified_gmt":"2020-09-29T15:37:11","slug":"mit-kindern-mobil-kinderanhaenger-leggero-vento-r-und-qeridoo-sportrex-2","status":"publish","type":"post","link":"https:\/\/www.bergundtal.com\/?p=13808","title":{"rendered":"Mit Kindern mobil \u2013 Kinderanh\u00e4nger Leggero Vento R und Qeridoo Sportrex 2"},"content":{"rendered":"\n<p><strong><em>\u201eW\u00e4hrr hatts \u00e4rrfuhnden?\u201c<\/em><\/strong> Die \u00c4lteren k\u00f6nnen sich sicherlich noch an den Werbespruch erinnern. Die Schweizer haben zwar angeblich die Kr\u00e4uterbonbons erfunden, nicht aber den Kinderanh\u00e4nger f\u00fcrs Rad, haben ihn nur optimal weiterentwickelt. <\/p>\n\n\n\n<h4 class=\"has-text-color\" style=\"color:#0623e5\"><strong>Leggero Vento R<\/strong><\/h4>\n\n\n\n<figure class=\"wp-block-image size-large\"><img data-attachment-id=\"13809\" data-permalink=\"https:\/\/www.bergundtal.com\/?attachment_id=13809\" data-orig-file=\"https:\/\/www.bergundtal.com\/wp-content\/uploads\/2020\/07\/16-P1050290.jpg\" data-orig-size=\"640,480\" data-comments-opened=\"0\" data-image-meta=\"{&quot;aperture&quot;:&quot;4.3&quot;,&quot;credit&quot;:&quot;Picasa&quot;,&quot;camera&quot;:&quot;DMC-TZ71&quot;,&quot;caption&quot;:&quot;&quot;,&quot;created_timestamp&quot;:&quot;1591028698&quot;,&quot;copyright&quot;:&quot;&quot;,&quot;focal_length&quot;:&quot;10.9&quot;,&quot;iso&quot;:&quot;100&quot;,&quot;shutter_speed&quot;:&quot;0.016666666666667&quot;,&quot;title&quot;:&quot;&quot;,&quot;orientation&quot;:&quot;0&quot;}\" data-image-title=\"16-P1050290\" data-image-description=\"\" data-image-caption=\"\" data-medium-file=\"https:\/\/www.bergundtal.com\/wp-content\/uploads\/2020\/07\/16-P1050290-300x225.jpg\" data-large-file=\"https:\/\/www.bergundtal.com\/wp-content\/uploads\/2020\/07\/16-P1050290.jpg\" decoding=\"async\" loading=\"lazy\" width=\"640\" height=\"480\" src=\"https:\/\/www.bergundtal.com\/wp-content\/uploads\/2020\/07\/16-P1050290.jpg\" alt=\"\" class=\"wp-image-13809\" srcset=\"https:\/\/www.bergundtal.com\/wp-content\/uploads\/2020\/07\/16-P1050290.jpg 640w, https:\/\/www.bergundtal.com\/wp-content\/uploads\/2020\/07\/16-P1050290-300x225.jpg 300w, https:\/\/www.bergundtal.com\/wp-content\/uploads\/2020\/07\/16-P1050290-332x249.jpg 332w\" sizes=\"(max-width: 640px) 100vw, 640px\" \/><\/figure>\n\n\n\n<p><br>\u201e<em>Der Vento R ist der neue multifunktionale Kindertransporter von Leggero f\u00fcr zwei Kinder. 30 Jahre Erfahrung vom Europ\u00e4ischen Kinderfahrradanh\u00e4nger- Pionier stecken im Vento R. F\u00fcr optimalen Comfort ist der Vento R mit einer modernen Fahrwerksfederung ausgestattet und bietet sehr gute Fahreigen- schaften. Der Leggero Vento R kann in Sekunden vom Fahrradanh\u00e4nger zum Kinderwagen oder Sportjogger umgebaut werden. Leggero Kindertransporter werden am Bodensee in der Schweiz hergestellt. Leggero achtet dabei vor allem auf eine nachhaltige, ethisch korrekte Produktion und ein hervorragendes Preis-Leistungsverh\u00e4ltnis.\u201c <\/em><\/p>\n\n\n\n<figure data-carousel-extra='{\"blog_id\":1,\"permalink\":\"https:\\\/\\\/www.bergundtal.com\\\/?p=13808\"}'  class=\"is-layout-flex wp-block-gallery-1 wp-block-gallery columns-2 is-cropped\"><ul class=\"blocks-gallery-grid\"><li class=\"blocks-gallery-item\"><figure><img data-attachment-id=\"13810\" data-permalink=\"https:\/\/www.bergundtal.com\/?attachment_id=13810\" data-orig-file=\"https:\/\/www.bergundtal.com\/wp-content\/uploads\/2020\/07\/1-1-1.jpg\" data-orig-size=\"1200,1600\" data-comments-opened=\"0\" data-image-meta=\"{&quot;aperture&quot;:&quot;4.7&quot;,&quot;credit&quot;:&quot;Picasa&quot;,&quot;camera&quot;:&quot;DMC-TZ71&quot;,&quot;caption&quot;:&quot;&quot;,&quot;created_timestamp&quot;:&quot;1595440991&quot;,&quot;copyright&quot;:&quot;&quot;,&quot;focal_length&quot;:&quot;14.1&quot;,&quot;iso&quot;:&quot;200&quot;,&quot;shutter_speed&quot;:&quot;0.016666666666667&quot;,&quot;title&quot;:&quot;&quot;,&quot;orientation&quot;:&quot;0&quot;}\" data-image-title=\"1-1-1\" data-image-description=\"\" data-image-caption=\"\" data-medium-file=\"https:\/\/www.bergundtal.com\/wp-content\/uploads\/2020\/07\/1-1-1-225x300.jpg\" data-large-file=\"https:\/\/www.bergundtal.com\/wp-content\/uploads\/2020\/07\/1-1-1-768x1024.jpg\" decoding=\"async\" loading=\"lazy\" width=\"768\" height=\"1024\" src=\"https:\/\/www.bergundtal.com\/wp-content\/uploads\/2020\/07\/1-1-1-768x1024.jpg\" alt=\"\" data-id=\"13810\" data-full-url=\"https:\/\/www.bergundtal.com\/wp-content\/uploads\/2020\/07\/1-1-1.jpg\" data-link=\"https:\/\/www.bergundtal.com\/?attachment_id=13810\" class=\"wp-image-13810\" srcset=\"https:\/\/www.bergundtal.com\/wp-content\/uploads\/2020\/07\/1-1-1-768x1024.jpg 768w, https:\/\/www.bergundtal.com\/wp-content\/uploads\/2020\/07\/1-1-1-225x300.jpg 225w, https:\/\/www.bergundtal.com\/wp-content\/uploads\/2020\/07\/1-1-1-1152x1536.jpg 1152w, https:\/\/www.bergundtal.com\/wp-content\/uploads\/2020\/07\/1-1-1-700x933.jpg 700w, https:\/\/www.bergundtal.com\/wp-content\/uploads\/2020\/07\/1-1-1-332x443.jpg 332w, https:\/\/www.bergundtal.com\/wp-content\/uploads\/2020\/07\/1-1-1.jpg 1200w\" sizes=\"(max-width: 768px) 100vw, 768px\" \/><\/figure><\/li><li class=\"blocks-gallery-item\"><figure><img data-attachment-id=\"13811\" data-permalink=\"https:\/\/www.bergundtal.com\/?attachment_id=13811\" data-orig-file=\"https:\/\/www.bergundtal.com\/wp-content\/uploads\/2020\/07\/2-1-2.jpg\" data-orig-size=\"1200,1600\" data-comments-opened=\"0\" data-image-meta=\"{&quot;aperture&quot;:&quot;4.7&quot;,&quot;credit&quot;:&quot;Picasa&quot;,&quot;camera&quot;:&quot;DMC-TZ71&quot;,&quot;caption&quot;:&quot;&quot;,&quot;created_timestamp&quot;:&quot;1595441001&quot;,&quot;copyright&quot;:&quot;&quot;,&quot;focal_length&quot;:&quot;14.1&quot;,&quot;iso&quot;:&quot;200&quot;,&quot;shutter_speed&quot;:&quot;0.016666666666667&quot;,&quot;title&quot;:&quot;&quot;,&quot;orientation&quot;:&quot;0&quot;}\" data-image-title=\"2-1-2\" data-image-description=\"\" data-image-caption=\"\" data-medium-file=\"https:\/\/www.bergundtal.com\/wp-content\/uploads\/2020\/07\/2-1-2-225x300.jpg\" data-large-file=\"https:\/\/www.bergundtal.com\/wp-content\/uploads\/2020\/07\/2-1-2-768x1024.jpg\" decoding=\"async\" loading=\"lazy\" width=\"768\" height=\"1024\" src=\"https:\/\/www.bergundtal.com\/wp-content\/uploads\/2020\/07\/2-1-2-768x1024.jpg\" alt=\"\" data-id=\"13811\" data-full-url=\"https:\/\/www.bergundtal.com\/wp-content\/uploads\/2020\/07\/2-1-2.jpg\" data-link=\"https:\/\/www.bergundtal.com\/?attachment_id=13811\" class=\"wp-image-13811\" srcset=\"https:\/\/www.bergundtal.com\/wp-content\/uploads\/2020\/07\/2-1-2-768x1024.jpg 768w, https:\/\/www.bergundtal.com\/wp-content\/uploads\/2020\/07\/2-1-2-225x300.jpg 225w, https:\/\/www.bergundtal.com\/wp-content\/uploads\/2020\/07\/2-1-2-1152x1536.jpg 1152w, https:\/\/www.bergundtal.com\/wp-content\/uploads\/2020\/07\/2-1-2-700x933.jpg 700w, https:\/\/www.bergundtal.com\/wp-content\/uploads\/2020\/07\/2-1-2-332x443.jpg 332w, https:\/\/www.bergundtal.com\/wp-content\/uploads\/2020\/07\/2-1-2.jpg 1200w\" sizes=\"(max-width: 768px) 100vw, 768px\" \/><\/figure><\/li><\/ul><\/figure>\n\n\n\n<p>Der <strong>LEGGERO VENTO R<\/strong> der <strong>Fa. Br\u00fcggli<\/strong> ist wirklich ein durchdachtes Modell, hier sp\u00fcrt man die fast 30-j\u00e4hrige Erfahrung als Fahrradanh\u00e4ngerpionier. Das beginnt schon mit der Aufbauanleitung. Ich bin alles andere als ein Heimwerker, und Baum\u00e4rkte geh\u00f6ren nicht zu meinen bevorzugten Aufenthaltsorten. Und als ich den gro\u00dfen Transportkarton \u00f6ffnete und die vielen Einzelteile sah, war ich erst einmal der Ohnmacht nahe, habe mich allerdings schnell gefangen, als ich einen Blick in die Aufbauanleitung geworfen hatte.  Jeder Schritt wird durch Piktogramme und pr\u00e4zise Beschreibung verdeutlicht \u2013 der Aufbau ging wirklich wie \u201egeschmiert\u201c. Auf den ersten Blick \u00e4hneln sich Anh\u00e4nger der verschiedenen Anbieter, aber der Teufel steckt auch hier wie meistens im Detail. Als Eltern w\u00fcnscht man sich nat\u00fcrlich, dass verschiedene Modelle im Laden stehen, man sie sich in aller Ruhe anschauen, eventuell auch die Kinder mal reinsetzen kann. Bei den meisten Fahrradl\u00e4den bleibt das allerdings Wunschdenken, denn man muss schon suchen, wenn mehr als ein Modell zur Ansicht bereitstehen soll.  <\/p>\n\n\n\n<h4 class=\"has-text-color\" style=\"color:#0015a3\"><strong>Qeridoo Sportrex 2<\/strong><\/h4>\n\n\n\n<figure data-carousel-extra='{\"blog_id\":1,\"permalink\":\"https:\\\/\\\/www.bergundtal.com\\\/?p=13808\"}'  class=\"is-layout-flex wp-block-gallery-3 wp-block-gallery columns-2 is-cropped\"><ul class=\"blocks-gallery-grid\"><li class=\"blocks-gallery-item\"><figure><img data-attachment-id=\"13812\" data-permalink=\"https:\/\/www.bergundtal.com\/?attachment_id=13812\" data-orig-file=\"https:\/\/www.bergundtal.com\/wp-content\/uploads\/2020\/07\/07-P1050286.jpg\" data-orig-size=\"640,480\" data-comments-opened=\"0\" data-image-meta=\"{&quot;aperture&quot;:&quot;4&quot;,&quot;credit&quot;:&quot;Picasa&quot;,&quot;camera&quot;:&quot;DMC-TZ71&quot;,&quot;caption&quot;:&quot;&quot;,&quot;created_timestamp&quot;:&quot;1590771054&quot;,&quot;copyright&quot;:&quot;&quot;,&quot;focal_length&quot;:&quot;8.4&quot;,&quot;iso&quot;:&quot;80&quot;,&quot;shutter_speed&quot;:&quot;0.00625&quot;,&quot;title&quot;:&quot;&quot;,&quot;orientation&quot;:&quot;0&quot;}\" data-image-title=\"07-P1050286\" data-image-description=\"\" data-image-caption=\"\" data-medium-file=\"https:\/\/www.bergundtal.com\/wp-content\/uploads\/2020\/07\/07-P1050286-300x225.jpg\" data-large-file=\"https:\/\/www.bergundtal.com\/wp-content\/uploads\/2020\/07\/07-P1050286.jpg\" decoding=\"async\" loading=\"lazy\" width=\"640\" height=\"480\" src=\"https:\/\/www.bergundtal.com\/wp-content\/uploads\/2020\/07\/07-P1050286.jpg\" alt=\"\" data-id=\"13812\" class=\"wp-image-13812\" srcset=\"https:\/\/www.bergundtal.com\/wp-content\/uploads\/2020\/07\/07-P1050286.jpg 640w, https:\/\/www.bergundtal.com\/wp-content\/uploads\/2020\/07\/07-P1050286-300x225.jpg 300w, https:\/\/www.bergundtal.com\/wp-content\/uploads\/2020\/07\/07-P1050286-332x249.jpg 332w\" sizes=\"(max-width: 640px) 100vw, 640px\" \/><\/figure><\/li><li class=\"blocks-gallery-item\"><figure><img data-attachment-id=\"14055\" data-permalink=\"https:\/\/www.bergundtal.com\/?attachment_id=14055\" data-orig-file=\"https:\/\/www.bergundtal.com\/wp-content\/uploads\/2020\/09\/2-DAF5B39F-EAEB-4740-A15F-B57F00A78EED.jpg\" data-orig-size=\"1573,1600\" data-comments-opened=\"0\" data-image-meta=\"{&quot;aperture&quot;:&quot;0&quot;,&quot;credit&quot;:&quot;Picasa&quot;,&quot;camera&quot;:&quot;&quot;,&quot;caption&quot;:&quot;&quot;,&quot;created_timestamp&quot;:&quot;1601105743&quot;,&quot;copyright&quot;:&quot;&quot;,&quot;focal_length&quot;:&quot;0&quot;,&quot;iso&quot;:&quot;0&quot;,&quot;shutter_speed&quot;:&quot;0&quot;,&quot;title&quot;:&quot;&quot;,&quot;orientation&quot;:&quot;0&quot;}\" data-image-title=\"2-DAF5B39F-EAEB-4740-A15F-B57F00A78EED\" data-image-description=\"\" data-image-caption=\"\" data-medium-file=\"https:\/\/www.bergundtal.com\/wp-content\/uploads\/2020\/09\/2-DAF5B39F-EAEB-4740-A15F-B57F00A78EED-295x300.jpg\" data-large-file=\"https:\/\/www.bergundtal.com\/wp-content\/uploads\/2020\/09\/2-DAF5B39F-EAEB-4740-A15F-B57F00A78EED-1007x1024.jpg\" decoding=\"async\" loading=\"lazy\" width=\"1007\" height=\"1024\" src=\"https:\/\/www.bergundtal.com\/wp-content\/uploads\/2020\/09\/2-DAF5B39F-EAEB-4740-A15F-B57F00A78EED-1007x1024.jpg\" alt=\"\" data-id=\"14055\" data-full-url=\"https:\/\/www.bergundtal.com\/wp-content\/uploads\/2020\/09\/2-DAF5B39F-EAEB-4740-A15F-B57F00A78EED.jpg\" data-link=\"https:\/\/www.bergundtal.com\/?attachment_id=14055\" class=\"wp-image-14055\" srcset=\"https:\/\/www.bergundtal.com\/wp-content\/uploads\/2020\/09\/2-DAF5B39F-EAEB-4740-A15F-B57F00A78EED-1007x1024.jpg 1007w, https:\/\/www.bergundtal.com\/wp-content\/uploads\/2020\/09\/2-DAF5B39F-EAEB-4740-A15F-B57F00A78EED-295x300.jpg 295w, https:\/\/www.bergundtal.com\/wp-content\/uploads\/2020\/09\/2-DAF5B39F-EAEB-4740-A15F-B57F00A78EED-768x781.jpg 768w, https:\/\/www.bergundtal.com\/wp-content\/uploads\/2020\/09\/2-DAF5B39F-EAEB-4740-A15F-B57F00A78EED-1510x1536.jpg 1510w, https:\/\/www.bergundtal.com\/wp-content\/uploads\/2020\/09\/2-DAF5B39F-EAEB-4740-A15F-B57F00A78EED-700x712.jpg 700w, https:\/\/www.bergundtal.com\/wp-content\/uploads\/2020\/09\/2-DAF5B39F-EAEB-4740-A15F-B57F00A78EED-332x338.jpg 332w, https:\/\/www.bergundtal.com\/wp-content\/uploads\/2020\/09\/2-DAF5B39F-EAEB-4740-A15F-B57F00A78EED.jpg 1573w\" sizes=\"(max-width: 1007px) 100vw, 1007px\" \/><\/figure><\/li><\/ul><figcaption class=\"blocks-gallery-caption\"><strong><em>Qeridoo Sportrex 2<\/em><\/strong><\/figcaption><\/figure>\n\n\n\n<p>Das andere hier vorgestellte Modell ist der <strong>Sportrex 2<\/strong> von <strong>Qeridoo.<\/strong><br> <em>\u201eQeridoo steht f\u00fcr Produkte mit Herz und Seele, die von unseren Mitarbeitern unter modernen und nachhaltigen Arbeitsbedingungen gefertigt und bereitgestellt werden. Durch Marktbeobachtung und Eigenvertrieb behalten wir stets die aktuellen Entwicklungen im Blick, um fr\u00fchzeitig auf neue Trends und Kundenw\u00fcnsche reagieren zu k\u00f6nnen. Die Flexibilit\u00e4t unseres aufstrebenden Unternehmens und die verl\u00e4ssliche Zusammenarbeit mit erprobten Partnern erlaubt uns, unseren Kunden weltweit qualitativ hochwertige und sichere Produkte zu einem fairen Preis zu bieten. Die Sicherheit Ihrer Kinder liegt uns am Herzen!\u201c&#8230;  \u201eder Sportrex ist unser Allrounder und zeichnet sich besonders durch seine sportliche Optik und tolle Aerodynamik aus. Er bietet ein gutes Preis-Leistungsverh\u00e4ltnis und bringt zus\u00e4tzliche Komfortfunktionen mit. Die Kopfst\u00fctzen sind bereits im Lieferumfang enthalten und sorgen f\u00fcr eine komfortable Haltung des Kopfes. Auf Grund seiner schmalen Durchfahrtsbreite ist er auch als Buggy optimal nutzbar. Der Sportrex ist mit dem innovativem Blattfeder-D\u00e4mpfsystem ausgestattet, das auch in unebenem Gel\u00e4nde f\u00fcr eine sehr gute Schockabsorbierung sorgt.\u201c<\/em><\/p>\n\n\n\n<p> Ein\nganz wichtiges Auswahlkriterium ist meiner Meinung nach neben dem\nPreis auch die \u201eDurchfahrbreite\u201c des fertig montierten Anh\u00e4ngers.\n Die \u201eDurchfahrbreite\u201c sollte 80\/81cm nicht \u00fcberschreiten, denn\nsonst gibt es bei den meisten T\u00fcren Probleme. Bei den von uns\nausprobierten Modellen, dem LEGGERO und dem Modell Sportrex 2 von\nQERIDOO, passen sogar die Zweisitzer durch normalbreite T\u00fcren. Bei\ndiesen beiden Modellen ist uns auch positiv aufgefallen, dass man den\nZweisitzer ganz einfach durch Umstecken der Sicherheitsgurte zu einem\nEinsitzer umfunktionieren kann. Wenn eins der Kinder aus dem\nAnh\u00e4ngeralter rausgewachsen ist, kann man ihn auch f\u00fcr ein Kind\nweiterhin nutzen.<\/p>\n\n\n\n<p>Bei\nden Fahrradanh\u00e4ngern gibt es ein gro\u00dfes Preisspektrum. Die meisten\nModelle kosten zwischen Euro 500 \u2013 700, man kann aber auch \u00fcber\nEuro 1200 ausgeben. Unsere beiden Modelle bewegen sich im mittleren\nPreissegment, bieten ein sehr gutes Preis-\/Leistungsverh\u00e4ltnis.  Der\nSportrex 2 ist allerdings nur auf den ersten Blick preisg\u00fcnstiger (\nEURO 555,- ), denn, wenn man die Zusatzbausteine ( Regenverdeck 25,-\nund Joggerrad mit Gabel 60,- ), die beim VentoR ( EURO 681,35 \u20ac )\nenthalten sind,  dazurechnet, ist der Endpreis fast gleich.<\/p>\n\n\n\n<figure data-carousel-extra='{\"blog_id\":1,\"permalink\":\"https:\\\/\\\/www.bergundtal.com\\\/?p=13808\"}'  class=\"is-layout-flex wp-block-gallery-5 wp-block-gallery columns-3 is-cropped\"><ul class=\"blocks-gallery-grid\"><li class=\"blocks-gallery-item\"><figure><img data-attachment-id=\"13814\" data-permalink=\"https:\/\/www.bergundtal.com\/?attachment_id=13814\" data-orig-file=\"https:\/\/www.bergundtal.com\/wp-content\/uploads\/2020\/07\/04-P1050280.jpg\" data-orig-size=\"535,477\" data-comments-opened=\"0\" data-image-meta=\"{&quot;aperture&quot;:&quot;3.5&quot;,&quot;credit&quot;:&quot;Picasa&quot;,&quot;camera&quot;:&quot;DMC-TZ71&quot;,&quot;caption&quot;:&quot;&quot;,&quot;created_timestamp&quot;:&quot;1590769956&quot;,&quot;copyright&quot;:&quot;&quot;,&quot;focal_length&quot;:&quot;5&quot;,&quot;iso&quot;:&quot;125&quot;,&quot;shutter_speed&quot;:&quot;0.0025&quot;,&quot;title&quot;:&quot;&quot;,&quot;orientation&quot;:&quot;0&quot;}\" data-image-title=\"04-P1050280\" data-image-description=\"\" data-image-caption=\"\" data-medium-file=\"https:\/\/www.bergundtal.com\/wp-content\/uploads\/2020\/07\/04-P1050280-300x267.jpg\" data-large-file=\"https:\/\/www.bergundtal.com\/wp-content\/uploads\/2020\/07\/04-P1050280.jpg\" decoding=\"async\" loading=\"lazy\" width=\"535\" height=\"477\" src=\"https:\/\/www.bergundtal.com\/wp-content\/uploads\/2020\/07\/04-P1050280.jpg\" alt=\"\" data-id=\"13814\" data-link=\"https:\/\/www.bergundtal.com\/?attachment_id=13814\" class=\"wp-image-13814\" srcset=\"https:\/\/www.bergundtal.com\/wp-content\/uploads\/2020\/07\/04-P1050280.jpg 535w, https:\/\/www.bergundtal.com\/wp-content\/uploads\/2020\/07\/04-P1050280-300x267.jpg 300w, https:\/\/www.bergundtal.com\/wp-content\/uploads\/2020\/07\/04-P1050280-332x296.jpg 332w\" sizes=\"(max-width: 535px) 100vw, 535px\" \/><\/figure><\/li><li class=\"blocks-gallery-item\"><figure><img data-attachment-id=\"13816\" data-permalink=\"https:\/\/www.bergundtal.com\/?attachment_id=13816\" data-orig-file=\"https:\/\/www.bergundtal.com\/wp-content\/uploads\/2020\/07\/06-P1050285.jpg\" data-orig-size=\"640,480\" data-comments-opened=\"0\" data-image-meta=\"{&quot;aperture&quot;:&quot;4.2&quot;,&quot;credit&quot;:&quot;Picasa&quot;,&quot;camera&quot;:&quot;DMC-TZ71&quot;,&quot;caption&quot;:&quot;&quot;,&quot;created_timestamp&quot;:&quot;1590770817&quot;,&quot;copyright&quot;:&quot;&quot;,&quot;focal_length&quot;:&quot;10.3&quot;,&quot;iso&quot;:&quot;125&quot;,&quot;shutter_speed&quot;:&quot;0.0015625&quot;,&quot;title&quot;:&quot;&quot;,&quot;orientation&quot;:&quot;0&quot;}\" data-image-title=\"06-P1050285\" data-image-description=\"\" data-image-caption=\"\" data-medium-file=\"https:\/\/www.bergundtal.com\/wp-content\/uploads\/2020\/07\/06-P1050285-300x225.jpg\" data-large-file=\"https:\/\/www.bergundtal.com\/wp-content\/uploads\/2020\/07\/06-P1050285.jpg\" decoding=\"async\" loading=\"lazy\" width=\"640\" height=\"480\" src=\"https:\/\/www.bergundtal.com\/wp-content\/uploads\/2020\/07\/06-P1050285.jpg\" alt=\"\" data-id=\"13816\" data-link=\"https:\/\/www.bergundtal.com\/?attachment_id=13816\" class=\"wp-image-13816\" srcset=\"https:\/\/www.bergundtal.com\/wp-content\/uploads\/2020\/07\/06-P1050285.jpg 640w, https:\/\/www.bergundtal.com\/wp-content\/uploads\/2020\/07\/06-P1050285-300x225.jpg 300w, https:\/\/www.bergundtal.com\/wp-content\/uploads\/2020\/07\/06-P1050285-332x249.jpg 332w\" sizes=\"(max-width: 640px) 100vw, 640px\" \/><\/figure><\/li><li class=\"blocks-gallery-item\"><figure><img data-attachment-id=\"13813\" data-permalink=\"https:\/\/www.bergundtal.com\/?attachment_id=13813\" data-orig-file=\"https:\/\/www.bergundtal.com\/wp-content\/uploads\/2020\/07\/03-IMG_7850.jpg\" data-orig-size=\"1032,1338\" data-comments-opened=\"0\" data-image-meta=\"{&quot;aperture&quot;:&quot;1.8&quot;,&quot;credit&quot;:&quot;Picasa&quot;,&quot;camera&quot;:&quot;iPhone 7&quot;,&quot;caption&quot;:&quot;&quot;,&quot;created_timestamp&quot;:&quot;1590769935&quot;,&quot;copyright&quot;:&quot;&quot;,&quot;focal_length&quot;:&quot;3.99&quot;,&quot;iso&quot;:&quot;20&quot;,&quot;shutter_speed&quot;:&quot;0.0012853470437018&quot;,&quot;title&quot;:&quot;&quot;,&quot;orientation&quot;:&quot;0&quot;}\" data-image-title=\"03-IMG_7850\" data-image-description=\"\" data-image-caption=\"\" data-medium-file=\"https:\/\/www.bergundtal.com\/wp-content\/uploads\/2020\/07\/03-IMG_7850-231x300.jpg\" data-large-file=\"https:\/\/www.bergundtal.com\/wp-content\/uploads\/2020\/07\/03-IMG_7850-790x1024.jpg\" decoding=\"async\" loading=\"lazy\" width=\"1032\" height=\"1338\" src=\"https:\/\/www.bergundtal.com\/wp-content\/uploads\/2020\/07\/03-IMG_7850.jpg\" alt=\"\" data-id=\"13813\" data-link=\"https:\/\/www.bergundtal.com\/?attachment_id=13813\" class=\"wp-image-13813\" srcset=\"https:\/\/www.bergundtal.com\/wp-content\/uploads\/2020\/07\/03-IMG_7850.jpg 1032w, https:\/\/www.bergundtal.com\/wp-content\/uploads\/2020\/07\/03-IMG_7850-231x300.jpg 231w, https:\/\/www.bergundtal.com\/wp-content\/uploads\/2020\/07\/03-IMG_7850-790x1024.jpg 790w, https:\/\/www.bergundtal.com\/wp-content\/uploads\/2020\/07\/03-IMG_7850-768x996.jpg 768w, https:\/\/www.bergundtal.com\/wp-content\/uploads\/2020\/07\/03-IMG_7850-700x908.jpg 700w, https:\/\/www.bergundtal.com\/wp-content\/uploads\/2020\/07\/03-IMG_7850-332x430.jpg 332w\" sizes=\"(max-width: 1032px) 100vw, 1032px\" \/><\/figure><\/li><li class=\"blocks-gallery-item\"><figure><img data-attachment-id=\"13815\" data-permalink=\"https:\/\/www.bergundtal.com\/?attachment_id=13815\" data-orig-file=\"https:\/\/www.bergundtal.com\/wp-content\/uploads\/2020\/07\/05-P1050284.jpg\" data-orig-size=\"640,480\" data-comments-opened=\"0\" data-image-meta=\"{&quot;aperture&quot;:&quot;3.8&quot;,&quot;credit&quot;:&quot;Picasa&quot;,&quot;camera&quot;:&quot;DMC-TZ71&quot;,&quot;caption&quot;:&quot;&quot;,&quot;created_timestamp&quot;:&quot;1590770807&quot;,&quot;copyright&quot;:&quot;&quot;,&quot;focal_length&quot;:&quot;7.2&quot;,&quot;iso&quot;:&quot;125&quot;,&quot;shutter_speed&quot;:&quot;0.005&quot;,&quot;title&quot;:&quot;&quot;,&quot;orientation&quot;:&quot;0&quot;}\" data-image-title=\"05-P1050284\" data-image-description=\"\" data-image-caption=\"\" data-medium-file=\"https:\/\/www.bergundtal.com\/wp-content\/uploads\/2020\/07\/05-P1050284-300x225.jpg\" data-large-file=\"https:\/\/www.bergundtal.com\/wp-content\/uploads\/2020\/07\/05-P1050284.jpg\" decoding=\"async\" loading=\"lazy\" width=\"640\" height=\"480\" src=\"https:\/\/www.bergundtal.com\/wp-content\/uploads\/2020\/07\/05-P1050284.jpg\" alt=\"\" data-id=\"13815\" data-link=\"https:\/\/www.bergundtal.com\/?attachment_id=13815\" class=\"wp-image-13815\" srcset=\"https:\/\/www.bergundtal.com\/wp-content\/uploads\/2020\/07\/05-P1050284.jpg 640w, https:\/\/www.bergundtal.com\/wp-content\/uploads\/2020\/07\/05-P1050284-300x225.jpg 300w, https:\/\/www.bergundtal.com\/wp-content\/uploads\/2020\/07\/05-P1050284-332x249.jpg 332w\" sizes=\"(max-width: 640px) 100vw, 640px\" \/><\/figure><\/li><li class=\"blocks-gallery-item\"><figure><img data-attachment-id=\"13817\" data-permalink=\"https:\/\/www.bergundtal.com\/?attachment_id=13817\" data-orig-file=\"https:\/\/www.bergundtal.com\/wp-content\/uploads\/2020\/07\/08-IMG_7858.jpg\" data-orig-size=\"1293,1600\" data-comments-opened=\"0\" data-image-meta=\"{&quot;aperture&quot;:&quot;1.8&quot;,&quot;credit&quot;:&quot;Picasa&quot;,&quot;camera&quot;:&quot;iPhone 7&quot;,&quot;caption&quot;:&quot;&quot;,&quot;created_timestamp&quot;:&quot;1590772037&quot;,&quot;copyright&quot;:&quot;&quot;,&quot;focal_length&quot;:&quot;3.99&quot;,&quot;iso&quot;:&quot;20&quot;,&quot;shutter_speed&quot;:&quot;0.00082508250825083&quot;,&quot;title&quot;:&quot;&quot;,&quot;orientation&quot;:&quot;0&quot;}\" data-image-title=\"08-IMG_7858\" data-image-description=\"\" data-image-caption=\"\" data-medium-file=\"https:\/\/www.bergundtal.com\/wp-content\/uploads\/2020\/07\/08-IMG_7858-242x300.jpg\" data-large-file=\"https:\/\/www.bergundtal.com\/wp-content\/uploads\/2020\/07\/08-IMG_7858-828x1024.jpg\" decoding=\"async\" loading=\"lazy\" width=\"1293\" height=\"1600\" src=\"https:\/\/www.bergundtal.com\/wp-content\/uploads\/2020\/07\/08-IMG_7858.jpg\" alt=\"\" data-id=\"13817\" data-link=\"https:\/\/www.bergundtal.com\/?attachment_id=13817\" class=\"wp-image-13817\" srcset=\"https:\/\/www.bergundtal.com\/wp-content\/uploads\/2020\/07\/08-IMG_7858.jpg 1293w, https:\/\/www.bergundtal.com\/wp-content\/uploads\/2020\/07\/08-IMG_7858-242x300.jpg 242w, https:\/\/www.bergundtal.com\/wp-content\/uploads\/2020\/07\/08-IMG_7858-828x1024.jpg 828w, https:\/\/www.bergundtal.com\/wp-content\/uploads\/2020\/07\/08-IMG_7858-768x950.jpg 768w, https:\/\/www.bergundtal.com\/wp-content\/uploads\/2020\/07\/08-IMG_7858-1241x1536.jpg 1241w, https:\/\/www.bergundtal.com\/wp-content\/uploads\/2020\/07\/08-IMG_7858-700x866.jpg 700w, https:\/\/www.bergundtal.com\/wp-content\/uploads\/2020\/07\/08-IMG_7858-332x411.jpg 332w\" sizes=\"(max-width: 1293px) 100vw, 1293px\" \/><\/figure><\/li><\/ul><figcaption class=\"blocks-gallery-caption\"><strong><em>Beide H\u00e4nger wurden im  &#8222;Bausatz&#8220; geliefert<\/em><\/strong><\/figcaption><\/figure>\n\n\n\n<p>Ein\nweiteres Auswahlkriterium ist nat\u00fcrlich auch das mehr oder weniger\neinfache Zusammenfalten, wenn man den Anh\u00e4nger im Kofferraum\ntransportieren m\u00f6chte. Beim VENTO R l\u00f6st man beide roten\nFeststellschrauben, faltet dann die Seitenteile und die R\u00fcckwand in\ndie Bodenwanne, zieht die Fahne und die Deichsel raus, l\u00f6st beide\nR\u00e4der \u2013 fertig. Auch beim Sportrex 2 geht der Aufbau leicht \u2013\ndie einzelnen Schritte werden gut verst\u00e4ndlich erkl\u00e4rt, man kann\nsogar ein Aufbauvideo herunterladen. Das Zusammenfalten klappt auch\ngut \u2013 Deichsel abziehen, 2 Schieber an den senkrechten\nKabinenrohren nach oben ziehen, Kabine falten, R\u00e4der abziehen,\nfertig.<\/p>\n\n\n\n<p>Beide\nModelle lassen sich in Sekunden auch zum Kinderwagen ( Buggy ) oder\nSportjogger umbauen. Beim Vento R wird die Deichsel abgezogen, eine\nGriffstange eingesteckt und 2 kleine Frontr\u00e4der ausgeklappt. Beim\nSportrex muss man die Griffstange nur hochklappen, das Bugrad, das\nbei diesem Modell auch luftbereift ist, muss man allerdings aus dem\nGep\u00e4ckteil nehmen und aufstecken. Die Deichsel wird bei diesem\nModell sehr ordentlich an der Seite festgesteckt, beim Vento R ist\ndie integrierte Deichselbefestigung im  \u201eBuggybetrieb\u201c etwas\n\u201emeppern\u201c.  Beide Modelle sind auch mit einer Babyschale, die mit\nGurten wie eine H\u00e4ngematte eingeh\u00e4ngt wird, f\u00fcr kleine Kinder\ngeeignet. Den Wagen von Qeridoo kann man sogar durch ein Skiset f\u00fcr\nden Winterbetrieb in der Loipe aufr\u00fcsten ( Praxistest folgt im\nWinter! ). Das Fahrverhalten ist bei beiden Anh\u00e4ngern \u00e4hnlich, auch\ndas Gewicht ( Vento 17,4kg \/ Sportrex 17,0kg ) und die erlaubte\nZuladung ( Vento 40kg \/ Sportrex 39kg ) ist fast gleich. Beim\nSportrex ist uns positiv aufgefallen, dass die R\u00fcckseite der Sitze\nmit einer Platte verst\u00e4rkt sind, so dass evtl. etwas kantige\nGegenst\u00e4nde im Gep\u00e4ckteil nicht auf  den Kinderr\u00fccken durchdr\u00fccken\nk\u00f6nnen. Au\u00dferdem lassen sich die beiden Kopfst\u00fctzen auch in der\nH\u00f6he ( Klett ) verstellen.<\/p>\n\n\n\n<figure data-carousel-extra='{\"blog_id\":1,\"permalink\":\"https:\\\/\\\/www.bergundtal.com\\\/?p=13808\"}'  class=\"is-layout-flex wp-block-gallery-7 wp-block-gallery columns-3 is-cropped\"><ul class=\"blocks-gallery-grid\"><li class=\"blocks-gallery-item\"><figure><img data-attachment-id=\"13818\" data-permalink=\"https:\/\/www.bergundtal.com\/?attachment_id=13818\" data-orig-file=\"https:\/\/www.bergundtal.com\/wp-content\/uploads\/2020\/07\/1-1-1-1.jpg\" data-orig-size=\"1200,1600\" data-comments-opened=\"0\" data-image-meta=\"{&quot;aperture&quot;:&quot;4.7&quot;,&quot;credit&quot;:&quot;Picasa&quot;,&quot;camera&quot;:&quot;DMC-TZ71&quot;,&quot;caption&quot;:&quot;&quot;,&quot;created_timestamp&quot;:&quot;1595440991&quot;,&quot;copyright&quot;:&quot;&quot;,&quot;focal_length&quot;:&quot;14.1&quot;,&quot;iso&quot;:&quot;200&quot;,&quot;shutter_speed&quot;:&quot;0.016666666666667&quot;,&quot;title&quot;:&quot;&quot;,&quot;orientation&quot;:&quot;0&quot;}\" data-image-title=\"1-1-1-1\" data-image-description=\"\" data-image-caption=\"\" data-medium-file=\"https:\/\/www.bergundtal.com\/wp-content\/uploads\/2020\/07\/1-1-1-1-225x300.jpg\" data-large-file=\"https:\/\/www.bergundtal.com\/wp-content\/uploads\/2020\/07\/1-1-1-1-768x1024.jpg\" decoding=\"async\" loading=\"lazy\" width=\"1200\" height=\"1600\" src=\"https:\/\/www.bergundtal.com\/wp-content\/uploads\/2020\/07\/1-1-1-1.jpg\" alt=\"\" data-id=\"13818\" data-link=\"https:\/\/www.bergundtal.com\/?attachment_id=13818\" class=\"wp-image-13818\" srcset=\"https:\/\/www.bergundtal.com\/wp-content\/uploads\/2020\/07\/1-1-1-1.jpg 1200w, https:\/\/www.bergundtal.com\/wp-content\/uploads\/2020\/07\/1-1-1-1-225x300.jpg 225w, https:\/\/www.bergundtal.com\/wp-content\/uploads\/2020\/07\/1-1-1-1-768x1024.jpg 768w, https:\/\/www.bergundtal.com\/wp-content\/uploads\/2020\/07\/1-1-1-1-1152x1536.jpg 1152w, https:\/\/www.bergundtal.com\/wp-content\/uploads\/2020\/07\/1-1-1-1-700x933.jpg 700w, https:\/\/www.bergundtal.com\/wp-content\/uploads\/2020\/07\/1-1-1-1-332x443.jpg 332w\" sizes=\"(max-width: 1200px) 100vw, 1200px\" \/><\/figure><\/li><li class=\"blocks-gallery-item\"><figure><img data-attachment-id=\"13820\" data-permalink=\"https:\/\/www.bergundtal.com\/?attachment_id=13820\" data-orig-file=\"https:\/\/www.bergundtal.com\/wp-content\/uploads\/2020\/07\/13-IMG_7874.jpg\" data-orig-size=\"1200,1600\" data-comments-opened=\"0\" data-image-meta=\"{&quot;aperture&quot;:&quot;1.8&quot;,&quot;credit&quot;:&quot;Picasa&quot;,&quot;camera&quot;:&quot;iPhone 7&quot;,&quot;caption&quot;:&quot;&quot;,&quot;created_timestamp&quot;:&quot;1590924536&quot;,&quot;copyright&quot;:&quot;&quot;,&quot;focal_length&quot;:&quot;3.99&quot;,&quot;iso&quot;:&quot;20&quot;,&quot;shutter_speed&quot;:&quot;0.00051203277009729&quot;,&quot;title&quot;:&quot;&quot;,&quot;orientation&quot;:&quot;0&quot;}\" data-image-title=\"13-IMG_7874\" data-image-description=\"\" data-image-caption=\"\" data-medium-file=\"https:\/\/www.bergundtal.com\/wp-content\/uploads\/2020\/07\/13-IMG_7874-225x300.jpg\" data-large-file=\"https:\/\/www.bergundtal.com\/wp-content\/uploads\/2020\/07\/13-IMG_7874-768x1024.jpg\" decoding=\"async\" loading=\"lazy\" width=\"1200\" height=\"1600\" src=\"https:\/\/www.bergundtal.com\/wp-content\/uploads\/2020\/07\/13-IMG_7874.jpg\" alt=\"\" data-id=\"13820\" data-link=\"https:\/\/www.bergundtal.com\/?attachment_id=13820\" class=\"wp-image-13820\" srcset=\"https:\/\/www.bergundtal.com\/wp-content\/uploads\/2020\/07\/13-IMG_7874.jpg 1200w, https:\/\/www.bergundtal.com\/wp-content\/uploads\/2020\/07\/13-IMG_7874-225x300.jpg 225w, https:\/\/www.bergundtal.com\/wp-content\/uploads\/2020\/07\/13-IMG_7874-768x1024.jpg 768w, https:\/\/www.bergundtal.com\/wp-content\/uploads\/2020\/07\/13-IMG_7874-1152x1536.jpg 1152w, https:\/\/www.bergundtal.com\/wp-content\/uploads\/2020\/07\/13-IMG_7874-700x933.jpg 700w, https:\/\/www.bergundtal.com\/wp-content\/uploads\/2020\/07\/13-IMG_7874-332x443.jpg 332w\" sizes=\"(max-width: 1200px) 100vw, 1200px\" \/><\/figure><\/li><li class=\"blocks-gallery-item\"><figure><img data-attachment-id=\"13822\" data-permalink=\"https:\/\/www.bergundtal.com\/?attachment_id=13822\" data-orig-file=\"https:\/\/www.bergundtal.com\/wp-content\/uploads\/2020\/07\/17-P1050433.jpg\" data-orig-size=\"1200,1600\" data-comments-opened=\"0\" data-image-meta=\"{&quot;aperture&quot;:&quot;4.7&quot;,&quot;credit&quot;:&quot;Picasa&quot;,&quot;camera&quot;:&quot;DMC-TZ71&quot;,&quot;caption&quot;:&quot;&quot;,&quot;created_timestamp&quot;:&quot;1595440932&quot;,&quot;copyright&quot;:&quot;&quot;,&quot;focal_length&quot;:&quot;14.1&quot;,&quot;iso&quot;:&quot;200&quot;,&quot;shutter_speed&quot;:&quot;0.016666666666667&quot;,&quot;title&quot;:&quot;&quot;,&quot;orientation&quot;:&quot;0&quot;}\" data-image-title=\"17-P1050433\" data-image-description=\"\" data-image-caption=\"\" data-medium-file=\"https:\/\/www.bergundtal.com\/wp-content\/uploads\/2020\/07\/17-P1050433-225x300.jpg\" data-large-file=\"https:\/\/www.bergundtal.com\/wp-content\/uploads\/2020\/07\/17-P1050433-768x1024.jpg\" decoding=\"async\" loading=\"lazy\" width=\"1200\" height=\"1600\" src=\"https:\/\/www.bergundtal.com\/wp-content\/uploads\/2020\/07\/17-P1050433.jpg\" alt=\"\" data-id=\"13822\" data-link=\"https:\/\/www.bergundtal.com\/?attachment_id=13822\" class=\"wp-image-13822\" srcset=\"https:\/\/www.bergundtal.com\/wp-content\/uploads\/2020\/07\/17-P1050433.jpg 1200w, https:\/\/www.bergundtal.com\/wp-content\/uploads\/2020\/07\/17-P1050433-225x300.jpg 225w, https:\/\/www.bergundtal.com\/wp-content\/uploads\/2020\/07\/17-P1050433-768x1024.jpg 768w, https:\/\/www.bergundtal.com\/wp-content\/uploads\/2020\/07\/17-P1050433-1152x1536.jpg 1152w, https:\/\/www.bergundtal.com\/wp-content\/uploads\/2020\/07\/17-P1050433-700x933.jpg 700w, https:\/\/www.bergundtal.com\/wp-content\/uploads\/2020\/07\/17-P1050433-332x443.jpg 332w\" sizes=\"(max-width: 1200px) 100vw, 1200px\" \/><\/figure><\/li><li class=\"blocks-gallery-item\"><figure><img data-attachment-id=\"13821\" data-permalink=\"https:\/\/www.bergundtal.com\/?attachment_id=13821\" data-orig-file=\"https:\/\/www.bergundtal.com\/wp-content\/uploads\/2020\/07\/14-IMG_7875.jpg\" data-orig-size=\"1200,1600\" data-comments-opened=\"0\" data-image-meta=\"{&quot;aperture&quot;:&quot;1.8&quot;,&quot;credit&quot;:&quot;Picasa&quot;,&quot;camera&quot;:&quot;iPhone 7&quot;,&quot;caption&quot;:&quot;&quot;,&quot;created_timestamp&quot;:&quot;1590924541&quot;,&quot;copyright&quot;:&quot;&quot;,&quot;focal_length&quot;:&quot;3.99&quot;,&quot;iso&quot;:&quot;20&quot;,&quot;shutter_speed&quot;:&quot;0.00053191489361702&quot;,&quot;title&quot;:&quot;&quot;,&quot;orientation&quot;:&quot;0&quot;}\" data-image-title=\"14-IMG_7875\" data-image-description=\"\" data-image-caption=\"\" data-medium-file=\"https:\/\/www.bergundtal.com\/wp-content\/uploads\/2020\/07\/14-IMG_7875-225x300.jpg\" data-large-file=\"https:\/\/www.bergundtal.com\/wp-content\/uploads\/2020\/07\/14-IMG_7875-768x1024.jpg\" decoding=\"async\" loading=\"lazy\" width=\"1200\" height=\"1600\" src=\"https:\/\/www.bergundtal.com\/wp-content\/uploads\/2020\/07\/14-IMG_7875.jpg\" alt=\"\" data-id=\"13821\" data-link=\"https:\/\/www.bergundtal.com\/?attachment_id=13821\" class=\"wp-image-13821\" srcset=\"https:\/\/www.bergundtal.com\/wp-content\/uploads\/2020\/07\/14-IMG_7875.jpg 1200w, https:\/\/www.bergundtal.com\/wp-content\/uploads\/2020\/07\/14-IMG_7875-225x300.jpg 225w, https:\/\/www.bergundtal.com\/wp-content\/uploads\/2020\/07\/14-IMG_7875-768x1024.jpg 768w, https:\/\/www.bergundtal.com\/wp-content\/uploads\/2020\/07\/14-IMG_7875-1152x1536.jpg 1152w, https:\/\/www.bergundtal.com\/wp-content\/uploads\/2020\/07\/14-IMG_7875-700x933.jpg 700w, https:\/\/www.bergundtal.com\/wp-content\/uploads\/2020\/07\/14-IMG_7875-332x443.jpg 332w\" sizes=\"(max-width: 1200px) 100vw, 1200px\" \/><\/figure><\/li><li class=\"blocks-gallery-item\"><figure><img data-attachment-id=\"14057\" data-permalink=\"https:\/\/www.bergundtal.com\/?attachment_id=14057\" data-orig-file=\"https:\/\/www.bergundtal.com\/wp-content\/uploads\/2020\/09\/1-C7CF3C24-31A7-42D5-A0D3-C7F9EF0A3440.jpg\" data-orig-size=\"1600,1287\" data-comments-opened=\"0\" data-image-meta=\"{&quot;aperture&quot;:&quot;0&quot;,&quot;credit&quot;:&quot;Picasa&quot;,&quot;camera&quot;:&quot;&quot;,&quot;caption&quot;:&quot;&quot;,&quot;created_timestamp&quot;:&quot;1601105743&quot;,&quot;copyright&quot;:&quot;&quot;,&quot;focal_length&quot;:&quot;0&quot;,&quot;iso&quot;:&quot;0&quot;,&quot;shutter_speed&quot;:&quot;0&quot;,&quot;title&quot;:&quot;&quot;,&quot;orientation&quot;:&quot;0&quot;}\" data-image-title=\"1-C7CF3C24-31A7-42D5-A0D3-C7F9EF0A3440\" data-image-description=\"\" data-image-caption=\"\" data-medium-file=\"https:\/\/www.bergundtal.com\/wp-content\/uploads\/2020\/09\/1-C7CF3C24-31A7-42D5-A0D3-C7F9EF0A3440-300x241.jpg\" data-large-file=\"https:\/\/www.bergundtal.com\/wp-content\/uploads\/2020\/09\/1-C7CF3C24-31A7-42D5-A0D3-C7F9EF0A3440-1024x824.jpg\" decoding=\"async\" loading=\"lazy\" width=\"1024\" height=\"824\" src=\"https:\/\/www.bergundtal.com\/wp-content\/uploads\/2020\/09\/1-C7CF3C24-31A7-42D5-A0D3-C7F9EF0A3440-1024x824.jpg\" alt=\"\" data-id=\"14057\" data-full-url=\"https:\/\/www.bergundtal.com\/wp-content\/uploads\/2020\/09\/1-C7CF3C24-31A7-42D5-A0D3-C7F9EF0A3440.jpg\" data-link=\"https:\/\/www.bergundtal.com\/?attachment_id=14057\" class=\"wp-image-14057\" srcset=\"https:\/\/www.bergundtal.com\/wp-content\/uploads\/2020\/09\/1-C7CF3C24-31A7-42D5-A0D3-C7F9EF0A3440-1024x824.jpg 1024w, https:\/\/www.bergundtal.com\/wp-content\/uploads\/2020\/09\/1-C7CF3C24-31A7-42D5-A0D3-C7F9EF0A3440-300x241.jpg 300w, https:\/\/www.bergundtal.com\/wp-content\/uploads\/2020\/09\/1-C7CF3C24-31A7-42D5-A0D3-C7F9EF0A3440-768x618.jpg 768w, https:\/\/www.bergundtal.com\/wp-content\/uploads\/2020\/09\/1-C7CF3C24-31A7-42D5-A0D3-C7F9EF0A3440-1536x1236.jpg 1536w, https:\/\/www.bergundtal.com\/wp-content\/uploads\/2020\/09\/1-C7CF3C24-31A7-42D5-A0D3-C7F9EF0A3440-700x563.jpg 700w, https:\/\/www.bergundtal.com\/wp-content\/uploads\/2020\/09\/1-C7CF3C24-31A7-42D5-A0D3-C7F9EF0A3440-332x267.jpg 332w, https:\/\/www.bergundtal.com\/wp-content\/uploads\/2020\/09\/1-C7CF3C24-31A7-42D5-A0D3-C7F9EF0A3440.jpg 1600w\" sizes=\"(max-width: 1024px) 100vw, 1024px\" \/><\/figure><\/li><li class=\"blocks-gallery-item\"><figure><img data-attachment-id=\"14058\" data-permalink=\"https:\/\/www.bergundtal.com\/?attachment_id=14058\" data-orig-file=\"https:\/\/www.bergundtal.com\/wp-content\/uploads\/2020\/09\/3-F4DA0B13-344B-4573-8041-B18CC9E085C9.jpg\" data-orig-size=\"1600,1571\" data-comments-opened=\"0\" data-image-meta=\"{&quot;aperture&quot;:&quot;0&quot;,&quot;credit&quot;:&quot;Picasa&quot;,&quot;camera&quot;:&quot;&quot;,&quot;caption&quot;:&quot;&quot;,&quot;created_timestamp&quot;:&quot;1601105743&quot;,&quot;copyright&quot;:&quot;&quot;,&quot;focal_length&quot;:&quot;0&quot;,&quot;iso&quot;:&quot;0&quot;,&quot;shutter_speed&quot;:&quot;0&quot;,&quot;title&quot;:&quot;&quot;,&quot;orientation&quot;:&quot;0&quot;}\" data-image-title=\"3-F4DA0B13-344B-4573-8041-B18CC9E085C9\" data-image-description=\"\" data-image-caption=\"\" data-medium-file=\"https:\/\/www.bergundtal.com\/wp-content\/uploads\/2020\/09\/3-F4DA0B13-344B-4573-8041-B18CC9E085C9-300x295.jpg\" data-large-file=\"https:\/\/www.bergundtal.com\/wp-content\/uploads\/2020\/09\/3-F4DA0B13-344B-4573-8041-B18CC9E085C9-1024x1005.jpg\" decoding=\"async\" loading=\"lazy\" width=\"1024\" height=\"1005\" src=\"https:\/\/www.bergundtal.com\/wp-content\/uploads\/2020\/09\/3-F4DA0B13-344B-4573-8041-B18CC9E085C9-1024x1005.jpg\" alt=\"\" data-id=\"14058\" data-full-url=\"https:\/\/www.bergundtal.com\/wp-content\/uploads\/2020\/09\/3-F4DA0B13-344B-4573-8041-B18CC9E085C9.jpg\" data-link=\"https:\/\/www.bergundtal.com\/?attachment_id=14058\" class=\"wp-image-14058\" srcset=\"https:\/\/www.bergundtal.com\/wp-content\/uploads\/2020\/09\/3-F4DA0B13-344B-4573-8041-B18CC9E085C9-1024x1005.jpg 1024w, https:\/\/www.bergundtal.com\/wp-content\/uploads\/2020\/09\/3-F4DA0B13-344B-4573-8041-B18CC9E085C9-300x295.jpg 300w, https:\/\/www.bergundtal.com\/wp-content\/uploads\/2020\/09\/3-F4DA0B13-344B-4573-8041-B18CC9E085C9-768x754.jpg 768w, https:\/\/www.bergundtal.com\/wp-content\/uploads\/2020\/09\/3-F4DA0B13-344B-4573-8041-B18CC9E085C9-1536x1508.jpg 1536w, https:\/\/www.bergundtal.com\/wp-content\/uploads\/2020\/09\/3-F4DA0B13-344B-4573-8041-B18CC9E085C9-700x687.jpg 700w, https:\/\/www.bergundtal.com\/wp-content\/uploads\/2020\/09\/3-F4DA0B13-344B-4573-8041-B18CC9E085C9-332x326.jpg 332w, https:\/\/www.bergundtal.com\/wp-content\/uploads\/2020\/09\/3-F4DA0B13-344B-4573-8041-B18CC9E085C9.jpg 1600w\" sizes=\"(max-width: 1024px) 100vw, 1024px\" \/><\/figure><\/li><\/ul><\/figure>\n\n\n\n<p>Man\nsollte vor der ersten Tour mit Kindern auf alle F\u00e4lle eine\nProbefahrt mit dem beladenen ( Getr\u00e4nkekiste o.\u00e4. ) Anh\u00e4nger\nmachen, denn das Fahrverhalten ist beim Bremsen oder in Kurven mit\neinem beladenen Anh\u00e4nger etwas ungewohnt. Hinten dran h\u00e4ngen mit 2\nKindern und etwas Gep\u00e4ck schnell 50Kg.                              \n                                                                     \n   Beim VentoR wirkt der Innenraum etwas gr\u00f6\u00dfer, die\nInneneinrichtung sieht aber etwas \u201espartanischer\u201c aus. F\u00fcr den\nDauerbetrieb ist die schlichte Kunststoffwanne m\u00f6glicherweise\npraktischer als der textilverkleidete Fu\u00dfraum des Qeridoo-Modells.\nDie Sitze in beiden Anh\u00e4ngern st\u00fctzen Kinderr\u00fccken aber\nergonomisch sehr gut ab, die Kopffreiheit ist auch f\u00fcr gr\u00f6\u00dfere\nKinder ausreichend. Das Gestell und auch die Deichsel vermitteln bei\nbeiden Modellen ein Gef\u00fchl der Sicherheit. Wichtig ist nat\u00fcrlich,\ndass die Kinder fest angeschnallt sind, die Gurte lassen sich bei\nbeiden Modellen leicht in der Gr\u00f6\u00dfe verstellen. Selbst wenn der\nAnh\u00e4nger umkippt, passiert nichts, das Kind h\u00e4ngt fest in den\nGurten. Ein Fahrradhelm ist nicht zwingend notwendig, ist allerdings\ndann sinnvoll, wenn zwei Kinder im Zweisitzer transportiert werden.\nEin Gef\u00fchl der Sicherheit vermittelt auch ein R\u00fcckspiegel am\nFahrrad, denn ein Sichtkontakt mit der Anh\u00e4ngerbesatzung ist sonst\nkaum m\u00f6glich. Die D\u00e4mpfung\/ der Federungskomfort ist bei beiden\nModellen gut, Bodenunebenheiten werden sehr gut \u201egeschluckt\u201c.\nBeim Sportrex 2 kann die Federungsh\u00e4rte sogar nach \u201eBeladung\u201c\nver\u00e4ndert werden.<\/p>\n\n\n\n<p>Wenn\nbeide Anh\u00e4nger nebeneinander stehen, wirkt der Vento R etwas\nleichter und \u201esportlicher\u201c, dieser Eindruck ist aber subjektiv.\nWenn man sich erst einmal \u201eeingefahren\u201c hat, ist man mit beiden\nAnh\u00e4ngern flott unterwegs.<\/p>\n\n\n\n<p><span style=\"text-decoration: underline;\">Hier einige technischeWerte: <\/span> <\/p>\n\n\n\n<p>                                                <span style=\"text-decoration: underline;\"> Qerido Sportrex 2                         Leggero Vento R <\/span><br><em>L\u00e4nge (Trailer-Modus         145 cm                                             154 cm<br> max Durchfahrbreite         81 cm                                                 80 cm<br>Schiebegriffh\u00f6he                  60 \u2013 120 cm                                      90 -120 cm<br>Gewicht                                  16,5 kg                                               16,4 kg <br>max. Zuladung                     43,5 kg<br>\u201eKofferraum\u201c Volumen        39 l                                                      ca 60 l<br>max. Kindergr\u00f6\u00dfe                 117 cm                                        max Sitzh\u00f6he 70 cm<br>Ma\u00dfe zusammengeklappt   36 x 69 x 103 cm                         22 x 76 x 108<br>UVP                                         555,- \u20ac                                             681,35 \u20ac<\/em><\/p>\n\n\n\n<p>F\u00fcr\nbeide Anh\u00e4nger gibt es als Zubeh\u00f6r u. a. eine Babyschale bzw.\nQerido H\u00e4ngematte f\u00fcr den sicheren Babytransport.<\/p>\n","protected":false},"excerpt":{"rendered":"<p>\u201eW\u00e4hrr hatts \u00e4rrfuhnden?\u201c Die \u00c4lteren k\u00f6nnen sich sicherlich noch an den Werbespruch erinnern. Die Schweizer haben zwar angeblich die Kr\u00e4uterbonbons erfunden, nicht aber den Kinderanh\u00e4nger f\u00fcrs Rad, haben ihn nur optimal weiterentwickelt. Leggero Vento R \u201eDer Vento R ist der neue multifunktionale Kindertransporter von Leggero f\u00fcr zwei Kinder. 30 Jahre &#8230;<\/p>\n","protected":false},"author":4,"featured_media":14060,"comment_status":"closed","ping_status":"closed","sticky":false,"template":"","format":"standard","meta":{"jetpack_post_was_ever_published":false,"jetpack_publicize_message":"","jetpack_is_tweetstorm":false,"jetpack_publicize_feature_enabled":true,"jetpack_social_options":[]},"categories":[365],"tags":[],"coauthors":[460],"jetpack_publicize_connections":[],"jetpack_featured_media_url":"https:\/\/www.bergundtal.com\/wp-content\/uploads\/2020\/07\/1-Bilder.jpg","jetpack_shortlink":"https:\/\/wp.me\/p3YISc-3AI","jetpack_sharing_enabled":true,"_links":{"self":[{"href":"https:\/\/www.bergundtal.com\/index.php?rest_route=\/wp\/v2\/posts\/13808"}],"collection":[{"href":"https:\/\/www.bergundtal.com\/index.php?rest_route=\/wp\/v2\/posts"}],"about":[{"href":"https:\/\/www.bergundtal.com\/index.php?rest_route=\/wp\/v2\/types\/post"}],"author":[{"embeddable":true,"href":"https:\/\/www.bergundtal.com\/index.php?rest_route=\/wp\/v2\/users\/4"}],"replies":[{"embeddable":true,"href":"https:\/\/www.bergundtal.com\/index.php?rest_route=%2Fwp%2Fv2%2Fcomments&post=13808"}],"version-history":[{"count":4,"href":"https:\/\/www.bergundtal.com\/index.php?rest_route=\/wp\/v2\/posts\/13808\/revisions"}],"predecessor-version":[{"id":14059,"href":"https:\/\/www.bergundtal.com\/index.php?rest_route=\/wp\/v2\/posts\/13808\/revisions\/14059"}],"wp:featuredmedia":[{"embeddable":true,"href":"https:\/\/www.bergundtal.com\/index.php?rest_route=\/wp\/v2\/media\/14060"}],"wp:attachment":[{"href":"https:\/\/www.bergundtal.com\/index.php?rest_route=%2Fwp%2Fv2%2Fmedia&parent=13808"}],"wp:term":[{"taxonomy":"category","embeddable":true,"href":"https:\/\/www.bergundtal.com\/index.php?rest_route=%2Fwp%2Fv2%2Fcategories&post=13808"},{"taxonomy":"post_tag","embeddable":true,"href":"https:\/\/www.bergundtal.com\/index.php?rest_route=%2Fwp%2Fv2%2Ftags&post=13808"},{"taxonomy":"author","embeddable":true,"href":"https:\/\/www.bergundtal.com\/index.php?rest_route=%2Fwp%2Fv2%2Fcoauthors&post=13808"}],"curies":[{"name":"wp","href":"https:\/\/api.w.org\/{rel}","templated":true}]}}