{"id":15542,"date":"2021-04-18T19:48:00","date_gmt":"2021-04-18T17:48:00","guid":{"rendered":"https:\/\/www.bergundtal.com\/?p=15542"},"modified":"2021-07-08T20:03:05","modified_gmt":"2021-07-08T18:03:05","slug":"fruehjahrsskilauf-in-winterberg-hochsauerland","status":"publish","type":"post","link":"https:\/\/www.bergundtal.com\/?p=15542","title":{"rendered":"Fr\u00fchjahrsskilauf in Winterberg\/Hochsauerland"},"content":{"rendered":"\n<p>Diese Wintersaison 2020\/21 ist absolut verr\u00fcckt: Corona hat in der Alpenregion den Skitourismus zu gro\u00dfen Teilen lahmgelegt, in den Mittelgebirgen hat es sehr viel Schnee gegeben, aber vielerorts war nicht mal Rodeln erlaubt, Skitouring hat einen absoluten Boom erlebt und nach langen  Diskussionen durften Anfang M\u00e4rz im Sauerland Willingen und Winterberg ihre Skigebiete \u00f6ffnen. <br><br><\/p>\n\n\n\n<div class=\"wp-block-image\"><figure class=\"aligncenter size-large is-resized\"><img data-attachment-id=\"15545\" data-permalink=\"https:\/\/www.bergundtal.com\/?attachment_id=15545\" data-orig-file=\"https:\/\/www.bergundtal.com\/wp-content\/uploads\/2021\/04\/06-DSC03161.jpg\" data-orig-size=\"1347,2000\" data-comments-opened=\"0\" data-image-meta=\"{&quot;aperture&quot;:&quot;4&quot;,&quot;credit&quot;:&quot;Picasa&quot;,&quot;camera&quot;:&quot;DSC-HX400V&quot;,&quot;caption&quot;:&quot;&quot;,&quot;created_timestamp&quot;:&quot;1618563693&quot;,&quot;copyright&quot;:&quot;&quot;,&quot;focal_length&quot;:&quot;17.3&quot;,&quot;iso&quot;:&quot;80&quot;,&quot;shutter_speed&quot;:&quot;0.000625&quot;,&quot;title&quot;:&quot;&quot;,&quot;orientation&quot;:&quot;0&quot;}\" data-image-title=\"06-DSC03161\" data-image-description=\"\" data-image-caption=\"\" data-medium-file=\"https:\/\/www.bergundtal.com\/wp-content\/uploads\/2021\/04\/06-DSC03161-202x300.jpg\" data-large-file=\"https:\/\/www.bergundtal.com\/wp-content\/uploads\/2021\/04\/06-DSC03161-690x1024.jpg\" decoding=\"async\" loading=\"lazy\" src=\"https:\/\/www.bergundtal.com\/wp-content\/uploads\/2021\/04\/06-DSC03161-690x1024.jpg\" alt=\"\" class=\"wp-image-15545\" width=\"478\" height=\"710\" srcset=\"https:\/\/www.bergundtal.com\/wp-content\/uploads\/2021\/04\/06-DSC03161-690x1024.jpg 690w, https:\/\/www.bergundtal.com\/wp-content\/uploads\/2021\/04\/06-DSC03161-202x300.jpg 202w, https:\/\/www.bergundtal.com\/wp-content\/uploads\/2021\/04\/06-DSC03161-768x1140.jpg 768w, https:\/\/www.bergundtal.com\/wp-content\/uploads\/2021\/04\/06-DSC03161-1034x1536.jpg 1034w, https:\/\/www.bergundtal.com\/wp-content\/uploads\/2021\/04\/06-DSC03161-700x1039.jpg 700w, https:\/\/www.bergundtal.com\/wp-content\/uploads\/2021\/04\/06-DSC03161-332x493.jpg 332w, https:\/\/www.bergundtal.com\/wp-content\/uploads\/2021\/04\/06-DSC03161.jpg 1347w\" sizes=\"(max-width: 478px) 100vw, 478px\" \/><figcaption><em>Foto: Karin Aleith-H\u00fcner<\/em> \/ <strong>Skikarusell Winterberg, Abfahrt unter dem Sessellift Schneewittchen, <br>16. April 2021, 9:12 Uhr<\/strong><\/figcaption><\/figure><\/div>\n\n\n\n<p>I<em>n beiden Gebieten wurde schon im Januar und Februar reichlich Kunstschnee produziert, Hygienekonzepte mit online Buchung, Kontingentierung der Besucherzahlen, Maskenpflicht im Seilbahnbereich und w\u00e4hrend des Transports, Desinfektionsm\u00f6glichkeiten und Verpflegungsangebote im To-Go Betrieb wurden aufgestellt.<\/em><\/p>\n\n\n\n<p style=\"color:#1f146f\" class=\"has-text-color has-background has-very-light-gray-background-color\"> <strong><em>Skiurlaub war nur teilweise in der Schweiz m\u00f6glich, in \u00d6sterreich liefen Lifte, wenn \u00fcberhaupt, dann nur f\u00fcr Tagesg\u00e4ste, in Italien\/S\u00fcdtirol und in den bayerischen Alpen und im Schwarzwald blieb alles zu, aber die beiden gro\u00dfen Skigebiet im Sauerland durften ab 8. M\u00e4rz Willingen und 9. M\u00e4rz Winterberg die Kassen \u00f6ffnen \u2013 <\/em><\/strong><br>                               <strong><em>Ski Heil n\u00f6rdlich der Mainlinie.<\/em><\/strong><\/p>\n\n\n\n<figure data-carousel-extra='{\"blog_id\":1,\"permalink\":\"https:\\\/\\\/www.bergundtal.com\\\/?p=15542\"}'  class=\"is-layout-flex wp-block-gallery-1 wp-block-gallery columns-2 is-cropped\"><ul class=\"blocks-gallery-grid\"><li class=\"blocks-gallery-item\"><figure><img data-attachment-id=\"15567\" data-permalink=\"https:\/\/www.bergundtal.com\/?attachment_id=15567\" data-orig-file=\"https:\/\/www.bergundtal.com\/wp-content\/uploads\/2021\/04\/12-DSC03167-2.jpg\" data-orig-size=\"2000,1500\" data-comments-opened=\"0\" data-image-meta=\"{&quot;aperture&quot;:&quot;3.5&quot;,&quot;credit&quot;:&quot;Picasa&quot;,&quot;camera&quot;:&quot;DSC-HX400V&quot;,&quot;caption&quot;:&quot;&quot;,&quot;created_timestamp&quot;:&quot;1618564354&quot;,&quot;copyright&quot;:&quot;&quot;,&quot;focal_length&quot;:&quot;4.34&quot;,&quot;iso&quot;:&quot;80&quot;,&quot;shutter_speed&quot;:&quot;0.0005&quot;,&quot;title&quot;:&quot;&quot;,&quot;orientation&quot;:&quot;0&quot;}\" data-image-title=\"12-DSC03167-2\" data-image-description=\"\" data-image-caption=\"\" data-medium-file=\"https:\/\/www.bergundtal.com\/wp-content\/uploads\/2021\/04\/12-DSC03167-2-300x225.jpg\" data-large-file=\"https:\/\/www.bergundtal.com\/wp-content\/uploads\/2021\/04\/12-DSC03167-2-1024x768.jpg\" decoding=\"async\" loading=\"lazy\" width=\"1024\" height=\"768\" src=\"https:\/\/www.bergundtal.com\/wp-content\/uploads\/2021\/04\/12-DSC03167-2-1024x768.jpg\" alt=\"\" data-id=\"15567\" data-link=\"https:\/\/www.bergundtal.com\/?attachment_id=15567\" class=\"wp-image-15567\" srcset=\"https:\/\/www.bergundtal.com\/wp-content\/uploads\/2021\/04\/12-DSC03167-2-1024x768.jpg 1024w, https:\/\/www.bergundtal.com\/wp-content\/uploads\/2021\/04\/12-DSC03167-2-300x225.jpg 300w, https:\/\/www.bergundtal.com\/wp-content\/uploads\/2021\/04\/12-DSC03167-2-768x576.jpg 768w, https:\/\/www.bergundtal.com\/wp-content\/uploads\/2021\/04\/12-DSC03167-2-1536x1152.jpg 1536w, https:\/\/www.bergundtal.com\/wp-content\/uploads\/2021\/04\/12-DSC03167-2-700x525.jpg 700w, https:\/\/www.bergundtal.com\/wp-content\/uploads\/2021\/04\/12-DSC03167-2-332x249.jpg 332w, https:\/\/www.bergundtal.com\/wp-content\/uploads\/2021\/04\/12-DSC03167-2.jpg 2000w\" sizes=\"(max-width: 1024px) 100vw, 1024px\" \/><\/figure><\/li><li class=\"blocks-gallery-item\"><figure><img data-attachment-id=\"15568\" data-permalink=\"https:\/\/www.bergundtal.com\/?attachment_id=15568\" data-orig-file=\"https:\/\/www.bergundtal.com\/wp-content\/uploads\/2021\/04\/14-DSC03170-3.jpg\" data-orig-size=\"1554,2000\" data-comments-opened=\"0\" data-image-meta=\"{&quot;aperture&quot;:&quot;3.2&quot;,&quot;credit&quot;:&quot;Picasa&quot;,&quot;camera&quot;:&quot;DSC-HX400V&quot;,&quot;caption&quot;:&quot;&quot;,&quot;created_timestamp&quot;:&quot;1618564519&quot;,&quot;copyright&quot;:&quot;&quot;,&quot;focal_length&quot;:&quot;4.3&quot;,&quot;iso&quot;:&quot;80&quot;,&quot;shutter_speed&quot;:&quot;0.0008&quot;,&quot;title&quot;:&quot;&quot;,&quot;orientation&quot;:&quot;0&quot;}\" data-image-title=\"14-DSC03170-3\" data-image-description=\"\" data-image-caption=\"\" data-medium-file=\"https:\/\/www.bergundtal.com\/wp-content\/uploads\/2021\/04\/14-DSC03170-3-233x300.jpg\" data-large-file=\"https:\/\/www.bergundtal.com\/wp-content\/uploads\/2021\/04\/14-DSC03170-3-796x1024.jpg\" decoding=\"async\" loading=\"lazy\" width=\"796\" height=\"1024\" src=\"https:\/\/www.bergundtal.com\/wp-content\/uploads\/2021\/04\/14-DSC03170-3-796x1024.jpg\" alt=\"\" data-id=\"15568\" data-full-url=\"https:\/\/www.bergundtal.com\/wp-content\/uploads\/2021\/04\/14-DSC03170-3.jpg\" data-link=\"https:\/\/www.bergundtal.com\/?attachment_id=15568\" class=\"wp-image-15568\" srcset=\"https:\/\/www.bergundtal.com\/wp-content\/uploads\/2021\/04\/14-DSC03170-3-796x1024.jpg 796w, https:\/\/www.bergundtal.com\/wp-content\/uploads\/2021\/04\/14-DSC03170-3-233x300.jpg 233w, https:\/\/www.bergundtal.com\/wp-content\/uploads\/2021\/04\/14-DSC03170-3-768x988.jpg 768w, https:\/\/www.bergundtal.com\/wp-content\/uploads\/2021\/04\/14-DSC03170-3-1193x1536.jpg 1193w, https:\/\/www.bergundtal.com\/wp-content\/uploads\/2021\/04\/14-DSC03170-3-700x901.jpg 700w, https:\/\/www.bergundtal.com\/wp-content\/uploads\/2021\/04\/14-DSC03170-3-332x427.jpg 332w, https:\/\/www.bergundtal.com\/wp-content\/uploads\/2021\/04\/14-DSC03170-3.jpg 1554w\" sizes=\"(max-width: 796px) 100vw, 796px\" \/><\/figure><\/li><\/ul><figcaption class=\"blocks-gallery-caption\">Foto: Karin Aleith-H\u00fcner \/<strong><em>Skikarussell Winterberg, am Bremberg<\/em><\/strong><br><strong><em>16. April 2021, 9:12 Uhr<\/em><\/strong><\/figcaption><\/figure>\n\n\n\n<p class=\"has-text-color has-very-dark-gray-color\">Seit 9. M\u00e4rz 2021 laufen jetzt also in Winterberg 14, seit Anfang April 13 von 29 Liften; von der Kappe bis zu den Schanzen und dem Sessellift \u201eRauher Busch\u201c und dem Campingpark Hochsauerland ist immer noch eine lange Tour durch das gesamte Skigebiet m\u00f6glich. <br>Die Pisten werden t\u00e4glich sehr gr\u00fcndlich gewalzt. und in den ersten 2  Stunden nach der \u00d6ffnung um 9:00 Uhr  sind in der Regel sehr gute Fr\u00fchjahrsbedingungen; frisch gewalzt, auf jeden Fall fest, in der Sonne dann auch leichter Firn, viel Platz und keine Wartezeiten an den Liften.<\/p>\n\n\n\n<figure data-carousel-extra='{\"blog_id\":1,\"permalink\":\"https:\\\/\\\/www.bergundtal.com\\\/?p=15542\"}'  class=\"is-layout-flex wp-block-gallery-3 wp-block-gallery columns-2 is-cropped\"><ul class=\"blocks-gallery-grid\"><li class=\"blocks-gallery-item\"><figure><img data-attachment-id=\"15563\" data-permalink=\"https:\/\/www.bergundtal.com\/?attachment_id=15563\" data-orig-file=\"https:\/\/www.bergundtal.com\/wp-content\/uploads\/2021\/04\/15-20210416_115954-2.jpg\" data-orig-size=\"1774,2000\" data-comments-opened=\"0\" data-image-meta=\"{&quot;aperture&quot;:&quot;2&quot;,&quot;credit&quot;:&quot;Picasa&quot;,&quot;camera&quot;:&quot;SM-A515F&quot;,&quot;caption&quot;:&quot;&quot;,&quot;created_timestamp&quot;:&quot;1618574394&quot;,&quot;copyright&quot;:&quot;&quot;,&quot;focal_length&quot;:&quot;4.6&quot;,&quot;iso&quot;:&quot;32&quot;,&quot;shutter_speed&quot;:&quot;0.000542888165038&quot;,&quot;title&quot;:&quot;&quot;,&quot;orientation&quot;:&quot;0&quot;}\" data-image-title=\"15-20210416_115954-2\" data-image-description=\"\" data-image-caption=\"\" data-medium-file=\"https:\/\/www.bergundtal.com\/wp-content\/uploads\/2021\/04\/15-20210416_115954-2-266x300.jpg\" data-large-file=\"https:\/\/www.bergundtal.com\/wp-content\/uploads\/2021\/04\/15-20210416_115954-2-908x1024.jpg\" decoding=\"async\" loading=\"lazy\" width=\"908\" height=\"1024\" src=\"https:\/\/www.bergundtal.com\/wp-content\/uploads\/2021\/04\/15-20210416_115954-2-908x1024.jpg\" alt=\"\" data-id=\"15563\" data-full-url=\"https:\/\/www.bergundtal.com\/wp-content\/uploads\/2021\/04\/15-20210416_115954-2.jpg\" data-link=\"https:\/\/www.bergundtal.com\/?attachment_id=15563\" class=\"wp-image-15563\" srcset=\"https:\/\/www.bergundtal.com\/wp-content\/uploads\/2021\/04\/15-20210416_115954-2-908x1024.jpg 908w, https:\/\/www.bergundtal.com\/wp-content\/uploads\/2021\/04\/15-20210416_115954-2-266x300.jpg 266w, https:\/\/www.bergundtal.com\/wp-content\/uploads\/2021\/04\/15-20210416_115954-2-768x866.jpg 768w, https:\/\/www.bergundtal.com\/wp-content\/uploads\/2021\/04\/15-20210416_115954-2-1362x1536.jpg 1362w, https:\/\/www.bergundtal.com\/wp-content\/uploads\/2021\/04\/15-20210416_115954-2-700x789.jpg 700w, https:\/\/www.bergundtal.com\/wp-content\/uploads\/2021\/04\/15-20210416_115954-2-332x374.jpg 332w, https:\/\/www.bergundtal.com\/wp-content\/uploads\/2021\/04\/15-20210416_115954-2.jpg 1774w\" sizes=\"(max-width: 908px) 100vw, 908px\" \/><\/figure><\/li><li class=\"blocks-gallery-item\"><figure><img data-attachment-id=\"15564\" data-permalink=\"https:\/\/www.bergundtal.com\/?attachment_id=15564\" data-orig-file=\"https:\/\/www.bergundtal.com\/wp-content\/uploads\/2021\/04\/16-20210416_120006-1.jpg\" data-orig-size=\"1500,2000\" data-comments-opened=\"0\" data-image-meta=\"{&quot;aperture&quot;:&quot;2&quot;,&quot;credit&quot;:&quot;Picasa&quot;,&quot;camera&quot;:&quot;SM-A515F&quot;,&quot;caption&quot;:&quot;&quot;,&quot;created_timestamp&quot;:&quot;1618574406&quot;,&quot;copyright&quot;:&quot;&quot;,&quot;focal_length&quot;:&quot;4.6&quot;,&quot;iso&quot;:&quot;32&quot;,&quot;shutter_speed&quot;:&quot;0.00045808520384792&quot;,&quot;title&quot;:&quot;&quot;,&quot;orientation&quot;:&quot;0&quot;}\" data-image-title=\"16-20210416_120006-1\" data-image-description=\"\" data-image-caption=\"\" data-medium-file=\"https:\/\/www.bergundtal.com\/wp-content\/uploads\/2021\/04\/16-20210416_120006-1-225x300.jpg\" data-large-file=\"https:\/\/www.bergundtal.com\/wp-content\/uploads\/2021\/04\/16-20210416_120006-1-768x1024.jpg\" decoding=\"async\" loading=\"lazy\" width=\"768\" height=\"1024\" src=\"https:\/\/www.bergundtal.com\/wp-content\/uploads\/2021\/04\/16-20210416_120006-1-768x1024.jpg\" alt=\"\" data-id=\"15564\" data-full-url=\"https:\/\/www.bergundtal.com\/wp-content\/uploads\/2021\/04\/16-20210416_120006-1.jpg\" data-link=\"https:\/\/www.bergundtal.com\/?attachment_id=15564\" class=\"wp-image-15564\" srcset=\"https:\/\/www.bergundtal.com\/wp-content\/uploads\/2021\/04\/16-20210416_120006-1-768x1024.jpg 768w, https:\/\/www.bergundtal.com\/wp-content\/uploads\/2021\/04\/16-20210416_120006-1-225x300.jpg 225w, https:\/\/www.bergundtal.com\/wp-content\/uploads\/2021\/04\/16-20210416_120006-1-1152x1536.jpg 1152w, https:\/\/www.bergundtal.com\/wp-content\/uploads\/2021\/04\/16-20210416_120006-1-700x933.jpg 700w, https:\/\/www.bergundtal.com\/wp-content\/uploads\/2021\/04\/16-20210416_120006-1-332x443.jpg 332w, https:\/\/www.bergundtal.com\/wp-content\/uploads\/2021\/04\/16-20210416_120006-1.jpg 1500w\" sizes=\"(max-width: 768px) 100vw, 768px\" \/><\/figure><\/li><\/ul><figcaption class=\"blocks-gallery-caption\">Foto: Karin Aleith-H\u00fcner \/ <strong><em>Skikarussell Winterberg, Abfahrt am Sessellift B\u00fcrre-Herrloh<br>16. April 2021, 12:00 Uhr<\/em><\/strong><\/figcaption><\/figure>\n\n\n\n<p style=\"color:#33258f\" class=\"has-text-color has-background has-very-light-gray-background-color\"><strong><em>Skilaufen im April im Hochsauerland zu Corona &#8211; Zeiten geht, geht sogar gut.<\/em><\/strong> <\/p>\n\n\n\n<p>Pro Tag werden in Winterberg innerhalb des g\u00fcltigen Corona-Hygienekonzeptes ca. 2500 Karten angeboten, in Hochzeiten vor Corona waren allerdings sonst schon mal weit \u00fcber 10 000 Besucher im Gebiet; Tage, an denen dann allerdings f\u00fcr ortsnahe Insider, Saisonkartenbesitzer und Lokals Skilaufen in Winterberg tabu ist.<br>Das begrenzte Kontengent war jetzt an einigen Tagen im M\u00e4rz und in den Osterferien  und an mehreren Wochenenden ausgebucht. Auf den Pisten war immer noch Platz, aber vor einigen Sesselliften \u2013 so z. B. am Poppenberg-Sessellift, Kappe-Sessellift und am B\u00fcre-Bremberg X-Press &#8211;  wurden dann so ab 10:00 Uhr doch schon mal  die 2 Meter Sicherheitsabstand nicht stringent eingehalten. Im Anstehbereich vor  den Drehkreuzen kommt das sonst funktionierende Sicherheitskonzept doch mal schnell an seine Grenzen. Wer hier Abstand h\u00e4lt wird schnell \u00fcberholt und seitlicher Abstand wird selten eingehalten.<\/p>\n\n\n\n<p style=\"color:#35267f\" class=\"has-text-color has-background has-very-light-gray-background-color\"><strong><em>Hier fehlt aber generell  in allen Skigebieten ein schl\u00fcssiges Konzept zur &#8222;Entzerrung\/Regelung&#8220; im sog. Anstehbereich der Seilbahnen und Lifte.  <\/em><\/strong><\/p>\n\n\n\n<p><em>In Willingen wird jetzt der Skibetrieb zum 18. April eingestellt, in Winterberg  laufen ab 19. April noch 6 Lifte \u2013 davon 2 F\u00f6rderb\u00e4nder \u2013 rund um den Poppenberg bis voraussichtlich 25. April.<\/em><\/p>\n","protected":false},"excerpt":{"rendered":"<p>Diese Wintersaison 2020\/21 ist absolut verr\u00fcckt: Corona hat in der Alpenregion den Skitourismus zu gro\u00dfen Teilen lahmgelegt, in den Mittelgebirgen hat es sehr viel Schnee gegeben, aber vielerorts war nicht mal Rodeln erlaubt, Skitouring hat einen absoluten Boom erlebt und nach langen Diskussionen durften Anfang M\u00e4rz im Sauerland Willingen und &#8230;<\/p>\n","protected":false},"author":2,"featured_media":15550,"comment_status":"closed","ping_status":"closed","sticky":false,"template":"","format":"standard","meta":{"jetpack_post_was_ever_published":false,"jetpack_publicize_message":"","jetpack_is_tweetstorm":false,"jetpack_publicize_feature_enabled":true,"jetpack_social_options":[]},"categories":[343,369,1],"tags":[636],"coauthors":[461,460],"jetpack_publicize_connections":[],"jetpack_featured_media_url":"https:\/\/www.bergundtal.com\/wp-content\/uploads\/2021\/04\/09-DSC03164.jpg","jetpack_shortlink":"https:\/\/wp.me\/p3YISc-42G","jetpack_sharing_enabled":true,"_links":{"self":[{"href":"https:\/\/www.bergundtal.com\/index.php?rest_route=\/wp\/v2\/posts\/15542"}],"collection":[{"href":"https:\/\/www.bergundtal.com\/index.php?rest_route=\/wp\/v2\/posts"}],"about":[{"href":"https:\/\/www.bergundtal.com\/index.php?rest_route=\/wp\/v2\/types\/post"}],"author":[{"embeddable":true,"href":"https:\/\/www.bergundtal.com\/index.php?rest_route=\/wp\/v2\/users\/2"}],"replies":[{"embeddable":true,"href":"https:\/\/www.bergundtal.com\/index.php?rest_route=%2Fwp%2Fv2%2Fcomments&post=15542"}],"version-history":[{"count":12,"href":"https:\/\/www.bergundtal.com\/index.php?rest_route=\/wp\/v2\/posts\/15542\/revisions"}],"predecessor-version":[{"id":15773,"href":"https:\/\/www.bergundtal.com\/index.php?rest_route=\/wp\/v2\/posts\/15542\/revisions\/15773"}],"wp:featuredmedia":[{"embeddable":true,"href":"https:\/\/www.bergundtal.com\/index.php?rest_route=\/wp\/v2\/media\/15550"}],"wp:attachment":[{"href":"https:\/\/www.bergundtal.com\/index.php?rest_route=%2Fwp%2Fv2%2Fmedia&parent=15542"}],"wp:term":[{"taxonomy":"category","embeddable":true,"href":"https:\/\/www.bergundtal.com\/index.php?rest_route=%2Fwp%2Fv2%2Fcategories&post=15542"},{"taxonomy":"post_tag","embeddable":true,"href":"https:\/\/www.bergundtal.com\/index.php?rest_route=%2Fwp%2Fv2%2Ftags&post=15542"},{"taxonomy":"author","embeddable":true,"href":"https:\/\/www.bergundtal.com\/index.php?rest_route=%2Fwp%2Fv2%2Fcoauthors&post=15542"}],"curies":[{"name":"wp","href":"https:\/\/api.w.org\/{rel}","templated":true}]}}