{"id":17987,"date":"2022-06-29T22:05:25","date_gmt":"2022-06-29T20:05:25","guid":{"rendered":"https:\/\/www.bergundtal.com\/?p=17987"},"modified":"2022-06-29T22:07:10","modified_gmt":"2022-06-29T20:07:10","slug":"vorschau-auf-die-eurobike-2022","status":"publish","type":"post","link":"https:\/\/www.bergundtal.com\/?p=17987","title":{"rendered":"Vorschau auf die Eurobike 2022"},"content":{"rendered":"\n<p><strong>Eurobike 2022 in Frankfurt<\/strong> &#8211; der Countdown l\u00e4uft, in zwei Wochen trifft sich die Fahrradwelt zur EUROBIKE in Frankfurt. Auf 140.000 Quadratmetern in sieben Hallen sowie dem gro\u00dfen Au\u00dfengel\u00e4nde werden die Neuheiten der Fahrrad- und Mobilit\u00e4tswelt pr\u00e4sentiert. Unz\u00e4hlige Konferenzen, Netzwerktreffen, Pr\u00e4sentationen und Workshops sowie das bunte EUROBIKE CITY Programm bieten Anlass zur Diskussion, Inspiration und Austausch rund ums Rad und Leichtelektro-Mobilit\u00e4t.<\/p>\n\n\n\n<figure class=\"wp-block-image size-large\"><img data-attachment-id=\"17988\" data-permalink=\"https:\/\/www.bergundtal.com\/?attachment_id=17988\" data-orig-file=\"https:\/\/www.bergundtal.com\/wp-content\/uploads\/2022\/06\/1-EB22_CyclingWeekAufteilung_EN.jpg\" data-orig-size=\"1600,1132\" data-comments-opened=\"0\" data-image-meta=\"{&quot;aperture&quot;:&quot;0&quot;,&quot;credit&quot;:&quot;Picasa&quot;,&quot;camera&quot;:&quot;&quot;,&quot;caption&quot;:&quot;&quot;,&quot;created_timestamp&quot;:&quot;1656531791&quot;,&quot;copyright&quot;:&quot;&quot;,&quot;focal_length&quot;:&quot;0&quot;,&quot;iso&quot;:&quot;0&quot;,&quot;shutter_speed&quot;:&quot;0&quot;,&quot;title&quot;:&quot;&quot;,&quot;orientation&quot;:&quot;0&quot;}\" data-image-title=\"1-EB22_CyclingWeekAufteilung_EN\" data-image-description=\"\" data-image-caption=\"\" data-medium-file=\"https:\/\/www.bergundtal.com\/wp-content\/uploads\/2022\/06\/1-EB22_CyclingWeekAufteilung_EN-300x212.jpg\" data-large-file=\"https:\/\/www.bergundtal.com\/wp-content\/uploads\/2022\/06\/1-EB22_CyclingWeekAufteilung_EN-1024x724.jpg\" decoding=\"async\" loading=\"lazy\" width=\"1024\" height=\"724\" src=\"https:\/\/www.bergundtal.com\/wp-content\/uploads\/2022\/06\/1-EB22_CyclingWeekAufteilung_EN-1024x724.jpg\" alt=\"\" class=\"wp-image-17988\" srcset=\"https:\/\/www.bergundtal.com\/wp-content\/uploads\/2022\/06\/1-EB22_CyclingWeekAufteilung_EN-1024x724.jpg 1024w, https:\/\/www.bergundtal.com\/wp-content\/uploads\/2022\/06\/1-EB22_CyclingWeekAufteilung_EN-300x212.jpg 300w, https:\/\/www.bergundtal.com\/wp-content\/uploads\/2022\/06\/1-EB22_CyclingWeekAufteilung_EN-768x543.jpg 768w, https:\/\/www.bergundtal.com\/wp-content\/uploads\/2022\/06\/1-EB22_CyclingWeekAufteilung_EN-1536x1087.jpg 1536w, https:\/\/www.bergundtal.com\/wp-content\/uploads\/2022\/06\/1-EB22_CyclingWeekAufteilung_EN-700x495.jpg 700w, https:\/\/www.bergundtal.com\/wp-content\/uploads\/2022\/06\/1-EB22_CyclingWeekAufteilung_EN-332x235.jpg 332w, https:\/\/www.bergundtal.com\/wp-content\/uploads\/2022\/06\/1-EB22_CyclingWeekAufteilung_EN.jpg 1600w\" sizes=\"(max-width: 1024px) 100vw, 1024px\" \/><\/figure>\n\n\n\n<p><strong>Hier schon mal eine kleine Vorschau auf Neuigkeiten<\/strong> &#8211; <em>Texte sind aus den jeweiligen Presseerkl\u00e4rungen:<\/em><\/p>\n\n\n\n<h4 class=\"has-text-color has-text-align-center\" style=\"color:#1f17bf\"><strong>deuter Bikepacking Taschen<\/strong><\/h4>\n\n\n\n<p>Die neue Cabezon-Serie \u2013 technisch ausgereifte Bikepacking-Taschen f\u00fcr anspruchsvolle Rad-Globetrotter. Die Cabezon Serie besteht aus drei Teilen: Rahmentasche (wahlweise 4 oder 6 l),  Satteltasche (16 l) und Lenkertasche (14 l), die zusammen eine ausgewogene Gewichtsverteilung und ein einfaches Handling erm\u00f6glichen. Sie bieten viel Stauraum und sind dank robusten Gurtb\u00e4ndern mit Klettverschl\u00fcssen schnell montiert. Alle drei Taschen sind aus strapazierf\u00e4higem, wasserdichtem und PFC-freiem Material gefertigt. Reflektierende Elemente erm\u00f6glichen eine gute Sichtbarkeit in der D\u00e4mmerung und bei Dunkelheit.  <\/p>\n\n\n\n<figure class=\"wp-block-image size-large\"><img data-attachment-id=\"17989\" data-permalink=\"https:\/\/www.bergundtal.com\/?attachment_id=17989\" data-orig-file=\"https:\/\/www.bergundtal.com\/wp-content\/uploads\/2022\/06\/7-r-erfahren.jpg\" data-orig-size=\"1490,1600\" data-comments-opened=\"0\" data-image-meta=\"{&quot;aperture&quot;:&quot;0&quot;,&quot;credit&quot;:&quot;Picasa&quot;,&quot;camera&quot;:&quot;&quot;,&quot;caption&quot;:&quot;&quot;,&quot;created_timestamp&quot;:&quot;1656528033&quot;,&quot;copyright&quot;:&quot;&quot;,&quot;focal_length&quot;:&quot;0&quot;,&quot;iso&quot;:&quot;0&quot;,&quot;shutter_speed&quot;:&quot;0&quot;,&quot;title&quot;:&quot;&quot;,&quot;orientation&quot;:&quot;0&quot;}\" data-image-title=\"7-r-erfahren\" data-image-description=\"\" data-image-caption=\"\" data-medium-file=\"https:\/\/www.bergundtal.com\/wp-content\/uploads\/2022\/06\/7-r-erfahren-279x300.jpg\" data-large-file=\"https:\/\/www.bergundtal.com\/wp-content\/uploads\/2022\/06\/7-r-erfahren-954x1024.jpg\" decoding=\"async\" loading=\"lazy\" width=\"954\" height=\"1024\" src=\"https:\/\/www.bergundtal.com\/wp-content\/uploads\/2022\/06\/7-r-erfahren-954x1024.jpg\" alt=\"\" class=\"wp-image-17989\" srcset=\"https:\/\/www.bergundtal.com\/wp-content\/uploads\/2022\/06\/7-r-erfahren-954x1024.jpg 954w, https:\/\/www.bergundtal.com\/wp-content\/uploads\/2022\/06\/7-r-erfahren-279x300.jpg 279w, https:\/\/www.bergundtal.com\/wp-content\/uploads\/2022\/06\/7-r-erfahren-768x825.jpg 768w, https:\/\/www.bergundtal.com\/wp-content\/uploads\/2022\/06\/7-r-erfahren-1430x1536.jpg 1430w, https:\/\/www.bergundtal.com\/wp-content\/uploads\/2022\/06\/7-r-erfahren-700x752.jpg 700w, https:\/\/www.bergundtal.com\/wp-content\/uploads\/2022\/06\/7-r-erfahren-332x357.jpg 332w, https:\/\/www.bergundtal.com\/wp-content\/uploads\/2022\/06\/7-r-erfahren.jpg 1490w\" sizes=\"(max-width: 954px) 100vw, 954px\" \/><\/figure>\n\n\n\n<p><\/p>\n\n\n\n<p><\/p>\n\n\n\n<h4 class=\"has-text-color has-text-align-center\" style=\"color:#162c9d\"><strong>Primus Feed Zone Kocher-Set<\/strong><\/h4>\n\n\n\n<p>Passend zum Bike Packing Boom bringt<strong> Primus<\/strong> ein klein verpackbares Koch \u2013 Set auf den Markt:<strong><br>Feed Zone &#8211; <\/strong>Die Kollektion besteht aus Lite Plus Kocher, Kaffee &amp; Tee Presse, Trinkflaschen, Mug, Trailspork, Longspoon und Cap. Alle Feed Zone-Produkte k\u00f6nnen kompakt in der eigens daf\u00fcr entwickelten, wasserdichten Rolltop Bag am Lenker fixiert werden.  <\/p>\n\n\n\n<figure class=\"wp-block-image size-large\"><img data-attachment-id=\"17990\" data-permalink=\"https:\/\/www.bergundtal.com\/?attachment_id=17990\" data-orig-file=\"https:\/\/www.bergundtal.com\/wp-content\/uploads\/2022\/06\/neu-11.jpg\" data-orig-size=\"915,767\" data-comments-opened=\"0\" data-image-meta=\"{&quot;aperture&quot;:&quot;0&quot;,&quot;credit&quot;:&quot;&quot;,&quot;camera&quot;:&quot;&quot;,&quot;caption&quot;:&quot;&quot;,&quot;created_timestamp&quot;:&quot;0&quot;,&quot;copyright&quot;:&quot;&quot;,&quot;focal_length&quot;:&quot;0&quot;,&quot;iso&quot;:&quot;0&quot;,&quot;shutter_speed&quot;:&quot;0&quot;,&quot;title&quot;:&quot;&quot;,&quot;orientation&quot;:&quot;0&quot;}\" data-image-title=\"neu-11\" data-image-description=\"\" data-image-caption=\"\" data-medium-file=\"https:\/\/www.bergundtal.com\/wp-content\/uploads\/2022\/06\/neu-11-300x251.jpg\" data-large-file=\"https:\/\/www.bergundtal.com\/wp-content\/uploads\/2022\/06\/neu-11.jpg\" decoding=\"async\" loading=\"lazy\" width=\"915\" height=\"767\" src=\"https:\/\/www.bergundtal.com\/wp-content\/uploads\/2022\/06\/neu-11.jpg\" alt=\"\" class=\"wp-image-17990\" srcset=\"https:\/\/www.bergundtal.com\/wp-content\/uploads\/2022\/06\/neu-11.jpg 915w, https:\/\/www.bergundtal.com\/wp-content\/uploads\/2022\/06\/neu-11-300x251.jpg 300w, https:\/\/www.bergundtal.com\/wp-content\/uploads\/2022\/06\/neu-11-768x644.jpg 768w, https:\/\/www.bergundtal.com\/wp-content\/uploads\/2022\/06\/neu-11-700x587.jpg 700w, https:\/\/www.bergundtal.com\/wp-content\/uploads\/2022\/06\/neu-11-332x278.jpg 332w\" sizes=\"(max-width: 915px) 100vw, 915px\" \/><figcaption>Foto: PRIMUS<\/figcaption><\/figure>\n\n\n\n<p><\/p>\n\n\n\n<p><\/p>\n\n\n\n<h4 class=\"has-text-color has-text-align-center\" style=\"color:#182094\"><strong>GermanXia Mobility GmbH, E- Klappr\u00e4der<\/strong><\/h4>\n\n\n\n<figure class=\"wp-block-image size-large\"><img data-attachment-id=\"17991\" data-permalink=\"https:\/\/www.bergundtal.com\/?attachment_id=17991\" data-orig-file=\"https:\/\/www.bergundtal.com\/wp-content\/uploads\/2022\/06\/2-GermanXia_Mobilemaster_Offroad_GT_E14G.jpg.800x0_q85_crop.jpg\" data-orig-size=\"567,442\" data-comments-opened=\"0\" data-image-meta=\"{&quot;aperture&quot;:&quot;0&quot;,&quot;credit&quot;:&quot;Picasa&quot;,&quot;camera&quot;:&quot;&quot;,&quot;caption&quot;:&quot;&quot;,&quot;created_timestamp&quot;:&quot;1656525987&quot;,&quot;copyright&quot;:&quot;&quot;,&quot;focal_length&quot;:&quot;0&quot;,&quot;iso&quot;:&quot;0&quot;,&quot;shutter_speed&quot;:&quot;0&quot;,&quot;title&quot;:&quot;&quot;,&quot;orientation&quot;:&quot;0&quot;}\" data-image-title=\"2-GermanXia_Mobilemaster_Offroad_GT_E14G.jpg.800x0_q85_crop\" data-image-description=\"\" data-image-caption=\"\" data-medium-file=\"https:\/\/www.bergundtal.com\/wp-content\/uploads\/2022\/06\/2-GermanXia_Mobilemaster_Offroad_GT_E14G.jpg.800x0_q85_crop-300x234.jpg\" data-large-file=\"https:\/\/www.bergundtal.com\/wp-content\/uploads\/2022\/06\/2-GermanXia_Mobilemaster_Offroad_GT_E14G.jpg.800x0_q85_crop.jpg\" decoding=\"async\" loading=\"lazy\" width=\"567\" height=\"442\" src=\"https:\/\/www.bergundtal.com\/wp-content\/uploads\/2022\/06\/2-GermanXia_Mobilemaster_Offroad_GT_E14G.jpg.800x0_q85_crop.jpg\" alt=\"\" class=\"wp-image-17991\" srcset=\"https:\/\/www.bergundtal.com\/wp-content\/uploads\/2022\/06\/2-GermanXia_Mobilemaster_Offroad_GT_E14G.jpg.800x0_q85_crop.jpg 567w, https:\/\/www.bergundtal.com\/wp-content\/uploads\/2022\/06\/2-GermanXia_Mobilemaster_Offroad_GT_E14G.jpg.800x0_q85_crop-300x234.jpg 300w, https:\/\/www.bergundtal.com\/wp-content\/uploads\/2022\/06\/2-GermanXia_Mobilemaster_Offroad_GT_E14G.jpg.800x0_q85_crop-332x259.jpg 332w\" sizes=\"(max-width: 567px) 100vw, 567px\" \/><\/figure>\n\n\n\n<p><strong>E-Klapprad Mobilemaster Offroad GT E-14G <\/strong>&#8211;  das erste E-Klapprad seiner Art auf dem europ\u00e4ischen Markt. Verbaut Technik von Bosch und Rohloff \u2013 Carbon Riemen.  <\/p>\n\n\n\n<figure class=\"wp-block-image size-large\"><img data-attachment-id=\"17992\" data-permalink=\"https:\/\/www.bergundtal.com\/?attachment_id=17992\" data-orig-file=\"https:\/\/www.bergundtal.com\/wp-content\/uploads\/2022\/06\/Carbon_Ganz_Rechteck.png.800x0_q85_crop.jpg\" data-orig-size=\"800,419\" data-comments-opened=\"0\" data-image-meta=\"{&quot;aperture&quot;:&quot;0&quot;,&quot;credit&quot;:&quot;&quot;,&quot;camera&quot;:&quot;&quot;,&quot;caption&quot;:&quot;&quot;,&quot;created_timestamp&quot;:&quot;0&quot;,&quot;copyright&quot;:&quot;&quot;,&quot;focal_length&quot;:&quot;0&quot;,&quot;iso&quot;:&quot;0&quot;,&quot;shutter_speed&quot;:&quot;0&quot;,&quot;title&quot;:&quot;&quot;,&quot;orientation&quot;:&quot;0&quot;}\" data-image-title=\"Carbon_Ganz_Rechteck.png.800x0_q85_crop\" data-image-description=\"\" data-image-caption=\"\" data-medium-file=\"https:\/\/www.bergundtal.com\/wp-content\/uploads\/2022\/06\/Carbon_Ganz_Rechteck.png.800x0_q85_crop-300x157.jpg\" data-large-file=\"https:\/\/www.bergundtal.com\/wp-content\/uploads\/2022\/06\/Carbon_Ganz_Rechteck.png.800x0_q85_crop.jpg\" decoding=\"async\" loading=\"lazy\" width=\"800\" height=\"419\" src=\"https:\/\/www.bergundtal.com\/wp-content\/uploads\/2022\/06\/Carbon_Ganz_Rechteck.png.800x0_q85_crop.jpg\" alt=\"\" class=\"wp-image-17992\" srcset=\"https:\/\/www.bergundtal.com\/wp-content\/uploads\/2022\/06\/Carbon_Ganz_Rechteck.png.800x0_q85_crop.jpg 800w, https:\/\/www.bergundtal.com\/wp-content\/uploads\/2022\/06\/Carbon_Ganz_Rechteck.png.800x0_q85_crop-300x157.jpg 300w, https:\/\/www.bergundtal.com\/wp-content\/uploads\/2022\/06\/Carbon_Ganz_Rechteck.png.800x0_q85_crop-768x402.jpg 768w, https:\/\/www.bergundtal.com\/wp-content\/uploads\/2022\/06\/Carbon_Ganz_Rechteck.png.800x0_q85_crop-700x367.jpg 700w, https:\/\/www.bergundtal.com\/wp-content\/uploads\/2022\/06\/Carbon_Ganz_Rechteck.png.800x0_q85_crop-332x174.jpg 332w\" sizes=\"(max-width: 800px) 100vw, 800px\" \/><\/figure>\n\n\n\n<p><strong>E-Klapprad eFold Carbon 9G<\/strong> &#8211; Innovation (Motortechnik der Rekuperation) und Leichtbau-Technologie. Es ist handlich klein, wiegt nur 14 kg, aber f\u00e4hrt sich wie ein Gro\u00dfes. Das eFold Carbon ist ein idealer Begleiter der Alltagsmobilit.<\/p>\n\n\n\n<figure class=\"wp-block-image size-large\"><img data-attachment-id=\"17993\" data-permalink=\"https:\/\/www.bergundtal.com\/?attachment_id=17993\" data-orig-file=\"https:\/\/www.bergundtal.com\/wp-content\/uploads\/2022\/06\/3-E-Bike-Klapprad-Mobilemaster-Offroad-Plus-CM-8G.jpg.800x0_q85_crop.jpg\" data-orig-size=\"647,508\" data-comments-opened=\"0\" data-image-meta=\"{&quot;aperture&quot;:&quot;0&quot;,&quot;credit&quot;:&quot;Picasa&quot;,&quot;camera&quot;:&quot;&quot;,&quot;caption&quot;:&quot;&quot;,&quot;created_timestamp&quot;:&quot;1656526051&quot;,&quot;copyright&quot;:&quot;&quot;,&quot;focal_length&quot;:&quot;0&quot;,&quot;iso&quot;:&quot;0&quot;,&quot;shutter_speed&quot;:&quot;0&quot;,&quot;title&quot;:&quot;&quot;,&quot;orientation&quot;:&quot;0&quot;}\" data-image-title=\"3-E-Bike-Klapprad-Mobilemaster-Offroad-Plus-CM-8G.jpg.800x0_q85_crop\" data-image-description=\"\" data-image-caption=\"\" data-medium-file=\"https:\/\/www.bergundtal.com\/wp-content\/uploads\/2022\/06\/3-E-Bike-Klapprad-Mobilemaster-Offroad-Plus-CM-8G.jpg.800x0_q85_crop-300x236.jpg\" data-large-file=\"https:\/\/www.bergundtal.com\/wp-content\/uploads\/2022\/06\/3-E-Bike-Klapprad-Mobilemaster-Offroad-Plus-CM-8G.jpg.800x0_q85_crop.jpg\" decoding=\"async\" loading=\"lazy\" width=\"647\" height=\"508\" src=\"https:\/\/www.bergundtal.com\/wp-content\/uploads\/2022\/06\/3-E-Bike-Klapprad-Mobilemaster-Offroad-Plus-CM-8G.jpg.800x0_q85_crop.jpg\" alt=\"\" class=\"wp-image-17993\" srcset=\"https:\/\/www.bergundtal.com\/wp-content\/uploads\/2022\/06\/3-E-Bike-Klapprad-Mobilemaster-Offroad-Plus-CM-8G.jpg.800x0_q85_crop.jpg 647w, https:\/\/www.bergundtal.com\/wp-content\/uploads\/2022\/06\/3-E-Bike-Klapprad-Mobilemaster-Offroad-Plus-CM-8G.jpg.800x0_q85_crop-300x236.jpg 300w, https:\/\/www.bergundtal.com\/wp-content\/uploads\/2022\/06\/3-E-Bike-Klapprad-Mobilemaster-Offroad-Plus-CM-8G.jpg.800x0_q85_crop-332x261.jpg 332w\" sizes=\"(max-width: 647px) 100vw, 647px\" \/><\/figure>\n\n\n\n<p><strong>E-Klapprad Mobilemaster Offroad Plus CM 8G<\/strong> &#8211; Doppelakku-Technologie. \u00dcber 1000 Wh Akkukapazit\u00e4t. Der sehr kraftvolle 80 Nm Mittelmotor ist f\u00fcr Touren von bis zu 260 km in jeglichem Gel\u00e4nde geeignet. Vollfedergabel und der Selle Royale Gelsattel mit Sattelfederung sorgen f\u00fcr einzigartigen Komfort.  <\/p>\n\n\n\n<p><\/p>\n\n\n\n<h4 class=\"has-text-color has-text-align-center\" style=\"color:#122498\"><strong>URBAN 8L, E-Bike von LEADER 96 LTD aus Bulgarien <\/strong> <\/h4>\n\n\n\n<figure class=\"wp-block-image size-large\"><img data-attachment-id=\"17994\" data-permalink=\"https:\/\/www.bergundtal.com\/?attachment_id=17994\" data-orig-file=\"https:\/\/www.bergundtal.com\/wp-content\/uploads\/2022\/06\/4-L_Urban_Rock_Grey_Anthr._BC0452226008.jpg.800x0_q85_crop.jpg\" data-orig-size=\"800,533\" data-comments-opened=\"0\" data-image-meta=\"{&quot;aperture&quot;:&quot;0&quot;,&quot;credit&quot;:&quot;Picasa&quot;,&quot;camera&quot;:&quot;&quot;,&quot;caption&quot;:&quot;&quot;,&quot;created_timestamp&quot;:&quot;1656526646&quot;,&quot;copyright&quot;:&quot;&quot;,&quot;focal_length&quot;:&quot;0&quot;,&quot;iso&quot;:&quot;0&quot;,&quot;shutter_speed&quot;:&quot;0&quot;,&quot;title&quot;:&quot;&quot;,&quot;orientation&quot;:&quot;0&quot;}\" data-image-title=\"4-L_Urban_Rock_Grey_Anthr._BC0452226008.jpg.800x0_q85_crop\" data-image-description=\"\" data-image-caption=\"\" data-medium-file=\"https:\/\/www.bergundtal.com\/wp-content\/uploads\/2022\/06\/4-L_Urban_Rock_Grey_Anthr._BC0452226008.jpg.800x0_q85_crop-300x200.jpg\" data-large-file=\"https:\/\/www.bergundtal.com\/wp-content\/uploads\/2022\/06\/4-L_Urban_Rock_Grey_Anthr._BC0452226008.jpg.800x0_q85_crop.jpg\" decoding=\"async\" loading=\"lazy\" width=\"800\" height=\"533\" src=\"https:\/\/www.bergundtal.com\/wp-content\/uploads\/2022\/06\/4-L_Urban_Rock_Grey_Anthr._BC0452226008.jpg.800x0_q85_crop.jpg\" alt=\"\" class=\"wp-image-17994\" srcset=\"https:\/\/www.bergundtal.com\/wp-content\/uploads\/2022\/06\/4-L_Urban_Rock_Grey_Anthr._BC0452226008.jpg.800x0_q85_crop.jpg 800w, https:\/\/www.bergundtal.com\/wp-content\/uploads\/2022\/06\/4-L_Urban_Rock_Grey_Anthr._BC0452226008.jpg.800x0_q85_crop-300x200.jpg 300w, https:\/\/www.bergundtal.com\/wp-content\/uploads\/2022\/06\/4-L_Urban_Rock_Grey_Anthr._BC0452226008.jpg.800x0_q85_crop-768x512.jpg 768w, https:\/\/www.bergundtal.com\/wp-content\/uploads\/2022\/06\/4-L_Urban_Rock_Grey_Anthr._BC0452226008.jpg.800x0_q85_crop-700x466.jpg 700w, https:\/\/www.bergundtal.com\/wp-content\/uploads\/2022\/06\/4-L_Urban_Rock_Grey_Anthr._BC0452226008.jpg.800x0_q85_crop-332x221.jpg 332w\" sizes=\"(max-width: 800px) 100vw, 800px\" \/><\/figure>\n\n\n\n<p>Das Modell URBAN 8L ist der ultimative Partner f\u00fcr\nDamen in der Stadt. Der 28-Zoll-Aluminiumrahmen wurde sorgf\u00e4ltig\nausgew\u00e4hlt und mit der Gabel kombiniert, um Stabilit\u00e4t und Komfort\nzu bieten. Der ANANDA Mittelmotor M60 bietet hervorragende\nUnterst\u00fctzung und der Power Tube Akku 468Wh ist genau die L\u00f6sung\nf\u00fcr stressfreies Fahren. SHIMANO Acera 8 G\u00e4nge und die\nhydraulischen Bremsen bieten konsequente Optimierung und Bremskraft.<\/p>\n\n\n\n<p><\/p>\n\n\n\n<h4 class=\"has-text-color has-text-align-center\" style=\"color:#1d2089\"><strong>Software zur Mobilit\u00e4tswende,<br>SteigUm.de, fast2work GmbH<\/strong><\/h4>\n\n\n\n<figure class=\"wp-block-image size-large\"><img data-attachment-id=\"17995\" data-permalink=\"https:\/\/www.bergundtal.com\/?attachment_id=17995\" data-orig-file=\"https:\/\/www.bergundtal.com\/wp-content\/uploads\/2022\/06\/steig-um.jpg\" data-orig-size=\"800,407\" data-comments-opened=\"0\" data-image-meta=\"{&quot;aperture&quot;:&quot;0&quot;,&quot;credit&quot;:&quot;&quot;,&quot;camera&quot;:&quot;&quot;,&quot;caption&quot;:&quot;&quot;,&quot;created_timestamp&quot;:&quot;0&quot;,&quot;copyright&quot;:&quot;&quot;,&quot;focal_length&quot;:&quot;0&quot;,&quot;iso&quot;:&quot;0&quot;,&quot;shutter_speed&quot;:&quot;0&quot;,&quot;title&quot;:&quot;&quot;,&quot;orientation&quot;:&quot;0&quot;}\" data-image-title=\"steig-um\" data-image-description=\"\" data-image-caption=\"\" data-medium-file=\"https:\/\/www.bergundtal.com\/wp-content\/uploads\/2022\/06\/steig-um-300x153.jpg\" data-large-file=\"https:\/\/www.bergundtal.com\/wp-content\/uploads\/2022\/06\/steig-um.jpg\" decoding=\"async\" loading=\"lazy\" width=\"800\" height=\"407\" src=\"https:\/\/www.bergundtal.com\/wp-content\/uploads\/2022\/06\/steig-um.jpg\" alt=\"\" class=\"wp-image-17995\" srcset=\"https:\/\/www.bergundtal.com\/wp-content\/uploads\/2022\/06\/steig-um.jpg 800w, https:\/\/www.bergundtal.com\/wp-content\/uploads\/2022\/06\/steig-um-300x153.jpg 300w, https:\/\/www.bergundtal.com\/wp-content\/uploads\/2022\/06\/steig-um-768x391.jpg 768w, https:\/\/www.bergundtal.com\/wp-content\/uploads\/2022\/06\/steig-um-700x356.jpg 700w, https:\/\/www.bergundtal.com\/wp-content\/uploads\/2022\/06\/steig-um-332x169.jpg 332w\" sizes=\"(max-width: 800px) 100vw, 800px\" \/><\/figure>\n\n\n\n<p>Durch innovative und datenbasierte\nMobilit\u00e4tsanwendungen will das junge Unternehmen auf den\nVerkehrstr\u00e4ger Fahrrad aufmerksam machen. Besucher*innen der Website\nwww.steigum.de k\u00f6nnen ihre t\u00e4glichen Strecken in eine Maske\neingeben, um zu vergleichen, wie die Nutzung verschiedener\nVerkehrsmittel sich auf dieser Strecke auf CO\u2082 Emissionen,\nfinanzielle und gesundheitliche Aspekte\nauswirken.<br>https:\/\/www.fast2work.de<\/p>\n\n\n\n<p><\/p>\n\n\n\n<h4 class=\"has-text-color has-text-align-center\" style=\"color:#17249d\"><strong>Bub-up Plus, Regnh\u00fclle von Rainjoy<\/strong>   <\/h4>\n\n\n\n<figure data-carousel-extra='{\"blog_id\":1,\"permalink\":\"https:\\\/\\\/www.bergundtal.com\\\/?p=17987\"}'  class=\"is-layout-flex wp-block-gallery-1 wp-block-gallery columns-2 is-cropped\"><ul class=\"blocks-gallery-grid\"><li class=\"blocks-gallery-item\"><figure><img data-attachment-id=\"17996\" data-permalink=\"https:\/\/www.bergundtal.com\/?attachment_id=17996\" data-orig-file=\"https:\/\/www.bergundtal.com\/wp-content\/uploads\/2022\/06\/5-Bub-Up-sacoche-protection-de-pluie-bleu-jaune.jpg\" data-orig-size=\"637,687\" data-comments-opened=\"0\" data-image-meta=\"{&quot;aperture&quot;:&quot;0&quot;,&quot;credit&quot;:&quot;Picasa&quot;,&quot;camera&quot;:&quot;&quot;,&quot;caption&quot;:&quot;&quot;,&quot;created_timestamp&quot;:&quot;1656526970&quot;,&quot;copyright&quot;:&quot;&quot;,&quot;focal_length&quot;:&quot;0&quot;,&quot;iso&quot;:&quot;0&quot;,&quot;shutter_speed&quot;:&quot;0&quot;,&quot;title&quot;:&quot;&quot;,&quot;orientation&quot;:&quot;0&quot;}\" data-image-title=\"5-Bub-Up-sacoche-protection-de-pluie-bleu-jaune\" data-image-description=\"\" data-image-caption=\"\" data-medium-file=\"https:\/\/www.bergundtal.com\/wp-content\/uploads\/2022\/06\/5-Bub-Up-sacoche-protection-de-pluie-bleu-jaune-278x300.jpg\" data-large-file=\"https:\/\/www.bergundtal.com\/wp-content\/uploads\/2022\/06\/5-Bub-Up-sacoche-protection-de-pluie-bleu-jaune.jpg\" decoding=\"async\" loading=\"lazy\" width=\"637\" height=\"687\" src=\"https:\/\/www.bergundtal.com\/wp-content\/uploads\/2022\/06\/5-Bub-Up-sacoche-protection-de-pluie-bleu-jaune.jpg\" alt=\"\" data-id=\"17996\" data-full-url=\"https:\/\/www.bergundtal.com\/wp-content\/uploads\/2022\/06\/5-Bub-Up-sacoche-protection-de-pluie-bleu-jaune.jpg\" data-link=\"https:\/\/www.bergundtal.com\/?attachment_id=17996\" class=\"wp-image-17996\" srcset=\"https:\/\/www.bergundtal.com\/wp-content\/uploads\/2022\/06\/5-Bub-Up-sacoche-protection-de-pluie-bleu-jaune.jpg 637w, https:\/\/www.bergundtal.com\/wp-content\/uploads\/2022\/06\/5-Bub-Up-sacoche-protection-de-pluie-bleu-jaune-278x300.jpg 278w, https:\/\/www.bergundtal.com\/wp-content\/uploads\/2022\/06\/5-Bub-Up-sacoche-protection-de-pluie-bleu-jaune-332x358.jpg 332w\" sizes=\"(max-width: 637px) 100vw, 637px\" \/><\/figure><\/li><li class=\"blocks-gallery-item\"><figure><img data-attachment-id=\"17997\" data-permalink=\"https:\/\/www.bergundtal.com\/?attachment_id=17997\" data-orig-file=\"https:\/\/www.bergundtal.com\/wp-content\/uploads\/2022\/06\/8-Protection-pluie-velo-trotinette-Bub-up-Plus.jpg\" data-orig-size=\"1146,1068\" data-comments-opened=\"0\" data-image-meta=\"{&quot;aperture&quot;:&quot;0&quot;,&quot;credit&quot;:&quot;Picasa&quot;,&quot;camera&quot;:&quot;&quot;,&quot;caption&quot;:&quot;&quot;,&quot;created_timestamp&quot;:&quot;1656529942&quot;,&quot;copyright&quot;:&quot;&quot;,&quot;focal_length&quot;:&quot;0&quot;,&quot;iso&quot;:&quot;0&quot;,&quot;shutter_speed&quot;:&quot;0&quot;,&quot;title&quot;:&quot;&quot;,&quot;orientation&quot;:&quot;0&quot;}\" data-image-title=\"8-Protection-pluie-velo-trotinette-Bub-up-Plus\" data-image-description=\"\" data-image-caption=\"\" data-medium-file=\"https:\/\/www.bergundtal.com\/wp-content\/uploads\/2022\/06\/8-Protection-pluie-velo-trotinette-Bub-up-Plus-300x280.jpg\" data-large-file=\"https:\/\/www.bergundtal.com\/wp-content\/uploads\/2022\/06\/8-Protection-pluie-velo-trotinette-Bub-up-Plus-1024x954.jpg\" decoding=\"async\" loading=\"lazy\" width=\"1024\" height=\"954\" src=\"https:\/\/www.bergundtal.com\/wp-content\/uploads\/2022\/06\/8-Protection-pluie-velo-trotinette-Bub-up-Plus-1024x954.jpg\" alt=\"\" data-id=\"17997\" data-full-url=\"https:\/\/www.bergundtal.com\/wp-content\/uploads\/2022\/06\/8-Protection-pluie-velo-trotinette-Bub-up-Plus.jpg\" data-link=\"https:\/\/www.bergundtal.com\/?attachment_id=17997\" class=\"wp-image-17997\" srcset=\"https:\/\/www.bergundtal.com\/wp-content\/uploads\/2022\/06\/8-Protection-pluie-velo-trotinette-Bub-up-Plus-1024x954.jpg 1024w, https:\/\/www.bergundtal.com\/wp-content\/uploads\/2022\/06\/8-Protection-pluie-velo-trotinette-Bub-up-Plus-300x280.jpg 300w, https:\/\/www.bergundtal.com\/wp-content\/uploads\/2022\/06\/8-Protection-pluie-velo-trotinette-Bub-up-Plus-768x716.jpg 768w, https:\/\/www.bergundtal.com\/wp-content\/uploads\/2022\/06\/8-Protection-pluie-velo-trotinette-Bub-up-Plus-700x652.jpg 700w, https:\/\/www.bergundtal.com\/wp-content\/uploads\/2022\/06\/8-Protection-pluie-velo-trotinette-Bub-up-Plus-332x309.jpg 332w, https:\/\/www.bergundtal.com\/wp-content\/uploads\/2022\/06\/8-Protection-pluie-velo-trotinette-Bub-up-Plus.jpg 1146w\" sizes=\"(max-width: 1024px) 100vw, 1024px\" \/><\/figure><\/li><\/ul><\/figure>\n\n\n\n<p>Das Bub-up\u00ae ist eine Schutzh\u00fclle gegen Regen und K\u00e4lte, die sich sofort entfaltet, sich an alle Fahrr\u00e4der anpasst und nach Gebrauch einfach verstaut und transportiert werden kann. Was ist das Bub-up\u00ae Plus? Es ist ein Bub-up\u00ae mit zus\u00e4tzlichen Optionen f\u00fcr noch mehr Leistung und Sicherheit : Integrierte Spiegel, Handsch\u00fctzer, Reflektoren, recycelter Stoff. <\/p>\n\n\n\n<p><strong>Rainjoy stellt auch einen praktischen R\u00fcckspiegel am Handgelenk an<\/strong>.<\/p>\n\n\n\n<figure class=\"wp-block-image size-large\"><img data-attachment-id=\"17998\" data-permalink=\"https:\/\/www.bergundtal.com\/?attachment_id=17998\" data-orig-file=\"https:\/\/www.bergundtal.com\/wp-content\/uploads\/2022\/06\/9-Superbikero-re\u0301troviseur-MD.jpg\" data-orig-size=\"861,754\" data-comments-opened=\"0\" data-image-meta=\"{&quot;aperture&quot;:&quot;0&quot;,&quot;credit&quot;:&quot;Picasa&quot;,&quot;camera&quot;:&quot;&quot;,&quot;caption&quot;:&quot;&quot;,&quot;created_timestamp&quot;:&quot;1656530021&quot;,&quot;copyright&quot;:&quot;&quot;,&quot;focal_length&quot;:&quot;0&quot;,&quot;iso&quot;:&quot;0&quot;,&quot;shutter_speed&quot;:&quot;0&quot;,&quot;title&quot;:&quot;&quot;,&quot;orientation&quot;:&quot;0&quot;}\" data-image-title=\"9-Superbikero-re\u0301troviseur-MD\" data-image-description=\"\" data-image-caption=\"\" data-medium-file=\"https:\/\/www.bergundtal.com\/wp-content\/uploads\/2022\/06\/9-Superbikero-re\u0301troviseur-MD-300x263.jpg\" data-large-file=\"https:\/\/www.bergundtal.com\/wp-content\/uploads\/2022\/06\/9-Superbikero-re\u0301troviseur-MD.jpg\" decoding=\"async\" loading=\"lazy\" width=\"861\" height=\"754\" src=\"https:\/\/www.bergundtal.com\/wp-content\/uploads\/2022\/06\/9-Superbikero-re\u0301troviseur-MD.jpg\" alt=\"\" class=\"wp-image-17998\" srcset=\"https:\/\/www.bergundtal.com\/wp-content\/uploads\/2022\/06\/9-Superbikero-re\u0301troviseur-MD.jpg 861w, https:\/\/www.bergundtal.com\/wp-content\/uploads\/2022\/06\/9-Superbikero-re\u0301troviseur-MD-300x263.jpg 300w, https:\/\/www.bergundtal.com\/wp-content\/uploads\/2022\/06\/9-Superbikero-re\u0301troviseur-MD-768x673.jpg 768w, https:\/\/www.bergundtal.com\/wp-content\/uploads\/2022\/06\/9-Superbikero-re\u0301troviseur-MD-700x613.jpg 700w, https:\/\/www.bergundtal.com\/wp-content\/uploads\/2022\/06\/9-Superbikero-re\u0301troviseur-MD-332x291.jpg 332w\" sizes=\"(max-width: 861px) 100vw, 861px\" \/><\/figure>\n\n\n\n<p><\/p>\n\n\n\n<h4 class=\"has-text-color has-text-align-left\" style=\"color:#2a13c3\"><strong>RockShox Flight Attendant &#8211; elektronisches Mountainbike-Fahrwerk, SRAM \/ RockShox<\/strong><\/h4>\n\n\n\n<figure class=\"wp-block-image size-large\"><img data-attachment-id=\"17999\" data-permalink=\"https:\/\/www.bergundtal.com\/?attachment_id=17999\" data-orig-file=\"https:\/\/www.bergundtal.com\/wp-content\/uploads\/2022\/06\/6-R_FA_BikePortraits_CO_AS_3000_H.jpg.800x0_q85_crop.jpg\" data-orig-size=\"800,533\" data-comments-opened=\"0\" data-image-meta=\"{&quot;aperture&quot;:&quot;0&quot;,&quot;credit&quot;:&quot;Picasa&quot;,&quot;camera&quot;:&quot;&quot;,&quot;caption&quot;:&quot;&quot;,&quot;created_timestamp&quot;:&quot;1656527318&quot;,&quot;copyright&quot;:&quot;&quot;,&quot;focal_length&quot;:&quot;0&quot;,&quot;iso&quot;:&quot;0&quot;,&quot;shutter_speed&quot;:&quot;0&quot;,&quot;title&quot;:&quot;&quot;,&quot;orientation&quot;:&quot;0&quot;}\" data-image-title=\"6-R_FA_BikePortraits_CO_AS_3000_H.jpg.800x0_q85_crop\" data-image-description=\"\" data-image-caption=\"\" data-medium-file=\"https:\/\/www.bergundtal.com\/wp-content\/uploads\/2022\/06\/6-R_FA_BikePortraits_CO_AS_3000_H.jpg.800x0_q85_crop-300x200.jpg\" data-large-file=\"https:\/\/www.bergundtal.com\/wp-content\/uploads\/2022\/06\/6-R_FA_BikePortraits_CO_AS_3000_H.jpg.800x0_q85_crop.jpg\" decoding=\"async\" loading=\"lazy\" width=\"800\" height=\"533\" src=\"https:\/\/www.bergundtal.com\/wp-content\/uploads\/2022\/06\/6-R_FA_BikePortraits_CO_AS_3000_H.jpg.800x0_q85_crop.jpg\" alt=\"\" class=\"wp-image-17999\" srcset=\"https:\/\/www.bergundtal.com\/wp-content\/uploads\/2022\/06\/6-R_FA_BikePortraits_CO_AS_3000_H.jpg.800x0_q85_crop.jpg 800w, https:\/\/www.bergundtal.com\/wp-content\/uploads\/2022\/06\/6-R_FA_BikePortraits_CO_AS_3000_H.jpg.800x0_q85_crop-300x200.jpg 300w, https:\/\/www.bergundtal.com\/wp-content\/uploads\/2022\/06\/6-R_FA_BikePortraits_CO_AS_3000_H.jpg.800x0_q85_crop-768x512.jpg 768w, https:\/\/www.bergundtal.com\/wp-content\/uploads\/2022\/06\/6-R_FA_BikePortraits_CO_AS_3000_H.jpg.800x0_q85_crop-700x466.jpg 700w, https:\/\/www.bergundtal.com\/wp-content\/uploads\/2022\/06\/6-R_FA_BikePortraits_CO_AS_3000_H.jpg.800x0_q85_crop-332x221.jpg 332w\" sizes=\"(max-width: 800px) 100vw, 800px\" \/><\/figure>\n\n\n\n<p>Das einzige automatische Fahrwerkssystem, das auf den\nFahrer h\u00f6rt und in Echtzeit reagiert. Flight Attendant nutzt eine\nReihe von Sensoren, um Fahrer- und Gel\u00e4ndedaten zu erfassen und die\nperfekte Fahrwerksposition zu finden. So kannst du schneller und\nl\u00e4nger fahren und verbringst weniger Zeit mit dem Einstellen deines\nFahrwerks und hast mehr Energie f\u00fcr das, was am wichtigsten ist: der\ngrenzenlosen Freude am Fahren.<\/p>\n","protected":false},"excerpt":{"rendered":"<p>Eurobike 2022 in Frankfurt &#8211; der Countdown l\u00e4uft, in zwei Wochen trifft sich die Fahrradwelt zur EUROBIKE in Frankfurt. Auf 140.000 Quadratmetern in sieben Hallen sowie dem gro\u00dfen Au\u00dfengel\u00e4nde werden die Neuheiten der Fahrrad- und Mobilit\u00e4tswelt pr\u00e4sentiert. Unz\u00e4hlige Konferenzen, Netzwerktreffen, Pr\u00e4sentationen und Workshops sowie das bunte EUROBIKE CITY Programm bieten &#8230;<\/p>\n","protected":false},"author":2,"featured_media":18001,"comment_status":"closed","ping_status":"closed","sticky":false,"template":"","format":"standard","meta":{"jetpack_post_was_ever_published":false,"jetpack_publicize_message":"","jetpack_is_tweetstorm":false,"jetpack_publicize_feature_enabled":true,"jetpack_social_options":[]},"categories":[365,360],"tags":[],"coauthors":[461],"jetpack_publicize_connections":[],"jetpack_featured_media_url":"https:\/\/www.bergundtal.com\/wp-content\/uploads\/2022\/06\/1-1-Logo_EUROBIKE_RGB.jpg","jetpack_shortlink":"https:\/\/wp.me\/p3YISc-4G7","jetpack_sharing_enabled":true,"_links":{"self":[{"href":"https:\/\/www.bergundtal.com\/index.php?rest_route=\/wp\/v2\/posts\/17987"}],"collection":[{"href":"https:\/\/www.bergundtal.com\/index.php?rest_route=\/wp\/v2\/posts"}],"about":[{"href":"https:\/\/www.bergundtal.com\/index.php?rest_route=\/wp\/v2\/types\/post"}],"author":[{"embeddable":true,"href":"https:\/\/www.bergundtal.com\/index.php?rest_route=\/wp\/v2\/users\/2"}],"replies":[{"embeddable":true,"href":"https:\/\/www.bergundtal.com\/index.php?rest_route=%2Fwp%2Fv2%2Fcomments&post=17987"}],"version-history":[{"count":2,"href":"https:\/\/www.bergundtal.com\/index.php?rest_route=\/wp\/v2\/posts\/17987\/revisions"}],"predecessor-version":[{"id":18002,"href":"https:\/\/www.bergundtal.com\/index.php?rest_route=\/wp\/v2\/posts\/17987\/revisions\/18002"}],"wp:featuredmedia":[{"embeddable":true,"href":"https:\/\/www.bergundtal.com\/index.php?rest_route=\/wp\/v2\/media\/18001"}],"wp:attachment":[{"href":"https:\/\/www.bergundtal.com\/index.php?rest_route=%2Fwp%2Fv2%2Fmedia&parent=17987"}],"wp:term":[{"taxonomy":"category","embeddable":true,"href":"https:\/\/www.bergundtal.com\/index.php?rest_route=%2Fwp%2Fv2%2Fcategories&post=17987"},{"taxonomy":"post_tag","embeddable":true,"href":"https:\/\/www.bergundtal.com\/index.php?rest_route=%2Fwp%2Fv2%2Ftags&post=17987"},{"taxonomy":"author","embeddable":true,"href":"https:\/\/www.bergundtal.com\/index.php?rest_route=%2Fwp%2Fv2%2Fcoauthors&post=17987"}],"curies":[{"name":"wp","href":"https:\/\/api.w.org\/{rel}","templated":true}]}}