{"id":1873,"date":"2014-06-17T22:01:06","date_gmt":"2014-06-17T20:01:06","guid":{"rendered":"http:\/\/www.bergundtal.com\/?p=1873"},"modified":"2015-08-16T12:26:19","modified_gmt":"2015-08-16T10:26:19","slug":"fitbit-flex-10-000-schritte-jeden-tag","status":"publish","type":"post","link":"https:\/\/www.bergundtal.com\/?p=1873","title":{"rendered":"Fitbit Flex &#8211; 10.000 Schritte jeden Tag"},"content":{"rendered":"<figure id=\"attachment_1877\" aria-describedby=\"caption-attachment-1877\" style=\"width: 300px\" class=\"wp-caption alignleft\"><img data-attachment-id=\"1877\" data-permalink=\"https:\/\/www.bergundtal.com\/?attachment_id=1877\" data-orig-file=\"https:\/\/www.bergundtal.com\/wp-content\/uploads\/2014\/06\/Flex_Schuh.jpg\" data-orig-size=\"2016,1344\" data-comments-opened=\"1\" data-image-meta=\"{&quot;aperture&quot;:&quot;2.2&quot;,&quot;credit&quot;:&quot;&quot;,&quot;camera&quot;:&quot;Canon EOS 5D Mark III&quot;,&quot;caption&quot;:&quot;&quot;,&quot;created_timestamp&quot;:&quot;1355143591&quot;,&quot;copyright&quot;:&quot;&quot;,&quot;focal_length&quot;:&quot;50&quot;,&quot;iso&quot;:&quot;400&quot;,&quot;shutter_speed&quot;:&quot;0.0005&quot;,&quot;title&quot;:&quot;&quot;}\" data-image-title=\"Flex_Schuh\" data-image-description=\"\" data-image-caption=\"\" data-medium-file=\"https:\/\/www.bergundtal.com\/wp-content\/uploads\/2014\/06\/Flex_Schuh-300x200.jpg\" data-large-file=\"https:\/\/www.bergundtal.com\/wp-content\/uploads\/2014\/06\/Flex_Schuh-1024x682.jpg\" decoding=\"async\" loading=\"lazy\" class=\"wp-image-1877 size-medium\" style=\"font-family: 'Open Sans', sans-serif; font-size: 15px; line-height: 24px; font-style: normal; font-variant: normal;\" src=\"http:\/\/www.bergundtal.com\/wp-content\/uploads\/2014\/06\/Flex_Schuh-300x200.jpg\" alt=\"Flex_Schuh\" width=\"300\" height=\"200\" srcset=\"https:\/\/www.bergundtal.com\/wp-content\/uploads\/2014\/06\/Flex_Schuh-300x200.jpg 300w, https:\/\/www.bergundtal.com\/wp-content\/uploads\/2014\/06\/Flex_Schuh-1024x682.jpg 1024w, https:\/\/www.bergundtal.com\/wp-content\/uploads\/2014\/06\/Flex_Schuh-700x466.jpg 700w, https:\/\/www.bergundtal.com\/wp-content\/uploads\/2014\/06\/Flex_Schuh-332x221.jpg 332w, https:\/\/www.bergundtal.com\/wp-content\/uploads\/2014\/06\/Flex_Schuh.jpg 2016w\" sizes=\"(max-width: 300px) 100vw, 300px\" \/><figcaption id=\"caption-attachment-1877\" class=\"wp-caption-text\">Foto: HBI<\/figcaption><\/figure>\n<p>Die Benutzung digitaler Pulsuhren, Tachos und anderer elektronischer Sensoren ist schon lange allt\u00e4glich.<\/p>\n<p>Mit den kleinen Aktivit\u00e4tstrackern wie beispielsweise dem Fitbit\u00a0Flex zieht nun der Sport in den Alltag ein.<\/p>\n<p>\u00c4u\u00dferlich f\u00e4llt zun\u00e4chst gar nicht auf, was sich hinter dem Fitbit Flex verbirgt. Es ist ein schickes, modisches Armband &#8211; in sieben peppigen Farben erh\u00e4ltlich. Dahinter steckt aber geballte Technik!<\/p>\n<p>Mit einem Bewegungssensor zeichnet der Flex kontinuierlich die Bewegung seines Tr\u00e4gers auf. Daraus errechnet er gegangene Schritte, zur\u00fcckgelegte Entfernungen und verbrauchte Kalorien. Diese Daten k\u00f6nnen kabellos mittels Bluetooth an den Computer oder an ein Smartphone \u00fcbermittelt werden.<\/p>\n<figure id=\"attachment_1878\" aria-describedby=\"caption-attachment-1878\" style=\"width: 300px\" class=\"wp-caption aligncenter\"><a href=\"http:\/\/www.bergundtal.com\/wp-content\/uploads\/2014\/06\/Flex_4-Farben.jpg\"><img data-attachment-id=\"1878\" data-permalink=\"https:\/\/www.bergundtal.com\/?attachment_id=1878\" data-orig-file=\"https:\/\/www.bergundtal.com\/wp-content\/uploads\/2014\/06\/Flex_4-Farben.jpg\" data-orig-size=\"907,442\" data-comments-opened=\"1\" data-image-meta=\"{&quot;aperture&quot;:&quot;0&quot;,&quot;credit&quot;:&quot;&quot;,&quot;camera&quot;:&quot;&quot;,&quot;caption&quot;:&quot;&quot;,&quot;created_timestamp&quot;:&quot;0&quot;,&quot;copyright&quot;:&quot;&quot;,&quot;focal_length&quot;:&quot;0&quot;,&quot;iso&quot;:&quot;0&quot;,&quot;shutter_speed&quot;:&quot;0&quot;,&quot;title&quot;:&quot;&quot;}\" data-image-title=\"Flex_4 Farben\" data-image-description=\"\" data-image-caption=\"\" data-medium-file=\"https:\/\/www.bergundtal.com\/wp-content\/uploads\/2014\/06\/Flex_4-Farben-300x146.jpg\" data-large-file=\"https:\/\/www.bergundtal.com\/wp-content\/uploads\/2014\/06\/Flex_4-Farben.jpg\" decoding=\"async\" loading=\"lazy\" class=\"wp-image-1878 size-medium\" src=\"http:\/\/www.bergundtal.com\/wp-content\/uploads\/2014\/06\/Flex_4-Farben-300x146.jpg\" alt=\"Flex_4 Farben\" width=\"300\" height=\"146\" srcset=\"https:\/\/www.bergundtal.com\/wp-content\/uploads\/2014\/06\/Flex_4-Farben-300x146.jpg 300w, https:\/\/www.bergundtal.com\/wp-content\/uploads\/2014\/06\/Flex_4-Farben-700x341.jpg 700w, https:\/\/www.bergundtal.com\/wp-content\/uploads\/2014\/06\/Flex_4-Farben-332x161.jpg 332w, https:\/\/www.bergundtal.com\/wp-content\/uploads\/2014\/06\/Flex_4-Farben.jpg 907w\" sizes=\"(max-width: 300px) 100vw, 300px\" \/><\/a><figcaption id=\"caption-attachment-1878\" class=\"wp-caption-text\">Foto: HBI<\/figcaption><\/figure>\n<p>Die zugeh\u00f6rige App bzw. die Web-Platform wertet diese Daten dann aus und stellt passende Diagramme und Statistiken zusammen. Wie viele Schritte bin ich heute , in der letzten Woche, im letzten Monat schon gegangen? Welche Entfernungen habe ich zur\u00fcckgelegt? Und noch vieles mehr. F\u00fcr besondere Leistungen gibt es virtuelle Abzeichen (f\u00fcr beispielsweise 25.000 Schritte, 250 Kilometer, etc.)<\/p>\n<p>Dar\u00fcber hinaus fordert uns der Fitbit Flex jeden Tag auf&#8217;s Neue heraus, ein gestecktes Tagesziel zu erreichen. In der Grundeinstellung ist es das Ziel, jeden Tag 10.000 Schritte zu gehen. Wie nah ich meinem Ziel gekommen bin, zeigt mir der Flex mittels f\u00fcnf kleiner LEDs an. Wenn man 2x auf das Armband tippt, leuchten die LEDs kurz auf. F\u00fcr je 20% des Ziels leuchtet eine LED und f\u00fcr die n\u00e4chsten angefangenen Prozente blinkt eine LED. Wenn also drei LEDs leuchten und die vierte blinkt, wei\u00df ich sofort, dass ich schon zwischen 6.000 und 8.000 Schritte gegangen bin. Wenn das Ziel erreicht ist, vibriert das Armband und alle 5 LEDs leuchten. Die Ziele lassen sich leicht \u00fcber die App individuell ver\u00e4ndern: Man kann unter anderem die Anzahl der Schritte ver\u00e4ndern, eine Entfernung oder einen bestimmten Kalorienverbrauch als Ziel angeben.<\/p>\n<p>Im Schlafmodus zeichnet der Flex nicht die Bewegungen sondern Schlaf- und Wachphasen auf. Wenn man also morgens v\u00f6llig ger\u00e4dert aus dem Bett aufsteht, liefert einem der Fitbit Flex gleich die passende Erkl\u00e4rung daf\u00fcr.<\/p>\n<p>Aber wie pr\u00e4zise sind die aufgezeichneten Daten?<br \/>\nAuf einer abgemessenen Strecke von einem Kilometer habe ich Schritte gez\u00e4hlt und das Ergebnis ist schon erstaunlich: gez\u00e4hlt habe ich 1080 Schritte &#8211; der Flex hat 1100 Schritte gemessen. Bei dieser Entfernung betr\u00e4gt der Unterschied also gerade einmal 2 Meter!<br \/>\nEine Anmerkung mit einem Augenzwinkern: Sogar beim Skifahren liefert der Flex brauchbare Werte: hier hat der Flex 42 Schritte gez\u00e4hlt, tats\u00e4chlich waren es ca. 35 Kurven &#8211; die Entfernungen stimmen allerdings hier nicht.<\/p>\n<p>Wo sind die Schw\u00e4chen des Flex?<br \/>\nDer gr\u00f6\u00dfte Kritikpunkt betrifft die Kalorienz\u00e4hlung: Die t\u00e4gliche Kalorienverbrauch wird aus den pers\u00f6nlichen Parametern des Benutzers ermittelt (Gr\u00f6\u00dfe, Gewicht, Geschlecht &amp; Alter). Allerdings flie\u00dft hier nicht der Grundumsatz des Benutzers mit ein, der sich bei aktiven Menschen deutlich von weniger aktiven Menschen unterscheiden kann.<br \/>\nEin weiterer Kritikpunkt ist, dass die Synchronisation mit dem Smartphone nur funktioniert, wenn das Telefon Zugang zum Internet hat. Wenn man beispielsweise im Ausland &#8222;Mobile Daten&#8220; nicht aktiviert hat, werden die Auswertungen immer nur f\u00fcr den aktuellen Tag angezeigt, auf die Historie kann erst wieder zugegriffen werden, wenn der Internetzugang wieder hergestellt ist. \u00c4rgerlicherweise lassen sich dann beispielsweise auch die Alarme nicht einstellen, bei denen der Flex zu einem bestimmten Zeitpunkt vibriert.<br \/>\nDer letzte Punkt ist wiederum eher witzig: Unter Umst\u00e4nden wird der Schlafmodus sehr leicht aktiviert. Beispielsweise ist es mir mehrfach passiert, dass der Flex durch die Ersch\u00fctterung den Schlafmodus aktiviert hat, als ich den Einkaufswagen \u00fcber den Supermarkt-Parkplatz geschoben habe. Aber in aller Regel merkt man das sofort und kann dann den Schlafmodus durch Antippen auch sofort wieder beenden.<\/p>\n<figure id=\"attachment_1879\" aria-describedby=\"caption-attachment-1879\" style=\"width: 300px\" class=\"wp-caption alignright\"><a href=\"http:\/\/www.bergundtal.com\/wp-content\/uploads\/2014\/06\/Alltag_Frau.jpg\"><img data-attachment-id=\"1879\" data-permalink=\"https:\/\/www.bergundtal.com\/?attachment_id=1879\" data-orig-file=\"https:\/\/www.bergundtal.com\/wp-content\/uploads\/2014\/06\/Alltag_Frau.jpg\" data-orig-size=\"1382,922\" data-comments-opened=\"1\" data-image-meta=\"{&quot;aperture&quot;:&quot;4&quot;,&quot;credit&quot;:&quot;&quot;,&quot;camera&quot;:&quot;Canon EOS 5D Mark III&quot;,&quot;caption&quot;:&quot;&quot;,&quot;created_timestamp&quot;:&quot;1355226163&quot;,&quot;copyright&quot;:&quot;&quot;,&quot;focal_length&quot;:&quot;50&quot;,&quot;iso&quot;:&quot;320&quot;,&quot;shutter_speed&quot;:&quot;0.00125&quot;,&quot;title&quot;:&quot;&quot;}\" data-image-title=\"Alltag_Frau\" data-image-description=\"\" data-image-caption=\"\" data-medium-file=\"https:\/\/www.bergundtal.com\/wp-content\/uploads\/2014\/06\/Alltag_Frau-300x200.jpg\" data-large-file=\"https:\/\/www.bergundtal.com\/wp-content\/uploads\/2014\/06\/Alltag_Frau-1024x683.jpg\" decoding=\"async\" loading=\"lazy\" class=\"wp-image-1879 size-medium\" src=\"http:\/\/www.bergundtal.com\/wp-content\/uploads\/2014\/06\/Alltag_Frau-300x200.jpg\" alt=\"Alltag_Frau\" width=\"300\" height=\"200\" srcset=\"https:\/\/www.bergundtal.com\/wp-content\/uploads\/2014\/06\/Alltag_Frau-300x200.jpg 300w, https:\/\/www.bergundtal.com\/wp-content\/uploads\/2014\/06\/Alltag_Frau-1024x683.jpg 1024w, https:\/\/www.bergundtal.com\/wp-content\/uploads\/2014\/06\/Alltag_Frau-700x467.jpg 700w, https:\/\/www.bergundtal.com\/wp-content\/uploads\/2014\/06\/Alltag_Frau-332x221.jpg 332w, https:\/\/www.bergundtal.com\/wp-content\/uploads\/2014\/06\/Alltag_Frau.jpg 1382w\" sizes=\"(max-width: 300px) 100vw, 300px\" \/><\/a><figcaption id=\"caption-attachment-1879\" class=\"wp-caption-text\">Foto: HBI<\/figcaption><\/figure>\n<p>Ist der Flex zu empfehlen?<br \/>\nEigentlich muss man das ganze System aus Tracker und Web- oder Smartphone-Anwendung betrachten. Fitbit hat hier ein spannendes und attraktives Packet geschn\u00fcrt. Der Flex ist schlicht und modisch. Die Bedienung ist leicht und intuitiv. Die Daten\u00fcbertragung zwischen Flex und Smartphone oder Computer funktioniert problemlos \u00a0und zuverl\u00e4ssig. Die Anwendungen sind sehr ansprechend gestaltet und sehr leicht zu bedienen. F\u00fcr sportliche Leistungsmessung sind die gesammelten Daten sicherlich nicht genau genug. Aber leistungsorientierte Sportler sind sicherlich auch nicht die Hauptzielgruppe. Daf\u00fcr motiviert der Flex aber dazu, abends eben doch noch den kleinen Spaziergang zu machen um die 10.000 Schritte zu erreichen.<\/p>\n","protected":false},"excerpt":{"rendered":"<p>Die Benutzung digitaler Pulsuhren, Tachos und anderer elektronischer Sensoren ist schon lange allt\u00e4glich. Mit den kleinen Aktivit\u00e4tstrackern wie beispielsweise dem Fitbit\u00a0Flex zieht nun der Sport in den Alltag ein. \u00c4u\u00dferlich f\u00e4llt zun\u00e4chst gar nicht auf, was sich hinter dem Fitbit Flex verbirgt. Es ist ein schickes, modisches Armband &#8211; in &#8230;<\/p>\n","protected":false},"author":3,"featured_media":0,"comment_status":"open","ping_status":"open","sticky":false,"template":"","format":"standard","meta":{"jetpack_post_was_ever_published":false,"jetpack_publicize_message":"","jetpack_is_tweetstorm":false,"jetpack_publicize_feature_enabled":true,"jetpack_social_options":[]},"categories":[377],"tags":[],"coauthors":[],"jetpack_publicize_connections":[],"jetpack_featured_media_url":"","jetpack_shortlink":"https:\/\/wp.me\/p3YISc-ud","jetpack_sharing_enabled":true,"_links":{"self":[{"href":"https:\/\/www.bergundtal.com\/index.php?rest_route=\/wp\/v2\/posts\/1873"}],"collection":[{"href":"https:\/\/www.bergundtal.com\/index.php?rest_route=\/wp\/v2\/posts"}],"about":[{"href":"https:\/\/www.bergundtal.com\/index.php?rest_route=\/wp\/v2\/types\/post"}],"author":[{"embeddable":true,"href":"https:\/\/www.bergundtal.com\/index.php?rest_route=\/wp\/v2\/users\/3"}],"replies":[{"embeddable":true,"href":"https:\/\/www.bergundtal.com\/index.php?rest_route=%2Fwp%2Fv2%2Fcomments&post=1873"}],"version-history":[{"count":6,"href":"https:\/\/www.bergundtal.com\/index.php?rest_route=\/wp\/v2\/posts\/1873\/revisions"}],"predecessor-version":[{"id":2194,"href":"https:\/\/www.bergundtal.com\/index.php?rest_route=\/wp\/v2\/posts\/1873\/revisions\/2194"}],"wp:attachment":[{"href":"https:\/\/www.bergundtal.com\/index.php?rest_route=%2Fwp%2Fv2%2Fmedia&parent=1873"}],"wp:term":[{"taxonomy":"category","embeddable":true,"href":"https:\/\/www.bergundtal.com\/index.php?rest_route=%2Fwp%2Fv2%2Fcategories&post=1873"},{"taxonomy":"post_tag","embeddable":true,"href":"https:\/\/www.bergundtal.com\/index.php?rest_route=%2Fwp%2Fv2%2Ftags&post=1873"},{"taxonomy":"author","embeddable":true,"href":"https:\/\/www.bergundtal.com\/index.php?rest_route=%2Fwp%2Fv2%2Fcoauthors&post=1873"}],"curies":[{"name":"wp","href":"https:\/\/api.w.org\/{rel}","templated":true}]}}