{"id":20103,"date":"2023-01-19T18:13:04","date_gmt":"2023-01-19T17:13:04","guid":{"rendered":"https:\/\/www.bergundtal.com\/?p=20103"},"modified":"2023-02-02T11:47:40","modified_gmt":"2023-02-02T10:47:40","slug":"kinder-skilauf-teil-3skigebiete-fuer-kinder-und-familien","status":"publish","type":"post","link":"https:\/\/www.bergundtal.com\/?p=20103","title":{"rendered":"<strong>Kinder Skilauf Teil 3<br>Skigebiete f\u00fcr Kinder und Familien<\/strong>"},"content":{"rendered":"\n<p><em><strong>Der Klimawandel macht sich auch in den k\u00fchleren Jahreszeiten immer deutlicher bemerkbar und holt damit auch den Wintersport ein. Die Gletscher schmelzen, die Schneefallgrenze steigt \u2013 daran l\u00e4sst der Alpenklima-Bericht kaum Zweifel.<br>Zudem k\u00f6nnen sich immer weniger Familien Skiurlaub leisten. Wintersportorte m\u00fcssen deshalb umdenken; sie m\u00fcssen Alternativen zum alpinen Skilaufen suchen, und sie m\u00fcssen in der verbleibenden Zeit Familien und damit Kinder \u00fcber attraktive Angebote in die Skigebiete holen und dieses m\u00fcssen vor allem finanzielle Angebote sein. <\/strong><\/em><br><em><strong><span style=\"text-decoration: underline;\">\u201eKinder sind unsere Zukunft\u201c <\/span>&#8211; diese Aussage gilt nat\u00fcrlich auch f\u00fcr den Wintersport und den Wintertourismus!<\/strong><\/em><\/p>\n\n\n\n<figure data-carousel-extra='{\"blog_id\":1,\"permalink\":\"https:\\\/\\\/www.bergundtal.com\\\/?p=20103\"}'  class=\"is-layout-flex wp-block-gallery-1 wp-block-gallery has-nested-images columns-default is-cropped\">\n<figure class=\"wp-block-image size-large\"><a href=\"https:\/\/www.bergundtal.com\/wp-content\/uploads\/2023\/01\/Bilder-30.jpg\"><img data-attachment-id=\"20108\" data-permalink=\"https:\/\/www.bergundtal.com\/?attachment_id=20108\" data-orig-file=\"https:\/\/www.bergundtal.com\/wp-content\/uploads\/2023\/01\/Bilder-30.jpg\" data-orig-size=\"516,509\" data-comments-opened=\"0\" data-image-meta=\"{&quot;aperture&quot;:&quot;7.1&quot;,&quot;credit&quot;:&quot;Picasa&quot;,&quot;camera&quot;:&quot;DMC-FZ200&quot;,&quot;caption&quot;:&quot;&quot;,&quot;created_timestamp&quot;:&quot;1457090799&quot;,&quot;copyright&quot;:&quot;&quot;,&quot;focal_length&quot;:&quot;13.5&quot;,&quot;iso&quot;:&quot;100&quot;,&quot;shutter_speed&quot;:&quot;0.000625&quot;,&quot;title&quot;:&quot;&quot;,&quot;orientation&quot;:&quot;0&quot;}\" data-image-title=\"Bilder-30\" data-image-description=\"\" data-image-caption=\"\" data-medium-file=\"https:\/\/www.bergundtal.com\/wp-content\/uploads\/2023\/01\/Bilder-30-300x296.jpg\" data-large-file=\"https:\/\/www.bergundtal.com\/wp-content\/uploads\/2023\/01\/Bilder-30.jpg\" decoding=\"async\" loading=\"lazy\" width=\"516\" height=\"509\" data-id=\"20108\"  src=\"https:\/\/www.bergundtal.com\/wp-content\/uploads\/2023\/01\/Bilder-30.jpg\" alt=\"\" class=\"wp-image-20108\" srcset=\"https:\/\/www.bergundtal.com\/wp-content\/uploads\/2023\/01\/Bilder-30.jpg 516w, https:\/\/www.bergundtal.com\/wp-content\/uploads\/2023\/01\/Bilder-30-300x296.jpg 300w, https:\/\/www.bergundtal.com\/wp-content\/uploads\/2023\/01\/Bilder-30-332x327.jpg 332w\" sizes=\"(max-width: 516px) 100vw, 516px\" \/><\/a><\/figure>\n\n\n\n<figure class=\"wp-block-image size-large\"><a href=\"https:\/\/www.bergundtal.com\/wp-content\/uploads\/2023\/01\/P1170639-1.jpg\"><img data-attachment-id=\"20110\" data-permalink=\"https:\/\/www.bergundtal.com\/?attachment_id=20110\" data-orig-file=\"https:\/\/www.bergundtal.com\/wp-content\/uploads\/2023\/01\/P1170639-1.jpg\" data-orig-size=\"1122,1600\" data-comments-opened=\"0\" data-image-meta=\"{&quot;aperture&quot;:&quot;4.5&quot;,&quot;credit&quot;:&quot;Picasa&quot;,&quot;camera&quot;:&quot;DMC-FZ200&quot;,&quot;caption&quot;:&quot;&quot;,&quot;created_timestamp&quot;:&quot;1491990975&quot;,&quot;copyright&quot;:&quot;&quot;,&quot;focal_length&quot;:&quot;21.4&quot;,&quot;iso&quot;:&quot;100&quot;,&quot;shutter_speed&quot;:&quot;0.000625&quot;,&quot;title&quot;:&quot;&quot;,&quot;orientation&quot;:&quot;0&quot;}\" data-image-title=\"P1170639-1\" data-image-description=\"\" data-image-caption=\"\" data-medium-file=\"https:\/\/www.bergundtal.com\/wp-content\/uploads\/2023\/01\/P1170639-1-210x300.jpg\" data-large-file=\"https:\/\/www.bergundtal.com\/wp-content\/uploads\/2023\/01\/P1170639-1-718x1024.jpg\" decoding=\"async\" loading=\"lazy\" width=\"718\" height=\"1024\" data-id=\"20110\"  src=\"https:\/\/www.bergundtal.com\/wp-content\/uploads\/2023\/01\/P1170639-1-718x1024.jpg\" alt=\"\" class=\"wp-image-20110\" srcset=\"https:\/\/www.bergundtal.com\/wp-content\/uploads\/2023\/01\/P1170639-1-718x1024.jpg 718w, https:\/\/www.bergundtal.com\/wp-content\/uploads\/2023\/01\/P1170639-1-210x300.jpg 210w, https:\/\/www.bergundtal.com\/wp-content\/uploads\/2023\/01\/P1170639-1-768x1095.jpg 768w, https:\/\/www.bergundtal.com\/wp-content\/uploads\/2023\/01\/P1170639-1-1077x1536.jpg 1077w, https:\/\/www.bergundtal.com\/wp-content\/uploads\/2023\/01\/P1170639-1-700x998.jpg 700w, https:\/\/www.bergundtal.com\/wp-content\/uploads\/2023\/01\/P1170639-1-332x473.jpg 332w, https:\/\/www.bergundtal.com\/wp-content\/uploads\/2023\/01\/P1170639-1.jpg 1122w\" sizes=\"(max-width: 718px) 100vw, 718px\" \/><\/a><\/figure>\n\n\n\n<figure class=\"wp-block-image size-large\"><a href=\"https:\/\/www.bergundtal.com\/wp-content\/uploads\/2023\/01\/P1060697.jpg\"><img data-attachment-id=\"20111\" data-permalink=\"https:\/\/www.bergundtal.com\/?attachment_id=20111\" data-orig-file=\"https:\/\/www.bergundtal.com\/wp-content\/uploads\/2023\/01\/P1060697.jpg\" data-orig-size=\"1102,1600\" data-comments-opened=\"0\" data-image-meta=\"{&quot;aperture&quot;:&quot;5.6&quot;,&quot;credit&quot;:&quot;Picasa&quot;,&quot;camera&quot;:&quot;DMC-FZ200&quot;,&quot;caption&quot;:&quot;&quot;,&quot;created_timestamp&quot;:&quot;1424001650&quot;,&quot;copyright&quot;:&quot;&quot;,&quot;focal_length&quot;:&quot;17.4&quot;,&quot;iso&quot;:&quot;100&quot;,&quot;shutter_speed&quot;:&quot;0.0005&quot;,&quot;title&quot;:&quot;&quot;,&quot;orientation&quot;:&quot;0&quot;}\" data-image-title=\"P1060697\" data-image-description=\"\" data-image-caption=\"\" data-medium-file=\"https:\/\/www.bergundtal.com\/wp-content\/uploads\/2023\/01\/P1060697-207x300.jpg\" data-large-file=\"https:\/\/www.bergundtal.com\/wp-content\/uploads\/2023\/01\/P1060697-705x1024.jpg\" decoding=\"async\" loading=\"lazy\" width=\"705\" height=\"1024\" data-id=\"20111\"  src=\"https:\/\/www.bergundtal.com\/wp-content\/uploads\/2023\/01\/P1060697-705x1024.jpg\" alt=\"\" class=\"wp-image-20111\" srcset=\"https:\/\/www.bergundtal.com\/wp-content\/uploads\/2023\/01\/P1060697-705x1024.jpg 705w, https:\/\/www.bergundtal.com\/wp-content\/uploads\/2023\/01\/P1060697-207x300.jpg 207w, https:\/\/www.bergundtal.com\/wp-content\/uploads\/2023\/01\/P1060697-768x1115.jpg 768w, https:\/\/www.bergundtal.com\/wp-content\/uploads\/2023\/01\/P1060697-1058x1536.jpg 1058w, https:\/\/www.bergundtal.com\/wp-content\/uploads\/2023\/01\/P1060697-700x1016.jpg 700w, https:\/\/www.bergundtal.com\/wp-content\/uploads\/2023\/01\/P1060697-332x482.jpg 332w, https:\/\/www.bergundtal.com\/wp-content\/uploads\/2023\/01\/P1060697.jpg 1102w\" sizes=\"(max-width: 705px) 100vw, 705px\" \/><\/a><\/figure>\n\n\n\n<figure class=\"wp-block-image size-large\"><a href=\"https:\/\/www.bergundtal.com\/wp-content\/uploads\/2023\/01\/Bilder-10.jpg\"><img data-attachment-id=\"20112\" data-permalink=\"https:\/\/www.bergundtal.com\/?attachment_id=20112\" data-orig-file=\"https:\/\/www.bergundtal.com\/wp-content\/uploads\/2023\/01\/Bilder-10.jpg\" data-orig-size=\"1210,1600\" data-comments-opened=\"0\" data-image-meta=\"{&quot;aperture&quot;:&quot;6.3&quot;,&quot;credit&quot;:&quot;Picasa&quot;,&quot;camera&quot;:&quot;DMC-FZ200&quot;,&quot;caption&quot;:&quot;&quot;,&quot;created_timestamp&quot;:&quot;1555503261&quot;,&quot;copyright&quot;:&quot;&quot;,&quot;focal_length&quot;:&quot;11.4&quot;,&quot;iso&quot;:&quot;100&quot;,&quot;shutter_speed&quot;:&quot;0.000625&quot;,&quot;title&quot;:&quot;&quot;,&quot;orientation&quot;:&quot;0&quot;}\" data-image-title=\"Bilder-10\" data-image-description=\"\" data-image-caption=\"\" data-medium-file=\"https:\/\/www.bergundtal.com\/wp-content\/uploads\/2023\/01\/Bilder-10-227x300.jpg\" data-large-file=\"https:\/\/www.bergundtal.com\/wp-content\/uploads\/2023\/01\/Bilder-10-774x1024.jpg\" decoding=\"async\" loading=\"lazy\" width=\"774\" height=\"1024\" data-id=\"20112\"  src=\"https:\/\/www.bergundtal.com\/wp-content\/uploads\/2023\/01\/Bilder-10-774x1024.jpg\" alt=\"\" class=\"wp-image-20112\" srcset=\"https:\/\/www.bergundtal.com\/wp-content\/uploads\/2023\/01\/Bilder-10-774x1024.jpg 774w, https:\/\/www.bergundtal.com\/wp-content\/uploads\/2023\/01\/Bilder-10-227x300.jpg 227w, https:\/\/www.bergundtal.com\/wp-content\/uploads\/2023\/01\/Bilder-10-768x1016.jpg 768w, https:\/\/www.bergundtal.com\/wp-content\/uploads\/2023\/01\/Bilder-10-1162x1536.jpg 1162w, https:\/\/www.bergundtal.com\/wp-content\/uploads\/2023\/01\/Bilder-10-700x926.jpg 700w, https:\/\/www.bergundtal.com\/wp-content\/uploads\/2023\/01\/Bilder-10-332x439.jpg 332w, https:\/\/www.bergundtal.com\/wp-content\/uploads\/2023\/01\/Bilder-10.jpg 1210w\" sizes=\"(max-width: 774px) 100vw, 774px\" \/><\/a><\/figure>\n\n\n\n<figure class=\"wp-block-image size-large\"><a href=\"https:\/\/www.bergundtal.com\/wp-content\/uploads\/2023\/01\/DSC00726-scaled.jpg\"><img data-attachment-id=\"20114\" data-permalink=\"https:\/\/www.bergundtal.com\/?attachment_id=20114\" data-orig-file=\"https:\/\/www.bergundtal.com\/wp-content\/uploads\/2023\/01\/DSC00726-edited-scaled.jpg\" data-orig-size=\"2560,2560\" data-comments-opened=\"0\" data-image-meta=\"{&quot;aperture&quot;:&quot;5.6&quot;,&quot;credit&quot;:&quot;&quot;,&quot;camera&quot;:&quot;DSC-HX400V&quot;,&quot;caption&quot;:&quot;&quot;,&quot;created_timestamp&quot;:&quot;1522064006&quot;,&quot;copyright&quot;:&quot;&quot;,&quot;focal_length&quot;:&quot;14.2&quot;,&quot;iso&quot;:&quot;80&quot;,&quot;shutter_speed&quot;:&quot;0.0005&quot;,&quot;title&quot;:&quot;&quot;,&quot;orientation&quot;:&quot;1&quot;}\" data-image-title=\"DSC00726\" data-image-description=\"\" data-image-caption=\"\" data-medium-file=\"https:\/\/www.bergundtal.com\/wp-content\/uploads\/2023\/01\/DSC00726-edited-300x300.jpg\" data-large-file=\"https:\/\/www.bergundtal.com\/wp-content\/uploads\/2023\/01\/DSC00726-edited-1024x1024.jpg\" decoding=\"async\" loading=\"lazy\" width=\"2560\" height=\"2560\" data-id=\"20114\"  src=\"https:\/\/www.bergundtal.com\/wp-content\/uploads\/2023\/01\/DSC00726-edited-scaled.jpg\" alt=\"\" class=\"wp-image-20114\" srcset=\"https:\/\/www.bergundtal.com\/wp-content\/uploads\/2023\/01\/DSC00726-edited-scaled.jpg 2560w, https:\/\/www.bergundtal.com\/wp-content\/uploads\/2023\/01\/DSC00726-edited-300x300.jpg 300w, https:\/\/www.bergundtal.com\/wp-content\/uploads\/2023\/01\/DSC00726-edited-1024x1024.jpg 1024w, https:\/\/www.bergundtal.com\/wp-content\/uploads\/2023\/01\/DSC00726-edited-150x150.jpg 150w, https:\/\/www.bergundtal.com\/wp-content\/uploads\/2023\/01\/DSC00726-edited-768x768.jpg 768w, https:\/\/www.bergundtal.com\/wp-content\/uploads\/2023\/01\/DSC00726-edited-1536x1536.jpg 1536w, https:\/\/www.bergundtal.com\/wp-content\/uploads\/2023\/01\/DSC00726-edited-2048x2048.jpg 2048w, https:\/\/www.bergundtal.com\/wp-content\/uploads\/2023\/01\/DSC00726-edited-700x700.jpg 700w, https:\/\/www.bergundtal.com\/wp-content\/uploads\/2023\/01\/DSC00726-edited-332x332.jpg 332w, https:\/\/www.bergundtal.com\/wp-content\/uploads\/2023\/01\/DSC00726-edited-432x432.jpg 432w, https:\/\/www.bergundtal.com\/wp-content\/uploads\/2023\/01\/DSC00726-edited-268x268.jpg 268w\" sizes=\"(max-width: 2560px) 100vw, 2560px\" \/><\/a><\/figure>\n<\/figure>\n\n\n\n<h3 class=\"has-very-light-gray-to-cyan-bluish-gray-gradient-background has-text-color has-background\" style=\"color:#881111\"><strong>Familienfreundliche Liftpreise und M\u00f6glichkeiten <br>zum spielerischen Skifahren in Kinder-Skigel\u00e4nde und Fun-Parks<\/strong><\/h3>\n\n\n\n<p>Generell ist es sicherlich so, dass Kinder und damit auch Familien mit Kindern nicht unbedingt das riesige Skigebiet mit \u00fcber 200 Pistenkilometern brauchen; ein kleineres Gebiet mit modernen Anlagen (schnell, bequem, sichere Einstiege), breiten Pisten, Kinderskigel\u00e4nde, Fun Parks o. \u00e4., eine gut organisierte Skischule mit kleinen Gruppen und qualifizierter Betreuung, ausreichend H\u00fctten bzw. Bergrestaurants und das alles mit \u201ekurzen Wegen\u201c und familienfreundlichen Liftpreisen sind da schon relevanter f\u00fcr Familien f\u00fcr Kinder.<\/p>\n\n\n\n<h3 class=\"has-text-align-center has-text-color\" style=\"color:#bc2323\"><strong>Skip\u00e4sse<\/strong><\/h3>\n\n\n\n<p>Skifahren ist ein teurer Sport. Mittlerweile sind einige Skigebiete aufgewacht und kommen den Eltern mit kostenlosen oder stark verg\u00fcnstigten Liftkarten f\u00fcr die Kinder und\/oder die Familie insgesamt entgegen.<br>Mittlerweile haben sich hier in den letzten Jahren <strong><span style=\"text-decoration: underline;\">3 unterschiedliche \u201eRabattmuster\u201c<\/span> <\/strong>herausgebildet, die in den einzelnen Skigebieten in unterschiedlicher H\u00f6he und auch Kombination angewandt werden:<\/p>\n\n\n\n<p><span style=\"text-decoration: underline;\"><strong>Partnerkarte f\u00fcr Jungfamilien<\/strong>;<\/span> beide Eltern eines Kleinkindes im Alter von bis 3 \u2013 5 Jahren k\u00f6nnen einen Liftpass abwechselnd benutzen: Wobei hier allerdings die Aufpreise im Vergleich zu einem \u201enormalen\u201c Skipass f\u00fcr einen Erwachsenen unterschiedlich sind &#8211; zwischen 5,- und 15,- Euro pro Tag, aber auch ohne Aufpreis..<\/p>\n\n\n\n<p><span style=\"text-decoration: underline;\"><strong>Kostenlose Liftp\u00e4sse f\u00fcr Kinder<\/strong> <\/span>bis zum Alter von 6 Jahren <em>(oder sogar \u00e4lter)<\/em>, wenn mindestens 1 Elternteil einen Skipass f\u00fcr den gleichen Zeitraum erwirbt. + <strong><span style=\"text-decoration: underline;\">reduzierte Skip\u00e4sse f\u00fcr \u00e4ltere Kinder,<\/span><\/strong> wobei hier die Einteilung Kind\/Jugendlicher teilweise unterschiedlich ist. <br>W\u00e4hrend die Einteilung (<em>Stand 202\/23)<\/em> in Kinder 2016 \u2013 2007, Jugendliche 2006 \u2013 2004 relativ weit verbreitet ist, werden z. B. in St. Jakob im Defreggental Jugendliche bis Geburtsjahrgang 2005 in den Kindertarif eingeordnet. Im Skikarussell Winterberg (Sauerland, NRW) gibt es nur einen \u201eKindertarif\u201c von 6 \u2013 15 Jahren, hier zahlen auch die Kleinen schon ordentlich.<\/p>\n\n\n\n<p><strong><span style=\"text-decoration: underline;\">Familienkarte,<\/span><\/strong> wobei die Familie in unterschiedlichen Konstellationen \u2013 2 Erwachsene + Kind\/Kinder, 1 Erwachsener + Kind\/Kinder \u2013 insgesamt einen g\u00fcnstigeren Tarif bekommt als die Summe der Preise f\u00fcr Einzelkarten.<\/p>\n\n\n\n<p><strong>Die Partnerkarte f\u00fcr Jungfamilien und der kostenlose Skipass f\u00fcr Kinder im Vorschulalter werden aktuell \u2013 Winter 2022\/23 h\u00e4ufig angeboten, ein Skigebiet, das alle 3 Rabattmuster anbietet, haben wir allerdings nicht gefunden.<\/strong><\/p>\n\n\n\n<p><em>Wir haben uns hier in der Zusammenstellung auf Mehrtageskarten beschr\u00e4nkt, es gibt in einigen Gebieten attraktive Tagesaktion, wie z. B. in Saalbach\/Hinterglemm\/Leogang\/Fieberbrunn die JUNIOR XPLORE CARD, f\u00fcr alle unter 19 Jahren (geb. 2004\u20132016) kostet der Skipass jeden Samstag nur \u20ac 15,00.<\/em><\/p>\n\n\n\n<p><em><strong>Insgesamt ist f\u00fcr Familien sinnvoll und lohnenswert, gleich zu Beginn der Urlaubsplanung interessante Gebiete nach diesen Angeboten zu checken; nicht auf vergangene Jahre verlassen, denn in der Preispolitik der Seilbahngesellschaften\/Skigebietsbetreiber ist zur Zeit endlich!! viel Bewegung. Es lohnt sich also auf jeden Fall, die aktuellen Angebote \u2013 s. o. <u>Rabattmuster<\/u> &#8211; bei dem jeweiligen Tourismusb\u00fcro oder der Seilbahngesellschaft per E-mail nach zu fragen.<\/strong><\/em><\/p>\n\n\n\n<h3 class=\"has-text-align-center has-text-color\" style=\"color:#7e1717\"><strong>Kinder\u2013Skigel\u00e4nde, Fun Parks u. \u00e4.<\/strong><\/h3>\n\n\n\n<figure data-carousel-extra='{\"blog_id\":1,\"permalink\":\"https:\\\/\\\/www.bergundtal.com\\\/?p=20103\"}'  class=\"is-layout-flex wp-block-gallery-3 wp-block-gallery has-nested-images columns-default is-cropped\">\n<figure class=\"wp-block-image size-large\"><a href=\"https:\/\/www.bergundtal.com\/wp-content\/uploads\/2023\/01\/38534_default_landscape.jpg\"><img data-attachment-id=\"20116\" data-permalink=\"https:\/\/www.bergundtal.com\/?attachment_id=20116\" data-orig-file=\"https:\/\/www.bergundtal.com\/wp-content\/uploads\/2023\/01\/38534_default_landscape.jpg\" data-orig-size=\"760,515\" data-comments-opened=\"0\" data-image-meta=\"{&quot;aperture&quot;:&quot;0&quot;,&quot;credit&quot;:&quot;Picasa&quot;,&quot;camera&quot;:&quot;&quot;,&quot;caption&quot;:&quot;&quot;,&quot;created_timestamp&quot;:&quot;1673268742&quot;,&quot;copyright&quot;:&quot;&quot;,&quot;focal_length&quot;:&quot;0&quot;,&quot;iso&quot;:&quot;0&quot;,&quot;shutter_speed&quot;:&quot;0&quot;,&quot;title&quot;:&quot;&quot;,&quot;orientation&quot;:&quot;0&quot;}\" data-image-title=\"38534_default_landscape\" data-image-description=\"\" data-image-caption=\"\" data-medium-file=\"https:\/\/www.bergundtal.com\/wp-content\/uploads\/2023\/01\/38534_default_landscape-300x203.jpg\" data-large-file=\"https:\/\/www.bergundtal.com\/wp-content\/uploads\/2023\/01\/38534_default_landscape.jpg\" decoding=\"async\" loading=\"lazy\" width=\"760\" height=\"515\" data-id=\"20116\"  src=\"https:\/\/www.bergundtal.com\/wp-content\/uploads\/2023\/01\/38534_default_landscape.jpg\" alt=\"\" class=\"wp-image-20116\" srcset=\"https:\/\/www.bergundtal.com\/wp-content\/uploads\/2023\/01\/38534_default_landscape.jpg 760w, https:\/\/www.bergundtal.com\/wp-content\/uploads\/2023\/01\/38534_default_landscape-300x203.jpg 300w, https:\/\/www.bergundtal.com\/wp-content\/uploads\/2023\/01\/38534_default_landscape-700x474.jpg 700w, https:\/\/www.bergundtal.com\/wp-content\/uploads\/2023\/01\/38534_default_landscape-332x225.jpg 332w\" sizes=\"(max-width: 760px) 100vw, 760px\" \/><\/a><\/figure>\n\n\n\n<figure class=\"wp-block-image size-large\"><a href=\"https:\/\/www.bergundtal.com\/wp-content\/uploads\/2023\/01\/DSC_0674.jpg\"><img data-attachment-id=\"20115\" data-permalink=\"https:\/\/www.bergundtal.com\/?attachment_id=20115\" data-orig-file=\"https:\/\/www.bergundtal.com\/wp-content\/uploads\/2023\/01\/DSC_0674.jpg\" data-orig-size=\"514,238\" data-comments-opened=\"0\" data-image-meta=\"{&quot;aperture&quot;:&quot;0&quot;,&quot;credit&quot;:&quot;Picasa&quot;,&quot;camera&quot;:&quot;&quot;,&quot;caption&quot;:&quot;&quot;,&quot;created_timestamp&quot;:&quot;1673960846&quot;,&quot;copyright&quot;:&quot;&quot;,&quot;focal_length&quot;:&quot;0&quot;,&quot;iso&quot;:&quot;0&quot;,&quot;shutter_speed&quot;:&quot;0&quot;,&quot;title&quot;:&quot;&quot;,&quot;orientation&quot;:&quot;0&quot;}\" data-image-title=\"DSC_0674\" data-image-description=\"\" data-image-caption=\"\" data-medium-file=\"https:\/\/www.bergundtal.com\/wp-content\/uploads\/2023\/01\/DSC_0674-300x139.jpg\" data-large-file=\"https:\/\/www.bergundtal.com\/wp-content\/uploads\/2023\/01\/DSC_0674.jpg\" decoding=\"async\" loading=\"lazy\" width=\"514\" height=\"238\" data-id=\"20115\"  src=\"https:\/\/www.bergundtal.com\/wp-content\/uploads\/2023\/01\/DSC_0674.jpg\" alt=\"\" class=\"wp-image-20115\" srcset=\"https:\/\/www.bergundtal.com\/wp-content\/uploads\/2023\/01\/DSC_0674.jpg 514w, https:\/\/www.bergundtal.com\/wp-content\/uploads\/2023\/01\/DSC_0674-300x139.jpg 300w, https:\/\/www.bergundtal.com\/wp-content\/uploads\/2023\/01\/DSC_0674-332x154.jpg 332w\" sizes=\"(max-width: 514px) 100vw, 514px\" \/><\/a><\/figure>\n\n\n\n<figure class=\"wp-block-image size-large\"><a href=\"https:\/\/www.bergundtal.com\/wp-content\/uploads\/2023\/01\/mini-ursus-pradalago.jpg\"><img data-attachment-id=\"20117\" data-permalink=\"https:\/\/www.bergundtal.com\/?attachment_id=20117\" data-orig-file=\"https:\/\/www.bergundtal.com\/wp-content\/uploads\/2023\/01\/mini-ursus-pradalago.jpg\" data-orig-size=\"1024,594\" data-comments-opened=\"0\" data-image-meta=\"{&quot;aperture&quot;:&quot;0&quot;,&quot;credit&quot;:&quot;Picasa&quot;,&quot;camera&quot;:&quot;&quot;,&quot;caption&quot;:&quot;&quot;,&quot;created_timestamp&quot;:&quot;1673960305&quot;,&quot;copyright&quot;:&quot;&quot;,&quot;focal_length&quot;:&quot;0&quot;,&quot;iso&quot;:&quot;0&quot;,&quot;shutter_speed&quot;:&quot;0&quot;,&quot;title&quot;:&quot;&quot;,&quot;orientation&quot;:&quot;0&quot;}\" data-image-title=\"mini-ursus-pradalago\" data-image-description=\"\" data-image-caption=\"\" data-medium-file=\"https:\/\/www.bergundtal.com\/wp-content\/uploads\/2023\/01\/mini-ursus-pradalago-300x174.jpg\" data-large-file=\"https:\/\/www.bergundtal.com\/wp-content\/uploads\/2023\/01\/mini-ursus-pradalago.jpg\" decoding=\"async\" loading=\"lazy\" width=\"1024\" height=\"594\" data-id=\"20117\"  src=\"https:\/\/www.bergundtal.com\/wp-content\/uploads\/2023\/01\/mini-ursus-pradalago.jpg\" alt=\"\" class=\"wp-image-20117\" srcset=\"https:\/\/www.bergundtal.com\/wp-content\/uploads\/2023\/01\/mini-ursus-pradalago.jpg 1024w, https:\/\/www.bergundtal.com\/wp-content\/uploads\/2023\/01\/mini-ursus-pradalago-300x174.jpg 300w, https:\/\/www.bergundtal.com\/wp-content\/uploads\/2023\/01\/mini-ursus-pradalago-768x446.jpg 768w, https:\/\/www.bergundtal.com\/wp-content\/uploads\/2023\/01\/mini-ursus-pradalago-700x406.jpg 700w, https:\/\/www.bergundtal.com\/wp-content\/uploads\/2023\/01\/mini-ursus-pradalago-332x193.jpg 332w\" sizes=\"(max-width: 1024px) 100vw, 1024px\" \/><\/a><\/figure>\n\n\n\n<figure class=\"wp-block-image size-large\"><a href=\"https:\/\/www.bergundtal.com\/wp-content\/uploads\/2023\/01\/winter-graechen-content-buehne-3.jpg\"><img data-attachment-id=\"20118\" data-permalink=\"https:\/\/www.bergundtal.com\/?attachment_id=20118\" data-orig-file=\"https:\/\/www.bergundtal.com\/wp-content\/uploads\/2023\/01\/winter-graechen-content-buehne-3.jpg\" data-orig-size=\"1600,1000\" data-comments-opened=\"0\" data-image-meta=\"{&quot;aperture&quot;:&quot;0&quot;,&quot;credit&quot;:&quot;Picasa&quot;,&quot;camera&quot;:&quot;&quot;,&quot;caption&quot;:&quot;&quot;,&quot;created_timestamp&quot;:&quot;1673270117&quot;,&quot;copyright&quot;:&quot;&quot;,&quot;focal_length&quot;:&quot;0&quot;,&quot;iso&quot;:&quot;0&quot;,&quot;shutter_speed&quot;:&quot;0&quot;,&quot;title&quot;:&quot;&quot;,&quot;orientation&quot;:&quot;0&quot;}\" data-image-title=\"winter-graechen-content-buehne-3\" data-image-description=\"\" data-image-caption=\"\" data-medium-file=\"https:\/\/www.bergundtal.com\/wp-content\/uploads\/2023\/01\/winter-graechen-content-buehne-3-300x188.jpg\" data-large-file=\"https:\/\/www.bergundtal.com\/wp-content\/uploads\/2023\/01\/winter-graechen-content-buehne-3-1024x640.jpg\" decoding=\"async\" loading=\"lazy\" width=\"1024\" height=\"640\" data-id=\"20118\"  src=\"https:\/\/www.bergundtal.com\/wp-content\/uploads\/2023\/01\/winter-graechen-content-buehne-3-1024x640.jpg\" alt=\"\" class=\"wp-image-20118\" srcset=\"https:\/\/www.bergundtal.com\/wp-content\/uploads\/2023\/01\/winter-graechen-content-buehne-3-1024x640.jpg 1024w, https:\/\/www.bergundtal.com\/wp-content\/uploads\/2023\/01\/winter-graechen-content-buehne-3-300x188.jpg 300w, https:\/\/www.bergundtal.com\/wp-content\/uploads\/2023\/01\/winter-graechen-content-buehne-3-768x480.jpg 768w, https:\/\/www.bergundtal.com\/wp-content\/uploads\/2023\/01\/winter-graechen-content-buehne-3-1536x960.jpg 1536w, https:\/\/www.bergundtal.com\/wp-content\/uploads\/2023\/01\/winter-graechen-content-buehne-3-700x438.jpg 700w, https:\/\/www.bergundtal.com\/wp-content\/uploads\/2023\/01\/winter-graechen-content-buehne-3-332x208.jpg 332w, https:\/\/www.bergundtal.com\/wp-content\/uploads\/2023\/01\/winter-graechen-content-buehne-3.jpg 1600w\" sizes=\"(max-width: 1024px) 100vw, 1024px\" \/><\/a><\/figure>\n\n\n\n<figure class=\"wp-block-image size-large\"><a href=\"https:\/\/www.bergundtal.com\/wp-content\/uploads\/2023\/01\/Hochzeiger-25.jpg\"><img data-attachment-id=\"20119\" data-permalink=\"https:\/\/www.bergundtal.com\/?attachment_id=20119\" data-orig-file=\"https:\/\/www.bergundtal.com\/wp-content\/uploads\/2023\/01\/Hochzeiger-25.jpg\" data-orig-size=\"889,1200\" data-comments-opened=\"0\" data-image-meta=\"{&quot;aperture&quot;:&quot;8&quot;,&quot;credit&quot;:&quot;Picasa&quot;,&quot;camera&quot;:&quot;DMC-FZ200&quot;,&quot;caption&quot;:&quot;&quot;,&quot;created_timestamp&quot;:&quot;1671026754&quot;,&quot;copyright&quot;:&quot;&quot;,&quot;focal_length&quot;:&quot;38.5&quot;,&quot;iso&quot;:&quot;200&quot;,&quot;shutter_speed&quot;:&quot;0.001&quot;,&quot;title&quot;:&quot;&quot;,&quot;orientation&quot;:&quot;0&quot;}\" data-image-title=\"Hochzeiger-25\" data-image-description=\"\" data-image-caption=\"\" data-medium-file=\"https:\/\/www.bergundtal.com\/wp-content\/uploads\/2023\/01\/Hochzeiger-25-222x300.jpg\" data-large-file=\"https:\/\/www.bergundtal.com\/wp-content\/uploads\/2023\/01\/Hochzeiger-25-759x1024.jpg\" decoding=\"async\" loading=\"lazy\" width=\"759\" height=\"1024\" data-id=\"20119\"  src=\"https:\/\/www.bergundtal.com\/wp-content\/uploads\/2023\/01\/Hochzeiger-25-759x1024.jpg\" alt=\"\" class=\"wp-image-20119\" srcset=\"https:\/\/www.bergundtal.com\/wp-content\/uploads\/2023\/01\/Hochzeiger-25-759x1024.jpg 759w, https:\/\/www.bergundtal.com\/wp-content\/uploads\/2023\/01\/Hochzeiger-25-222x300.jpg 222w, https:\/\/www.bergundtal.com\/wp-content\/uploads\/2023\/01\/Hochzeiger-25-768x1037.jpg 768w, https:\/\/www.bergundtal.com\/wp-content\/uploads\/2023\/01\/Hochzeiger-25-700x945.jpg 700w, https:\/\/www.bergundtal.com\/wp-content\/uploads\/2023\/01\/Hochzeiger-25-332x448.jpg 332w, https:\/\/www.bergundtal.com\/wp-content\/uploads\/2023\/01\/Hochzeiger-25.jpg 889w\" sizes=\"(max-width: 759px) 100vw, 759px\" \/><\/a><\/figure>\n<\/figure>\n\n\n\n<p>Zu einem familienfreundlichen Skigebiet geh\u00f6ren f\u00fcr j\u00fcngere Kinder Skigel\u00e4nde mit speziellen Kinderpisten, Spielger\u00e4ten, Seilliften oder\/und F\u00f6rderbandern, f\u00fcr die \u00e4lteren Kinder dann schon eher ein Snowpark\/Fun Park mit \u201enichtprofessionellen\u201c Hindernissen\/Lines, Cross-Strecken u.\u00e4.<br>Bei den Kinder-Skigel\u00e4nden f\u00fcr die kleineren Kinder so bis vielleicht 5 \u2013 7 Jahre ist immer die Frage, ob dieses Gel\u00e4nde f\u00fcr alle Kinder oder nur f\u00fcr Kinder der Kinderskischule zug\u00e4nglich ist?<\/p>\n\n\n\n<h3 class=\"has-very-light-gray-to-cyan-bluish-gray-gradient-background has-text-color has-background\" style=\"color:#0d0da5\"><strong>Kinder-\/Familienfreundliche Skigebiete<\/strong><\/h3>\n\n\n\n<p><strong>Die Skigebiete, die wir jetzt hier auf dem Hintergrund dieser Angebote &#8211; familienfreundliche Lifttarife + Kinder-Skigel\u00e4nde u. \u00e4. \u2013 vorstellen, sind nur eine kleine Auswahl, es sind nur Beispiele f\u00fcr ein aus unserer Sicht einigerma\u00dfen attraktives Angebot f\u00fcr Familien und Kinder.<\/strong><\/p>\n\n\n\n<h2 class=\"has-text-align-center has-text-color\" style=\"color:#0e5279\"><span style=\"text-decoration: underline;\"><strong>Skiwelt Wilder Kaiser \u2013 Brixental<\/strong><\/span><\/h2>\n\n\n\n<figure class=\"wp-block-image size-large\"><a href=\"https:\/\/www.bergundtal.com\/wp-content\/uploads\/2023\/01\/skiwelt-familie-fotograf-christian-kapfinger-2.jpg\"><img data-attachment-id=\"20120\" data-permalink=\"https:\/\/www.bergundtal.com\/?attachment_id=20120\" data-orig-file=\"https:\/\/www.bergundtal.com\/wp-content\/uploads\/2023\/01\/skiwelt-familie-fotograf-christian-kapfinger-2.jpg\" data-orig-size=\"1202,800\" data-comments-opened=\"0\" data-image-meta=\"{&quot;aperture&quot;:&quot;0&quot;,&quot;credit&quot;:&quot;Picasa&quot;,&quot;camera&quot;:&quot;&quot;,&quot;caption&quot;:&quot;&quot;,&quot;created_timestamp&quot;:&quot;1674070986&quot;,&quot;copyright&quot;:&quot;&quot;,&quot;focal_length&quot;:&quot;0&quot;,&quot;iso&quot;:&quot;0&quot;,&quot;shutter_speed&quot;:&quot;0&quot;,&quot;title&quot;:&quot;&quot;,&quot;orientation&quot;:&quot;0&quot;}\" data-image-title=\"skiwelt-familie-fotograf-christian-kapfinger-2\" data-image-description=\"\" data-image-caption=\"\" data-medium-file=\"https:\/\/www.bergundtal.com\/wp-content\/uploads\/2023\/01\/skiwelt-familie-fotograf-christian-kapfinger-2-300x200.jpg\" data-large-file=\"https:\/\/www.bergundtal.com\/wp-content\/uploads\/2023\/01\/skiwelt-familie-fotograf-christian-kapfinger-2-1024x682.jpg\" decoding=\"async\" loading=\"lazy\" width=\"1024\" height=\"682\" src=\"https:\/\/www.bergundtal.com\/wp-content\/uploads\/2023\/01\/skiwelt-familie-fotograf-christian-kapfinger-2-1024x682.jpg\" alt=\"\" class=\"wp-image-20120\" srcset=\"https:\/\/www.bergundtal.com\/wp-content\/uploads\/2023\/01\/skiwelt-familie-fotograf-christian-kapfinger-2-1024x682.jpg 1024w, https:\/\/www.bergundtal.com\/wp-content\/uploads\/2023\/01\/skiwelt-familie-fotograf-christian-kapfinger-2-300x200.jpg 300w, https:\/\/www.bergundtal.com\/wp-content\/uploads\/2023\/01\/skiwelt-familie-fotograf-christian-kapfinger-2-768x511.jpg 768w, https:\/\/www.bergundtal.com\/wp-content\/uploads\/2023\/01\/skiwelt-familie-fotograf-christian-kapfinger-2-700x466.jpg 700w, https:\/\/www.bergundtal.com\/wp-content\/uploads\/2023\/01\/skiwelt-familie-fotograf-christian-kapfinger-2-332x221.jpg 332w, https:\/\/www.bergundtal.com\/wp-content\/uploads\/2023\/01\/skiwelt-familie-fotograf-christian-kapfinger-2.jpg 1202w\" sizes=\"(max-width: 1024px) 100vw, 1024px\" \/><\/a><\/figure>\n\n\n\n<p>&#8222;<em>GEPR\u00dcFTE TIROLER FAMILIENSKIREGION, SKIWELT WILDER KAISER &#8211; BRIXENTAL<\/em> &#8211; <em>Top-Pisten, erstklassige Infrastruktur, alles abgestimmt auf die Bed\u00fcrfnisse von Familien: F\u00fcr einen unvergesslichen Winterurlaub von Eltern und Kindern legen sich qualit\u00e4tsgepr\u00fcfte Tiroler Familienskiregionen ins Zeug.<\/em>&#8222;<br><strong>Skiwelt Wilder Kaiser \u2013 Brixental<\/strong> geht mit seinen Angeboten f\u00fcr Kinder und Familien angenehm offensiv um; gleich auf der Startseite ist der Link \u201eFamilie\u201c un\u00fcbersehbar platziert und darunter finde ich alle relevanten Infos \u00fcber Kinder\u00fcbungsgel\u00e4nde und Angebote f\u00fcr Familien.<\/p>\n\n\n\n<h3><span style=\"text-decoration: underline;\">Liftpreise<\/span><\/h3>\n\n\n\n<p><strong><span style=\"text-decoration: underline;\">\u201e<em>JUNGFAMILIENKARTE<\/em><\/span><\/strong><em> F\u00dcR FAMILIEN MIT KLEINKINDER, 1 TICKET F\u00dcR 2 ELTERNTEILE, irrsinnig famili\u00e4r zeigt sich die SkiWelt Wilder Kaiser-Brixental mit der<strong> Jungfamilienkarte<\/strong>: DAS Angebot f\u00fcr alle Eltern mit Kleinkindern bis 3 Jahre. Das Ticket ist von3 &#8211; 14 Tagen erwerbbar und kann abwechselnd von einem der beiden Elternteile gen\u00fctzt werden. Die Jungfamilienkarte ist somit die einzige \u00fcbertragbare Skikarte in der SkiWelt! <strong>Es gelten die Preise laut SkiWelt Individual Preisliste <\/strong><u><strong>zzgl. \u20ac 5,00 pro Tag<\/strong>.<\/u><\/em>\u201c<\/p>\n\n\n\n<p><strong><em>Das ist zwar kein irrsinnig g\u00fcnstiges, aber immerhin ein faires Angebot; irrsinnig und auch zukuntfsorientiert w\u00e4re eine \u00fcbertragbare Karte <span style=\"text-decoration: underline;\">ohne Aufpreis<\/span>, vielleicht noch mit einer einmaligen Bearbeitungsgeb\u00fchr von 10 \u20ac !<\/em><\/strong><\/p>\n\n\n\n<p><strong><span style=\"text-decoration: underline;\">Familen Skiwochen<\/span>; <\/strong>in der Zeit vom 18. 3. bis 10. 4. 2023 fahren alle Kinder bis 15 Jahre frei, wenn mindestens 1 Elternteil einen Skipass f\u00fcr den gleichen Zeitraum kauft.<\/p>\n\n\n\n<h3><span style=\"text-decoration: underline;\">Kinderskigel\u00e4nde u. \u00e4.<\/span><\/h3>\n\n\n\n<p>\u201e<em>Die SkiWelt Wilder Kaiser &#8211; Brixental ist eines der gr\u00f6\u00dften und modernsten Skigebiete weltweit und mit 83 topmodernen sowie speziell kindersicheren Sesselbahnen und unglaublichen 270 Pistenkilometern das perfekte Skigebiet f\u00fcr Familien: breite, sanfte H\u00e4nge und perfekt pr\u00e4parierte Pisten, viele blaue Pisten und Talabfahrten, unz\u00e4hlige Erlebnisse und \u00fcber 80 urige, familiengef\u00fchrte H\u00fctten mit gigantischem Preis-\/Leistungsverh\u00e4ltnis.\u201c<\/em><br>Ob nun die 83 Sesselbahnen und 270 Pistenkilometer die entscheidenden Kriterien f\u00fcr ein perfelktes Skigebiet sind, das ist fraglich; aber die Skiwelt Wilder Kaiser Brixental hat doch noch weitere Qualit\u00e4ten im Angebot:<\/p>\n\n\n\n<figure data-carousel-extra='{\"blog_id\":1,\"permalink\":\"https:\\\/\\\/www.bergundtal.com\\\/?p=20103\"}'  class=\"is-layout-flex wp-block-gallery-5 wp-block-gallery has-nested-images columns-default is-cropped\">\n<figure class=\"wp-block-image size-large\"><a href=\"https:\/\/www.bergundtal.com\/wp-content\/uploads\/2023\/01\/img-5016.jpg\"><img data-attachment-id=\"20121\" data-permalink=\"https:\/\/www.bergundtal.com\/?attachment_id=20121\" data-orig-file=\"https:\/\/www.bergundtal.com\/wp-content\/uploads\/2023\/01\/img-5016.jpg\" data-orig-size=\"1067,800\" data-comments-opened=\"0\" data-image-meta=\"{&quot;aperture&quot;:&quot;0&quot;,&quot;credit&quot;:&quot;Picasa&quot;,&quot;camera&quot;:&quot;&quot;,&quot;caption&quot;:&quot;&quot;,&quot;created_timestamp&quot;:&quot;1674071704&quot;,&quot;copyright&quot;:&quot;&quot;,&quot;focal_length&quot;:&quot;0&quot;,&quot;iso&quot;:&quot;0&quot;,&quot;shutter_speed&quot;:&quot;0&quot;,&quot;title&quot;:&quot;&quot;,&quot;orientation&quot;:&quot;0&quot;}\" data-image-title=\"img-5016\" data-image-description=\"\" data-image-caption=\"\" data-medium-file=\"https:\/\/www.bergundtal.com\/wp-content\/uploads\/2023\/01\/img-5016-300x225.jpg\" data-large-file=\"https:\/\/www.bergundtal.com\/wp-content\/uploads\/2023\/01\/img-5016-1024x768.jpg\" decoding=\"async\" loading=\"lazy\" width=\"1024\" height=\"768\" data-id=\"20121\"  src=\"https:\/\/www.bergundtal.com\/wp-content\/uploads\/2023\/01\/img-5016-1024x768.jpg\" alt=\"\" class=\"wp-image-20121\" srcset=\"https:\/\/www.bergundtal.com\/wp-content\/uploads\/2023\/01\/img-5016-1024x768.jpg 1024w, https:\/\/www.bergundtal.com\/wp-content\/uploads\/2023\/01\/img-5016-300x225.jpg 300w, https:\/\/www.bergundtal.com\/wp-content\/uploads\/2023\/01\/img-5016-768x576.jpg 768w, https:\/\/www.bergundtal.com\/wp-content\/uploads\/2023\/01\/img-5016-700x525.jpg 700w, https:\/\/www.bergundtal.com\/wp-content\/uploads\/2023\/01\/img-5016-332x249.jpg 332w, https:\/\/www.bergundtal.com\/wp-content\/uploads\/2023\/01\/img-5016.jpg 1067w\" sizes=\"(max-width: 1024px) 100vw, 1024px\" \/><\/a><figcaption class=\"wp-element-caption\"><em><strong>Hans im Gl\u00fcck Skiparcour<\/strong><\/em><\/figcaption><\/figure>\n\n\n\n<figure class=\"wp-block-image size-large\"><a href=\"https:\/\/www.bergundtal.com\/wp-content\/uploads\/2023\/01\/img-5020.jpg\"><img data-attachment-id=\"20122\" data-permalink=\"https:\/\/www.bergundtal.com\/?attachment_id=20122\" data-orig-file=\"https:\/\/www.bergundtal.com\/wp-content\/uploads\/2023\/01\/img-5020.jpg\" data-orig-size=\"1067,800\" data-comments-opened=\"0\" data-image-meta=\"{&quot;aperture&quot;:&quot;0&quot;,&quot;credit&quot;:&quot;Picasa&quot;,&quot;camera&quot;:&quot;&quot;,&quot;caption&quot;:&quot;&quot;,&quot;created_timestamp&quot;:&quot;1674071695&quot;,&quot;copyright&quot;:&quot;&quot;,&quot;focal_length&quot;:&quot;0&quot;,&quot;iso&quot;:&quot;0&quot;,&quot;shutter_speed&quot;:&quot;0&quot;,&quot;title&quot;:&quot;&quot;,&quot;orientation&quot;:&quot;0&quot;}\" data-image-title=\"img-5020\" data-image-description=\"\" data-image-caption=\"\" data-medium-file=\"https:\/\/www.bergundtal.com\/wp-content\/uploads\/2023\/01\/img-5020-300x225.jpg\" data-large-file=\"https:\/\/www.bergundtal.com\/wp-content\/uploads\/2023\/01\/img-5020-1024x768.jpg\" decoding=\"async\" loading=\"lazy\" width=\"1024\" height=\"768\" data-id=\"20122\"  src=\"https:\/\/www.bergundtal.com\/wp-content\/uploads\/2023\/01\/img-5020-1024x768.jpg\" alt=\"\" class=\"wp-image-20122\" srcset=\"https:\/\/www.bergundtal.com\/wp-content\/uploads\/2023\/01\/img-5020-1024x768.jpg 1024w, https:\/\/www.bergundtal.com\/wp-content\/uploads\/2023\/01\/img-5020-300x225.jpg 300w, https:\/\/www.bergundtal.com\/wp-content\/uploads\/2023\/01\/img-5020-768x576.jpg 768w, https:\/\/www.bergundtal.com\/wp-content\/uploads\/2023\/01\/img-5020-700x525.jpg 700w, https:\/\/www.bergundtal.com\/wp-content\/uploads\/2023\/01\/img-5020-332x249.jpg 332w, https:\/\/www.bergundtal.com\/wp-content\/uploads\/2023\/01\/img-5020.jpg 1067w\" sizes=\"(max-width: 1024px) 100vw, 1024px\" \/><\/a><\/figure>\n\n\n\n<figure class=\"wp-block-image size-large\"><a href=\"https:\/\/www.bergundtal.com\/wp-content\/uploads\/2023\/01\/ALPENIGLU_Iglu_Dorf-9-1030x686-1.jpg\"><img data-attachment-id=\"20123\" data-permalink=\"https:\/\/www.bergundtal.com\/?attachment_id=20123\" data-orig-file=\"https:\/\/www.bergundtal.com\/wp-content\/uploads\/2023\/01\/ALPENIGLU_Iglu_Dorf-9-1030x686-1.jpg\" data-orig-size=\"1030,686\" data-comments-opened=\"0\" data-image-meta=\"{&quot;aperture&quot;:&quot;0&quot;,&quot;credit&quot;:&quot;Picasa&quot;,&quot;camera&quot;:&quot;&quot;,&quot;caption&quot;:&quot;&quot;,&quot;created_timestamp&quot;:&quot;1674071768&quot;,&quot;copyright&quot;:&quot;&quot;,&quot;focal_length&quot;:&quot;0&quot;,&quot;iso&quot;:&quot;0&quot;,&quot;shutter_speed&quot;:&quot;0&quot;,&quot;title&quot;:&quot;&quot;,&quot;orientation&quot;:&quot;0&quot;}\" data-image-title=\"ALPENIGLU_Iglu_Dorf-9-1030&#215;686-1\" data-image-description=\"\" data-image-caption=\"\" data-medium-file=\"https:\/\/www.bergundtal.com\/wp-content\/uploads\/2023\/01\/ALPENIGLU_Iglu_Dorf-9-1030x686-1-300x200.jpg\" data-large-file=\"https:\/\/www.bergundtal.com\/wp-content\/uploads\/2023\/01\/ALPENIGLU_Iglu_Dorf-9-1030x686-1-1024x682.jpg\" decoding=\"async\" loading=\"lazy\" width=\"1024\" height=\"682\" data-id=\"20123\"  src=\"https:\/\/www.bergundtal.com\/wp-content\/uploads\/2023\/01\/ALPENIGLU_Iglu_Dorf-9-1030x686-1-1024x682.jpg\" alt=\"\" class=\"wp-image-20123\" srcset=\"https:\/\/www.bergundtal.com\/wp-content\/uploads\/2023\/01\/ALPENIGLU_Iglu_Dorf-9-1030x686-1-1024x682.jpg 1024w, https:\/\/www.bergundtal.com\/wp-content\/uploads\/2023\/01\/ALPENIGLU_Iglu_Dorf-9-1030x686-1-300x200.jpg 300w, https:\/\/www.bergundtal.com\/wp-content\/uploads\/2023\/01\/ALPENIGLU_Iglu_Dorf-9-1030x686-1-768x512.jpg 768w, https:\/\/www.bergundtal.com\/wp-content\/uploads\/2023\/01\/ALPENIGLU_Iglu_Dorf-9-1030x686-1-700x466.jpg 700w, https:\/\/www.bergundtal.com\/wp-content\/uploads\/2023\/01\/ALPENIGLU_Iglu_Dorf-9-1030x686-1-332x221.jpg 332w, https:\/\/www.bergundtal.com\/wp-content\/uploads\/2023\/01\/ALPENIGLU_Iglu_Dorf-9-1030x686-1.jpg 1030w\" sizes=\"(max-width: 1024px) 100vw, 1024px\" \/><\/a><figcaption class=\"wp-element-caption\"><strong><em>ALPENIGLU Dorf<\/em><\/strong><\/figcaption><\/figure>\n<\/figure>\n\n\n\n<p><em><strong><br><\/strong>22 professionelle Skischulen mit eigenem Kindergel\u00e4nde &amp; speziellen Kinder-Skikursen f\u00fcr Kinder ab 2 Jahre, Kinder bis 6 Jahre fahren frei, <\/em><br><em>4 Funparks und der &#8222;Hans im Gl\u00fcck&#8220; Skiparcour in S\u00f6ll, Ellmau und Westendorf bieten Action und Fun f\u00fcr alle Rider vom Beginner bis zum Pro<\/em>, <br><em>ALPENIGLU\u00ae Dorf in Hochbrixen mit Eisausstellung, cooler Bar und Sonnenlounge<\/em><br><em>Ski-Movie-Strecke Riesenslalom in Scheffau, Ski Movie Skicross in S\u00f6ll &amp; Ski Movie Carvingschwung in Westendorf<\/em><\/p>\n\n\n\n<p><\/p>\n\n\n\n<h2 class=\"has-text-align-center has-text-color\" style=\"color:#103ca3\"><span style=\"text-decoration: underline;\"><strong>Ski Juwel Alpachtal Wildsch\u00f6nau<\/strong><\/span><\/h2>\n\n\n\n<figure class=\"wp-block-image size-full\"><a href=\"https:\/\/www.bergundtal.com\/wp-content\/uploads\/2023\/01\/skischule-wildschoenau-fg-t.trinkl-27-.jpg\"><img data-attachment-id=\"20124\" data-permalink=\"https:\/\/www.bergundtal.com\/?attachment_id=20124\" data-orig-file=\"https:\/\/www.bergundtal.com\/wp-content\/uploads\/2023\/01\/skischule-wildschoenau-fg-t.trinkl-27-.jpg\" data-orig-size=\"850,567\" data-comments-opened=\"0\" data-image-meta=\"{&quot;aperture&quot;:&quot;0&quot;,&quot;credit&quot;:&quot;Picasa&quot;,&quot;camera&quot;:&quot;&quot;,&quot;caption&quot;:&quot;&quot;,&quot;created_timestamp&quot;:&quot;1674072310&quot;,&quot;copyright&quot;:&quot;&quot;,&quot;focal_length&quot;:&quot;0&quot;,&quot;iso&quot;:&quot;0&quot;,&quot;shutter_speed&quot;:&quot;0&quot;,&quot;title&quot;:&quot;&quot;,&quot;orientation&quot;:&quot;0&quot;}\" data-image-title=\"skischule-wildschoenau-fg-t.trinkl-27-\" data-image-description=\"\" data-image-caption=\"\" data-medium-file=\"https:\/\/www.bergundtal.com\/wp-content\/uploads\/2023\/01\/skischule-wildschoenau-fg-t.trinkl-27--300x200.jpg\" data-large-file=\"https:\/\/www.bergundtal.com\/wp-content\/uploads\/2023\/01\/skischule-wildschoenau-fg-t.trinkl-27-.jpg\" decoding=\"async\" loading=\"lazy\" width=\"850\" height=\"567\" src=\"https:\/\/www.bergundtal.com\/wp-content\/uploads\/2023\/01\/skischule-wildschoenau-fg-t.trinkl-27-.jpg\" alt=\"\" class=\"wp-image-20124\" srcset=\"https:\/\/www.bergundtal.com\/wp-content\/uploads\/2023\/01\/skischule-wildschoenau-fg-t.trinkl-27-.jpg 850w, https:\/\/www.bergundtal.com\/wp-content\/uploads\/2023\/01\/skischule-wildschoenau-fg-t.trinkl-27--300x200.jpg 300w, https:\/\/www.bergundtal.com\/wp-content\/uploads\/2023\/01\/skischule-wildschoenau-fg-t.trinkl-27--768x512.jpg 768w, https:\/\/www.bergundtal.com\/wp-content\/uploads\/2023\/01\/skischule-wildschoenau-fg-t.trinkl-27--700x467.jpg 700w, https:\/\/www.bergundtal.com\/wp-content\/uploads\/2023\/01\/skischule-wildschoenau-fg-t.trinkl-27--332x221.jpg 332w\" sizes=\"(max-width: 850px) 100vw, 850px\" \/><\/a><\/figure>\n\n\n\n<p><em>\u201eDas vielfach ausgezeichnete Ski Juwel Alpbachtal Wildsch\u00f6nau z\u00e4hlt zu den familienfreundlichsten Skigebieten \u00d6sterreichs. Mit zahlreichen Zusatzangeboten und Attraktionen auf und abseits der Piste erleben Gro\u00df und klein einen unvergesslichen Familienurlaub in Tirol.\u201c<\/em><\/p>\n\n\n\n<h3><span style=\"text-decoration: underline;\">Liftpreise<\/span><\/h3>\n\n\n\n<p><strong><span style=\"text-decoration: underline;\">Jungfamilienkarte<\/span>, <\/strong>&#8222;<em>1 Skipass f\u00fcr Mama und Papa mit Kindern bis 5 Jahren, die Jungfamilienkarte ist von 3 bis 14 Tagen erh\u00e4ltlich und kann abwechselnd von einem der beiden Elternteile gen\u00fctzt werden. Die Jungfamilienkarte ist ausschlie\u00dflich vor Ort an den Kassen erh\u00e4ltlich. Beim Kauf m\u00fcssen Eltern und Kind(er) pers\u00f6nlich anwesend sein, um die G\u00fcltigkeit der Karte zu gew\u00e4hrleisten. Es gelten die regul\u00e4r g\u00fcltigen Skipasspreise<\/em>;&#8220; d. h., <strong>die Jungfamilienkarte kostet genau so viel wie eine Einzelkarte f\u00fcr Erwachsene.<\/strong><\/p>\n\n\n\n<p><strong><span style=\"text-decoration: underline;\">Kinder bis 6 Jahre<\/span><\/strong> werden <span style=\"text-decoration: underline;\"><strong>kostenlos<\/strong> <\/span>bef\u00f6rdert.<\/p>\n\n\n\n<p><strong><span style=\"text-decoration: underline;\">Osterspecial<\/span>:<\/strong> Von 18. M\u00e4rz 2023 bis 16. April 2023 fahren alle Kinder bis 15 Jahre gratis Ski, wenn mindestens ein Elternteil einen Skipass ab 3 Tagen kauft.<\/p>\n\n\n\n<p><strong>Auf der aktuellen Homepage wird allerdings die Jungfamilienkarte relativ versteckt angeboten\/vorgestellt:<\/strong> <a href=\"https:\/\/www.skijuwel.com\/de\/winter\/tickets-und-preise\/specials\/jungfamilienkarte\">Jungfamilienkarte im Ski Juwel Alpbachtal Wildsch\u00f6nau<\/a><br><strong>Obwohl Ski Juwel Alpachtal Wildsch\u00f6nau sich nun wirklich nicht mit seiner Preispolitik in Bezug auf Kinder\/Familien verstecken muss!<\/strong><\/p>\n\n\n\n<h3><span style=\"text-decoration: underline;\">Kinderskigel\u00e4nde u. \u00e4<\/span>.<\/h3>\n\n\n\n<figure class=\"wp-block-image size-full\"><a href=\"https:\/\/www.bergundtal.com\/wp-content\/uploads\/2023\/01\/Boboland.jpg\"><img data-attachment-id=\"20125\" data-permalink=\"https:\/\/www.bergundtal.com\/?attachment_id=20125\" data-orig-file=\"https:\/\/www.bergundtal.com\/wp-content\/uploads\/2023\/01\/Boboland.jpg\" data-orig-size=\"961,734\" data-comments-opened=\"0\" data-image-meta=\"{&quot;aperture&quot;:&quot;0&quot;,&quot;credit&quot;:&quot;Picasa&quot;,&quot;camera&quot;:&quot;&quot;,&quot;caption&quot;:&quot;&quot;,&quot;created_timestamp&quot;:&quot;1674072907&quot;,&quot;copyright&quot;:&quot;&quot;,&quot;focal_length&quot;:&quot;0&quot;,&quot;iso&quot;:&quot;0&quot;,&quot;shutter_speed&quot;:&quot;0&quot;,&quot;title&quot;:&quot;&quot;,&quot;orientation&quot;:&quot;0&quot;}\" data-image-title=\"Boboland\" data-image-description=\"\" data-image-caption=\"\" data-medium-file=\"https:\/\/www.bergundtal.com\/wp-content\/uploads\/2023\/01\/Boboland-300x229.jpg\" data-large-file=\"https:\/\/www.bergundtal.com\/wp-content\/uploads\/2023\/01\/Boboland.jpg\" decoding=\"async\" loading=\"lazy\" width=\"961\" height=\"734\" src=\"https:\/\/www.bergundtal.com\/wp-content\/uploads\/2023\/01\/Boboland.jpg\" alt=\"\" class=\"wp-image-20125\" srcset=\"https:\/\/www.bergundtal.com\/wp-content\/uploads\/2023\/01\/Boboland.jpg 961w, https:\/\/www.bergundtal.com\/wp-content\/uploads\/2023\/01\/Boboland-300x229.jpg 300w, https:\/\/www.bergundtal.com\/wp-content\/uploads\/2023\/01\/Boboland-768x587.jpg 768w, https:\/\/www.bergundtal.com\/wp-content\/uploads\/2023\/01\/Boboland-700x535.jpg 700w, https:\/\/www.bergundtal.com\/wp-content\/uploads\/2023\/01\/Boboland-332x254.jpg 332w\" sizes=\"(max-width: 961px) 100vw, 961px\" \/><\/a><\/figure>\n\n\n\n<p><em>Das \u00dcbungsgel\u00e4nde <strong>&#8222;Kinder Club BOBO&#8220;<\/strong> der Skischule Alpbach-Inneralpbach befindet sich auf einem flachen Hang mit eigenem Kinderlift, Zauberteppich, Spielestationen uvm. in Inneralpbach gegen\u00fcber der Talstation P\u00f6glbahn direkt zwischen dem Galtenberg Family &amp; Wellness Resort und Connys &#8211; Original Tiroler Wirtshaus. UNTERRICHT F\u00dcR KINDER, Kleinkinder ab ca. 4 Jahre, Mittagsbetreuung inkl. Essen \u20ac 15,-, Schnupperkurs im BOBOs KINDER-CLUB\u00ae (4 &#8211; 6 J.) jeden Sonntagnachmittag \u20ac 35,- (13.30 &#8211; 15.00 Uhr).<\/em><br><em>Das Kinderskiareal <strong>&#8222;Ski &amp; Smile&#8220;<\/strong> f\u00fcr Kinder der Skischule Alpbachtal befindet sich direkt beim Galtenberg Family &amp; Wellness Resort in Inneralpbach &#8211; neben der P\u00f6glbahn Talstation!<br>Kinderskikurse \u201eski and smile\u201c (3 bis 8 Kinder in der Gruppe)! \u00dcberzeugen auch Sie sich von unserer Skischule! Alle unsere Kurse starten in Inneralpbach. Anf\u00e4nger \u00fcben in unserem Kinderland beim Galtenberg Schlepplift, das exklusiv nur unserer Skischule zur Verf\u00fcgung steht inkl. \u00fcberdachtem F\u00f6rderband. Fortgeschrittene Kinder fahren mit ihrer Gruppe im gesamten SkiJuwel. Die Kinder-Ski-Kurse f\u00fcr Anf\u00e4nger und Fortgeschrittene sind ab 4 Jahren buchbar.Bobo: skischule-alpbach<\/em><\/p>\n\n\n\n<figure data-carousel-extra='{\"blog_id\":1,\"permalink\":\"https:\\\/\\\/www.bergundtal.com\\\/?p=20103\"}'  class=\"is-layout-flex wp-block-gallery-7 wp-block-gallery has-nested-images columns-default is-cropped\">\n<figure class=\"wp-block-image size-large\"><a href=\"https:\/\/www.bergundtal.com\/wp-content\/uploads\/2023\/01\/skischule-alpbachtal-galtenberg.webp\"><img data-attachment-id=\"20126\" data-permalink=\"https:\/\/www.bergundtal.com\/?attachment_id=20126\" data-orig-file=\"https:\/\/www.bergundtal.com\/wp-content\/uploads\/2023\/01\/skischule-alpbachtal-galtenberg.webp\" data-orig-size=\"1600,800\" data-comments-opened=\"0\" data-image-meta=\"{&quot;aperture&quot;:&quot;0&quot;,&quot;credit&quot;:&quot;&quot;,&quot;camera&quot;:&quot;&quot;,&quot;caption&quot;:&quot;&quot;,&quot;created_timestamp&quot;:&quot;0&quot;,&quot;copyright&quot;:&quot;&quot;,&quot;focal_length&quot;:&quot;0&quot;,&quot;iso&quot;:&quot;0&quot;,&quot;shutter_speed&quot;:&quot;0&quot;,&quot;title&quot;:&quot;&quot;,&quot;orientation&quot;:&quot;0&quot;}\" data-image-title=\"skischule-alpbachtal-galtenberg\" data-image-description=\"\" data-image-caption=\"\" data-medium-file=\"https:\/\/www.bergundtal.com\/wp-content\/uploads\/2023\/01\/skischule-alpbachtal-galtenberg-300x150.webp\" data-large-file=\"https:\/\/www.bergundtal.com\/wp-content\/uploads\/2023\/01\/skischule-alpbachtal-galtenberg-1024x512.webp\" decoding=\"async\" loading=\"lazy\" width=\"1024\" height=\"512\" data-id=\"20126\"  src=\"https:\/\/www.bergundtal.com\/wp-content\/uploads\/2023\/01\/skischule-alpbachtal-galtenberg-1024x512.webp\" alt=\"\" class=\"wp-image-20126\" srcset=\"https:\/\/www.bergundtal.com\/wp-content\/uploads\/2023\/01\/skischule-alpbachtal-galtenberg-1024x512.webp 1024w, https:\/\/www.bergundtal.com\/wp-content\/uploads\/2023\/01\/skischule-alpbachtal-galtenberg-300x150.webp 300w, https:\/\/www.bergundtal.com\/wp-content\/uploads\/2023\/01\/skischule-alpbachtal-galtenberg-768x384.webp 768w, https:\/\/www.bergundtal.com\/wp-content\/uploads\/2023\/01\/skischule-alpbachtal-galtenberg-1536x768.webp 1536w, https:\/\/www.bergundtal.com\/wp-content\/uploads\/2023\/01\/skischule-alpbachtal-galtenberg-700x350.webp 700w, https:\/\/www.bergundtal.com\/wp-content\/uploads\/2023\/01\/skischule-alpbachtal-galtenberg-332x166.webp 332w, https:\/\/www.bergundtal.com\/wp-content\/uploads\/2023\/01\/skischule-alpbachtal-galtenberg.webp 1600w\" sizes=\"(max-width: 1024px) 100vw, 1024px\" \/><\/a><\/figure>\n\n\n\n<figure class=\"wp-block-image size-large\"><a href=\"https:\/\/www.bergundtal.com\/wp-content\/uploads\/2023\/01\/web-kinder.jpg\"><img data-attachment-id=\"20127\" data-permalink=\"https:\/\/www.bergundtal.com\/?attachment_id=20127\" data-orig-file=\"https:\/\/www.bergundtal.com\/wp-content\/uploads\/2023\/01\/web-kinder.jpg\" data-orig-size=\"1600,692\" data-comments-opened=\"0\" data-image-meta=\"{&quot;aperture&quot;:&quot;0&quot;,&quot;credit&quot;:&quot;Picasa&quot;,&quot;camera&quot;:&quot;&quot;,&quot;caption&quot;:&quot;&quot;,&quot;created_timestamp&quot;:&quot;1674069618&quot;,&quot;copyright&quot;:&quot;&quot;,&quot;focal_length&quot;:&quot;0&quot;,&quot;iso&quot;:&quot;0&quot;,&quot;shutter_speed&quot;:&quot;0&quot;,&quot;title&quot;:&quot;&quot;,&quot;orientation&quot;:&quot;0&quot;}\" data-image-title=\"web-kinder\" data-image-description=\"\" data-image-caption=\"\" data-medium-file=\"https:\/\/www.bergundtal.com\/wp-content\/uploads\/2023\/01\/web-kinder-300x130.jpg\" data-large-file=\"https:\/\/www.bergundtal.com\/wp-content\/uploads\/2023\/01\/web-kinder-1024x443.jpg\" decoding=\"async\" loading=\"lazy\" width=\"1024\" height=\"443\" data-id=\"20127\"  src=\"https:\/\/www.bergundtal.com\/wp-content\/uploads\/2023\/01\/web-kinder-1024x443.jpg\" alt=\"\" class=\"wp-image-20127\" srcset=\"https:\/\/www.bergundtal.com\/wp-content\/uploads\/2023\/01\/web-kinder-1024x443.jpg 1024w, https:\/\/www.bergundtal.com\/wp-content\/uploads\/2023\/01\/web-kinder-300x130.jpg 300w, https:\/\/www.bergundtal.com\/wp-content\/uploads\/2023\/01\/web-kinder-768x332.jpg 768w, https:\/\/www.bergundtal.com\/wp-content\/uploads\/2023\/01\/web-kinder-1536x664.jpg 1536w, https:\/\/www.bergundtal.com\/wp-content\/uploads\/2023\/01\/web-kinder-700x303.jpg 700w, https:\/\/www.bergundtal.com\/wp-content\/uploads\/2023\/01\/web-kinder-332x144.jpg 332w, https:\/\/www.bergundtal.com\/wp-content\/uploads\/2023\/01\/web-kinder.jpg 1600w\" sizes=\"(max-width: 1024px) 100vw, 1024px\" \/><\/a><\/figure>\n<\/figure>\n\n\n\n<p><em><strong>Das ist alles in allem ein sehr umfangreiches und attraktives Angebot f\u00fcr Familien und Kinder .<\/strong><\/em><\/p>\n\n\n\n<p class=\"has-text-color\" style=\"color:#0f4e73\"><\/p>\n\n\n\n<h2 class=\"has-text-align-center has-text-color\" style=\"color:#1d1d8f\"><span style=\"text-decoration: underline;\"><strong>Skigebiet Hochzeiger oberhalb von Jerzens im Pitztal<\/strong><\/span><\/h2>\n\n\n\n<figure class=\"wp-block-image size-large\"><a href=\"https:\/\/www.bergundtal.com\/wp-content\/uploads\/2022\/12\/Hochzeiger-11.jpg\"><img data-attachment-id=\"19605\" data-permalink=\"https:\/\/www.bergundtal.com\/?attachment_id=19605\" data-orig-file=\"https:\/\/www.bergundtal.com\/wp-content\/uploads\/2022\/12\/Hochzeiger-11.jpg\" data-orig-size=\"1200,802\" data-comments-opened=\"0\" data-image-meta=\"{&quot;aperture&quot;:&quot;4.5&quot;,&quot;credit&quot;:&quot;Picasa&quot;,&quot;camera&quot;:&quot;DMC-FZ200&quot;,&quot;caption&quot;:&quot;&quot;,&quot;created_timestamp&quot;:&quot;1671025928&quot;,&quot;copyright&quot;:&quot;&quot;,&quot;focal_length&quot;:&quot;17.4&quot;,&quot;iso&quot;:&quot;100&quot;,&quot;shutter_speed&quot;:&quot;0.000625&quot;,&quot;title&quot;:&quot;&quot;,&quot;orientation&quot;:&quot;0&quot;}\" data-image-title=\"Hochzeiger-11\" data-image-description=\"\" data-image-caption=\"&lt;p&gt;Blick ins Skigebiet oberhalb der Mittelstation&lt;\/p&gt;\n\" data-medium-file=\"https:\/\/www.bergundtal.com\/wp-content\/uploads\/2022\/12\/Hochzeiger-11-300x201.jpg\" data-large-file=\"https:\/\/www.bergundtal.com\/wp-content\/uploads\/2022\/12\/Hochzeiger-11-1024x684.jpg\" decoding=\"async\" loading=\"lazy\" width=\"1024\" height=\"684\" src=\"https:\/\/www.bergundtal.com\/wp-content\/uploads\/2022\/12\/Hochzeiger-11-1024x684.jpg\" alt=\"\" class=\"wp-image-19605\" srcset=\"https:\/\/www.bergundtal.com\/wp-content\/uploads\/2022\/12\/Hochzeiger-11-1024x684.jpg 1024w, https:\/\/www.bergundtal.com\/wp-content\/uploads\/2022\/12\/Hochzeiger-11-300x201.jpg 300w, https:\/\/www.bergundtal.com\/wp-content\/uploads\/2022\/12\/Hochzeiger-11-768x513.jpg 768w, https:\/\/www.bergundtal.com\/wp-content\/uploads\/2022\/12\/Hochzeiger-11-700x468.jpg 700w, https:\/\/www.bergundtal.com\/wp-content\/uploads\/2022\/12\/Hochzeiger-11-332x222.jpg 332w, https:\/\/www.bergundtal.com\/wp-content\/uploads\/2022\/12\/Hochzeiger-11.jpg 1200w\" sizes=\"(max-width: 1024px) 100vw, 1024px\" \/><\/a><\/figure>\n\n\n\n<figure class=\"wp-block-embed is-type-wp-embed is-provider-berg-amp-tal wp-block-embed-berg-amp-tal\"><div class=\"wp-block-embed__wrapper\">\n<blockquote class=\"wp-embedded-content\" data-secret=\"oFTRQFIidh\"><a href=\"https:\/\/www.bergundtal.com\/?p=19721\">Hochzeiger im Pitztal<\/a><\/blockquote><iframe class=\"wp-embedded-content\" sandbox=\"allow-scripts\" security=\"restricted\" style=\"position: absolute; clip: rect(1px, 1px, 1px, 1px);\" title=\"&#8222;Hochzeiger im Pitztal&#8220; &#8212; Berg &amp; Tal\" src=\"https:\/\/www.bergundtal.com\/?p=19721&#038;embed=true#?secret=fePPca7Eum#?secret=oFTRQFIidh\" data-secret=\"oFTRQFIidh\" width=\"600\" height=\"338\" frameborder=\"0\" marginwidth=\"0\" marginheight=\"0\" scrolling=\"no\"><\/iframe>\n<\/div><\/figure>\n\n\n\n<p>\u201e<em>Ein Familienurlaub am Hochzeiger bringt viele Vorteile, Familien sind im Hochzeiger Skigebiet besonders willkommen&#8220;<\/em><\/p>\n\n\n\n<h3><span style=\"text-decoration: underline;\">Liftpreise<\/span><\/h3>\n\n\n\n<p><strong>\u201e<\/strong><em>Mit dem <strong>Bambini-Freiskipass<\/strong> erhalten <strong>Kinder unter 10 Jahren in Begleitung eines Elternteils im Pitztal einen kostenlosen Skipass<\/strong>.<br>Mit dem <strong>Jungfamilienskipass<\/strong> k\u00f6nnen Familien mit Kindern unter 3 Jahren, die noch nicht skifahren, verg\u00fcnstigte Skip\u00e4sse beziehen.<br><\/em>Der <strong>Jungfamilienpass am Hochzeiger<\/strong> f\u00fcr 6 Tage in der Nebensaison kostet z. B. 184,- \u20ac, in der Topsaison 269,- \u20ac; der normale Skipass f\u00fcr eine Person kostet 177,- \u20ac bzw. 258,- \u20ac.<br>Das ist tats\u00e4chlich ein fairer Preis f\u00fcr Jungfamilien. Diese 7,-\u20ac bzw. 11 \u20ac Aufpreise kann man ja eventuell als Kosten f\u00fcr zus\u00e4tzlichen Arbeitsaufwand verbuchen, aber ist das wirklich ein Aufwand? \u2013 Es gibt schon noch familienfreundlichere Beispiele.<\/p>\n\n\n\n<h3><span style=\"text-decoration: underline;\">Kinderskigel\u00e4nde u. \u00e4<em>.<\/em><\/span><\/h3>\n\n\n\n<figure data-carousel-extra='{\"blog_id\":1,\"permalink\":\"https:\\\/\\\/www.bergundtal.com\\\/?p=20103\"}'  class=\"is-layout-flex wp-block-gallery-9 wp-block-gallery has-nested-images columns-default is-cropped\">\n<figure class=\"wp-block-image size-large\"><a href=\"https:\/\/www.bergundtal.com\/wp-content\/uploads\/2023\/01\/Hochzeiger_Kinderland_cSkischule-Hochzeiger_Thoeni-Siegfried-1.jpg\"><img data-attachment-id=\"20129\" data-permalink=\"https:\/\/www.bergundtal.com\/?attachment_id=20129\" data-orig-file=\"https:\/\/www.bergundtal.com\/wp-content\/uploads\/2023\/01\/Hochzeiger_Kinderland_cSkischule-Hochzeiger_Thoeni-Siegfried-1.jpg\" data-orig-size=\"1600,1067\" data-comments-opened=\"0\" data-image-meta=\"{&quot;aperture&quot;:&quot;0&quot;,&quot;credit&quot;:&quot;Siegfried Th\\u00f6ni&quot;,&quot;camera&quot;:&quot;&quot;,&quot;caption&quot;:&quot;&quot;,&quot;created_timestamp&quot;:&quot;1674060951&quot;,&quot;copyright&quot;:&quot;Siegfried Th\\u00f6ni&quot;,&quot;focal_length&quot;:&quot;0&quot;,&quot;iso&quot;:&quot;0&quot;,&quot;shutter_speed&quot;:&quot;0&quot;,&quot;title&quot;:&quot;&quot;,&quot;orientation&quot;:&quot;0&quot;}\" data-image-title=\"Hochzeiger_Kinderland_cSkischule-Hochzeiger_Thoeni-Siegfried-1\" data-image-description=\"\" data-image-caption=\"\" data-medium-file=\"https:\/\/www.bergundtal.com\/wp-content\/uploads\/2023\/01\/Hochzeiger_Kinderland_cSkischule-Hochzeiger_Thoeni-Siegfried-1-300x200.jpg\" data-large-file=\"https:\/\/www.bergundtal.com\/wp-content\/uploads\/2023\/01\/Hochzeiger_Kinderland_cSkischule-Hochzeiger_Thoeni-Siegfried-1-1024x683.jpg\" decoding=\"async\" loading=\"lazy\" width=\"1024\" height=\"683\" data-id=\"20129\"  src=\"https:\/\/www.bergundtal.com\/wp-content\/uploads\/2023\/01\/Hochzeiger_Kinderland_cSkischule-Hochzeiger_Thoeni-Siegfried-1-1024x683.jpg\" alt=\"\" class=\"wp-image-20129\" srcset=\"https:\/\/www.bergundtal.com\/wp-content\/uploads\/2023\/01\/Hochzeiger_Kinderland_cSkischule-Hochzeiger_Thoeni-Siegfried-1-1024x683.jpg 1024w, https:\/\/www.bergundtal.com\/wp-content\/uploads\/2023\/01\/Hochzeiger_Kinderland_cSkischule-Hochzeiger_Thoeni-Siegfried-1-300x200.jpg 300w, https:\/\/www.bergundtal.com\/wp-content\/uploads\/2023\/01\/Hochzeiger_Kinderland_cSkischule-Hochzeiger_Thoeni-Siegfried-1-768x512.jpg 768w, https:\/\/www.bergundtal.com\/wp-content\/uploads\/2023\/01\/Hochzeiger_Kinderland_cSkischule-Hochzeiger_Thoeni-Siegfried-1-1536x1024.jpg 1536w, https:\/\/www.bergundtal.com\/wp-content\/uploads\/2023\/01\/Hochzeiger_Kinderland_cSkischule-Hochzeiger_Thoeni-Siegfried-1-700x467.jpg 700w, https:\/\/www.bergundtal.com\/wp-content\/uploads\/2023\/01\/Hochzeiger_Kinderland_cSkischule-Hochzeiger_Thoeni-Siegfried-1-332x221.jpg 332w, https:\/\/www.bergundtal.com\/wp-content\/uploads\/2023\/01\/Hochzeiger_Kinderland_cSkischule-Hochzeiger_Thoeni-Siegfried-1.jpg 1600w\" sizes=\"(max-width: 1024px) 100vw, 1024px\" \/><\/a><\/figure>\n\n\n\n<figure class=\"wp-block-image size-large\"><a href=\"https:\/\/www.bergundtal.com\/wp-content\/uploads\/2023\/01\/Hochzeiger_Kinderland_cSkischule-Hochzeiger_Thoeni-Siegfried-2.jpg\"><img data-attachment-id=\"20128\" data-permalink=\"https:\/\/www.bergundtal.com\/?attachment_id=20128\" data-orig-file=\"https:\/\/www.bergundtal.com\/wp-content\/uploads\/2023\/01\/Hochzeiger_Kinderland_cSkischule-Hochzeiger_Thoeni-Siegfried-2.jpg\" data-orig-size=\"1600,1067\" data-comments-opened=\"0\" data-image-meta=\"{&quot;aperture&quot;:&quot;0&quot;,&quot;credit&quot;:&quot;Siegfried Th\\u00f6ni&quot;,&quot;camera&quot;:&quot;&quot;,&quot;caption&quot;:&quot;&quot;,&quot;created_timestamp&quot;:&quot;1674060951&quot;,&quot;copyright&quot;:&quot;Siegfried Th\\u00f6ni&quot;,&quot;focal_length&quot;:&quot;0&quot;,&quot;iso&quot;:&quot;0&quot;,&quot;shutter_speed&quot;:&quot;0&quot;,&quot;title&quot;:&quot;&quot;,&quot;orientation&quot;:&quot;0&quot;}\" data-image-title=\"Hochzeiger_Kinderland_cSkischule-Hochzeiger_Thoeni-Siegfried-2\" data-image-description=\"\" data-image-caption=\"\" data-medium-file=\"https:\/\/www.bergundtal.com\/wp-content\/uploads\/2023\/01\/Hochzeiger_Kinderland_cSkischule-Hochzeiger_Thoeni-Siegfried-2-300x200.jpg\" data-large-file=\"https:\/\/www.bergundtal.com\/wp-content\/uploads\/2023\/01\/Hochzeiger_Kinderland_cSkischule-Hochzeiger_Thoeni-Siegfried-2-1024x683.jpg\" decoding=\"async\" loading=\"lazy\" width=\"1024\" height=\"683\" data-id=\"20128\"  src=\"https:\/\/www.bergundtal.com\/wp-content\/uploads\/2023\/01\/Hochzeiger_Kinderland_cSkischule-Hochzeiger_Thoeni-Siegfried-2-1024x683.jpg\" alt=\"\" class=\"wp-image-20128\" srcset=\"https:\/\/www.bergundtal.com\/wp-content\/uploads\/2023\/01\/Hochzeiger_Kinderland_cSkischule-Hochzeiger_Thoeni-Siegfried-2-1024x683.jpg 1024w, https:\/\/www.bergundtal.com\/wp-content\/uploads\/2023\/01\/Hochzeiger_Kinderland_cSkischule-Hochzeiger_Thoeni-Siegfried-2-300x200.jpg 300w, https:\/\/www.bergundtal.com\/wp-content\/uploads\/2023\/01\/Hochzeiger_Kinderland_cSkischule-Hochzeiger_Thoeni-Siegfried-2-768x512.jpg 768w, https:\/\/www.bergundtal.com\/wp-content\/uploads\/2023\/01\/Hochzeiger_Kinderland_cSkischule-Hochzeiger_Thoeni-Siegfried-2-1536x1024.jpg 1536w, https:\/\/www.bergundtal.com\/wp-content\/uploads\/2023\/01\/Hochzeiger_Kinderland_cSkischule-Hochzeiger_Thoeni-Siegfried-2-700x467.jpg 700w, https:\/\/www.bergundtal.com\/wp-content\/uploads\/2023\/01\/Hochzeiger_Kinderland_cSkischule-Hochzeiger_Thoeni-Siegfried-2-332x221.jpg 332w, https:\/\/www.bergundtal.com\/wp-content\/uploads\/2023\/01\/Hochzeiger_Kinderland_cSkischule-Hochzeiger_Thoeni-Siegfried-2.jpg 1600w\" sizes=\"(max-width: 1024px) 100vw, 1024px\" \/><\/a><\/figure>\n<\/figure>\n\n\n\n<p><em>Kinderskigel\u00e4nde der Kinderskischule an der Talstation der Hochzeiger Bahn.<br>Hochzeiger Snowpark oberhalb der Mittelstation.<br>Hochzeiger Funline neben der Mittelstation mit Kids Wellenbahn &#8230;<br>Pitzi&#8217;s Pistenregeln-Weg: Sicherheit auf den Pisten im Hochzeiger Skigebiet wird gro\u00df geschrieben. F\u00fcr kleine Pistenflitzer gibt es ein besonders informatives Angebot: Den \u201ePistenregeln-Weg\u201c. Pitzi und seine Freunde erkl\u00e4ren auf illustrierten Panoramatafeln auf Kind-gerechte Art und Weise die Grunds\u00e4tze der FIS-Verhaltensregeln auf den Skipisten.<br>Kostenlose Kinderskikurse f\u00fcr Anf\u00e4ngerkinder bis 5,99 Jahren an ausgew\u00e4hlten Terminen im Dezember, J\u00e4nner und M\u00e4rz.<\/em><\/p>\n\n\n\n<h2 class=\"has-text-align-center has-text-color\" style=\"color:#171788\"><span style=\"text-decoration: underline;\"><strong>Skicircus Saalbach Hinterglemm Leogang Fieberbrunn<\/strong><\/span><\/h2>\n\n\n\n<figure class=\"wp-block-image size-large\"><a href=\"https:\/\/www.bergundtal.com\/wp-content\/uploads\/2023\/01\/saalbach-winter-family2022-c-lukas-pilz-5.webp\"><img data-attachment-id=\"20158\" data-permalink=\"https:\/\/www.bergundtal.com\/?attachment_id=20158\" data-orig-file=\"https:\/\/www.bergundtal.com\/wp-content\/uploads\/2023\/01\/saalbach-winter-family2022-c-lukas-pilz-5.webp\" data-orig-size=\"1600,465\" data-comments-opened=\"0\" data-image-meta=\"{&quot;aperture&quot;:&quot;0&quot;,&quot;credit&quot;:&quot;&quot;,&quot;camera&quot;:&quot;&quot;,&quot;caption&quot;:&quot;&quot;,&quot;created_timestamp&quot;:&quot;0&quot;,&quot;copyright&quot;:&quot;&quot;,&quot;focal_length&quot;:&quot;0&quot;,&quot;iso&quot;:&quot;0&quot;,&quot;shutter_speed&quot;:&quot;0&quot;,&quot;title&quot;:&quot;&quot;,&quot;orientation&quot;:&quot;0&quot;}\" data-image-title=\"saalbach-winter-family2022-c-lukas-pilz-5\" data-image-description=\"\" data-image-caption=\"\" data-medium-file=\"https:\/\/www.bergundtal.com\/wp-content\/uploads\/2023\/01\/saalbach-winter-family2022-c-lukas-pilz-5-300x87.webp\" data-large-file=\"https:\/\/www.bergundtal.com\/wp-content\/uploads\/2023\/01\/saalbach-winter-family2022-c-lukas-pilz-5-1024x298.webp\" decoding=\"async\" loading=\"lazy\" width=\"1024\" height=\"298\" src=\"https:\/\/www.bergundtal.com\/wp-content\/uploads\/2023\/01\/saalbach-winter-family2022-c-lukas-pilz-5-1024x298.webp\" alt=\"\" class=\"wp-image-20158\" srcset=\"https:\/\/www.bergundtal.com\/wp-content\/uploads\/2023\/01\/saalbach-winter-family2022-c-lukas-pilz-5-1024x298.webp 1024w, https:\/\/www.bergundtal.com\/wp-content\/uploads\/2023\/01\/saalbach-winter-family2022-c-lukas-pilz-5-300x87.webp 300w, https:\/\/www.bergundtal.com\/wp-content\/uploads\/2023\/01\/saalbach-winter-family2022-c-lukas-pilz-5-768x223.webp 768w, https:\/\/www.bergundtal.com\/wp-content\/uploads\/2023\/01\/saalbach-winter-family2022-c-lukas-pilz-5-1536x446.webp 1536w, https:\/\/www.bergundtal.com\/wp-content\/uploads\/2023\/01\/saalbach-winter-family2022-c-lukas-pilz-5-700x203.webp 700w, https:\/\/www.bergundtal.com\/wp-content\/uploads\/2023\/01\/saalbach-winter-family2022-c-lukas-pilz-5-332x96.webp 332w, https:\/\/www.bergundtal.com\/wp-content\/uploads\/2023\/01\/saalbach-winter-family2022-c-lukas-pilz-5.webp 1600w\" sizes=\"(max-width: 1024px) 100vw, 1024px\" \/><\/a><\/figure>\n\n\n\n<p><strong>\u201e<\/strong><em>Der Skicircus Saalbach Hinterglemm Leogang Fieberbrunn ist ein \u00f6sterreichisches Winter-Paradies f\u00fcr Familien mit Kindern. Pistenzwerge, Mini-Racer und Nachwuchs-Carver f\u00fchlen sich im familienfreundlichen Skigebiet rund um Saalbach Hinterglemm bestens aufgehoben! 270 Abfahrtskilometer in Salzburg und Tirol \u2013 davon 140 km blaue Pisten \u2013 warten auf die ganze Familie! Engagierte Skischulen mit Kinder-Areal und Skikindergarten sorgen in Saalbach Hinterglemm mit bestens ausgebildeten Skilehrern f\u00fcr einen spielerischen Start ins Skivergn\u00fcgen. Erste Schw\u00fcnge im Skigebiet, die erste Liftfahrt und mit lachenden Gesichtern \u00fcber die verschneite Piste \u2013 das sorgt f\u00fcr Gl\u00fccksgef\u00fchle bei den Kids und Eltern. Die zahlreichen Skischulen in Saalbach Hinterglemm vermitteln aber auch fortgeschrittenen Kids die richtige Technik und lehren mit Geduld und Umsicht die Grundlagen des Alpinen Skifahrens, Snowboardens und Freeriden.\u201c <\/em>Gl\u00fccksgef\u00fchle der Erltern im Urlaub h\u00e4ngen zumindest teilweise ja auch von den Kosten ab, und hier hat der Skicircus Saalbach Hinterglemm Leogang Fieberbrunnnoch Luft nach unten.<\/p>\n\n\n\n<h3><span style=\"text-decoration: underline;\">Liftpreise<\/span><\/h3>\n\n\n\n<p>Neben den \u00fcblichen Tarifgruppen Kinder 2017 und j\u00fcnger frei, Kinder, Jugendliche, Erwachsene, Senioren gibt es 2 familienspezifische Angebote:<br><em><strong>\u201eFAMILY HIT OSTERBONUS GRATIS SKIP\u00c4SSE F\u00dcR KIND 2023,<\/strong> von 1. bis 10. April 2023 profitieren Familien im Rahmen des Family Hit Osterbonus-Angebotes bei einem Ski-Urlaub in Saalbach Hinterglemm von kostenlosen Skip\u00e4ssen f\u00fcr alle Kinder. Echt l\u00e4ssig! Kauft ein Elternteil eineSki ALPIN Card ab 4 Tagen, erhalten Kinder geboren 2007 &#8211; 2016 <\/em>(nicht g\u00fcltig f\u00fcr Jugendliche)<em> ihren Skipass GRATIS! Die Ski ALPIN Card gilt im gesamten Skicircus Saalbach Hinterglemm Leogang Fieberbrunn, auf der Schmittenh\u00f6he sowie f\u00fcr das Gletscher-Skigebiet am Kitzsteinhorn.\u201c<\/em><br><strong><em>FAMILIY CARD<\/em> (Partnerkarte<\/strong>)<em>; <\/em>ganz versteckt irgendwo auf der Homepage von Leogang taucht die FAMILY CARD auf: \u201e<em>MEHR SPASS F\u00dcR ELTERN: DIE FAMILY CARD &#8211; Eltern mit Kleinkindern haben noch mehr Vorteile. Denn mit der Family Card k\u00f6nnen Mutter und Vater abwechselnd eine gemeinsame Karte benutzen. W\u00e4hrend also ein Elternteil auf den Spr\u00f6\u00dfling aufpasst, kann sich der andere ins Wintervergn\u00fcgen schwingen \u2013 und das f\u00fcr eine einmalige Partner-Geb\u00fchr von nur \u20ac 15,00. Damit lassen sich Kinderfreuden und Winterspa\u00df auf einen familienfreundlichen Nenner bringen: Die Family Card: f\u00fcr Eltern mit Kleinkindern bis einschlie\u00dflich 3 Jahren. Da auf den Skipass ein Foto von Mutter, Vater und Kind aufgedruckt wird, m\u00fcssen alle drei beim Kauf der Family Card anwesend sein.Es gelten die regul\u00e4ren Preise laut Preisliste <strong>zzgl. einer einmaligen Geb\u00fchr von \u20ac 15,00<\/strong>. Die Family Card kann nur direkt an den Seilbahnkassen erworben werden und ist f\u00fcr 2 bis 8 Tage erh\u00e4ltlich.<\/em><\/p>\n\n\n\n<h3><span style=\"text-decoration: underline;\">Kinder-Skigel\u00e4nde u. \u00e4<\/span><strong>.<\/strong><\/h3>\n\n\n\n<figure data-carousel-extra='{\"blog_id\":1,\"permalink\":\"https:\\\/\\\/www.bergundtal.com\\\/?p=20103\"}'  class=\"is-layout-flex wp-block-gallery-11 wp-block-gallery has-nested-images columns-default is-cropped\">\n<figure class=\"wp-block-image size-large\"><a href=\"https:\/\/www.bergundtal.com\/wp-content\/uploads\/2023\/01\/03_Kinderland_28022022_MichaelGeissler.webp\"><img data-attachment-id=\"20160\" data-permalink=\"https:\/\/www.bergundtal.com\/?attachment_id=20160\" data-orig-file=\"https:\/\/www.bergundtal.com\/wp-content\/uploads\/2023\/01\/03_Kinderland_28022022_MichaelGeissler.webp\" data-orig-size=\"1350,900\" data-comments-opened=\"0\" data-image-meta=\"{&quot;aperture&quot;:&quot;0&quot;,&quot;credit&quot;:&quot;&quot;,&quot;camera&quot;:&quot;&quot;,&quot;caption&quot;:&quot;&quot;,&quot;created_timestamp&quot;:&quot;0&quot;,&quot;copyright&quot;:&quot;&quot;,&quot;focal_length&quot;:&quot;0&quot;,&quot;iso&quot;:&quot;0&quot;,&quot;shutter_speed&quot;:&quot;0&quot;,&quot;title&quot;:&quot;&quot;,&quot;orientation&quot;:&quot;0&quot;}\" data-image-title=\"03_Kinderland_28022022_MichaelGeissler\" data-image-description=\"\" data-image-caption=\"\" data-medium-file=\"https:\/\/www.bergundtal.com\/wp-content\/uploads\/2023\/01\/03_Kinderland_28022022_MichaelGeissler-300x200.webp\" data-large-file=\"https:\/\/www.bergundtal.com\/wp-content\/uploads\/2023\/01\/03_Kinderland_28022022_MichaelGeissler-1024x683.webp\" decoding=\"async\" loading=\"lazy\" width=\"1024\" height=\"683\" data-id=\"20160\"  src=\"https:\/\/www.bergundtal.com\/wp-content\/uploads\/2023\/01\/03_Kinderland_28022022_MichaelGeissler-1024x683.webp\" alt=\"\" class=\"wp-image-20160\" srcset=\"https:\/\/www.bergundtal.com\/wp-content\/uploads\/2023\/01\/03_Kinderland_28022022_MichaelGeissler-1024x683.webp 1024w, https:\/\/www.bergundtal.com\/wp-content\/uploads\/2023\/01\/03_Kinderland_28022022_MichaelGeissler-300x200.webp 300w, https:\/\/www.bergundtal.com\/wp-content\/uploads\/2023\/01\/03_Kinderland_28022022_MichaelGeissler-768x512.webp 768w, https:\/\/www.bergundtal.com\/wp-content\/uploads\/2023\/01\/03_Kinderland_28022022_MichaelGeissler-700x467.webp 700w, https:\/\/www.bergundtal.com\/wp-content\/uploads\/2023\/01\/03_Kinderland_28022022_MichaelGeissler-332x221.webp 332w, https:\/\/www.bergundtal.com\/wp-content\/uploads\/2023\/01\/03_Kinderland_28022022_MichaelGeissler.webp 1350w\" sizes=\"(max-width: 1024px) 100vw, 1024px\" \/><\/a><\/figure>\n\n\n\n<figure class=\"wp-block-image size-large\"><a href=\"https:\/\/www.bergundtal.com\/wp-content\/uploads\/2023\/01\/funslope1.jpg\"><img data-attachment-id=\"20164\" data-permalink=\"https:\/\/www.bergundtal.com\/?attachment_id=20164\" data-orig-file=\"https:\/\/www.bergundtal.com\/wp-content\/uploads\/2023\/01\/funslope1.jpg\" data-orig-size=\"710,710\" data-comments-opened=\"0\" data-image-meta=\"{&quot;aperture&quot;:&quot;0&quot;,&quot;credit&quot;:&quot;Picasa&quot;,&quot;camera&quot;:&quot;&quot;,&quot;caption&quot;:&quot;&quot;,&quot;created_timestamp&quot;:&quot;1674140594&quot;,&quot;copyright&quot;:&quot;&quot;,&quot;focal_length&quot;:&quot;0&quot;,&quot;iso&quot;:&quot;0&quot;,&quot;shutter_speed&quot;:&quot;0&quot;,&quot;title&quot;:&quot;&quot;,&quot;orientation&quot;:&quot;0&quot;}\" data-image-title=\"funslope1\" data-image-description=\"\" data-image-caption=\"\" data-medium-file=\"https:\/\/www.bergundtal.com\/wp-content\/uploads\/2023\/01\/funslope1-300x300.jpg\" data-large-file=\"https:\/\/www.bergundtal.com\/wp-content\/uploads\/2023\/01\/funslope1.jpg\" decoding=\"async\" loading=\"lazy\" width=\"710\" height=\"710\" data-id=\"20164\"  src=\"https:\/\/www.bergundtal.com\/wp-content\/uploads\/2023\/01\/funslope1.jpg\" alt=\"\" class=\"wp-image-20164\" srcset=\"https:\/\/www.bergundtal.com\/wp-content\/uploads\/2023\/01\/funslope1.jpg 710w, https:\/\/www.bergundtal.com\/wp-content\/uploads\/2023\/01\/funslope1-300x300.jpg 300w, https:\/\/www.bergundtal.com\/wp-content\/uploads\/2023\/01\/funslope1-150x150.jpg 150w, https:\/\/www.bergundtal.com\/wp-content\/uploads\/2023\/01\/funslope1-700x700.jpg 700w, https:\/\/www.bergundtal.com\/wp-content\/uploads\/2023\/01\/funslope1-332x332.jpg 332w, https:\/\/www.bergundtal.com\/wp-content\/uploads\/2023\/01\/funslope1-432x432.jpg 432w, https:\/\/www.bergundtal.com\/wp-content\/uploads\/2023\/01\/funslope1-268x268.jpg 268w\" sizes=\"(max-width: 710px) 100vw, 710px\" \/><\/a><\/figure>\n\n\n\n<figure class=\"wp-block-image size-large\"><a href=\"https:\/\/www.bergundtal.com\/wp-content\/uploads\/2023\/01\/IMG01612.jpg\"><img data-attachment-id=\"20165\" data-permalink=\"https:\/\/www.bergundtal.com\/?attachment_id=20165\" data-orig-file=\"https:\/\/www.bergundtal.com\/wp-content\/uploads\/2023\/01\/IMG01612.jpg\" data-orig-size=\"1200,800\" data-comments-opened=\"0\" data-image-meta=\"{&quot;aperture&quot;:&quot;0&quot;,&quot;credit&quot;:&quot;Picasa&quot;,&quot;camera&quot;:&quot;&quot;,&quot;caption&quot;:&quot;&quot;,&quot;created_timestamp&quot;:&quot;1674142450&quot;,&quot;copyright&quot;:&quot;&quot;,&quot;focal_length&quot;:&quot;0&quot;,&quot;iso&quot;:&quot;0&quot;,&quot;shutter_speed&quot;:&quot;0&quot;,&quot;title&quot;:&quot;&quot;,&quot;orientation&quot;:&quot;0&quot;}\" data-image-title=\"IMG01612\" data-image-description=\"\" data-image-caption=\"\" data-medium-file=\"https:\/\/www.bergundtal.com\/wp-content\/uploads\/2023\/01\/IMG01612-300x200.jpg\" data-large-file=\"https:\/\/www.bergundtal.com\/wp-content\/uploads\/2023\/01\/IMG01612-1024x683.jpg\" decoding=\"async\" loading=\"lazy\" width=\"1024\" height=\"683\" data-id=\"20165\"  src=\"https:\/\/www.bergundtal.com\/wp-content\/uploads\/2023\/01\/IMG01612-1024x683.jpg\" alt=\"\" class=\"wp-image-20165\" srcset=\"https:\/\/www.bergundtal.com\/wp-content\/uploads\/2023\/01\/IMG01612-1024x683.jpg 1024w, https:\/\/www.bergundtal.com\/wp-content\/uploads\/2023\/01\/IMG01612-300x200.jpg 300w, https:\/\/www.bergundtal.com\/wp-content\/uploads\/2023\/01\/IMG01612-768x512.jpg 768w, https:\/\/www.bergundtal.com\/wp-content\/uploads\/2023\/01\/IMG01612-700x467.jpg 700w, https:\/\/www.bergundtal.com\/wp-content\/uploads\/2023\/01\/IMG01612-332x221.jpg 332w, https:\/\/www.bergundtal.com\/wp-content\/uploads\/2023\/01\/IMG01612.jpg 1200w\" sizes=\"(max-width: 1024px) 100vw, 1024px\" \/><\/a><\/figure>\n\n\n\n<figure class=\"wp-block-image size-large\"><a href=\"https:\/\/www.bergundtal.com\/wp-content\/uploads\/2023\/01\/IMG01633.jpg\"><img data-attachment-id=\"20161\" data-permalink=\"https:\/\/www.bergundtal.com\/?attachment_id=20161\" data-orig-file=\"https:\/\/www.bergundtal.com\/wp-content\/uploads\/2023\/01\/IMG01633.jpg\" data-orig-size=\"533,800\" data-comments-opened=\"0\" data-image-meta=\"{&quot;aperture&quot;:&quot;0&quot;,&quot;credit&quot;:&quot;Picasa&quot;,&quot;camera&quot;:&quot;&quot;,&quot;caption&quot;:&quot;&quot;,&quot;created_timestamp&quot;:&quot;1674142483&quot;,&quot;copyright&quot;:&quot;&quot;,&quot;focal_length&quot;:&quot;0&quot;,&quot;iso&quot;:&quot;0&quot;,&quot;shutter_speed&quot;:&quot;0&quot;,&quot;title&quot;:&quot;&quot;,&quot;orientation&quot;:&quot;0&quot;}\" data-image-title=\"IMG01633\" data-image-description=\"\" data-image-caption=\"\" data-medium-file=\"https:\/\/www.bergundtal.com\/wp-content\/uploads\/2023\/01\/IMG01633-200x300.jpg\" data-large-file=\"https:\/\/www.bergundtal.com\/wp-content\/uploads\/2023\/01\/IMG01633.jpg\" decoding=\"async\" loading=\"lazy\" width=\"533\" height=\"800\" data-id=\"20161\"  src=\"https:\/\/www.bergundtal.com\/wp-content\/uploads\/2023\/01\/IMG01633.jpg\" alt=\"\" class=\"wp-image-20161\" srcset=\"https:\/\/www.bergundtal.com\/wp-content\/uploads\/2023\/01\/IMG01633.jpg 533w, https:\/\/www.bergundtal.com\/wp-content\/uploads\/2023\/01\/IMG01633-200x300.jpg 200w, https:\/\/www.bergundtal.com\/wp-content\/uploads\/2023\/01\/IMG01633-332x498.jpg 332w\" sizes=\"(max-width: 533px) 100vw, 533px\" \/><\/a><\/figure>\n\n\n\n<figure class=\"wp-block-image size-large\"><a href=\"https:\/\/www.bergundtal.com\/wp-content\/uploads\/2023\/01\/leo-s-kinderland_34221.jpg\"><img data-attachment-id=\"20162\" data-permalink=\"https:\/\/www.bergundtal.com\/?attachment_id=20162\" data-orig-file=\"https:\/\/www.bergundtal.com\/wp-content\/uploads\/2023\/01\/leo-s-kinderland_34221.jpg\" data-orig-size=\"1024,683\" data-comments-opened=\"0\" data-image-meta=\"{&quot;aperture&quot;:&quot;0&quot;,&quot;credit&quot;:&quot;Picasa&quot;,&quot;camera&quot;:&quot;&quot;,&quot;caption&quot;:&quot;&quot;,&quot;created_timestamp&quot;:&quot;1674141567&quot;,&quot;copyright&quot;:&quot;&quot;,&quot;focal_length&quot;:&quot;0&quot;,&quot;iso&quot;:&quot;0&quot;,&quot;shutter_speed&quot;:&quot;0&quot;,&quot;title&quot;:&quot;&quot;,&quot;orientation&quot;:&quot;0&quot;}\" data-image-title=\"leo-s-kinderland_34221\" data-image-description=\"\" data-image-caption=\"\" data-medium-file=\"https:\/\/www.bergundtal.com\/wp-content\/uploads\/2023\/01\/leo-s-kinderland_34221-300x200.jpg\" data-large-file=\"https:\/\/www.bergundtal.com\/wp-content\/uploads\/2023\/01\/leo-s-kinderland_34221.jpg\" decoding=\"async\" loading=\"lazy\" width=\"1024\" height=\"683\" data-id=\"20162\"  src=\"https:\/\/www.bergundtal.com\/wp-content\/uploads\/2023\/01\/leo-s-kinderland_34221.jpg\" alt=\"\" class=\"wp-image-20162\" srcset=\"https:\/\/www.bergundtal.com\/wp-content\/uploads\/2023\/01\/leo-s-kinderland_34221.jpg 1024w, https:\/\/www.bergundtal.com\/wp-content\/uploads\/2023\/01\/leo-s-kinderland_34221-300x200.jpg 300w, https:\/\/www.bergundtal.com\/wp-content\/uploads\/2023\/01\/leo-s-kinderland_34221-768x512.jpg 768w, https:\/\/www.bergundtal.com\/wp-content\/uploads\/2023\/01\/leo-s-kinderland_34221-700x467.jpg 700w, https:\/\/www.bergundtal.com\/wp-content\/uploads\/2023\/01\/leo-s-kinderland_34221-332x221.jpg 332w\" sizes=\"(max-width: 1024px) 100vw, 1024px\" \/><\/a><\/figure>\n\n\n\n<figure class=\"wp-block-image size-large\"><a href=\"https:\/\/www.bergundtal.com\/wp-content\/uploads\/2023\/01\/saalbach-winter-skialpin-168.jpg\"><img data-attachment-id=\"20163\" data-permalink=\"https:\/\/www.bergundtal.com\/?attachment_id=20163\" data-orig-file=\"https:\/\/www.bergundtal.com\/wp-content\/uploads\/2023\/01\/saalbach-winter-skialpin-168.jpg\" data-orig-size=\"710,710\" data-comments-opened=\"0\" data-image-meta=\"{&quot;aperture&quot;:&quot;0&quot;,&quot;credit&quot;:&quot;Picasa&quot;,&quot;camera&quot;:&quot;&quot;,&quot;caption&quot;:&quot;&quot;,&quot;created_timestamp&quot;:&quot;1674140773&quot;,&quot;copyright&quot;:&quot;&quot;,&quot;focal_length&quot;:&quot;0&quot;,&quot;iso&quot;:&quot;0&quot;,&quot;shutter_speed&quot;:&quot;0&quot;,&quot;title&quot;:&quot;&quot;,&quot;orientation&quot;:&quot;0&quot;}\" data-image-title=\"saalbach-winter-skialpin-168\" data-image-description=\"\" data-image-caption=\"\" data-medium-file=\"https:\/\/www.bergundtal.com\/wp-content\/uploads\/2023\/01\/saalbach-winter-skialpin-168-300x300.jpg\" data-large-file=\"https:\/\/www.bergundtal.com\/wp-content\/uploads\/2023\/01\/saalbach-winter-skialpin-168.jpg\" decoding=\"async\" loading=\"lazy\" width=\"710\" height=\"710\" data-id=\"20163\"  src=\"https:\/\/www.bergundtal.com\/wp-content\/uploads\/2023\/01\/saalbach-winter-skialpin-168.jpg\" alt=\"\" class=\"wp-image-20163\" srcset=\"https:\/\/www.bergundtal.com\/wp-content\/uploads\/2023\/01\/saalbach-winter-skialpin-168.jpg 710w, https:\/\/www.bergundtal.com\/wp-content\/uploads\/2023\/01\/saalbach-winter-skialpin-168-300x300.jpg 300w, https:\/\/www.bergundtal.com\/wp-content\/uploads\/2023\/01\/saalbach-winter-skialpin-168-150x150.jpg 150w, https:\/\/www.bergundtal.com\/wp-content\/uploads\/2023\/01\/saalbach-winter-skialpin-168-700x700.jpg 700w, https:\/\/www.bergundtal.com\/wp-content\/uploads\/2023\/01\/saalbach-winter-skialpin-168-332x332.jpg 332w, https:\/\/www.bergundtal.com\/wp-content\/uploads\/2023\/01\/saalbach-winter-skialpin-168-432x432.jpg 432w, https:\/\/www.bergundtal.com\/wp-content\/uploads\/2023\/01\/saalbach-winter-skialpin-168-268x268.jpg 268w\" sizes=\"(max-width: 710px) 100vw, 710px\" \/><\/a><\/figure>\n<\/figure>\n\n\n\n<p><strong>Funslopes &#8211;<\/strong> &#8222;<em>Mit der \u201eFunslope Zw\u00f6lfer\u201c und der \u201eFunslope U-Bahn\u201c gibt\u2019s im Skicircus Saalbach Hinterglemm Leogang Fieberbrunn zwei tolle Attraktionen f\u00fcr die ganze Familie. Mit ihren Schneeschnecken, Steilkurven und Wellen machen die beiden Funslopes in Hinterglemm jeden Skitag zum unvergesslichen Erlebnis&#8220;.<\/em> <br><strong>Snowtrails<\/strong> &#8211; &#8222;<em>Fr\u00fcher standen die nat\u00fcrlichen Waldwege bei vielen Wintersportlern hoch im Kurs. Im Skicircus Saalbach Hinterglemm Leogang Fieberbrunn feiern die naturbelassenen Kurzstrecken ihr Comeback. Im gesamten Skigebiet finden sich &#8211; je nach Schneelage &#8211;&nbsp;eine Vielzahl sogenannter \u201eSnow Trails\u201c. F\u00fcr die Streckenf\u00fchrungen sind die topographischen Eigenheiten des Gel\u00e4ndes verantwortlich. Dabei werden die Snow Trails harmonisch in die Natur eingebettet und den jeweiligen Gel\u00e4ndeformen angepasst, befinden sich aber stets in unmittelbarer Pistenn\u00e4he. Nat\u00fcrliche Wellen, Kuppen oder Gel\u00e4nde\u00fcberg\u00e4nge werden mit weiteren Elementen wie Steilkurven, Wellenbahnen, kleinen Spr\u00fcngen oder Cornern verfeinert, um maximalen Abfahrtsspa\u00df zu garantieren. Beachflags am Start weisen auf die Snow Trails hin. Zudem sind sie auch im interaktiven Pistenplan eingezeichnet.<\/em>&#8222;<br><strong>Leos Kinderland &#8211; <\/strong>am Asitz in Leogang \u2013 6 Zauberteppiche und kinderfreundliche Abfahrten, Kinderkarussell u. \u00e4.; das Ski-Spielgel\u00e4nde f\u00fcr die Kleinen unten an der Asitzbahn in Leogang.<br><strong>Timoks Wilde Welt, <\/strong>Fieberbrunn \u2013 \u201e<em>An der Mittelstation Streub\u00f6den wartet zudem &#8222;Timoks Wilde Welt&#8220; auf alle gro\u00dfen und kleinen Abenteurer. Ob eine abenteuerliche Fahrt auf der neuen Fun Slope \u201e Timoks Expedition\u201c oder ein rasanter Ritt mit \u201eTimoks Alpine Coaster\u201c &#8211; hier ist f\u00fcr jeden etwas dabei. Hungrig? Kein Problem! Zwei Gastst\u00e4tten direkt neben der Piste laden zu leckeren Speisen und Getr\u00e4nken ein.\u201c<\/em><\/p>\n\n\n\n<p><\/p>\n\n\n\n<p><\/p>\n\n\n\n<h2 class=\"has-text-align-center has-text-color\" style=\"color:#4114bc\"><span style=\"text-decoration: underline;\"><strong>Skiregion Hochk\u00f6nig<\/strong><\/span><\/h2>\n\n\n\n<figure data-carousel-extra='{\"blog_id\":1,\"permalink\":\"https:\\\/\\\/www.bergundtal.com\\\/?p=20103\"}'  class=\"is-layout-flex wp-block-gallery-13 wp-block-gallery has-nested-images columns-default is-cropped\">\n<figure class=\"wp-block-image size-large\"><a href=\"https:\/\/www.bergundtal.com\/wp-content\/uploads\/2023\/01\/familienskitag-in-der-region-hochkoenig-1.jpg\"><img data-attachment-id=\"20149\" data-permalink=\"https:\/\/www.bergundtal.com\/?attachment_id=20149\" data-orig-file=\"https:\/\/www.bergundtal.com\/wp-content\/uploads\/2023\/01\/familienskitag-in-der-region-hochkoenig-1.jpg\" data-orig-size=\"1130,800\" data-comments-opened=\"0\" data-image-meta=\"{&quot;aperture&quot;:&quot;0&quot;,&quot;credit&quot;:&quot;Picasa&quot;,&quot;camera&quot;:&quot;&quot;,&quot;caption&quot;:&quot;&quot;,&quot;created_timestamp&quot;:&quot;1674143512&quot;,&quot;copyright&quot;:&quot;&quot;,&quot;focal_length&quot;:&quot;0&quot;,&quot;iso&quot;:&quot;0&quot;,&quot;shutter_speed&quot;:&quot;0&quot;,&quot;title&quot;:&quot;&quot;,&quot;orientation&quot;:&quot;0&quot;}\" data-image-title=\"familienskitag-in-der-region-hochkoenig-1\" data-image-description=\"\" data-image-caption=\"\" data-medium-file=\"https:\/\/www.bergundtal.com\/wp-content\/uploads\/2023\/01\/familienskitag-in-der-region-hochkoenig-1-300x212.jpg\" data-large-file=\"https:\/\/www.bergundtal.com\/wp-content\/uploads\/2023\/01\/familienskitag-in-der-region-hochkoenig-1-1024x725.jpg\" decoding=\"async\" loading=\"lazy\" width=\"1024\" height=\"725\" data-id=\"20149\"  src=\"https:\/\/www.bergundtal.com\/wp-content\/uploads\/2023\/01\/familienskitag-in-der-region-hochkoenig-1-1024x725.jpg\" alt=\"\" class=\"wp-image-20149\" srcset=\"https:\/\/www.bergundtal.com\/wp-content\/uploads\/2023\/01\/familienskitag-in-der-region-hochkoenig-1-1024x725.jpg 1024w, https:\/\/www.bergundtal.com\/wp-content\/uploads\/2023\/01\/familienskitag-in-der-region-hochkoenig-1-300x212.jpg 300w, https:\/\/www.bergundtal.com\/wp-content\/uploads\/2023\/01\/familienskitag-in-der-region-hochkoenig-1-768x544.jpg 768w, https:\/\/www.bergundtal.com\/wp-content\/uploads\/2023\/01\/familienskitag-in-der-region-hochkoenig-1-700x496.jpg 700w, https:\/\/www.bergundtal.com\/wp-content\/uploads\/2023\/01\/familienskitag-in-der-region-hochkoenig-1-332x235.jpg 332w, https:\/\/www.bergundtal.com\/wp-content\/uploads\/2023\/01\/familienskitag-in-der-region-hochkoenig-1.jpg 1130w\" sizes=\"(max-width: 1024px) 100vw, 1024px\" \/><\/a><\/figure>\n\n\n\n<figure class=\"wp-block-image size-large\"><a href=\"https:\/\/www.bergundtal.com\/wp-content\/uploads\/2023\/01\/skifahren-am-hochkoenig-36.jpg\"><img data-attachment-id=\"20152\" data-permalink=\"https:\/\/www.bergundtal.com\/?attachment_id=20152\" data-orig-file=\"https:\/\/www.bergundtal.com\/wp-content\/uploads\/2023\/01\/skifahren-am-hochkoenig-36.jpg\" data-orig-size=\"1130,800\" data-comments-opened=\"0\" data-image-meta=\"{&quot;aperture&quot;:&quot;0&quot;,&quot;credit&quot;:&quot;Picasa&quot;,&quot;camera&quot;:&quot;&quot;,&quot;caption&quot;:&quot;&quot;,&quot;created_timestamp&quot;:&quot;1674162396&quot;,&quot;copyright&quot;:&quot;&quot;,&quot;focal_length&quot;:&quot;0&quot;,&quot;iso&quot;:&quot;0&quot;,&quot;shutter_speed&quot;:&quot;0&quot;,&quot;title&quot;:&quot;&quot;,&quot;orientation&quot;:&quot;0&quot;}\" data-image-title=\"skifahren-am-hochkoenig-36\" data-image-description=\"\" data-image-caption=\"\" data-medium-file=\"https:\/\/www.bergundtal.com\/wp-content\/uploads\/2023\/01\/skifahren-am-hochkoenig-36-300x212.jpg\" data-large-file=\"https:\/\/www.bergundtal.com\/wp-content\/uploads\/2023\/01\/skifahren-am-hochkoenig-36-1024x725.jpg\" decoding=\"async\" loading=\"lazy\" width=\"1024\" height=\"725\" data-id=\"20152\"  src=\"https:\/\/www.bergundtal.com\/wp-content\/uploads\/2023\/01\/skifahren-am-hochkoenig-36-1024x725.jpg\" alt=\"\" class=\"wp-image-20152\" srcset=\"https:\/\/www.bergundtal.com\/wp-content\/uploads\/2023\/01\/skifahren-am-hochkoenig-36-1024x725.jpg 1024w, https:\/\/www.bergundtal.com\/wp-content\/uploads\/2023\/01\/skifahren-am-hochkoenig-36-300x212.jpg 300w, https:\/\/www.bergundtal.com\/wp-content\/uploads\/2023\/01\/skifahren-am-hochkoenig-36-768x544.jpg 768w, https:\/\/www.bergundtal.com\/wp-content\/uploads\/2023\/01\/skifahren-am-hochkoenig-36-700x496.jpg 700w, https:\/\/www.bergundtal.com\/wp-content\/uploads\/2023\/01\/skifahren-am-hochkoenig-36-332x235.jpg 332w, https:\/\/www.bergundtal.com\/wp-content\/uploads\/2023\/01\/skifahren-am-hochkoenig-36.jpg 1130w\" sizes=\"(max-width: 1024px) 100vw, 1024px\" \/><\/a><\/figure>\n<\/figure>\n\n\n\n<p><em>Familienwinter in der Skiregion Hochk\u00f6nig, Zwischen Skikurs und Funparks &#8211; ein Winter f\u00fcr die ganze Familie<\/em>.<\/p>\n\n\n\n<h3><span style=\"text-decoration: underline;\">Liftpreise<\/span><\/h3>\n\n\n\n<p><strong>Familienbonus <\/strong>&#8211; &nbsp;&#8222;<em>ab dem 3.ten Kind (2004 geboren und j\u00fcnger) einer Familie erhalten die j\u00fcngsten Kinder einen Freipass mit gleicher G\u00fcltigkeitsdauer.<\/em>&#8220;  <br><strong>Junior Weekend Bonus <\/strong>&#8211; &#8222;<em>Kinder und Jugendliche am Wochenende zum Super-Preis! In Ski amad\u00e9 fahren Kinder und Jugendliche an jedem Wochenende (Samstag und Sonntag) besonders g\u00fcnstig.<\/em>&#8222;<br><strong>Jungfamilien Ticket<\/strong> &#8211; das Jungfamilien Ticket f\u00fcr Familien mit einem Kleinkind unter 3 kann abwechselnd von beiden Elternteilen benutzt werden; das Ticket gibt es als Mehrtageskarte oder als Saisonkarte.<br>Auch hier im Skigebiet <strong>Skiregion Hochk\u00f6nig<\/strong> wird diese Partnerkarte sehr versteckt vorgestellt und dann auch noch sehr ungenau z. B. ohne jeden Hinweis auf den Preis!<\/p>\n\n\n\n<p> <\/p>\n\n\n\n<h3><span style=\"text-decoration: underline;\">Kinder-Skigel\u00e4nde u. \u00e4.<\/span><\/h3>\n\n\n\n<figure class=\"wp-block-image size-full\"><a href=\"https:\/\/www.bergundtal.com\/wp-content\/uploads\/2023\/01\/familienskitag-in-der-region-hochkoenig-11-1.jpg\"><img data-attachment-id=\"20150\" data-permalink=\"https:\/\/www.bergundtal.com\/?attachment_id=20150\" data-orig-file=\"https:\/\/www.bergundtal.com\/wp-content\/uploads\/2023\/01\/familienskitag-in-der-region-hochkoenig-11-1.jpg\" data-orig-size=\"796,500\" data-comments-opened=\"0\" data-image-meta=\"{&quot;aperture&quot;:&quot;0&quot;,&quot;credit&quot;:&quot;Picasa&quot;,&quot;camera&quot;:&quot;&quot;,&quot;caption&quot;:&quot;&quot;,&quot;created_timestamp&quot;:&quot;1674143950&quot;,&quot;copyright&quot;:&quot;&quot;,&quot;focal_length&quot;:&quot;0&quot;,&quot;iso&quot;:&quot;0&quot;,&quot;shutter_speed&quot;:&quot;0&quot;,&quot;title&quot;:&quot;&quot;,&quot;orientation&quot;:&quot;0&quot;}\" data-image-title=\"familienskitag-in-der-region-hochkoenig-11-1\" data-image-description=\"\" data-image-caption=\"\" data-medium-file=\"https:\/\/www.bergundtal.com\/wp-content\/uploads\/2023\/01\/familienskitag-in-der-region-hochkoenig-11-1-300x188.jpg\" data-large-file=\"https:\/\/www.bergundtal.com\/wp-content\/uploads\/2023\/01\/familienskitag-in-der-region-hochkoenig-11-1.jpg\" decoding=\"async\" loading=\"lazy\" width=\"796\" height=\"500\" src=\"https:\/\/www.bergundtal.com\/wp-content\/uploads\/2023\/01\/familienskitag-in-der-region-hochkoenig-11-1.jpg\" alt=\"\" class=\"wp-image-20150\" srcset=\"https:\/\/www.bergundtal.com\/wp-content\/uploads\/2023\/01\/familienskitag-in-der-region-hochkoenig-11-1.jpg 796w, https:\/\/www.bergundtal.com\/wp-content\/uploads\/2023\/01\/familienskitag-in-der-region-hochkoenig-11-1-300x188.jpg 300w, https:\/\/www.bergundtal.com\/wp-content\/uploads\/2023\/01\/familienskitag-in-der-region-hochkoenig-11-1-768x482.jpg 768w, https:\/\/www.bergundtal.com\/wp-content\/uploads\/2023\/01\/familienskitag-in-der-region-hochkoenig-11-1-700x440.jpg 700w, https:\/\/www.bergundtal.com\/wp-content\/uploads\/2023\/01\/familienskitag-in-der-region-hochkoenig-11-1-332x209.jpg 332w\" sizes=\"(max-width: 796px) 100vw, 796px\" \/><\/a><\/figure>\n\n\n\n<p><em>Die Kleinsten werden im G\u00e4stekindergarten betreut, w\u00e4hrend die Gr\u00f6\u00dferen bereits erste Schw\u00fcnge im Skikurs lernen. Die jungen Skitalente d\u00fcrfen sich auf den Funslopes und in den Snowparks.<br><strong>Beginnerspark und Skicross<\/strong> &#8211; Ideal f\u00fcr Beginner &#8211; es erwartet dich eine leichte Line mit 2 Boxen, einer Schanze und einer Wellenbahn. Der kleine Park auf der Piste Nr. 25 am Natrun ist f\u00fcr Anf\u00e4nger bestens geeignet. Fortgeschrittene k\u00f6nnen einen Sprung \u00fcber die Showschanze der Skishow Maria Alm wagen. Die Steilkurven und eingebauten Hindernisse entlang der Skicross Strecke in Maria Alm versprechen puren Pistenspa\u00df und eine Menge Abwechslung.<br><strong>Funslope Sch\u00f6nanger Maria Alm <\/strong>&#8211; Die Spr\u00fcnge und Obstacles eines Funparks sind Ihnen noch ein wenig zu herausfordernd, Sie wollen dennoch nicht auf Action im Winterurlaub verzichten? Dann ist die Funslope Sch\u00f6nanger in Maria Alm genau das Richtige. Die Funslope Sch\u00f6nanger bietet ein spannendes Skierlebnis f\u00fcr die ganze Familie. Auf einer Gesamtl\u00e4nge von 850 Meter k\u00f6nnen sich Anf\u00e4nger genauso wie Fortgeschrittene so richtig austoben. Es warten kleine Spr\u00fcnge, steile Kurven, eine Rainbow Butterbox, ein Tunnel und weitere \u00dcberraschungen.<\/em><\/p>\n\n\n\n<ul>\n<li><em>850 Meter lange Funslope mit steilen Kurven, einer Wellenbahn, Rainbow Butterbox, Sound High Five Slopy sowie Klangspiel<\/em><\/li>\n\n\n\n<li><em>Monstr\u00f6se Riesenschnecke mit 30 Meter Durchmesse<\/em>r<\/li>\n\n\n\n<li><em>Slope Cop mit Geschwindigkeitsmessung<\/em><\/li>\n\n\n\n<li><em>Family Park mit kleinen Schanzen und Rails<\/em><\/li>\n<\/ul>\n\n\n\n<figure class=\"wp-block-image size-large\"><a href=\"https:\/\/www.bergundtal.com\/wp-content\/uploads\/2023\/01\/Funslope_Schoenanger-_1_-1.jpg\"><img data-attachment-id=\"20151\" data-permalink=\"https:\/\/www.bergundtal.com\/?attachment_id=20151\" data-orig-file=\"https:\/\/www.bergundtal.com\/wp-content\/uploads\/2023\/01\/Funslope_Schoenanger-_1_-1.jpg\" data-orig-size=\"1350,900\" data-comments-opened=\"0\" data-image-meta=\"{&quot;aperture&quot;:&quot;0&quot;,&quot;credit&quot;:&quot;Picasa&quot;,&quot;camera&quot;:&quot;&quot;,&quot;caption&quot;:&quot;&quot;,&quot;created_timestamp&quot;:&quot;1674162390&quot;,&quot;copyright&quot;:&quot;&quot;,&quot;focal_length&quot;:&quot;0&quot;,&quot;iso&quot;:&quot;0&quot;,&quot;shutter_speed&quot;:&quot;0&quot;,&quot;title&quot;:&quot;&quot;,&quot;orientation&quot;:&quot;0&quot;}\" data-image-title=\"Funslope_Schoenanger-_1_-1\" data-image-description=\"\" data-image-caption=\"\" data-medium-file=\"https:\/\/www.bergundtal.com\/wp-content\/uploads\/2023\/01\/Funslope_Schoenanger-_1_-1-300x200.jpg\" data-large-file=\"https:\/\/www.bergundtal.com\/wp-content\/uploads\/2023\/01\/Funslope_Schoenanger-_1_-1-1024x683.jpg\" decoding=\"async\" loading=\"lazy\" width=\"1024\" height=\"683\" src=\"https:\/\/www.bergundtal.com\/wp-content\/uploads\/2023\/01\/Funslope_Schoenanger-_1_-1-1024x683.jpg\" alt=\"\" class=\"wp-image-20151\" srcset=\"https:\/\/www.bergundtal.com\/wp-content\/uploads\/2023\/01\/Funslope_Schoenanger-_1_-1-1024x683.jpg 1024w, https:\/\/www.bergundtal.com\/wp-content\/uploads\/2023\/01\/Funslope_Schoenanger-_1_-1-300x200.jpg 300w, https:\/\/www.bergundtal.com\/wp-content\/uploads\/2023\/01\/Funslope_Schoenanger-_1_-1-768x512.jpg 768w, https:\/\/www.bergundtal.com\/wp-content\/uploads\/2023\/01\/Funslope_Schoenanger-_1_-1-700x467.jpg 700w, https:\/\/www.bergundtal.com\/wp-content\/uploads\/2023\/01\/Funslope_Schoenanger-_1_-1-332x221.jpg 332w, https:\/\/www.bergundtal.com\/wp-content\/uploads\/2023\/01\/Funslope_Schoenanger-_1_-1.jpg 1350w\" sizes=\"(max-width: 1024px) 100vw, 1024px\" \/><\/a><\/figure>\n\n\n\n<p><\/p>\n\n\n\n<h2 class=\"has-text-align-center has-text-color\" style=\"color:#191eab\"><span style=\"text-decoration: underline;\"><strong>DOLOMITI SUPERSKI<\/strong><\/span><\/h2>\n\n\n\n<figure class=\"wp-block-image size-large\"><a href=\"https:\/\/www.bergundtal.com\/wp-content\/uploads\/2023\/01\/wisthaler.jpg\"><img data-attachment-id=\"20135\" data-permalink=\"https:\/\/www.bergundtal.com\/?attachment_id=20135\" data-orig-file=\"https:\/\/www.bergundtal.com\/wp-content\/uploads\/2023\/01\/wisthaler.jpg\" data-orig-size=\"1600,1067\" data-comments-opened=\"0\" data-image-meta=\"{&quot;aperture&quot;:&quot;0&quot;,&quot;credit&quot;:&quot;www.wisthaler.com - Harald Wisth&quot;,&quot;camera&quot;:&quot;&quot;,&quot;caption&quot;:&quot;&quot;,&quot;created_timestamp&quot;:&quot;1674073707&quot;,&quot;copyright&quot;:&quot;www.wisthaler.com - Harald Wisthaler&quot;,&quot;focal_length&quot;:&quot;0&quot;,&quot;iso&quot;:&quot;0&quot;,&quot;shutter_speed&quot;:&quot;0&quot;,&quot;title&quot;:&quot;www.wisthaler.com - Harald Wisthaler&quot;,&quot;orientation&quot;:&quot;0&quot;}\" data-image-title=\"www.wisthaler.com &#8211; Harald Wisthaler\" data-image-description=\"\" data-image-caption=\"\" data-medium-file=\"https:\/\/www.bergundtal.com\/wp-content\/uploads\/2023\/01\/wisthaler-300x200.jpg\" data-large-file=\"https:\/\/www.bergundtal.com\/wp-content\/uploads\/2023\/01\/wisthaler-1024x683.jpg\" decoding=\"async\" loading=\"lazy\" width=\"1024\" height=\"683\" src=\"https:\/\/www.bergundtal.com\/wp-content\/uploads\/2023\/01\/wisthaler-1024x683.jpg\" alt=\"\" class=\"wp-image-20135\" srcset=\"https:\/\/www.bergundtal.com\/wp-content\/uploads\/2023\/01\/wisthaler-1024x683.jpg 1024w, https:\/\/www.bergundtal.com\/wp-content\/uploads\/2023\/01\/wisthaler-300x200.jpg 300w, https:\/\/www.bergundtal.com\/wp-content\/uploads\/2023\/01\/wisthaler-768x512.jpg 768w, https:\/\/www.bergundtal.com\/wp-content\/uploads\/2023\/01\/wisthaler-1536x1024.jpg 1536w, https:\/\/www.bergundtal.com\/wp-content\/uploads\/2023\/01\/wisthaler-700x467.jpg 700w, https:\/\/www.bergundtal.com\/wp-content\/uploads\/2023\/01\/wisthaler-332x221.jpg 332w, https:\/\/www.bergundtal.com\/wp-content\/uploads\/2023\/01\/wisthaler.jpg 1600w\" sizes=\"(max-width: 1024px) 100vw, 1024px\" \/><\/a><\/figure>\n\n\n\n<h3><span style=\"text-decoration: underline;\">Liftpreise<\/span><\/h3>\n\n\n\n<p><strong><span style=\"text-decoration: underline;\">Eltern mit Kind Pass<\/span>, \u201e<\/strong><em>mit diesem Skipass k\u00f6nnen die Skilifte abwechselnd von beiden Elternteilen benutzt werden, so dass sich einer um das Kind k\u00fcmmern kann. Der Skipasspreis (von 2 bis 31 Tagen) ist 20% h\u00f6her als der Preis f\u00fcr Erwachsene. Das Kind muss nach dem 26.11.2019 geboren sein Stand Saison 202\/23. <\/em>20% teuerer, das ist heftig! Diesen \u201eEltern mit Kind Pass&#8220; gibt es auch mit G\u00fcltigkeit in den Regionalgebieten.<\/p>\n\n\n\n<p><strong><span style=\"text-decoration: underline;\">Kostenlose Bef\u00f6rderung f\u00fcr Kinder bis 8 Jahre<\/span>.<\/strong> <em>&#8222;Beim gleichzeitigen Kauf eines Erwachsenenskipasses und eines Kinderskipasses erhalten Kinder, die nach dem 26.11.2014 geboren sind, einen kostenlosen Tages- oder Mehrtagesskipass der gleichen Art und des gleichen Zeitraums des Erwachsenenskipasses. Pro Begleitperson kommt dabei je ein Kind in den Genuss des Gratisskipasses. Kinder, geboren nach dem 26.11.2014, erhalten 50 % Erm\u00e4\u00dfigung auf Tages- und Mehrtagesskip\u00e4sse, Jugendliche, geboren nach dem 26.11.2006, erhalten 30 % Erm\u00e4\u00dfigung.&#8220;<\/em><\/p>\n\n\n\n<p><strong><span style=\"text-decoration: underline;\">SUPERSKI FAMILY Card<\/span><\/strong> &#8211;  \u201e<em>Eine familienfreundliche Skikarte der Destination Dolomit Superski nach Ma\u00df \u2013 f\u00fcr Ihre Familie? Auch in der Wintersaison 2022-23 gibt es die Skipass-Kombination Superski Family. Egal wie gro\u00df die Familie, wie lange Sie Ski fahren m\u00f6chten und welches Budget verf\u00fcgbar ist \u2013 Dolomiti Superski bietet die richtige L\u00f6sung f\u00fcr den gemeinsamen Skiurlaub\u201c:<br><\/em><a href=\"https:\/\/www.dolomitisuperski.com\/de\/Skipass\/Superski-Family\">https:\/\/www.dolomitisuperski.com\/de\/Skipass\/Superski-Family<\/a><br>Ein ganz interessantes Angebot; jedes Familienmitglied \u2013 Kinder ab 8 Jahre bis Senioren \u2013 bekommt eine Karte, jeder genutzte Skitag wird gebucht, die Summe dieser Skitage wird berechnet: bei einer 4 k\u00f6pfigen Familie und 6 gemeinsamen Skitagen werden also 24 Tage gebucht; 877,- \u20ac <em>(Preis f\u00fcr 25 Tage, s. u.)<\/em>\/ Addition der Einzelp\u00e4sse bei Kindern 10 und 13: 1268,- \u20ac! Selbst im Vergleich zum Regionalpass Kronplatz z. B. ist der FAMILY Pass noch ca. 120 \u20ac g\u00fcnstiger!<br>Das ist eine super Erm\u00e4\u00dfigung; den SUPERSKI FAMILY Pass gibt es aber nur f\u00fcr Gesamt SUPER DOLIMITY, nicht in einer etwas preiswerteren Version mit G\u00fcltigkeit f\u00fcr die Regionalgebiete, er ist ein Angebot, das nat\u00fcrlich auch die Idee der Partnerkarte beinhaltet!<br><strong>Dieser Familien \u2013 Skipass ist ja eigentlich eine bahnbrechende Idee, einen Familienrabatt mit einer genauen und bedarfsorientierten Abrechnung zu evrbinden \u2013 perfekt und zukunftsorientiert! Nur leider gibt DOLOMITI SUPERSKI bei der SUPERSKI FAMILY Card ein sehr grobes Buchungsmuster vor, Skitage k\u00f6nnen nur im 10er Raster auf die Karte gebucht werden, bei der m\u00f6glichen online Nachbuchung z. B.im Urlaubsort geht es auch im 5er Raster.<\/strong> <a href=\"https:\/\/www.dolomitisuperski.com\/dam\/jcr:d6fdfb6f-0c90-4d04-bfda-e5e639eda588\/DSSKi_Poster_listino%20prezzi_family_22_23.pdf\">https:\/\/www.dolomitisuperski.com\/dam\/jcr:d6fdfb6f-0c90-4d04-bfda-e5e639eda588\/DSSKi_Poster_listino%20prezzi_family_22_23.pdf<\/a> <br>Ich habe also 20 oder 25 oder 30 oder 35 \u2026 Skitage auf meinem Familien-Guthaben, von dem dann die tats\u00e4chlich genutzten Skitage der Familie abgebucht werden. Aufgrund dieses groben Buchungsmusters bleibt eigentlich immer ein Rest an Tagen als Guthaben auf der Karte \u2013 und dann? Auszahlen lassen kann man sich dieses Gutachten nicht.<\/p>\n\n\n\n<h3><span style=\"text-decoration: underline;\">Kinder Skigel\u00e4nde u. \u00e4.<\/span><\/h3>\n\n\n\n<figure data-carousel-extra='{\"blog_id\":1,\"permalink\":\"https:\\\/\\\/www.bergundtal.com\\\/?p=20103\"}'  class=\"is-layout-flex wp-block-gallery-15 wp-block-gallery has-nested-images columns-default is-cropped\">\n<figure class=\"wp-block-image size-large\"><a href=\"https:\/\/www.bergundtal.com\/wp-content\/uploads\/2023\/01\/DSC_0582.webp\"><img data-attachment-id=\"20130\" data-permalink=\"https:\/\/www.bergundtal.com\/?attachment_id=20130\" data-orig-file=\"https:\/\/www.bergundtal.com\/wp-content\/uploads\/2023\/01\/DSC_0582.webp\" data-orig-size=\"514,514\" data-comments-opened=\"0\" data-image-meta=\"{&quot;aperture&quot;:&quot;0&quot;,&quot;credit&quot;:&quot;&quot;,&quot;camera&quot;:&quot;&quot;,&quot;caption&quot;:&quot;&quot;,&quot;created_timestamp&quot;:&quot;0&quot;,&quot;copyright&quot;:&quot;&quot;,&quot;focal_length&quot;:&quot;0&quot;,&quot;iso&quot;:&quot;0&quot;,&quot;shutter_speed&quot;:&quot;0&quot;,&quot;title&quot;:&quot;&quot;,&quot;orientation&quot;:&quot;0&quot;}\" data-image-title=\"DSC_0582\" data-image-description=\"\" data-image-caption=\"\" data-medium-file=\"https:\/\/www.bergundtal.com\/wp-content\/uploads\/2023\/01\/DSC_0582-300x300.webp\" data-large-file=\"https:\/\/www.bergundtal.com\/wp-content\/uploads\/2023\/01\/DSC_0582.webp\" decoding=\"async\" loading=\"lazy\" width=\"514\" height=\"514\" data-id=\"20130\"  src=\"https:\/\/www.bergundtal.com\/wp-content\/uploads\/2023\/01\/DSC_0582.webp\" alt=\"\" class=\"wp-image-20130\" srcset=\"https:\/\/www.bergundtal.com\/wp-content\/uploads\/2023\/01\/DSC_0582.webp 514w, https:\/\/www.bergundtal.com\/wp-content\/uploads\/2023\/01\/DSC_0582-300x300.webp 300w, https:\/\/www.bergundtal.com\/wp-content\/uploads\/2023\/01\/DSC_0582-150x150.webp 150w, https:\/\/www.bergundtal.com\/wp-content\/uploads\/2023\/01\/DSC_0582-332x332.webp 332w, https:\/\/www.bergundtal.com\/wp-content\/uploads\/2023\/01\/DSC_0582-432x432.webp 432w, https:\/\/www.bergundtal.com\/wp-content\/uploads\/2023\/01\/DSC_0582-268x268.webp 268w\" sizes=\"(max-width: 514px) 100vw, 514px\" \/><\/a><\/figure>\n\n\n\n<figure class=\"wp-block-image size-large\"><a href=\"https:\/\/www.bergundtal.com\/wp-content\/uploads\/2023\/01\/DSC_0674-1.jpg\"><img data-attachment-id=\"20131\" data-permalink=\"https:\/\/www.bergundtal.com\/?attachment_id=20131\" data-orig-file=\"https:\/\/www.bergundtal.com\/wp-content\/uploads\/2023\/01\/DSC_0674-1.jpg\" data-orig-size=\"514,238\" data-comments-opened=\"0\" data-image-meta=\"{&quot;aperture&quot;:&quot;0&quot;,&quot;credit&quot;:&quot;Picasa&quot;,&quot;camera&quot;:&quot;&quot;,&quot;caption&quot;:&quot;&quot;,&quot;created_timestamp&quot;:&quot;1673960846&quot;,&quot;copyright&quot;:&quot;&quot;,&quot;focal_length&quot;:&quot;0&quot;,&quot;iso&quot;:&quot;0&quot;,&quot;shutter_speed&quot;:&quot;0&quot;,&quot;title&quot;:&quot;&quot;,&quot;orientation&quot;:&quot;0&quot;}\" data-image-title=\"DSC_0674-1\" data-image-description=\"\" data-image-caption=\"\" data-medium-file=\"https:\/\/www.bergundtal.com\/wp-content\/uploads\/2023\/01\/DSC_0674-1-300x139.jpg\" data-large-file=\"https:\/\/www.bergundtal.com\/wp-content\/uploads\/2023\/01\/DSC_0674-1.jpg\" decoding=\"async\" loading=\"lazy\" width=\"514\" height=\"238\" data-id=\"20131\"  src=\"https:\/\/www.bergundtal.com\/wp-content\/uploads\/2023\/01\/DSC_0674-1.jpg\" alt=\"\" class=\"wp-image-20131\" srcset=\"https:\/\/www.bergundtal.com\/wp-content\/uploads\/2023\/01\/DSC_0674-1.jpg 514w, https:\/\/www.bergundtal.com\/wp-content\/uploads\/2023\/01\/DSC_0674-1-300x139.jpg 300w, https:\/\/www.bergundtal.com\/wp-content\/uploads\/2023\/01\/DSC_0674-1-332x154.jpg 332w\" sizes=\"(max-width: 514px) 100vw, 514px\" \/><\/a><\/figure>\n\n\n\n<figure class=\"wp-block-image size-large\"><a href=\"https:\/\/www.bergundtal.com\/wp-content\/uploads\/2023\/01\/DSC_0677.webp\"><img data-attachment-id=\"20132\" data-permalink=\"https:\/\/www.bergundtal.com\/?attachment_id=20132\" data-orig-file=\"https:\/\/www.bergundtal.com\/wp-content\/uploads\/2023\/01\/DSC_0677.webp\" data-orig-size=\"514,514\" data-comments-opened=\"0\" data-image-meta=\"{&quot;aperture&quot;:&quot;0&quot;,&quot;credit&quot;:&quot;&quot;,&quot;camera&quot;:&quot;&quot;,&quot;caption&quot;:&quot;&quot;,&quot;created_timestamp&quot;:&quot;0&quot;,&quot;copyright&quot;:&quot;&quot;,&quot;focal_length&quot;:&quot;0&quot;,&quot;iso&quot;:&quot;0&quot;,&quot;shutter_speed&quot;:&quot;0&quot;,&quot;title&quot;:&quot;&quot;,&quot;orientation&quot;:&quot;0&quot;}\" data-image-title=\"DSC_0677\" data-image-description=\"\" data-image-caption=\"\" data-medium-file=\"https:\/\/www.bergundtal.com\/wp-content\/uploads\/2023\/01\/DSC_0677-300x300.webp\" data-large-file=\"https:\/\/www.bergundtal.com\/wp-content\/uploads\/2023\/01\/DSC_0677.webp\" decoding=\"async\" loading=\"lazy\" width=\"514\" height=\"514\" data-id=\"20132\"  src=\"https:\/\/www.bergundtal.com\/wp-content\/uploads\/2023\/01\/DSC_0677.webp\" alt=\"\" class=\"wp-image-20132\" srcset=\"https:\/\/www.bergundtal.com\/wp-content\/uploads\/2023\/01\/DSC_0677.webp 514w, https:\/\/www.bergundtal.com\/wp-content\/uploads\/2023\/01\/DSC_0677-300x300.webp 300w, https:\/\/www.bergundtal.com\/wp-content\/uploads\/2023\/01\/DSC_0677-150x150.webp 150w, https:\/\/www.bergundtal.com\/wp-content\/uploads\/2023\/01\/DSC_0677-332x332.webp 332w, https:\/\/www.bergundtal.com\/wp-content\/uploads\/2023\/01\/DSC_0677-432x432.webp 432w, https:\/\/www.bergundtal.com\/wp-content\/uploads\/2023\/01\/DSC_0677-268x268.webp 268w\" sizes=\"(max-width: 514px) 100vw, 514px\" \/><\/a><\/figure>\n\n\n\n<figure class=\"wp-block-image size-large\"><a href=\"https:\/\/www.bergundtal.com\/wp-content\/uploads\/2023\/01\/img-20190910-wa0003.jpg\"><img data-attachment-id=\"20133\" data-permalink=\"https:\/\/www.bergundtal.com\/?attachment_id=20133\" data-orig-file=\"https:\/\/www.bergundtal.com\/wp-content\/uploads\/2023\/01\/img-20190910-wa0003.jpg\" data-orig-size=\"1200,900\" data-comments-opened=\"0\" data-image-meta=\"{&quot;aperture&quot;:&quot;0&quot;,&quot;credit&quot;:&quot;Picasa&quot;,&quot;camera&quot;:&quot;&quot;,&quot;caption&quot;:&quot;&quot;,&quot;created_timestamp&quot;:&quot;1673960260&quot;,&quot;copyright&quot;:&quot;&quot;,&quot;focal_length&quot;:&quot;0&quot;,&quot;iso&quot;:&quot;0&quot;,&quot;shutter_speed&quot;:&quot;0&quot;,&quot;title&quot;:&quot;&quot;,&quot;orientation&quot;:&quot;0&quot;}\" data-image-title=\"img-20190910-wa0003\" data-image-description=\"\" data-image-caption=\"\" data-medium-file=\"https:\/\/www.bergundtal.com\/wp-content\/uploads\/2023\/01\/img-20190910-wa0003-300x225.jpg\" data-large-file=\"https:\/\/www.bergundtal.com\/wp-content\/uploads\/2023\/01\/img-20190910-wa0003-1024x768.jpg\" decoding=\"async\" loading=\"lazy\" width=\"1024\" height=\"768\" data-id=\"20133\"  src=\"https:\/\/www.bergundtal.com\/wp-content\/uploads\/2023\/01\/img-20190910-wa0003-1024x768.jpg\" alt=\"\" class=\"wp-image-20133\" srcset=\"https:\/\/www.bergundtal.com\/wp-content\/uploads\/2023\/01\/img-20190910-wa0003-1024x768.jpg 1024w, https:\/\/www.bergundtal.com\/wp-content\/uploads\/2023\/01\/img-20190910-wa0003-300x225.jpg 300w, https:\/\/www.bergundtal.com\/wp-content\/uploads\/2023\/01\/img-20190910-wa0003-768x576.jpg 768w, https:\/\/www.bergundtal.com\/wp-content\/uploads\/2023\/01\/img-20190910-wa0003-700x525.jpg 700w, https:\/\/www.bergundtal.com\/wp-content\/uploads\/2023\/01\/img-20190910-wa0003-332x249.jpg 332w, https:\/\/www.bergundtal.com\/wp-content\/uploads\/2023\/01\/img-20190910-wa0003.jpg 1200w\" sizes=\"(max-width: 1024px) 100vw, 1024px\" \/><\/a><\/figure>\n\n\n\n<figure class=\"wp-block-image size-large\"><a href=\"https:\/\/www.bergundtal.com\/wp-content\/uploads\/2023\/01\/mini-ursus-pradalago-1.jpg\"><img data-attachment-id=\"20134\" data-permalink=\"https:\/\/www.bergundtal.com\/?attachment_id=20134\" data-orig-file=\"https:\/\/www.bergundtal.com\/wp-content\/uploads\/2023\/01\/mini-ursus-pradalago-1.jpg\" data-orig-size=\"1024,594\" data-comments-opened=\"0\" data-image-meta=\"{&quot;aperture&quot;:&quot;0&quot;,&quot;credit&quot;:&quot;Picasa&quot;,&quot;camera&quot;:&quot;&quot;,&quot;caption&quot;:&quot;&quot;,&quot;created_timestamp&quot;:&quot;1673960305&quot;,&quot;copyright&quot;:&quot;&quot;,&quot;focal_length&quot;:&quot;0&quot;,&quot;iso&quot;:&quot;0&quot;,&quot;shutter_speed&quot;:&quot;0&quot;,&quot;title&quot;:&quot;&quot;,&quot;orientation&quot;:&quot;0&quot;}\" data-image-title=\"mini-ursus-pradalago-1\" data-image-description=\"\" data-image-caption=\"\" data-medium-file=\"https:\/\/www.bergundtal.com\/wp-content\/uploads\/2023\/01\/mini-ursus-pradalago-1-300x174.jpg\" data-large-file=\"https:\/\/www.bergundtal.com\/wp-content\/uploads\/2023\/01\/mini-ursus-pradalago-1.jpg\" decoding=\"async\" loading=\"lazy\" width=\"1024\" height=\"594\" data-id=\"20134\"  src=\"https:\/\/www.bergundtal.com\/wp-content\/uploads\/2023\/01\/mini-ursus-pradalago-1.jpg\" alt=\"\" class=\"wp-image-20134\" srcset=\"https:\/\/www.bergundtal.com\/wp-content\/uploads\/2023\/01\/mini-ursus-pradalago-1.jpg 1024w, https:\/\/www.bergundtal.com\/wp-content\/uploads\/2023\/01\/mini-ursus-pradalago-1-300x174.jpg 300w, https:\/\/www.bergundtal.com\/wp-content\/uploads\/2023\/01\/mini-ursus-pradalago-1-768x446.jpg 768w, https:\/\/www.bergundtal.com\/wp-content\/uploads\/2023\/01\/mini-ursus-pradalago-1-700x406.jpg 700w, https:\/\/www.bergundtal.com\/wp-content\/uploads\/2023\/01\/mini-ursus-pradalago-1-332x193.jpg 332w\" sizes=\"(max-width: 1024px) 100vw, 1024px\" \/><\/a><\/figure>\n<\/figure>\n\n\n\n<p><strong>Kinder Skigel\u00e4nde und Fun Parks <\/strong>gibt es in dem Riesengebiet DOLOMITI SUPERSKI nat\u00fcrlich jede Menge, ebenso qualifizierte Skischulen mit speziellen Kinderkursen, Infos dazu gibt es auf den jeweiligen regionalen Homepages wie z. B. Kronplatz: <strong><em>\u201eKinderherzen schlagen h\u00f6her.<\/em> <\/strong><em>Der Ski- und Aktivberg Kronplatz bietet ganzj\u00e4hrig viele Freizeitm\u00f6glichkeiten f\u00fcr Familien. Die Aktivit\u00e4ten und Programme sind vielf\u00e4ltig und kommen bei den Kindern besonders gut an. Im Winter steht das Skifahren im Mittelpunkt steht, der Kronplatz verf\u00fcgt \u00fcber verschiedene Kinder-Areale, einen Safety Park, ein Kinder-Restaurant und unz\u00e4hlige Kinderskikurs- und Betreuungsangebote.\u201c<\/em><\/p>\n\n\n\n<p><\/p>\n\n\n\n<h2 class=\"has-text-align-center has-text-color\" style=\"color:#110d95\"><span style=\"text-decoration: underline;\"><strong>Oberstdorf Kleinwalsertal Bergbahnen<\/strong><\/span><\/h2>\n\n\n\n<figure class=\"wp-block-image size-large\"><a href=\"https:\/\/www.bergundtal.com\/wp-content\/uploads\/2023\/01\/1200-3.jpg\"><img data-attachment-id=\"20166\" data-permalink=\"https:\/\/www.bergundtal.com\/?attachment_id=20166\" data-orig-file=\"https:\/\/www.bergundtal.com\/wp-content\/uploads\/2023\/01\/1200-3.jpg\" data-orig-size=\"1200,800\" data-comments-opened=\"0\" data-image-meta=\"{&quot;aperture&quot;:&quot;0&quot;,&quot;credit&quot;:&quot;Picasa&quot;,&quot;camera&quot;:&quot;&quot;,&quot;caption&quot;:&quot;&quot;,&quot;created_timestamp&quot;:&quot;1674074259&quot;,&quot;copyright&quot;:&quot;&quot;,&quot;focal_length&quot;:&quot;0&quot;,&quot;iso&quot;:&quot;0&quot;,&quot;shutter_speed&quot;:&quot;0&quot;,&quot;title&quot;:&quot;&quot;,&quot;orientation&quot;:&quot;0&quot;}\" data-image-title=\"1200-3\" data-image-description=\"\" data-image-caption=\"\" data-medium-file=\"https:\/\/www.bergundtal.com\/wp-content\/uploads\/2023\/01\/1200-3-300x200.jpg\" data-large-file=\"https:\/\/www.bergundtal.com\/wp-content\/uploads\/2023\/01\/1200-3-1024x683.jpg\" decoding=\"async\" loading=\"lazy\" width=\"1024\" height=\"683\" src=\"https:\/\/www.bergundtal.com\/wp-content\/uploads\/2023\/01\/1200-3-1024x683.jpg\" alt=\"\" class=\"wp-image-20166\" srcset=\"https:\/\/www.bergundtal.com\/wp-content\/uploads\/2023\/01\/1200-3-1024x683.jpg 1024w, https:\/\/www.bergundtal.com\/wp-content\/uploads\/2023\/01\/1200-3-300x200.jpg 300w, https:\/\/www.bergundtal.com\/wp-content\/uploads\/2023\/01\/1200-3-768x512.jpg 768w, https:\/\/www.bergundtal.com\/wp-content\/uploads\/2023\/01\/1200-3-700x467.jpg 700w, https:\/\/www.bergundtal.com\/wp-content\/uploads\/2023\/01\/1200-3-332x221.jpg 332w, https:\/\/www.bergundtal.com\/wp-content\/uploads\/2023\/01\/1200-3.jpg 1200w\" sizes=\"(max-width: 1024px) 100vw, 1024px\" \/><\/a><\/figure>\n\n\n\n<p>\u201e<em>Familienmomente im Pulverschnee erleben. Die Oberstdorfer Kleinwalsertaler Bergbahnen hei\u00dfen Familien zum Skifahren im Allg\u00e4u und im Kleinwalsertal willkommen\u201c.<\/em><\/p>\n\n\n\n<h3><span style=\"text-decoration: underline;\">Liftpreise<\/span><\/h3>\n\n\n\n<p><strong><span style=\"text-decoration: underline;\">Elternkarte<\/span><\/strong> &#8211; <strong> <\/strong>(also Partnerkarte f\u00fcr Jungfamilien)<strong>, <\/strong><em>. <\/em>Diese Elternkarte kostet z. B. f\u00fcr 6 Tage 307,50 \u20ac, w\u00e4hrend die normale 6 Tage Karte f\u00fcr einen Erwachsenen 256,- \u20ac kostet; <strong>ein Preisunterschied von 51,50 \u20ac, das ist heftig!!<\/strong><\/p>\n\n\n\n<p>Wobei bei diesem gro\u00dffl\u00e4chigen Skiraum &#8211; immerhin besteht er aus insgesamt 7 separaten Skigebieten &#8211; generell  die Frage ist, ob sich hier eine Partnertkarte \u00fcberhaupt lohnt? Wobei es allerdings f\u00fcr die einzelnen Gebiete zwar regionale Skip\u00e4sse mit KInder- ,Jungend-, Erwachsenen- und Seniorentarifen gibt, aber keine Elternkarte!<br>Ansonsten gibt es bei der Mehrtageskarte die \u00fcblichen Differenzierung zwischen Senior, Erwachsenem, Jugendlichem und Kind, aber dann werden auch <strong>die j\u00fcngsten Kinder \u2013 Winter 2022\/23 ab Jahrgang 2017 und j\u00fcnger \u2013 , die &#8222;Murmele&#8220;!! auch zur Kasse gebeten! F\u00fcr 6 Tage zahlt das &#8222;Murmele&#8220; 72,- \u20ac. <\/strong>Das ist konsequent, wer einen Platz z. B. im Sessellift oder in der Seilbahn einnimmt, der soll auch zahlen!<\/p>\n\n\n\n<h3><span style=\"text-decoration: underline;\">Kinderskigel\u00e4nde u. \u00e4.<\/span><\/h3>\n\n\n\n<figure data-carousel-extra='{\"blog_id\":1,\"permalink\":\"https:\\\/\\\/www.bergundtal.com\\\/?p=20103\"}'  class=\"is-layout-flex wp-block-gallery-17 wp-block-gallery has-nested-images columns-default is-cropped\">\n<figure class=\"wp-block-image size-large\"><a href=\"https:\/\/www.bergundtal.com\/wp-content\/uploads\/2023\/01\/1200-1.jpg\"><img data-attachment-id=\"20139\" data-permalink=\"https:\/\/www.bergundtal.com\/?attachment_id=20139\" data-orig-file=\"https:\/\/www.bergundtal.com\/wp-content\/uploads\/2023\/01\/1200-1.jpg\" data-orig-size=\"1200,799\" data-comments-opened=\"0\" data-image-meta=\"{&quot;aperture&quot;:&quot;0&quot;,&quot;credit&quot;:&quot;Picasa&quot;,&quot;camera&quot;:&quot;&quot;,&quot;caption&quot;:&quot;&quot;,&quot;created_timestamp&quot;:&quot;1674074270&quot;,&quot;copyright&quot;:&quot;&quot;,&quot;focal_length&quot;:&quot;0&quot;,&quot;iso&quot;:&quot;0&quot;,&quot;shutter_speed&quot;:&quot;0&quot;,&quot;title&quot;:&quot;&quot;,&quot;orientation&quot;:&quot;0&quot;}\" data-image-title=\"1200-1\" data-image-description=\"\" data-image-caption=\"\" data-medium-file=\"https:\/\/www.bergundtal.com\/wp-content\/uploads\/2023\/01\/1200-1-300x200.jpg\" data-large-file=\"https:\/\/www.bergundtal.com\/wp-content\/uploads\/2023\/01\/1200-1-1024x682.jpg\" decoding=\"async\" loading=\"lazy\" width=\"1024\" height=\"682\" data-id=\"20139\"  src=\"https:\/\/www.bergundtal.com\/wp-content\/uploads\/2023\/01\/1200-1-1024x682.jpg\" alt=\"\" class=\"wp-image-20139\" srcset=\"https:\/\/www.bergundtal.com\/wp-content\/uploads\/2023\/01\/1200-1-1024x682.jpg 1024w, https:\/\/www.bergundtal.com\/wp-content\/uploads\/2023\/01\/1200-1-300x200.jpg 300w, https:\/\/www.bergundtal.com\/wp-content\/uploads\/2023\/01\/1200-1-768x511.jpg 768w, https:\/\/www.bergundtal.com\/wp-content\/uploads\/2023\/01\/1200-1-700x466.jpg 700w, https:\/\/www.bergundtal.com\/wp-content\/uploads\/2023\/01\/1200-1-332x221.jpg 332w, https:\/\/www.bergundtal.com\/wp-content\/uploads\/2023\/01\/1200-1.jpg 1200w\" sizes=\"(max-width: 1024px) 100vw, 1024px\" \/><\/a><\/figure>\n\n\n\n<figure class=\"wp-block-image size-large\"><a href=\"https:\/\/www.bergundtal.com\/wp-content\/uploads\/2023\/01\/1200-2.jpg\"><img data-attachment-id=\"20140\" data-permalink=\"https:\/\/www.bergundtal.com\/?attachment_id=20140\" data-orig-file=\"https:\/\/www.bergundtal.com\/wp-content\/uploads\/2023\/01\/1200-2.jpg\" data-orig-size=\"1200,800\" data-comments-opened=\"0\" data-image-meta=\"{&quot;aperture&quot;:&quot;0&quot;,&quot;credit&quot;:&quot;Picasa&quot;,&quot;camera&quot;:&quot;&quot;,&quot;caption&quot;:&quot;&quot;,&quot;created_timestamp&quot;:&quot;1674074459&quot;,&quot;copyright&quot;:&quot;&quot;,&quot;focal_length&quot;:&quot;0&quot;,&quot;iso&quot;:&quot;0&quot;,&quot;shutter_speed&quot;:&quot;0&quot;,&quot;title&quot;:&quot;&quot;,&quot;orientation&quot;:&quot;0&quot;}\" data-image-title=\"1200-2\" data-image-description=\"\" data-image-caption=\"\" data-medium-file=\"https:\/\/www.bergundtal.com\/wp-content\/uploads\/2023\/01\/1200-2-300x200.jpg\" data-large-file=\"https:\/\/www.bergundtal.com\/wp-content\/uploads\/2023\/01\/1200-2-1024x683.jpg\" decoding=\"async\" loading=\"lazy\" width=\"1024\" height=\"683\" data-id=\"20140\"  src=\"https:\/\/www.bergundtal.com\/wp-content\/uploads\/2023\/01\/1200-2-1024x683.jpg\" alt=\"\" class=\"wp-image-20140\" srcset=\"https:\/\/www.bergundtal.com\/wp-content\/uploads\/2023\/01\/1200-2-1024x683.jpg 1024w, https:\/\/www.bergundtal.com\/wp-content\/uploads\/2023\/01\/1200-2-300x200.jpg 300w, https:\/\/www.bergundtal.com\/wp-content\/uploads\/2023\/01\/1200-2-768x512.jpg 768w, https:\/\/www.bergundtal.com\/wp-content\/uploads\/2023\/01\/1200-2-700x467.jpg 700w, https:\/\/www.bergundtal.com\/wp-content\/uploads\/2023\/01\/1200-2-332x221.jpg 332w, https:\/\/www.bergundtal.com\/wp-content\/uploads\/2023\/01\/1200-2.jpg 1200w\" sizes=\"(max-width: 1024px) 100vw, 1024px\" \/><\/a><\/figure>\n\n\n\n<figure class=\"wp-block-image size-large\"><a href=\"https:\/\/www.bergundtal.com\/wp-content\/uploads\/2023\/01\/1200.jpg\"><img data-attachment-id=\"20142\" data-permalink=\"https:\/\/www.bergundtal.com\/?attachment_id=20142\" data-orig-file=\"https:\/\/www.bergundtal.com\/wp-content\/uploads\/2023\/01\/1200.jpg\" data-orig-size=\"1200,799\" data-comments-opened=\"0\" data-image-meta=\"{&quot;aperture&quot;:&quot;0&quot;,&quot;credit&quot;:&quot;Picasa&quot;,&quot;camera&quot;:&quot;&quot;,&quot;caption&quot;:&quot;&quot;,&quot;created_timestamp&quot;:&quot;1674074259&quot;,&quot;copyright&quot;:&quot;&quot;,&quot;focal_length&quot;:&quot;0&quot;,&quot;iso&quot;:&quot;0&quot;,&quot;shutter_speed&quot;:&quot;0&quot;,&quot;title&quot;:&quot;&quot;,&quot;orientation&quot;:&quot;0&quot;}\" data-image-title=\"1200\" data-image-description=\"\" data-image-caption=\"\" data-medium-file=\"https:\/\/www.bergundtal.com\/wp-content\/uploads\/2023\/01\/1200-300x200.jpg\" data-large-file=\"https:\/\/www.bergundtal.com\/wp-content\/uploads\/2023\/01\/1200-1024x682.jpg\" decoding=\"async\" loading=\"lazy\" width=\"1024\" height=\"682\" data-id=\"20142\"  src=\"https:\/\/www.bergundtal.com\/wp-content\/uploads\/2023\/01\/1200-1024x682.jpg\" alt=\"\" class=\"wp-image-20142\" srcset=\"https:\/\/www.bergundtal.com\/wp-content\/uploads\/2023\/01\/1200-1024x682.jpg 1024w, https:\/\/www.bergundtal.com\/wp-content\/uploads\/2023\/01\/1200-300x200.jpg 300w, https:\/\/www.bergundtal.com\/wp-content\/uploads\/2023\/01\/1200-768x511.jpg 768w, https:\/\/www.bergundtal.com\/wp-content\/uploads\/2023\/01\/1200-700x466.jpg 700w, https:\/\/www.bergundtal.com\/wp-content\/uploads\/2023\/01\/1200-332x221.jpg 332w, https:\/\/www.bergundtal.com\/wp-content\/uploads\/2023\/01\/1200.jpg 1200w\" sizes=\"(max-width: 1024px) 100vw, 1024px\" \/><\/a><\/figure>\n\n\n\n<figure class=\"wp-block-image size-large\"><a href=\"https:\/\/www.bergundtal.com\/wp-content\/uploads\/2023\/01\/Ifen.jpg\"><img data-attachment-id=\"20141\" data-permalink=\"https:\/\/www.bergundtal.com\/?attachment_id=20141\" data-orig-file=\"https:\/\/www.bergundtal.com\/wp-content\/uploads\/2023\/01\/Ifen.jpg\" data-orig-size=\"580,387\" data-comments-opened=\"0\" data-image-meta=\"{&quot;aperture&quot;:&quot;0&quot;,&quot;credit&quot;:&quot;Picasa&quot;,&quot;camera&quot;:&quot;&quot;,&quot;caption&quot;:&quot;&quot;,&quot;created_timestamp&quot;:&quot;1674074169&quot;,&quot;copyright&quot;:&quot;&quot;,&quot;focal_length&quot;:&quot;0&quot;,&quot;iso&quot;:&quot;0&quot;,&quot;shutter_speed&quot;:&quot;0&quot;,&quot;title&quot;:&quot;&quot;,&quot;orientation&quot;:&quot;0&quot;}\" data-image-title=\"Ifen\" data-image-description=\"\" data-image-caption=\"\" data-medium-file=\"https:\/\/www.bergundtal.com\/wp-content\/uploads\/2023\/01\/Ifen-300x200.jpg\" data-large-file=\"https:\/\/www.bergundtal.com\/wp-content\/uploads\/2023\/01\/Ifen.jpg\" decoding=\"async\" loading=\"lazy\" width=\"580\" height=\"387\" data-id=\"20141\"  src=\"https:\/\/www.bergundtal.com\/wp-content\/uploads\/2023\/01\/Ifen.jpg\" alt=\"\" class=\"wp-image-20141\" srcset=\"https:\/\/www.bergundtal.com\/wp-content\/uploads\/2023\/01\/Ifen.jpg 580w, https:\/\/www.bergundtal.com\/wp-content\/uploads\/2023\/01\/Ifen-300x200.jpg 300w, https:\/\/www.bergundtal.com\/wp-content\/uploads\/2023\/01\/Ifen-332x222.jpg 332w\" sizes=\"(max-width: 580px) 100vw, 580px\" \/><\/a><\/figure>\n\n\n\n<figure class=\"wp-block-image size-large\"><a href=\"https:\/\/www.bergundtal.com\/wp-content\/uploads\/2023\/01\/Soelleck.jpg\"><img data-attachment-id=\"20138\" data-permalink=\"https:\/\/www.bergundtal.com\/?attachment_id=20138\" data-orig-file=\"https:\/\/www.bergundtal.com\/wp-content\/uploads\/2023\/01\/Soelleck.jpg\" data-orig-size=\"580,387\" data-comments-opened=\"0\" data-image-meta=\"{&quot;aperture&quot;:&quot;0&quot;,&quot;credit&quot;:&quot;Picasa&quot;,&quot;camera&quot;:&quot;&quot;,&quot;caption&quot;:&quot;&quot;,&quot;created_timestamp&quot;:&quot;1674074183&quot;,&quot;copyright&quot;:&quot;&quot;,&quot;focal_length&quot;:&quot;0&quot;,&quot;iso&quot;:&quot;0&quot;,&quot;shutter_speed&quot;:&quot;0&quot;,&quot;title&quot;:&quot;&quot;,&quot;orientation&quot;:&quot;0&quot;}\" data-image-title=\"Soelleck\" data-image-description=\"\" data-image-caption=\"\" data-medium-file=\"https:\/\/www.bergundtal.com\/wp-content\/uploads\/2023\/01\/Soelleck-300x200.jpg\" data-large-file=\"https:\/\/www.bergundtal.com\/wp-content\/uploads\/2023\/01\/Soelleck.jpg\" decoding=\"async\" loading=\"lazy\" width=\"580\" height=\"387\" data-id=\"20138\"  src=\"https:\/\/www.bergundtal.com\/wp-content\/uploads\/2023\/01\/Soelleck.jpg\" alt=\"\" class=\"wp-image-20138\" srcset=\"https:\/\/www.bergundtal.com\/wp-content\/uploads\/2023\/01\/Soelleck.jpg 580w, https:\/\/www.bergundtal.com\/wp-content\/uploads\/2023\/01\/Soelleck-300x200.jpg 300w, https:\/\/www.bergundtal.com\/wp-content\/uploads\/2023\/01\/Soelleck-332x222.jpg 332w\" sizes=\"(max-width: 580px) 100vw, 580px\" \/><\/a><\/figure>\n<\/figure>\n\n\n\n<p>In den einzelnen Teilgebieten gibt es einige sch\u00f6nen Kinder-Skigel\u00e4nde und Fun Parks; hier muss man das Angebot im Gegensatz zur Preisgestaltung loben.<br>&#8222;<em>In <strong>S\u00f6llis Winterwelt am S\u00f6llereck<\/strong> und in <strong>Burmis Winterwelt am Ifen<\/strong> f\u00fchlen sich Ski-Einsteiger besonders wohl. F\u00f6rderb\u00e4nder, Schlepplifte und flache \u00dcbungspisten helfen bei den ersten Schritten im Schnee.<br>Bei unseren <strong>Funparks &#8222;Crystal Family&#8220; im Gebiet Fellhorn\/Kanzelwand<\/strong> und dem <strong>Minipark am S\u00f6llereck <\/strong>schl\u00e4gt das Freeskier &amp; Snowboarder Herz h\u00f6her und ist f\u00fcr jedes Fahrk\u00f6nnen und Alter geeignet. <strong>Am S\u00f6llereck l\u00e4dt der Mini-Funpark<\/strong> kleine Abenteurer zu den ersten kleinen Spr\u00fcngen und Fahrten \u00fcber Boxen, Wellen u.\u00e4. ein<\/em>&#8222;<\/p>\n\n\n\n<p><\/p>\n\n\n\n<h2 class=\"has-text-align-center has-text-color\" style=\"color:#2808a3\"><span style=\"text-decoration: underline;\"><strong>Gr\u00e4chen \/ Wallis<\/strong><\/span><\/h2>\n\n\n\n<figure class=\"wp-block-image size-large\"><a href=\"https:\/\/www.bergundtal.com\/wp-content\/uploads\/2023\/01\/P1030122.jpg\"><img data-attachment-id=\"20167\" data-permalink=\"https:\/\/www.bergundtal.com\/?attachment_id=20167\" data-orig-file=\"https:\/\/www.bergundtal.com\/wp-content\/uploads\/2023\/01\/P1030122.jpg\" data-orig-size=\"1600,1200\" data-comments-opened=\"0\" data-image-meta=\"{&quot;aperture&quot;:&quot;5.6&quot;,&quot;credit&quot;:&quot;Picasa&quot;,&quot;camera&quot;:&quot;DMC-TZ7&quot;,&quot;caption&quot;:&quot;&quot;,&quot;created_timestamp&quot;:&quot;1303037920&quot;,&quot;copyright&quot;:&quot;&quot;,&quot;focal_length&quot;:&quot;6.1&quot;,&quot;iso&quot;:&quot;125&quot;,&quot;shutter_speed&quot;:&quot;0.001&quot;,&quot;title&quot;:&quot;&quot;,&quot;orientation&quot;:&quot;0&quot;}\" data-image-title=\"P1030122\" data-image-description=\"\" data-image-caption=\"\" data-medium-file=\"https:\/\/www.bergundtal.com\/wp-content\/uploads\/2023\/01\/P1030122-300x225.jpg\" data-large-file=\"https:\/\/www.bergundtal.com\/wp-content\/uploads\/2023\/01\/P1030122-1024x768.jpg\" decoding=\"async\" loading=\"lazy\" width=\"1024\" height=\"768\" src=\"https:\/\/www.bergundtal.com\/wp-content\/uploads\/2023\/01\/P1030122-1024x768.jpg\" alt=\"\" class=\"wp-image-20167\" srcset=\"https:\/\/www.bergundtal.com\/wp-content\/uploads\/2023\/01\/P1030122-1024x768.jpg 1024w, https:\/\/www.bergundtal.com\/wp-content\/uploads\/2023\/01\/P1030122-300x225.jpg 300w, https:\/\/www.bergundtal.com\/wp-content\/uploads\/2023\/01\/P1030122-768x576.jpg 768w, https:\/\/www.bergundtal.com\/wp-content\/uploads\/2023\/01\/P1030122-1536x1152.jpg 1536w, https:\/\/www.bergundtal.com\/wp-content\/uploads\/2023\/01\/P1030122-700x525.jpg 700w, https:\/\/www.bergundtal.com\/wp-content\/uploads\/2023\/01\/P1030122-332x249.jpg 332w, https:\/\/www.bergundtal.com\/wp-content\/uploads\/2023\/01\/P1030122.jpg 1600w\" sizes=\"(max-width: 1024px) 100vw, 1024px\" \/><\/a><\/figure>\n\n\n\n<h3 class=\"has-black-color has-text-color\"><span style=\"text-decoration: underline;\">Liftpreise<\/span><\/h3>\n\n\n\n<p><strong>Kinder ab 6 Jahre<\/strong> und j\u00fcnger fahren <strong>gratis,<\/strong><br>f\u00fcr Familien gibt es eine <strong>Familienkarte,<\/strong> die f\u00fcr 2 Erw. und 2 Kinder f\u00fcr 6 Tage 950,- CHF kostet, die Summe der normalen Einzelkarten (beide Kinder sind im Alter 7 \u2013 16 Jahre) kommt auf 1050,- CHF; f\u00fcr die Familienkarte wird also<strong> lediglich eine Erm\u00e4\u00dfigung von ca. 10% <\/strong>gew\u00e4hrt!!<br>Das ist aber sehr schwach familienfreundlich!<\/p>\n\n\n\n<p>Das Angebot der <strong>Partnerkarte gibt es nicht.<\/strong><\/p>\n\n\n\n<h3><span style=\"text-decoration: underline;\">Kinderskigel\u00e4nde u. \u00e4.<\/span><\/h3>\n\n\n\n<figure class=\"wp-block-image size-large\"><a href=\"https:\/\/www.bergundtal.com\/wp-content\/uploads\/2023\/01\/Uebung-macht-den-Meister.jpg\"><img data-attachment-id=\"20148\" data-permalink=\"https:\/\/www.bergundtal.com\/?attachment_id=20148\" data-orig-file=\"https:\/\/www.bergundtal.com\/wp-content\/uploads\/2023\/01\/Uebung-macht-den-Meister.jpg\" data-orig-size=\"1561,1600\" data-comments-opened=\"0\" data-image-meta=\"{&quot;aperture&quot;:&quot;0&quot;,&quot;credit&quot;:&quot;Picasa&quot;,&quot;camera&quot;:&quot;&quot;,&quot;caption&quot;:&quot;&quot;,&quot;created_timestamp&quot;:&quot;1673448797&quot;,&quot;copyright&quot;:&quot;&quot;,&quot;focal_length&quot;:&quot;0&quot;,&quot;iso&quot;:&quot;0&quot;,&quot;shutter_speed&quot;:&quot;0&quot;,&quot;title&quot;:&quot;&quot;,&quot;orientation&quot;:&quot;0&quot;}\" data-image-title=\"Uebung-macht-den-Meister\" data-image-description=\"\" data-image-caption=\"\" data-medium-file=\"https:\/\/www.bergundtal.com\/wp-content\/uploads\/2023\/01\/Uebung-macht-den-Meister-293x300.jpg\" data-large-file=\"https:\/\/www.bergundtal.com\/wp-content\/uploads\/2023\/01\/Uebung-macht-den-Meister-999x1024.jpg\" decoding=\"async\" loading=\"lazy\" width=\"999\" height=\"1024\" src=\"https:\/\/www.bergundtal.com\/wp-content\/uploads\/2023\/01\/Uebung-macht-den-Meister-999x1024.jpg\" alt=\"\" class=\"wp-image-20148\" srcset=\"https:\/\/www.bergundtal.com\/wp-content\/uploads\/2023\/01\/Uebung-macht-den-Meister-999x1024.jpg 999w, https:\/\/www.bergundtal.com\/wp-content\/uploads\/2023\/01\/Uebung-macht-den-Meister-293x300.jpg 293w, https:\/\/www.bergundtal.com\/wp-content\/uploads\/2023\/01\/Uebung-macht-den-Meister-768x787.jpg 768w, https:\/\/www.bergundtal.com\/wp-content\/uploads\/2023\/01\/Uebung-macht-den-Meister-1499x1536.jpg 1499w, https:\/\/www.bergundtal.com\/wp-content\/uploads\/2023\/01\/Uebung-macht-den-Meister-700x717.jpg 700w, https:\/\/www.bergundtal.com\/wp-content\/uploads\/2023\/01\/Uebung-macht-den-Meister-332x340.jpg 332w, https:\/\/www.bergundtal.com\/wp-content\/uploads\/2023\/01\/Uebung-macht-den-Meister.jpg 1561w\" sizes=\"(max-width: 999px) 100vw, 999px\" \/><\/a><\/figure>\n\n\n\n<p>Im Unterschied zur Preisgestaltung der Liftp\u00e4sse ist<strong> Gr\u00e4chen <\/strong>ein gutes Beispiel f\u00fcr ein kinderfreundliches Angebot; dort stehen im Skigebiet in der N\u00e4he der Hannigalm 4 verschiedene Kinder-, Jugend- und Familiengel\u00e4nde zur Verf\u00fcgung:<br><strong>Family Funslop<\/strong><br>Family Funslope Schnecke &#8211; \u00a9 Roland Haschka\/qparks<br><strong>BRACK.CH Ski Movie<\/strong><br>\u201e<em>Auf der Movie-Piste k\u00f6nnen Sie sich als Skirennfahrer versuchen und Videoaufnahmen Ihrer Fahrt machen. Die Anlage nimmt die gesamte Abfahrt vom Start bis ins Ziel auf und registriert zugleich die Rennzeit.Zeigen Sie ihre Fahrk\u00fcnste auf der Rennstrecke und holen Sie sich Ihren Skimovie.<br><\/em><strong>Jump Area Maxi<\/strong><br>\u201e<em>Hier k\u00f6nnen kleine und grosse Wintersportler auf zwei Kickern und einer Box durch die L\u00fcfte sausen und vielleicht sogar die ersten Freestyle-Tricks ausprobieren. Die Jump Area Maxi befindet sich neben dem SiSu Familienpark und ist ganz einfach mit den beiden Furggen Liften zu erreichen.\u201c<\/em><br><strong>SiSu Talentschmiede<\/strong><br>Kinderpark Talentschmiede f\u00fcr die ersten Skiversuche (4-5 Jahre)<br><strong>Gr\u00e4chen &#8211; Skigebiet mit Kinderbetreuung<\/strong> &#8211; \u201e<em>Im familienfreundlichen Skigebiet Gr\u00e4chen k\u00f6nnen die Eltern auch mal die Skipisten hinunterflitzen, w\u00e4hrend ihre Kinder im Kinderhort SiSu Spiel- und Schlafnest auf der Hannigalp liebevoll betreut werden. Geben Sie Ihre Kleinen in die Obhut von erfahrenen Betreuerinnen und geniessen Sie w\u00e4hrend dem die freie Zeit in der Winterlandschaft von Gr\u00e4chen. <\/em><em><strong>Die Betreuung ist f\u00fcr Skipassbesitzer w\u00e4hrend 2 Stunden kostenlos!<\/strong><\/em><em><br>Ort: Bergrestaurant Hannigalp, Untergeschoss neben dem Picknickraum, Alter: ab 2 &#8211; 6 Jahren (j\u00fcngere und \u00e4ltere nach Anmeldung), Preis: bis 2 Stunden im Skipass inbegriffen, Verl\u00e4ngerung CHF 20.00 pro Kind\/pro Stunde.\u201c<\/em><\/p>\n\n\n\n<p><\/p>\n\n\n\n<h2 class=\"has-text-align-center has-text-color\" style=\"color:#1524a6\"><span style=\"text-decoration: underline;\"><strong>Aletsch Arena\/ Bettmer Alp<\/strong><\/span><\/h2>\n\n\n\n<figure class=\"wp-block-image size-large\"><a href=\"https:\/\/www.bergundtal.com\/wp-content\/uploads\/2023\/01\/Bettmer-Alp1.jpg\"><img data-attachment-id=\"20169\" data-permalink=\"https:\/\/www.bergundtal.com\/?attachment_id=20169\" data-orig-file=\"https:\/\/www.bergundtal.com\/wp-content\/uploads\/2023\/01\/Bettmer-Alp1.jpg\" data-orig-size=\"1600,900\" data-comments-opened=\"0\" data-image-meta=\"{&quot;aperture&quot;:&quot;0&quot;,&quot;credit&quot;:&quot;Picasa&quot;,&quot;camera&quot;:&quot;&quot;,&quot;caption&quot;:&quot;&quot;,&quot;created_timestamp&quot;:&quot;1674201684&quot;,&quot;copyright&quot;:&quot;&quot;,&quot;focal_length&quot;:&quot;0&quot;,&quot;iso&quot;:&quot;0&quot;,&quot;shutter_speed&quot;:&quot;0&quot;,&quot;title&quot;:&quot;&quot;,&quot;orientation&quot;:&quot;0&quot;}\" data-image-title=\"Bettmer-Alp1\" data-image-description=\"\" data-image-caption=\"\" data-medium-file=\"https:\/\/www.bergundtal.com\/wp-content\/uploads\/2023\/01\/Bettmer-Alp1-300x169.jpg\" data-large-file=\"https:\/\/www.bergundtal.com\/wp-content\/uploads\/2023\/01\/Bettmer-Alp1-1024x576.jpg\" decoding=\"async\" loading=\"lazy\" width=\"1024\" height=\"576\" src=\"https:\/\/www.bergundtal.com\/wp-content\/uploads\/2023\/01\/Bettmer-Alp1-1024x576.jpg\" alt=\"\" class=\"wp-image-20169\" srcset=\"https:\/\/www.bergundtal.com\/wp-content\/uploads\/2023\/01\/Bettmer-Alp1-1024x576.jpg 1024w, https:\/\/www.bergundtal.com\/wp-content\/uploads\/2023\/01\/Bettmer-Alp1-300x169.jpg 300w, https:\/\/www.bergundtal.com\/wp-content\/uploads\/2023\/01\/Bettmer-Alp1-768x432.jpg 768w, https:\/\/www.bergundtal.com\/wp-content\/uploads\/2023\/01\/Bettmer-Alp1-1536x864.jpg 1536w, https:\/\/www.bergundtal.com\/wp-content\/uploads\/2023\/01\/Bettmer-Alp1-700x393.jpg 700w, https:\/\/www.bergundtal.com\/wp-content\/uploads\/2023\/01\/Bettmer-Alp1-332x187.jpg 332w, https:\/\/www.bergundtal.com\/wp-content\/uploads\/2023\/01\/Bettmer-Alp1.jpg 1600w\" sizes=\"(max-width: 1024px) 100vw, 1024px\" \/><\/a><\/figure>\n\n\n\n<h3><span style=\"text-decoration: underline;\">Liftpreise<\/span><\/h3>\n\n\n\n<p><strong>Familienerm\u00e4\u00dfigung<\/strong>:<strong> ab dem 3. Kind kostenlos;<\/strong> <em>\u201eFamilien profitieren in ihren Ferien in der Aletsch Arena von attraktiven Verg\u00fcnstigungen beim Kauf von Familienskip\u00e4ssen. Das Ticket f\u00fcr das 3. und jedes weitere im gleichen Haushalt lebende Kind bis 15,99 Jahre wird kostenlos verschenkt \u2013 unabh\u00e4ngig davon, ob ein oder beide Elternteile anwesend sind. Das Abonnement muss jedoch denselben Zeitraum abdecken.\u201c<\/em><br><strong>Partnerkarte <\/strong>&#8211; \u201e<em>Bei alternierender Betreuung von Kleinkindern unter 6 Jahren durch einen Elternteil <u><strong>oder Babysitter <\/strong><\/u>kann der gleiche Skipass (1 &#8211; 21 Tage) genutzt werden (Betreuungsticket). Die Vorlage eines Personalausweises ist obligatorisch.<\/em><br><strong>Kinder und Jugendliche <\/strong>bis zum vollendeten 20. Geburtstag profitieren vom Angebot<strong> \u201eSki for free\u201c<\/strong>.w\u00e4hrend der gesamten Wintersaison im weitl\u00e4ufigen Skigebiet der Aletsch Arena und erhalten<strong> jeden Samstag einen kostenlosen Tagesskipass.<\/strong><\/p>\n\n\n\n<h3><span style=\"text-decoration: underline;\">Kinder-Skigel\u00e4nde u. \u00e4. <\/span> <\/h3>\n\n\n\n<p>ImSkigebiet Aletsch Arena\/Bettmer Alp gibt es ein umfangreichen Angebot f\u00fcr Kinder; von der Betreuung bis zu Kinder -Skigel\u00e4nden ist alles vertreten.<br>KINDERANIMATION BOBO&#8217;S KINDERCLUB RIEDERALP<br>BETREUUNG KINDERHORT BETTMERALP<br>INDERANIMATIONS-PROGRAMM BETTMERALP<br>und diverse Kinder-Skigel\u00e4nde auf Der Bettmer und der Rieder Alp.<\/p>\n\n\n\n<figure data-carousel-extra='{\"blog_id\":1,\"permalink\":\"https:\\\/\\\/www.bergundtal.com\\\/?p=20103\"}'  class=\"is-layout-flex wp-block-gallery-19 wp-block-gallery has-nested-images columns-default is-cropped\">\n<figure class=\"wp-block-image size-large\"><a href=\"https:\/\/www.bergundtal.com\/wp-content\/uploads\/2023\/01\/4-Aletsch-Arena_Kinderschneeland.jpg\"><img data-attachment-id=\"20171\" data-permalink=\"https:\/\/www.bergundtal.com\/?attachment_id=20171\" data-orig-file=\"https:\/\/www.bergundtal.com\/wp-content\/uploads\/2023\/01\/4-Aletsch-Arena_Kinderschneeland.jpg\" data-orig-size=\"940,580\" data-comments-opened=\"0\" data-image-meta=\"{&quot;aperture&quot;:&quot;0&quot;,&quot;credit&quot;:&quot;Picasa&quot;,&quot;camera&quot;:&quot;&quot;,&quot;caption&quot;:&quot;&quot;,&quot;created_timestamp&quot;:&quot;1674212649&quot;,&quot;copyright&quot;:&quot;&quot;,&quot;focal_length&quot;:&quot;0&quot;,&quot;iso&quot;:&quot;0&quot;,&quot;shutter_speed&quot;:&quot;0&quot;,&quot;title&quot;:&quot;&quot;,&quot;orientation&quot;:&quot;0&quot;}\" data-image-title=\"4-Aletsch-Arena_Kinderschneeland\" data-image-description=\"\" data-image-caption=\"\" data-medium-file=\"https:\/\/www.bergundtal.com\/wp-content\/uploads\/2023\/01\/4-Aletsch-Arena_Kinderschneeland-300x185.jpg\" data-large-file=\"https:\/\/www.bergundtal.com\/wp-content\/uploads\/2023\/01\/4-Aletsch-Arena_Kinderschneeland.jpg\" decoding=\"async\" loading=\"lazy\" width=\"940\" height=\"580\" data-id=\"20171\"  src=\"https:\/\/www.bergundtal.com\/wp-content\/uploads\/2023\/01\/4-Aletsch-Arena_Kinderschneeland.jpg\" alt=\"\" class=\"wp-image-20171\" srcset=\"https:\/\/www.bergundtal.com\/wp-content\/uploads\/2023\/01\/4-Aletsch-Arena_Kinderschneeland.jpg 940w, https:\/\/www.bergundtal.com\/wp-content\/uploads\/2023\/01\/4-Aletsch-Arena_Kinderschneeland-300x185.jpg 300w, https:\/\/www.bergundtal.com\/wp-content\/uploads\/2023\/01\/4-Aletsch-Arena_Kinderschneeland-768x474.jpg 768w, https:\/\/www.bergundtal.com\/wp-content\/uploads\/2023\/01\/4-Aletsch-Arena_Kinderschneeland-700x432.jpg 700w, https:\/\/www.bergundtal.com\/wp-content\/uploads\/2023\/01\/4-Aletsch-Arena_Kinderschneeland-332x205.jpg 332w, https:\/\/www.bergundtal.com\/wp-content\/uploads\/2023\/01\/4-Aletsch-Arena_Kinderschneeland-268x164.jpg 268w\" sizes=\"(max-width: 940px) 100vw, 940px\" \/><\/a><figcaption class=\"wp-element-caption\"><strong><em>Bobos Kinderland auf der Rieder Al<\/em><\/strong>p<\/figcaption><\/figure>\n\n\n\n<figure class=\"wp-block-image size-large\"><a href=\"https:\/\/www.bergundtal.com\/wp-content\/uploads\/2023\/01\/Rieder-Alp.jpg\"><img data-attachment-id=\"20172\" data-permalink=\"https:\/\/www.bergundtal.com\/?attachment_id=20172\" data-orig-file=\"https:\/\/www.bergundtal.com\/wp-content\/uploads\/2023\/01\/Rieder-Alp.jpg\" data-orig-size=\"933,700\" data-comments-opened=\"0\" data-image-meta=\"{&quot;aperture&quot;:&quot;0&quot;,&quot;credit&quot;:&quot;Picasa&quot;,&quot;camera&quot;:&quot;&quot;,&quot;caption&quot;:&quot;&quot;,&quot;created_timestamp&quot;:&quot;1674212553&quot;,&quot;copyright&quot;:&quot;&quot;,&quot;focal_length&quot;:&quot;0&quot;,&quot;iso&quot;:&quot;0&quot;,&quot;shutter_speed&quot;:&quot;0&quot;,&quot;title&quot;:&quot;&quot;,&quot;orientation&quot;:&quot;0&quot;}\" data-image-title=\"Rieder-Alp\" data-image-description=\"\" data-image-caption=\"\" data-medium-file=\"https:\/\/www.bergundtal.com\/wp-content\/uploads\/2023\/01\/Rieder-Alp-300x225.jpg\" data-large-file=\"https:\/\/www.bergundtal.com\/wp-content\/uploads\/2023\/01\/Rieder-Alp.jpg\" decoding=\"async\" loading=\"lazy\" width=\"933\" height=\"700\" data-id=\"20172\"  src=\"https:\/\/www.bergundtal.com\/wp-content\/uploads\/2023\/01\/Rieder-Alp.jpg\" alt=\"\" class=\"wp-image-20172\" srcset=\"https:\/\/www.bergundtal.com\/wp-content\/uploads\/2023\/01\/Rieder-Alp.jpg 933w, https:\/\/www.bergundtal.com\/wp-content\/uploads\/2023\/01\/Rieder-Alp-300x225.jpg 300w, https:\/\/www.bergundtal.com\/wp-content\/uploads\/2023\/01\/Rieder-Alp-768x576.jpg 768w, https:\/\/www.bergundtal.com\/wp-content\/uploads\/2023\/01\/Rieder-Alp-700x525.jpg 700w, https:\/\/www.bergundtal.com\/wp-content\/uploads\/2023\/01\/Rieder-Alp-332x249.jpg 332w\" sizes=\"(max-width: 933px) 100vw, 933px\" \/><\/a><figcaption class=\"wp-element-caption\"><strong><em>Bobos Kinderland auf der Rieder Al<\/em><\/strong>p<\/figcaption><\/figure>\n\n\n\n<figure class=\"wp-block-image size-large\"><a href=\"https:\/\/www.bergundtal.com\/wp-content\/uploads\/2023\/01\/Bettmer-Alp.jpg\"><img data-attachment-id=\"20173\" data-permalink=\"https:\/\/www.bergundtal.com\/?attachment_id=20173\" data-orig-file=\"https:\/\/www.bergundtal.com\/wp-content\/uploads\/2023\/01\/Bettmer-Alp.jpg\" data-orig-size=\"1600,900\" data-comments-opened=\"0\" data-image-meta=\"{&quot;aperture&quot;:&quot;0&quot;,&quot;credit&quot;:&quot;Picasa&quot;,&quot;camera&quot;:&quot;&quot;,&quot;caption&quot;:&quot;&quot;,&quot;created_timestamp&quot;:&quot;1674201658&quot;,&quot;copyright&quot;:&quot;&quot;,&quot;focal_length&quot;:&quot;0&quot;,&quot;iso&quot;:&quot;0&quot;,&quot;shutter_speed&quot;:&quot;0&quot;,&quot;title&quot;:&quot;&quot;,&quot;orientation&quot;:&quot;0&quot;}\" data-image-title=\"Bettmer-Alp\" data-image-description=\"\" data-image-caption=\"\" data-medium-file=\"https:\/\/www.bergundtal.com\/wp-content\/uploads\/2023\/01\/Bettmer-Alp-300x169.jpg\" data-large-file=\"https:\/\/www.bergundtal.com\/wp-content\/uploads\/2023\/01\/Bettmer-Alp-1024x576.jpg\" decoding=\"async\" loading=\"lazy\" width=\"1024\" height=\"576\" data-id=\"20173\"  src=\"https:\/\/www.bergundtal.com\/wp-content\/uploads\/2023\/01\/Bettmer-Alp-1024x576.jpg\" alt=\"\" class=\"wp-image-20173\" srcset=\"https:\/\/www.bergundtal.com\/wp-content\/uploads\/2023\/01\/Bettmer-Alp-1024x576.jpg 1024w, https:\/\/www.bergundtal.com\/wp-content\/uploads\/2023\/01\/Bettmer-Alp-300x169.jpg 300w, https:\/\/www.bergundtal.com\/wp-content\/uploads\/2023\/01\/Bettmer-Alp-768x432.jpg 768w, https:\/\/www.bergundtal.com\/wp-content\/uploads\/2023\/01\/Bettmer-Alp-1536x864.jpg 1536w, https:\/\/www.bergundtal.com\/wp-content\/uploads\/2023\/01\/Bettmer-Alp-700x393.jpg 700w, https:\/\/www.bergundtal.com\/wp-content\/uploads\/2023\/01\/Bettmer-Alp-332x187.jpg 332w, https:\/\/www.bergundtal.com\/wp-content\/uploads\/2023\/01\/Bettmer-Alp.jpg 1600w\" sizes=\"(max-width: 1024px) 100vw, 1024px\" \/><\/a><\/figure>\n\n\n\n<figure class=\"wp-block-image size-large\"><a href=\"https:\/\/www.bergundtal.com\/wp-content\/uploads\/2023\/01\/Bettmer-Alp2.jpg\"><img data-attachment-id=\"20174\" data-permalink=\"https:\/\/www.bergundtal.com\/?attachment_id=20174\" data-orig-file=\"https:\/\/www.bergundtal.com\/wp-content\/uploads\/2023\/01\/Bettmer-Alp2.jpg\" data-orig-size=\"1600,900\" data-comments-opened=\"0\" data-image-meta=\"{&quot;aperture&quot;:&quot;0&quot;,&quot;credit&quot;:&quot;Picasa&quot;,&quot;camera&quot;:&quot;&quot;,&quot;caption&quot;:&quot;&quot;,&quot;created_timestamp&quot;:&quot;1674201708&quot;,&quot;copyright&quot;:&quot;&quot;,&quot;focal_length&quot;:&quot;0&quot;,&quot;iso&quot;:&quot;0&quot;,&quot;shutter_speed&quot;:&quot;0&quot;,&quot;title&quot;:&quot;&quot;,&quot;orientation&quot;:&quot;0&quot;}\" data-image-title=\"Bettmer-Alp2\" data-image-description=\"\" data-image-caption=\"\" data-medium-file=\"https:\/\/www.bergundtal.com\/wp-content\/uploads\/2023\/01\/Bettmer-Alp2-300x169.jpg\" data-large-file=\"https:\/\/www.bergundtal.com\/wp-content\/uploads\/2023\/01\/Bettmer-Alp2-1024x576.jpg\" decoding=\"async\" loading=\"lazy\" width=\"1024\" height=\"576\" data-id=\"20174\"  src=\"https:\/\/www.bergundtal.com\/wp-content\/uploads\/2023\/01\/Bettmer-Alp2-1024x576.jpg\" alt=\"\" class=\"wp-image-20174\" srcset=\"https:\/\/www.bergundtal.com\/wp-content\/uploads\/2023\/01\/Bettmer-Alp2-1024x576.jpg 1024w, https:\/\/www.bergundtal.com\/wp-content\/uploads\/2023\/01\/Bettmer-Alp2-300x169.jpg 300w, https:\/\/www.bergundtal.com\/wp-content\/uploads\/2023\/01\/Bettmer-Alp2-768x432.jpg 768w, https:\/\/www.bergundtal.com\/wp-content\/uploads\/2023\/01\/Bettmer-Alp2-1536x864.jpg 1536w, https:\/\/www.bergundtal.com\/wp-content\/uploads\/2023\/01\/Bettmer-Alp2-700x393.jpg 700w, https:\/\/www.bergundtal.com\/wp-content\/uploads\/2023\/01\/Bettmer-Alp2-332x187.jpg 332w, https:\/\/www.bergundtal.com\/wp-content\/uploads\/2023\/01\/Bettmer-Alp2.jpg 1600w\" sizes=\"(max-width: 1024px) 100vw, 1024px\" \/><\/a><\/figure>\n<\/figure>\n\n\n\n<h2 class=\"has-text-align-center has-text-color\" style=\"color:#131c97\"><span style=\"text-decoration: underline;\"><strong>Sulden, S\u00fcdtirol<\/strong><\/span><\/h2>\n\n\n\n<figure class=\"wp-block-image size-full\"><a href=\"https:\/\/www.bergundtal.com\/wp-content\/uploads\/2023\/01\/skifahren-ortlergebiet-vinschgau-tg.jpg\"><img data-attachment-id=\"20175\" data-permalink=\"https:\/\/www.bergundtal.com\/?attachment_id=20175\" data-orig-file=\"https:\/\/www.bergundtal.com\/wp-content\/uploads\/2023\/01\/skifahren-ortlergebiet-vinschgau-tg.jpg\" data-orig-size=\"960,580\" data-comments-opened=\"0\" data-image-meta=\"{&quot;aperture&quot;:&quot;0&quot;,&quot;credit&quot;:&quot;Picasa&quot;,&quot;camera&quot;:&quot;&quot;,&quot;caption&quot;:&quot;&quot;,&quot;created_timestamp&quot;:&quot;1674164616&quot;,&quot;copyright&quot;:&quot;&quot;,&quot;focal_length&quot;:&quot;0&quot;,&quot;iso&quot;:&quot;0&quot;,&quot;shutter_speed&quot;:&quot;0&quot;,&quot;title&quot;:&quot;&quot;,&quot;orientation&quot;:&quot;0&quot;}\" data-image-title=\"skifahren-ortlergebiet-vinschgau-tg\" data-image-description=\"\" data-image-caption=\"\" data-medium-file=\"https:\/\/www.bergundtal.com\/wp-content\/uploads\/2023\/01\/skifahren-ortlergebiet-vinschgau-tg-300x181.jpg\" data-large-file=\"https:\/\/www.bergundtal.com\/wp-content\/uploads\/2023\/01\/skifahren-ortlergebiet-vinschgau-tg.jpg\" decoding=\"async\" loading=\"lazy\" width=\"960\" height=\"580\" src=\"https:\/\/www.bergundtal.com\/wp-content\/uploads\/2023\/01\/skifahren-ortlergebiet-vinschgau-tg.jpg\" alt=\"\" class=\"wp-image-20175\" srcset=\"https:\/\/www.bergundtal.com\/wp-content\/uploads\/2023\/01\/skifahren-ortlergebiet-vinschgau-tg.jpg 960w, https:\/\/www.bergundtal.com\/wp-content\/uploads\/2023\/01\/skifahren-ortlergebiet-vinschgau-tg-300x181.jpg 300w, https:\/\/www.bergundtal.com\/wp-content\/uploads\/2023\/01\/skifahren-ortlergebiet-vinschgau-tg-768x464.jpg 768w, https:\/\/www.bergundtal.com\/wp-content\/uploads\/2023\/01\/skifahren-ortlergebiet-vinschgau-tg-700x423.jpg 700w, https:\/\/www.bergundtal.com\/wp-content\/uploads\/2023\/01\/skifahren-ortlergebiet-vinschgau-tg-332x201.jpg 332w\" sizes=\"(max-width: 960px) 100vw, 960px\" \/><\/a><\/figure>\n\n\n\n<p><em>Das&nbsp;Skigebiet Sulden&nbsp;liegt inmitten der&nbsp;Ortlergruppe im&nbsp;<a href=\"https:\/\/www.vinschgau.net\/de\/ortlergebiet\/kultur-kunst\/stilfserjoch\/nationalpark-stilfserjoch.html\">Nationalpark Stilfserjoch<\/a>. Wintersportler und&nbsp;Familien&nbsp;finden in dem von 14 Dreitausendern umrahmten Skigebiet&nbsp;von Oktober bis Anfang Mai&nbsp;rund 44 abwechslungsreiche Pistenkilometer samt Funpark mit Halfpipe und Boardercross sowie modernste Infrastruktur bis \u00fcber 3.000 m Seeh\u00f6he. Die modernste Luftseilbahn in den Alpen bringt Winterurlauber in nur wenige Minuten direkt ins Skiparadies am Ortler.<\/em><\/p>\n\n\n\n<h3><span style=\"text-decoration: underline;\">Liftpreise<\/span><\/h3>\n\n\n\n<p><strong>Kinder bis zu 7 J. frei<\/strong>, wenn Eltern Skipass kaufen.<br>Sonst nur die \u00fcblichen Verg\u00fcnstigungen: Kinder- und Jugendtarif, Senioren. <strong>Keine Familien- oder Partnerkarten.<\/strong><\/p>\n\n\n\n<h3><span style=\"text-decoration: underline;\">Kinder-Skigel\u00e4nde u. \u00e4.<\/span><\/h3>\n\n\n\n<figure data-carousel-extra='{\"blog_id\":1,\"permalink\":\"https:\\\/\\\/www.bergundtal.com\\\/?p=20103\"}'  class=\"is-layout-flex wp-block-gallery-21 wp-block-gallery has-nested-images columns-default is-cropped\">\n<figure class=\"wp-block-image size-large\"><a href=\"https:\/\/www.bergundtal.com\/wp-content\/uploads\/2023\/01\/160378_e7225bad26dc4f8a97348682a86244c2_mv2_d_4748_3145_s_4_2.webp\"><img data-attachment-id=\"20176\" data-permalink=\"https:\/\/www.bergundtal.com\/?attachment_id=20176\" data-orig-file=\"https:\/\/www.bergundtal.com\/wp-content\/uploads\/2023\/01\/160378_e7225bad26dc4f8a97348682a86244c2_mv2_d_4748_3145_s_4_2.webp\" data-orig-size=\"1004,665\" data-comments-opened=\"0\" data-image-meta=\"{&quot;aperture&quot;:&quot;0&quot;,&quot;credit&quot;:&quot;&quot;,&quot;camera&quot;:&quot;&quot;,&quot;caption&quot;:&quot;&quot;,&quot;created_timestamp&quot;:&quot;0&quot;,&quot;copyright&quot;:&quot;&quot;,&quot;focal_length&quot;:&quot;0&quot;,&quot;iso&quot;:&quot;0&quot;,&quot;shutter_speed&quot;:&quot;0&quot;,&quot;title&quot;:&quot;&quot;,&quot;orientation&quot;:&quot;0&quot;}\" data-image-title=\"160378_e7225bad26dc4f8a97348682a86244c2_mv2_d_4748_3145_s_4_2\" data-image-description=\"\" data-image-caption=\"\" data-medium-file=\"https:\/\/www.bergundtal.com\/wp-content\/uploads\/2023\/01\/160378_e7225bad26dc4f8a97348682a86244c2_mv2_d_4748_3145_s_4_2-300x199.webp\" data-large-file=\"https:\/\/www.bergundtal.com\/wp-content\/uploads\/2023\/01\/160378_e7225bad26dc4f8a97348682a86244c2_mv2_d_4748_3145_s_4_2.webp\" decoding=\"async\" loading=\"lazy\" width=\"1004\" height=\"665\" data-id=\"20176\"  src=\"https:\/\/www.bergundtal.com\/wp-content\/uploads\/2023\/01\/160378_e7225bad26dc4f8a97348682a86244c2_mv2_d_4748_3145_s_4_2.webp\" alt=\"\" class=\"wp-image-20176\" srcset=\"https:\/\/www.bergundtal.com\/wp-content\/uploads\/2023\/01\/160378_e7225bad26dc4f8a97348682a86244c2_mv2_d_4748_3145_s_4_2.webp 1004w, https:\/\/www.bergundtal.com\/wp-content\/uploads\/2023\/01\/160378_e7225bad26dc4f8a97348682a86244c2_mv2_d_4748_3145_s_4_2-300x199.webp 300w, https:\/\/www.bergundtal.com\/wp-content\/uploads\/2023\/01\/160378_e7225bad26dc4f8a97348682a86244c2_mv2_d_4748_3145_s_4_2-768x509.webp 768w, https:\/\/www.bergundtal.com\/wp-content\/uploads\/2023\/01\/160378_e7225bad26dc4f8a97348682a86244c2_mv2_d_4748_3145_s_4_2-700x464.webp 700w, https:\/\/www.bergundtal.com\/wp-content\/uploads\/2023\/01\/160378_e7225bad26dc4f8a97348682a86244c2_mv2_d_4748_3145_s_4_2-332x220.webp 332w\" sizes=\"(max-width: 1004px) 100vw, 1004px\" \/><\/a><\/figure>\n\n\n\n<figure class=\"wp-block-image size-large\"><a href=\"https:\/\/www.bergundtal.com\/wp-content\/uploads\/2023\/01\/160378_eabbcd6645e84c2a82c8f386b69de497_mv2_d_5504_8256_s_4_2.webp\"><img data-attachment-id=\"20177\" data-permalink=\"https:\/\/www.bergundtal.com\/?attachment_id=20177\" data-orig-file=\"https:\/\/www.bergundtal.com\/wp-content\/uploads\/2023\/01\/160378_eabbcd6645e84c2a82c8f386b69de497_mv2_d_5504_8256_s_4_2.webp\" data-orig-size=\"505,757\" data-comments-opened=\"0\" data-image-meta=\"{&quot;aperture&quot;:&quot;0&quot;,&quot;credit&quot;:&quot;&quot;,&quot;camera&quot;:&quot;&quot;,&quot;caption&quot;:&quot;&quot;,&quot;created_timestamp&quot;:&quot;0&quot;,&quot;copyright&quot;:&quot;&quot;,&quot;focal_length&quot;:&quot;0&quot;,&quot;iso&quot;:&quot;0&quot;,&quot;shutter_speed&quot;:&quot;0&quot;,&quot;title&quot;:&quot;&quot;,&quot;orientation&quot;:&quot;0&quot;}\" data-image-title=\"160378_eabbcd6645e84c2a82c8f386b69de497_mv2_d_5504_8256_s_4_2\" data-image-description=\"\" data-image-caption=\"\" data-medium-file=\"https:\/\/www.bergundtal.com\/wp-content\/uploads\/2023\/01\/160378_eabbcd6645e84c2a82c8f386b69de497_mv2_d_5504_8256_s_4_2-200x300.webp\" data-large-file=\"https:\/\/www.bergundtal.com\/wp-content\/uploads\/2023\/01\/160378_eabbcd6645e84c2a82c8f386b69de497_mv2_d_5504_8256_s_4_2.webp\" decoding=\"async\" loading=\"lazy\" width=\"505\" height=\"757\" data-id=\"20177\"  src=\"https:\/\/www.bergundtal.com\/wp-content\/uploads\/2023\/01\/160378_eabbcd6645e84c2a82c8f386b69de497_mv2_d_5504_8256_s_4_2.webp\" alt=\"\" class=\"wp-image-20177\" srcset=\"https:\/\/www.bergundtal.com\/wp-content\/uploads\/2023\/01\/160378_eabbcd6645e84c2a82c8f386b69de497_mv2_d_5504_8256_s_4_2.webp 505w, https:\/\/www.bergundtal.com\/wp-content\/uploads\/2023\/01\/160378_eabbcd6645e84c2a82c8f386b69de497_mv2_d_5504_8256_s_4_2-200x300.webp 200w, https:\/\/www.bergundtal.com\/wp-content\/uploads\/2023\/01\/160378_eabbcd6645e84c2a82c8f386b69de497_mv2_d_5504_8256_s_4_2-332x498.webp 332w\" sizes=\"(max-width: 505px) 100vw, 505px\" \/><\/a><\/figure>\n<\/figure>\n\n\n\n<p><strong>\u201e<em>Informationen f\u00fcr Familien und Kinder<\/em>:<\/strong><\/p>\n\n\n\n<ul>\n<li><em>Kinderland\/abgegrenztes Areal f\u00fcr Kinder<\/em><\/li>\n\n\n\n<li><em>Wellenbahn f\u00fcr Kinder<\/em><\/li>\n\n\n\n<li><em>Abenteuer Parcours<\/em><\/li>\n\n\n\n<li><em>Zauberteppich (F\u00f6rderband)<\/em><\/li>\n\n\n\n<li><em>Kinderlifte<\/em><\/li>\n\n\n\n<li><em>Skikindergarten<\/em><\/li>\n\n\n\n<li><em>Skischule f\u00fcr Kinder<\/em><\/li>\n\n\n\n<li><em>Kinderbetreuung<\/em><\/li>\n\n\n\n<li><em>Spielplatz\/-park\u201c<\/em><\/li>\n<\/ul>\n\n\n\n<p>Sulden hat zwar ein ordentliches Angebot an speziellen Kinder \u2013 Skigel\u00e4nden, aber in Bezug auf Liftpreise sind hier die familienspezifischen Angebote rar!<\/p>\n\n\n\n<h2 class=\"has-text-align-center has-text-color\" style=\"color:#0e169e\"><strong><span style=\"text-decoration: underline;\">Winkelmoosalm<\/span><\/strong><\/h2>\n\n\n\n<figure data-carousel-extra='{\"blog_id\":1,\"permalink\":\"https:\\\/\\\/www.bergundtal.com\\\/?p=20103\"}'  class=\"is-layout-flex wp-block-gallery-23 wp-block-gallery has-nested-images columns-default is-cropped\">\n<figure class=\"wp-block-image size-large\"><a href=\"https:\/\/www.bergundtal.com\/wp-content\/uploads\/2023\/02\/winklmoosalm_drohne___media_library_original_1499_999.jpg\"><img data-attachment-id=\"20239\" data-permalink=\"https:\/\/www.bergundtal.com\/?attachment_id=20239\" data-orig-file=\"https:\/\/www.bergundtal.com\/wp-content\/uploads\/2023\/02\/winklmoosalm_drohne___media_library_original_1499_999.jpg\" data-orig-size=\"1498,999\" data-comments-opened=\"0\" data-image-meta=\"{&quot;aperture&quot;:&quot;0&quot;,&quot;credit&quot;:&quot;Picasa&quot;,&quot;camera&quot;:&quot;&quot;,&quot;caption&quot;:&quot;&quot;,&quot;created_timestamp&quot;:&quot;1675331913&quot;,&quot;copyright&quot;:&quot;&quot;,&quot;focal_length&quot;:&quot;0&quot;,&quot;iso&quot;:&quot;0&quot;,&quot;shutter_speed&quot;:&quot;0&quot;,&quot;title&quot;:&quot;&quot;,&quot;orientation&quot;:&quot;0&quot;}\" data-image-title=\"winklmoosalm_drohne___media_library_original_1499_999\" data-image-description=\"\" data-image-caption=\"\" data-medium-file=\"https:\/\/www.bergundtal.com\/wp-content\/uploads\/2023\/02\/winklmoosalm_drohne___media_library_original_1499_999-300x200.jpg\" data-large-file=\"https:\/\/www.bergundtal.com\/wp-content\/uploads\/2023\/02\/winklmoosalm_drohne___media_library_original_1499_999-1024x683.jpg\" decoding=\"async\" loading=\"lazy\" width=\"1024\" height=\"683\" data-id=\"20239\"  src=\"https:\/\/www.bergundtal.com\/wp-content\/uploads\/2023\/02\/winklmoosalm_drohne___media_library_original_1499_999-1024x683.jpg\" alt=\"\" class=\"wp-image-20239\" srcset=\"https:\/\/www.bergundtal.com\/wp-content\/uploads\/2023\/02\/winklmoosalm_drohne___media_library_original_1499_999-1024x683.jpg 1024w, https:\/\/www.bergundtal.com\/wp-content\/uploads\/2023\/02\/winklmoosalm_drohne___media_library_original_1499_999-300x200.jpg 300w, https:\/\/www.bergundtal.com\/wp-content\/uploads\/2023\/02\/winklmoosalm_drohne___media_library_original_1499_999-768x512.jpg 768w, https:\/\/www.bergundtal.com\/wp-content\/uploads\/2023\/02\/winklmoosalm_drohne___media_library_original_1499_999-700x467.jpg 700w, https:\/\/www.bergundtal.com\/wp-content\/uploads\/2023\/02\/winklmoosalm_drohne___media_library_original_1499_999-332x221.jpg 332w, https:\/\/www.bergundtal.com\/wp-content\/uploads\/2023\/02\/winklmoosalm_drohne___media_library_original_1499_999.jpg 1498w\" sizes=\"(max-width: 1024px) 100vw, 1024px\" \/><\/a><\/figure>\n\n\n\n<figure class=\"wp-block-image size-large\"><a href=\"https:\/\/www.bergundtal.com\/wp-content\/uploads\/2023\/02\/familie___media_library_original_1499_999.jpg\"><img data-attachment-id=\"20238\" data-permalink=\"https:\/\/www.bergundtal.com\/?attachment_id=20238\" data-orig-file=\"https:\/\/www.bergundtal.com\/wp-content\/uploads\/2023\/02\/familie___media_library_original_1499_999.jpg\" data-orig-size=\"1498,999\" data-comments-opened=\"0\" data-image-meta=\"{&quot;aperture&quot;:&quot;0&quot;,&quot;credit&quot;:&quot;Picasa&quot;,&quot;camera&quot;:&quot;&quot;,&quot;caption&quot;:&quot;&quot;,&quot;created_timestamp&quot;:&quot;1675331691&quot;,&quot;copyright&quot;:&quot;&quot;,&quot;focal_length&quot;:&quot;0&quot;,&quot;iso&quot;:&quot;0&quot;,&quot;shutter_speed&quot;:&quot;0&quot;,&quot;title&quot;:&quot;&quot;,&quot;orientation&quot;:&quot;0&quot;}\" data-image-title=\"familie___media_library_original_1499_999\" data-image-description=\"\" data-image-caption=\"\" data-medium-file=\"https:\/\/www.bergundtal.com\/wp-content\/uploads\/2023\/02\/familie___media_library_original_1499_999-300x200.jpg\" data-large-file=\"https:\/\/www.bergundtal.com\/wp-content\/uploads\/2023\/02\/familie___media_library_original_1499_999-1024x683.jpg\" decoding=\"async\" loading=\"lazy\" width=\"1024\" height=\"683\" data-id=\"20238\"  src=\"https:\/\/www.bergundtal.com\/wp-content\/uploads\/2023\/02\/familie___media_library_original_1499_999-1024x683.jpg\" alt=\"\" class=\"wp-image-20238\" srcset=\"https:\/\/www.bergundtal.com\/wp-content\/uploads\/2023\/02\/familie___media_library_original_1499_999-1024x683.jpg 1024w, https:\/\/www.bergundtal.com\/wp-content\/uploads\/2023\/02\/familie___media_library_original_1499_999-300x200.jpg 300w, https:\/\/www.bergundtal.com\/wp-content\/uploads\/2023\/02\/familie___media_library_original_1499_999-768x512.jpg 768w, https:\/\/www.bergundtal.com\/wp-content\/uploads\/2023\/02\/familie___media_library_original_1499_999-700x467.jpg 700w, https:\/\/www.bergundtal.com\/wp-content\/uploads\/2023\/02\/familie___media_library_original_1499_999-332x221.jpg 332w, https:\/\/www.bergundtal.com\/wp-content\/uploads\/2023\/02\/familie___media_library_original_1499_999.jpg 1498w\" sizes=\"(max-width: 1024px) 100vw, 1024px\" \/><\/a><\/figure>\n<\/figure>\n\n\n\n<p><strong><em>&#8222;Skigebiet Winklmoosalm &#8211; das Familienskigebiet in Reit im Winkl&#8220; <\/em><\/strong>&#8211; ein \u00fcberschaubares Gebiet mit einfachen und breiten Abfahrten und einem einem gem\u00fctlichen Gastronomie-Zentrum, eigentlich schon mal optimale Voraussetzungen f\u00fcr ein gutes kleines Familienskigebie; in Kombination mit dem Gebiet Steinplatte stehen hier 42 Pistenkilometer zur Verf\u00fcgung.<\/p>\n\n\n\n<figure class=\"wp-block-image size-large\"><a href=\"https:\/\/www.bergundtal.com\/wp-content\/uploads\/2023\/02\/panoramakarte_steinplatte___media_library_original_1316_842-1.jpg\"><img data-attachment-id=\"20237\" data-permalink=\"https:\/\/www.bergundtal.com\/?attachment_id=20237\" data-orig-file=\"https:\/\/www.bergundtal.com\/wp-content\/uploads\/2023\/02\/panoramakarte_steinplatte___media_library_original_1316_842-1.jpg\" data-orig-size=\"1316,842\" data-comments-opened=\"0\" data-image-meta=\"{&quot;aperture&quot;:&quot;0&quot;,&quot;credit&quot;:&quot;Picasa&quot;,&quot;camera&quot;:&quot;&quot;,&quot;caption&quot;:&quot;&quot;,&quot;created_timestamp&quot;:&quot;1675331731&quot;,&quot;copyright&quot;:&quot;&quot;,&quot;focal_length&quot;:&quot;0&quot;,&quot;iso&quot;:&quot;0&quot;,&quot;shutter_speed&quot;:&quot;0&quot;,&quot;title&quot;:&quot;&quot;,&quot;orientation&quot;:&quot;0&quot;}\" data-image-title=\"panoramakarte_steinplatte___media_library_original_1316_842-1\" data-image-description=\"\" data-image-caption=\"\" data-medium-file=\"https:\/\/www.bergundtal.com\/wp-content\/uploads\/2023\/02\/panoramakarte_steinplatte___media_library_original_1316_842-1-300x192.jpg\" data-large-file=\"https:\/\/www.bergundtal.com\/wp-content\/uploads\/2023\/02\/panoramakarte_steinplatte___media_library_original_1316_842-1-1024x655.jpg\" decoding=\"async\" loading=\"lazy\" width=\"1024\" height=\"655\" src=\"https:\/\/www.bergundtal.com\/wp-content\/uploads\/2023\/02\/panoramakarte_steinplatte___media_library_original_1316_842-1-1024x655.jpg\" alt=\"\" class=\"wp-image-20237\" srcset=\"https:\/\/www.bergundtal.com\/wp-content\/uploads\/2023\/02\/panoramakarte_steinplatte___media_library_original_1316_842-1-1024x655.jpg 1024w, https:\/\/www.bergundtal.com\/wp-content\/uploads\/2023\/02\/panoramakarte_steinplatte___media_library_original_1316_842-1-300x192.jpg 300w, https:\/\/www.bergundtal.com\/wp-content\/uploads\/2023\/02\/panoramakarte_steinplatte___media_library_original_1316_842-1-768x491.jpg 768w, https:\/\/www.bergundtal.com\/wp-content\/uploads\/2023\/02\/panoramakarte_steinplatte___media_library_original_1316_842-1-700x448.jpg 700w, https:\/\/www.bergundtal.com\/wp-content\/uploads\/2023\/02\/panoramakarte_steinplatte___media_library_original_1316_842-1-332x212.jpg 332w, https:\/\/www.bergundtal.com\/wp-content\/uploads\/2023\/02\/panoramakarte_steinplatte___media_library_original_1316_842-1.jpg 1316w\" sizes=\"(max-width: 1024px) 100vw, 1024px\" \/><\/a><\/figure>\n\n\n\n<p>Auf derWinkelmoosalm und auch Steinplatte gibt es Kinderskischulen und im Gebiet Steinpatte auch eine Kinderbeireuung abseits der Piste &#8211; &#8222;<em>Kinderbetreuung, Spiel &amp; Spa\u00df abseits der Piste mit Hubsi Bubsi und Irene in der Triassic Kinderbetreuung<\/em>&#8222;, aber in puncto <strong><span style=\"text-decoration: underline;\">Liftpreise<\/span><\/strong> h\u00e4lt sich die Familienfreundlichkeit in Grenzen: Mit der \u00fcblichen Abstufung der Liftpreise in Kinder ab 7, Jugendliche, Erwachsene  und Senioren istb dan aber auch Schluss; kein Partnerticket f\u00fcr sog. Jungfamilien, kein Familienticket.<br><br><\/p>\n\n\n\n<p><\/p>\n\n\n\n<h2 class=\"has-text-align-center has-text-color\" style=\"color:#1b1bad\"><span style=\"text-decoration: underline;\"><strong>Kleine Gebiete sind auch attraktiv f\u00fcr Familien<\/strong><\/span><\/h2>\n\n\n\n<figure data-carousel-extra='{\"blog_id\":1,\"permalink\":\"https:\\\/\\\/www.bergundtal.com\\\/?p=20103\"}'  class=\"is-layout-flex wp-block-gallery-25 wp-block-gallery has-nested-images columns-default is-cropped\">\n<figure class=\"wp-block-image size-large\"><a href=\"https:\/\/www.bergundtal.com\/wp-content\/uploads\/2023\/01\/Pfelders-4.jpg\"><img data-attachment-id=\"20147\" data-permalink=\"https:\/\/www.bergundtal.com\/?attachment_id=20147\" data-orig-file=\"https:\/\/www.bergundtal.com\/wp-content\/uploads\/2023\/01\/Pfelders-4.jpg\" data-orig-size=\"800,535\" data-comments-opened=\"0\" data-image-meta=\"{&quot;aperture&quot;:&quot;5&quot;,&quot;credit&quot;:&quot;Picasa&quot;,&quot;camera&quot;:&quot;DMC-FZ200&quot;,&quot;caption&quot;:&quot;&quot;,&quot;created_timestamp&quot;:&quot;1457090546&quot;,&quot;copyright&quot;:&quot;&quot;,&quot;focal_length&quot;:&quot;4.5&quot;,&quot;iso&quot;:&quot;160&quot;,&quot;shutter_speed&quot;:&quot;0.000625&quot;,&quot;title&quot;:&quot;&quot;,&quot;orientation&quot;:&quot;0&quot;}\" data-image-title=\"Pfelders-4\" data-image-description=\"\" data-image-caption=\"\" data-medium-file=\"https:\/\/www.bergundtal.com\/wp-content\/uploads\/2023\/01\/Pfelders-4-300x201.jpg\" data-large-file=\"https:\/\/www.bergundtal.com\/wp-content\/uploads\/2023\/01\/Pfelders-4.jpg\" decoding=\"async\" loading=\"lazy\" width=\"800\" height=\"535\" data-id=\"20147\"  src=\"https:\/\/www.bergundtal.com\/wp-content\/uploads\/2023\/01\/Pfelders-4.jpg\" alt=\"\" class=\"wp-image-20147\" srcset=\"https:\/\/www.bergundtal.com\/wp-content\/uploads\/2023\/01\/Pfelders-4.jpg 800w, https:\/\/www.bergundtal.com\/wp-content\/uploads\/2023\/01\/Pfelders-4-300x201.jpg 300w, https:\/\/www.bergundtal.com\/wp-content\/uploads\/2023\/01\/Pfelders-4-768x514.jpg 768w, https:\/\/www.bergundtal.com\/wp-content\/uploads\/2023\/01\/Pfelders-4-700x468.jpg 700w, https:\/\/www.bergundtal.com\/wp-content\/uploads\/2023\/01\/Pfelders-4-332x222.jpg 332w\" sizes=\"(max-width: 800px) 100vw, 800px\" \/><\/a><\/figure>\n\n\n\n<figure class=\"wp-block-image size-large\"><a href=\"https:\/\/www.bergundtal.com\/wp-content\/uploads\/2023\/01\/Pfelders-2.jpg\"><img data-attachment-id=\"20146\" data-permalink=\"https:\/\/www.bergundtal.com\/?attachment_id=20146\" data-orig-file=\"https:\/\/www.bergundtal.com\/wp-content\/uploads\/2023\/01\/Pfelders-2.jpg\" data-orig-size=\"800,535\" data-comments-opened=\"0\" data-image-meta=\"{&quot;aperture&quot;:&quot;8&quot;,&quot;credit&quot;:&quot;Picasa&quot;,&quot;camera&quot;:&quot;DMC-FZ200&quot;,&quot;caption&quot;:&quot;&quot;,&quot;created_timestamp&quot;:&quot;1456829363&quot;,&quot;copyright&quot;:&quot;&quot;,&quot;focal_length&quot;:&quot;18.3&quot;,&quot;iso&quot;:&quot;100&quot;,&quot;shutter_speed&quot;:&quot;0.000625&quot;,&quot;title&quot;:&quot;&quot;,&quot;orientation&quot;:&quot;0&quot;}\" data-image-title=\"Pfelders-2\" data-image-description=\"\" data-image-caption=\"\" data-medium-file=\"https:\/\/www.bergundtal.com\/wp-content\/uploads\/2023\/01\/Pfelders-2-300x201.jpg\" data-large-file=\"https:\/\/www.bergundtal.com\/wp-content\/uploads\/2023\/01\/Pfelders-2.jpg\" decoding=\"async\" loading=\"lazy\" width=\"800\" height=\"535\" data-id=\"20146\"  src=\"https:\/\/www.bergundtal.com\/wp-content\/uploads\/2023\/01\/Pfelders-2.jpg\" alt=\"\" class=\"wp-image-20146\" srcset=\"https:\/\/www.bergundtal.com\/wp-content\/uploads\/2023\/01\/Pfelders-2.jpg 800w, https:\/\/www.bergundtal.com\/wp-content\/uploads\/2023\/01\/Pfelders-2-300x201.jpg 300w, https:\/\/www.bergundtal.com\/wp-content\/uploads\/2023\/01\/Pfelders-2-768x514.jpg 768w, https:\/\/www.bergundtal.com\/wp-content\/uploads\/2023\/01\/Pfelders-2-700x468.jpg 700w, https:\/\/www.bergundtal.com\/wp-content\/uploads\/2023\/01\/Pfelders-2-332x222.jpg 332w\" sizes=\"(max-width: 800px) 100vw, 800px\" \/><\/a><\/figure>\n<\/figure>\n\n\n\n<p><strong>Wir pers\u00f6nlich haben mit den eigenen Kindern auch immer gute Erfahrungen mit relativ kleinen Skigebieten gemacht; kurze Wege, vielleicht auch zu Fu\u00df zum Lift\/zur Seilbahn, nicht ganz so viel Betrieb wie in den gro\u00dfen Stationen mit ihrer \u201eMagnetwirkung\u201c, Treffpunkte wie H\u00fctten\/Bergrestaurants sind von \u00fcberall schnell zu erreichen und Skip\u00e4sse sind generell nicht so teuer wie in gro\u00dfen Gebieten.<\/strong> <\/p>\n\n\n\n<figure class=\"wp-block-embed is-type-wp-embed is-provider-berg-amp-tal wp-block-embed-berg-amp-tal\"><div class=\"wp-block-embed__wrapper\">\n<blockquote class=\"wp-embedded-content\" data-secret=\"R9S4QfEPFP\"><a href=\"https:\/\/www.bergundtal.com\/?p=17243\">Rauris \u2013 Wintersport ohne Hektik<\/a><\/blockquote><iframe class=\"wp-embedded-content\" sandbox=\"allow-scripts\" security=\"restricted\" style=\"position: absolute; clip: rect(1px, 1px, 1px, 1px);\" title=\"&#8222;Rauris \u2013 Wintersport ohne Hektik&#8220; &#8212; Berg &amp; Tal\" src=\"https:\/\/www.bergundtal.com\/?p=17243&#038;embed=true#?secret=rTcKuMtuji#?secret=R9S4QfEPFP\" data-secret=\"R9S4QfEPFP\" width=\"600\" height=\"338\" frameborder=\"0\" marginwidth=\"0\" marginheight=\"0\" scrolling=\"no\"><\/iframe>\n<\/div><\/figure>\n\n\n\n<figure class=\"wp-block-embed is-type-wp-embed is-provider-berg-amp-tal wp-block-embed-berg-amp-tal\"><div class=\"wp-block-embed__wrapper\">\n<blockquote class=\"wp-embedded-content\" data-secret=\"8RZhFl1hN3\"><a href=\"https:\/\/www.bergundtal.com\/?p=10879\">Lauchernalp, die schneesichere Wintersportalp im L\u00f6tschental<\/a><\/blockquote><iframe class=\"wp-embedded-content\" sandbox=\"allow-scripts\" security=\"restricted\" style=\"position: absolute; clip: rect(1px, 1px, 1px, 1px);\" title=\"&#8222;Lauchernalp, die schneesichere Wintersportalp im L\u00f6tschental&#8220; &#8212; Berg &amp; Tal\" src=\"https:\/\/www.bergundtal.com\/?p=10879&#038;embed=true#?secret=J9U1jg5GZg#?secret=8RZhFl1hN3\" data-secret=\"8RZhFl1hN3\" width=\"600\" height=\"338\" frameborder=\"0\" marginwidth=\"0\" marginheight=\"0\" scrolling=\"no\"><\/iframe>\n<\/div><\/figure>\n\n\n\n<figure class=\"wp-block-embed is-type-wp-embed is-provider-berg-amp-tal wp-block-embed-berg-amp-tal\"><div class=\"wp-block-embed__wrapper\">\n<blockquote class=\"wp-embedded-content\" data-secret=\"GkwEkXrxWO\"><a href=\"https:\/\/www.bergundtal.com\/?p=5466\">Pfelders &#8211; das Skidorf am Ende des Passeiertales<\/a><\/blockquote><iframe class=\"wp-embedded-content\" sandbox=\"allow-scripts\" security=\"restricted\" style=\"position: absolute; clip: rect(1px, 1px, 1px, 1px);\" title=\"&#8222;Pfelders &#8211; das Skidorf am Ende des Passeiertales&#8220; &#8212; Berg &amp; Tal\" src=\"https:\/\/www.bergundtal.com\/?p=5466&#038;embed=true#?secret=2GwfhBRgeC#?secret=GkwEkXrxWO\" data-secret=\"GkwEkXrxWO\" width=\"600\" height=\"338\" frameborder=\"0\" marginwidth=\"0\" marginheight=\"0\" scrolling=\"no\"><\/iframe>\n<\/div><\/figure>\n\n\n\n<p><strong>Viele von den kleineren Skigebieten in \u00d6sterreich, Deutschland wie auch Italien sind aber in Bezug auf Sondertarife f\u00fcr Familien oder auch Partnerkarte sehr zur\u00fcckhaltend; gerade hier lohnt sich aber dann die konkrete Anfrage w\u00e4hrend der Urlaubsplanung, nur so kommt Bewegung in die Preisgestaltung.<br><\/strong><br><\/p>\n","protected":false},"excerpt":{"rendered":"<p>Der Klimawandel macht sich auch in den k\u00fchleren Jahreszeiten immer deutlicher bemerkbar und holt damit auch den Wintersport ein. Die Gletscher schmelzen, die Schneefallgrenze steigt \u2013 daran l\u00e4sst der Alpenklima-Bericht kaum Zweifel.Zudem k\u00f6nnen sich immer weniger Familien Skiurlaub leisten. Wintersportorte m\u00fcssen deshalb umdenken; sie m\u00fcssen Alternativen zum alpinen Skilaufen suchen, &#8230;<\/p>\n","protected":false},"author":2,"featured_media":20105,"comment_status":"closed","ping_status":"closed","sticky":false,"template":"","format":"standard","meta":{"jetpack_post_was_ever_published":false,"jetpack_publicize_message":"","jetpack_is_tweetstorm":false,"jetpack_publicize_feature_enabled":true,"jetpack_social_options":[]},"categories":[343,369,416],"tags":[],"coauthors":[461,460],"jetpack_publicize_connections":[],"jetpack_featured_media_url":"https:\/\/www.bergundtal.com\/wp-content\/uploads\/2023\/01\/DSC01950.jpg","jetpack_shortlink":"https:\/\/wp.me\/p3YISc-5ef","jetpack_sharing_enabled":true,"_links":{"self":[{"href":"https:\/\/www.bergundtal.com\/index.php?rest_route=\/wp\/v2\/posts\/20103"}],"collection":[{"href":"https:\/\/www.bergundtal.com\/index.php?rest_route=\/wp\/v2\/posts"}],"about":[{"href":"https:\/\/www.bergundtal.com\/index.php?rest_route=\/wp\/v2\/types\/post"}],"author":[{"embeddable":true,"href":"https:\/\/www.bergundtal.com\/index.php?rest_route=\/wp\/v2\/users\/2"}],"replies":[{"embeddable":true,"href":"https:\/\/www.bergundtal.com\/index.php?rest_route=%2Fwp%2Fv2%2Fcomments&post=20103"}],"version-history":[{"count":12,"href":"https:\/\/www.bergundtal.com\/index.php?rest_route=\/wp\/v2\/posts\/20103\/revisions"}],"predecessor-version":[{"id":20240,"href":"https:\/\/www.bergundtal.com\/index.php?rest_route=\/wp\/v2\/posts\/20103\/revisions\/20240"}],"wp:featuredmedia":[{"embeddable":true,"href":"https:\/\/www.bergundtal.com\/index.php?rest_route=\/wp\/v2\/media\/20105"}],"wp:attachment":[{"href":"https:\/\/www.bergundtal.com\/index.php?rest_route=%2Fwp%2Fv2%2Fmedia&parent=20103"}],"wp:term":[{"taxonomy":"category","embeddable":true,"href":"https:\/\/www.bergundtal.com\/index.php?rest_route=%2Fwp%2Fv2%2Fcategories&post=20103"},{"taxonomy":"post_tag","embeddable":true,"href":"https:\/\/www.bergundtal.com\/index.php?rest_route=%2Fwp%2Fv2%2Ftags&post=20103"},{"taxonomy":"author","embeddable":true,"href":"https:\/\/www.bergundtal.com\/index.php?rest_route=%2Fwp%2Fv2%2Fcoauthors&post=20103"}],"curies":[{"name":"wp","href":"https:\/\/api.w.org\/{rel}","templated":true}]}}