{"id":21997,"date":"2023-10-06T13:39:51","date_gmt":"2023-10-06T11:39:51","guid":{"rendered":"https:\/\/www.bergundtal.com\/?p=21997"},"modified":"2023-10-11T12:17:36","modified_gmt":"2023-10-11T10:17:36","slug":"corratec-e-gravel-el","status":"publish","type":"post","link":"https:\/\/www.bergundtal.com\/?p=21997","title":{"rendered":"Corratec E-Gravel EL"},"content":{"rendered":"\n<h3><mark style=\"background-color:rgba(0, 0, 0, 0);color:#4730c2\" class=\"has-inline-color\">E-<strong>Gravelbikes sind im Boom; der Elektromotor relativiert Entfernungen und Berge, das Landschaftserlebnis r\u00fcckt in den Mittelpunkt, die Cross-Strecke wird zum Genuss.<\/strong><\/mark><\/h3>\n\n\n\n<p><\/p>\n\n\n\n<p><strong><span style=\"text-decoration: underline;\">CORRATEC <\/span>stellt jetzt auch mit dem <span style=\"text-decoration: underline;\">E-Gravel EL <\/span>(=Extra Leicht) das erste E-Gravelbike der Marke vor: Ein AluRahmen mit Carbongabel + neuem Bosch Performance Line SX Motor.<\/strong><\/p>\n\n\n\n<h2><a><\/a>Das Corratec E-Gravel EL im \u00dcberblick<\/h2>\n\n\n\n<ul>\n<li><em>Motor: Bosch Performance Line SX, 55 Nm \/ max 600 Watt<\/em><\/li>\n\n\n\n<li><em>Akku: Bosch 400 Wh, entnehmbar + Range Extender 250 Wh<\/em><\/li>\n\n\n\n<li><em>Alurahmen mit Carbon-Gabel<\/em><\/li>\n\n\n\n<li>S<em>chaltung Sram Apex 12fach<\/em><\/li>\n\n\n\n<li><em>Gr\u00f6\u00dfen: 39, 44, 49, 54, 57 Zentimeter (Sitzrohrl\u00e4nge)<\/em><\/li>\n\n\n\n<li><em>knapp \u00fcber 17 Kilo (Herstellerangabe)<\/em><\/li>\n\n\n\n<li><em>Corratec C-Finder<\/em>, <em>ein speziell entwickelter Tracker zur Lokalisierung des Corratec e-Bikes<\/em><\/li>\n\n\n\n<li><strong><em>Ein Modell, 4999 Euro<\/em><\/strong><\/li>\n<\/ul>\n\n\n\n<p>Die Z\u00fcge und Kabel sind bis auf den Vorbau komplett innen verlegt, der Rahmen ist mit diversen Anschraubpunkten versehen, um eventuell Schutzbleche + Gep\u00e4cktr\u00e4ger oder andere Gep\u00e4ckbefestigungen anbringen zu k\u00f6nnen.<br>Der Motor wird \u00fcber ein Oberrohr-Dispaly bedient, die Unterst\u00fctzungsstufen k\u00f6nnen bei Bedarf \u00fcber die Bosch eBike Flow App konfiguriert werden.<br><em>Der neue Boschmotor ist mit seinem Systemgewicht \u2013 Motor + Akku \u2013 von 4 kg in der Gruppe der Mittelmotoren relativ leicht und hat ja auch mit seinem max. 600 Watt bei 340% Unterst\u00fctzung im Turbomodus einen ordentlichen Schub. Im Vergleich zum Mahle X20 Nabenmotor bringt der neue Bosch Motor &#8211; jeweils in Kombination mit dem Akku \u2013 nur noch knapp 800g mehr auf die Stra\u00dfe; der Motor ist f\u00fcr Light e-Bikes interessant. <\/em><\/p>\n\n\n\n<p><br>Das Rad wird nur in einer Ausstattungsvariante angeboten, das Corratec E-Gravel EL kommt Februar\/M\u00e4rz 2024 in den Handel.<\/p>\n","protected":false},"excerpt":{"rendered":"<p>E-Gravelbikes sind im Boom; der Elektromotor relativiert Entfernungen und Berge, das Landschaftserlebnis r\u00fcckt in den Mittelpunkt, die Cross-Strecke wird zum Genuss. CORRATEC stellt jetzt auch mit dem E-Gravel EL (=Extra Leicht) das erste E-Gravelbike der Marke vor: Ein AluRahmen mit Carbongabel + neuem Bosch Performance Line SX Motor. Das Corratec &#8230;<\/p>\n","protected":false},"author":2,"featured_media":0,"comment_status":"closed","ping_status":"closed","sticky":false,"template":"","format":"standard","meta":{"jetpack_post_was_ever_published":false,"jetpack_publicize_message":"","jetpack_is_tweetstorm":false,"jetpack_publicize_feature_enabled":true,"jetpack_social_options":[]},"categories":[365],"tags":[],"coauthors":[461,460],"jetpack_publicize_connections":[],"jetpack_featured_media_url":"","jetpack_shortlink":"https:\/\/wp.me\/p3YISc-5IN","jetpack_sharing_enabled":true,"_links":{"self":[{"href":"https:\/\/www.bergundtal.com\/index.php?rest_route=\/wp\/v2\/posts\/21997"}],"collection":[{"href":"https:\/\/www.bergundtal.com\/index.php?rest_route=\/wp\/v2\/posts"}],"about":[{"href":"https:\/\/www.bergundtal.com\/index.php?rest_route=\/wp\/v2\/types\/post"}],"author":[{"embeddable":true,"href":"https:\/\/www.bergundtal.com\/index.php?rest_route=\/wp\/v2\/users\/2"}],"replies":[{"embeddable":true,"href":"https:\/\/www.bergundtal.com\/index.php?rest_route=%2Fwp%2Fv2%2Fcomments&post=21997"}],"version-history":[{"count":2,"href":"https:\/\/www.bergundtal.com\/index.php?rest_route=\/wp\/v2\/posts\/21997\/revisions"}],"predecessor-version":[{"id":22072,"href":"https:\/\/www.bergundtal.com\/index.php?rest_route=\/wp\/v2\/posts\/21997\/revisions\/22072"}],"wp:attachment":[{"href":"https:\/\/www.bergundtal.com\/index.php?rest_route=%2Fwp%2Fv2%2Fmedia&parent=21997"}],"wp:term":[{"taxonomy":"category","embeddable":true,"href":"https:\/\/www.bergundtal.com\/index.php?rest_route=%2Fwp%2Fv2%2Fcategories&post=21997"},{"taxonomy":"post_tag","embeddable":true,"href":"https:\/\/www.bergundtal.com\/index.php?rest_route=%2Fwp%2Fv2%2Ftags&post=21997"},{"taxonomy":"author","embeddable":true,"href":"https:\/\/www.bergundtal.com\/index.php?rest_route=%2Fwp%2Fv2%2Fcoauthors&post=21997"}],"curies":[{"name":"wp","href":"https:\/\/api.w.org\/{rel}","templated":true}]}}