{"id":22000,"date":"2023-10-05T14:02:37","date_gmt":"2023-10-05T12:02:37","guid":{"rendered":"https:\/\/www.bergundtal.com\/?p=22000"},"modified":"2023-10-05T14:17:33","modified_gmt":"2023-10-05T12:17:33","slug":"corratec-e-gravel-el-2","status":"publish","type":"post","link":"https:\/\/www.bergundtal.com\/?p=22000","title":{"rendered":"Corratec e-Gravel EL"},"content":{"rendered":"\n<p>E\u2013Gravelbikes sind seit Fr\u00fchjahr 2023 im Boom; der Elektromotor am Garvelbike relativiert Entfernungen und Berge, das Landschaftserlebnis r\u00fcckt in den Mittelpunkt, die Cross-Strecke wird zum Genuss.<\/p>\n\n\n\n<figure class=\"wp-block-embed is-type-wp-embed is-provider-berg-amp-tal wp-block-embed-berg-amp-tal\"><div class=\"wp-block-embed__wrapper\">\n<blockquote class=\"wp-embedded-content\" data-secret=\"oK3RaAixTh\"><a href=\"https:\/\/www.bergundtal.com\/?p=21893\">E-Gravelbikes \u2013 mit R\u00fcckenwind bis ans Ende der Stra\u00dfe<\/a><\/blockquote><iframe class=\"wp-embedded-content\" sandbox=\"allow-scripts\" security=\"restricted\" style=\"position: absolute; clip: rect(1px, 1px, 1px, 1px);\" title=\"&#8222;E-Gravelbikes \u2013 mit R\u00fcckenwind bis ans Ende der Stra\u00dfe&#8220; &#8212; Berg &amp; Tal\" src=\"https:\/\/www.bergundtal.com\/?p=21893&#038;embed=true#?secret=tsZ8s8c9pt#?secret=oK3RaAixTh\" data-secret=\"oK3RaAixTh\" width=\"600\" height=\"338\" frameborder=\"0\" marginwidth=\"0\" marginheight=\"0\" scrolling=\"no\"><\/iframe>\n<\/div><\/figure>\n\n\n\n<p><strong><span style=\"text-decoration: underline;\">CORRATEC<\/span> stellt jetzt auch mit dem <span style=\"text-decoration: underline;\">e-Gravel EL<\/span> (=Extra Leicht) das erste E-Gravelbike der Marke vor: Ein AluRahmen mit Carbongabel + neuem Bosch Performance Line SX Motor.<\/strong><\/p>\n\n\n\n<figure class=\"wp-block-image size-large\"><a href=\"https:\/\/www.bergundtal.com\/wp-content\/uploads\/2023\/10\/BK29424_E-Gravel-EL-1.jpg\"><img data-attachment-id=\"22002\" data-permalink=\"https:\/\/www.bergundtal.com\/?attachment_id=22002\" data-orig-file=\"https:\/\/www.bergundtal.com\/wp-content\/uploads\/2023\/10\/BK29424_E-Gravel-EL-1.jpg\" data-orig-size=\"1600,898\" data-comments-opened=\"0\" data-image-meta=\"{&quot;aperture&quot;:&quot;0&quot;,&quot;credit&quot;:&quot;Picasa&quot;,&quot;camera&quot;:&quot;&quot;,&quot;caption&quot;:&quot;&quot;,&quot;created_timestamp&quot;:&quot;1696506908&quot;,&quot;copyright&quot;:&quot;&quot;,&quot;focal_length&quot;:&quot;0&quot;,&quot;iso&quot;:&quot;0&quot;,&quot;shutter_speed&quot;:&quot;0&quot;,&quot;title&quot;:&quot;&quot;,&quot;orientation&quot;:&quot;0&quot;}\" data-image-title=\"BK29424_E-Gravel-EL-1\" data-image-description=\"\" data-image-caption=\"\" data-medium-file=\"https:\/\/www.bergundtal.com\/wp-content\/uploads\/2023\/10\/BK29424_E-Gravel-EL-1-300x168.jpg\" data-large-file=\"https:\/\/www.bergundtal.com\/wp-content\/uploads\/2023\/10\/BK29424_E-Gravel-EL-1-1024x575.jpg\" decoding=\"async\" loading=\"lazy\" width=\"1024\" height=\"575\" src=\"https:\/\/www.bergundtal.com\/wp-content\/uploads\/2023\/10\/BK29424_E-Gravel-EL-1-1024x575.jpg\" alt=\"\" class=\"wp-image-22002\" srcset=\"https:\/\/www.bergundtal.com\/wp-content\/uploads\/2023\/10\/BK29424_E-Gravel-EL-1-1024x575.jpg 1024w, https:\/\/www.bergundtal.com\/wp-content\/uploads\/2023\/10\/BK29424_E-Gravel-EL-1-300x168.jpg 300w, https:\/\/www.bergundtal.com\/wp-content\/uploads\/2023\/10\/BK29424_E-Gravel-EL-1-768x431.jpg 768w, https:\/\/www.bergundtal.com\/wp-content\/uploads\/2023\/10\/BK29424_E-Gravel-EL-1-1536x862.jpg 1536w, https:\/\/www.bergundtal.com\/wp-content\/uploads\/2023\/10\/BK29424_E-Gravel-EL-1-700x393.jpg 700w, https:\/\/www.bergundtal.com\/wp-content\/uploads\/2023\/10\/BK29424_E-Gravel-EL-1-332x186.jpg 332w, https:\/\/www.bergundtal.com\/wp-content\/uploads\/2023\/10\/BK29424_E-Gravel-EL-1.jpg 1600w\" sizes=\"(max-width: 1024px) 100vw, 1024px\" \/><\/a><\/figure>\n\n\n\n<h2><a><\/a>Das Corratec E-Gravel EL im \u00dcberblick<\/h2>\n\n\n\n<ul>\n<li>Motor:Bosch Performance Line SX, 55 Nm \/ max 600 Watt<\/li>\n\n\n\n<li>Akku: Bosch 400 Wh, entnehmbar + Range Extender 250 Wh<\/li>\n\n\n\n<li>Alurahmen mit Carbon-Gabel<\/li>\n\n\n\n<li>Schaltung Sram Apex 12fach<\/li>\n\n\n\n<li>Gr\u00f6\u00dfen: 39, 44, 49, 54, 57 Zentimeter (Sitzrohrl\u00e4nge)<\/li>\n\n\n\n<li>knapp \u00fcber 17 Kilo (Herstellerangabe)<\/li>\n\n\n\n<li>Ein Modell f\u00fcr <strong>4999 Euro<\/strong><\/li>\n\n\n\n<li>Diebstahlschutz per Corratec C-Finder<\/li>\n<\/ul>\n\n\n\n<figure data-carousel-extra='{\"blog_id\":1,\"permalink\":\"https:\\\/\\\/www.bergundtal.com\\\/?p=22000\"}'  class=\"is-layout-flex wp-block-gallery-1 wp-block-gallery has-nested-images columns-default is-cropped\">\n<figure class=\"wp-block-image size-large\"><a href=\"https:\/\/www.bergundtal.com\/wp-content\/uploads\/2023\/10\/BK29424_E-Gravel-EL-001.jpg\"><img data-attachment-id=\"22004\" data-permalink=\"https:\/\/www.bergundtal.com\/?attachment_id=22004\" data-orig-file=\"https:\/\/www.bergundtal.com\/wp-content\/uploads\/2023\/10\/BK29424_E-Gravel-EL-001.jpg\" data-orig-size=\"1533,1600\" data-comments-opened=\"0\" data-image-meta=\"{&quot;aperture&quot;:&quot;0&quot;,&quot;credit&quot;:&quot;Picasa&quot;,&quot;camera&quot;:&quot;&quot;,&quot;caption&quot;:&quot;&quot;,&quot;created_timestamp&quot;:&quot;1696506908&quot;,&quot;copyright&quot;:&quot;&quot;,&quot;focal_length&quot;:&quot;0&quot;,&quot;iso&quot;:&quot;0&quot;,&quot;shutter_speed&quot;:&quot;0&quot;,&quot;title&quot;:&quot;&quot;,&quot;orientation&quot;:&quot;0&quot;}\" data-image-title=\"BK29424_E-Gravel-EL-001\" data-image-description=\"\" data-image-caption=\"\" data-medium-file=\"https:\/\/www.bergundtal.com\/wp-content\/uploads\/2023\/10\/BK29424_E-Gravel-EL-001-287x300.jpg\" data-large-file=\"https:\/\/www.bergundtal.com\/wp-content\/uploads\/2023\/10\/BK29424_E-Gravel-EL-001-981x1024.jpg\" decoding=\"async\" loading=\"lazy\" width=\"981\" height=\"1024\" data-id=\"22004\"  src=\"https:\/\/www.bergundtal.com\/wp-content\/uploads\/2023\/10\/BK29424_E-Gravel-EL-001-981x1024.jpg\" alt=\"\" class=\"wp-image-22004\" srcset=\"https:\/\/www.bergundtal.com\/wp-content\/uploads\/2023\/10\/BK29424_E-Gravel-EL-001-981x1024.jpg 981w, https:\/\/www.bergundtal.com\/wp-content\/uploads\/2023\/10\/BK29424_E-Gravel-EL-001-287x300.jpg 287w, https:\/\/www.bergundtal.com\/wp-content\/uploads\/2023\/10\/BK29424_E-Gravel-EL-001-768x802.jpg 768w, https:\/\/www.bergundtal.com\/wp-content\/uploads\/2023\/10\/BK29424_E-Gravel-EL-001-1472x1536.jpg 1472w, https:\/\/www.bergundtal.com\/wp-content\/uploads\/2023\/10\/BK29424_E-Gravel-EL-001-700x731.jpg 700w, https:\/\/www.bergundtal.com\/wp-content\/uploads\/2023\/10\/BK29424_E-Gravel-EL-001-332x347.jpg 332w, https:\/\/www.bergundtal.com\/wp-content\/uploads\/2023\/10\/BK29424_E-Gravel-EL-001.jpg 1533w\" sizes=\"(max-width: 981px) 100vw, 981px\" \/><\/a><\/figure>\n\n\n\n<figure class=\"wp-block-image size-large\"><a href=\"https:\/\/www.bergundtal.com\/wp-content\/uploads\/2023\/10\/BK29424_E-Gravel-EL-002.jpg\"><img data-attachment-id=\"22005\" data-permalink=\"https:\/\/www.bergundtal.com\/?attachment_id=22005\" data-orig-file=\"https:\/\/www.bergundtal.com\/wp-content\/uploads\/2023\/10\/BK29424_E-Gravel-EL-002.jpg\" data-orig-size=\"376,236\" data-comments-opened=\"0\" data-image-meta=\"{&quot;aperture&quot;:&quot;0&quot;,&quot;credit&quot;:&quot;Picasa&quot;,&quot;camera&quot;:&quot;&quot;,&quot;caption&quot;:&quot;&quot;,&quot;created_timestamp&quot;:&quot;1696514108&quot;,&quot;copyright&quot;:&quot;&quot;,&quot;focal_length&quot;:&quot;0&quot;,&quot;iso&quot;:&quot;0&quot;,&quot;shutter_speed&quot;:&quot;0&quot;,&quot;title&quot;:&quot;&quot;,&quot;orientation&quot;:&quot;0&quot;}\" data-image-title=\"BK29424_E-Gravel-EL-002\" data-image-description=\"\" data-image-caption=\"\" data-medium-file=\"https:\/\/www.bergundtal.com\/wp-content\/uploads\/2023\/10\/BK29424_E-Gravel-EL-002-300x188.jpg\" data-large-file=\"https:\/\/www.bergundtal.com\/wp-content\/uploads\/2023\/10\/BK29424_E-Gravel-EL-002.jpg\" decoding=\"async\" loading=\"lazy\" width=\"376\" height=\"236\" data-id=\"22005\"  src=\"https:\/\/www.bergundtal.com\/wp-content\/uploads\/2023\/10\/BK29424_E-Gravel-EL-002.jpg\" alt=\"\" class=\"wp-image-22005\" srcset=\"https:\/\/www.bergundtal.com\/wp-content\/uploads\/2023\/10\/BK29424_E-Gravel-EL-002.jpg 376w, https:\/\/www.bergundtal.com\/wp-content\/uploads\/2023\/10\/BK29424_E-Gravel-EL-002-300x188.jpg 300w, https:\/\/www.bergundtal.com\/wp-content\/uploads\/2023\/10\/BK29424_E-Gravel-EL-002-332x208.jpg 332w\" sizes=\"(max-width: 376px) 100vw, 376px\" \/><\/a><\/figure>\n\n\n\n<figure class=\"wp-block-image size-large\"><a href=\"https:\/\/www.bergundtal.com\/wp-content\/uploads\/2023\/10\/BK29424_E-Gravel-EL-_2_.jpg\"><img data-attachment-id=\"22003\" data-permalink=\"https:\/\/www.bergundtal.com\/?attachment_id=22003\" data-orig-file=\"https:\/\/www.bergundtal.com\/wp-content\/uploads\/2023\/10\/BK29424_E-Gravel-EL-_2_.jpg\" data-orig-size=\"1600,1212\" data-comments-opened=\"0\" data-image-meta=\"{&quot;aperture&quot;:&quot;0&quot;,&quot;credit&quot;:&quot;Picasa&quot;,&quot;camera&quot;:&quot;&quot;,&quot;caption&quot;:&quot;&quot;,&quot;created_timestamp&quot;:&quot;1696507128&quot;,&quot;copyright&quot;:&quot;&quot;,&quot;focal_length&quot;:&quot;0&quot;,&quot;iso&quot;:&quot;0&quot;,&quot;shutter_speed&quot;:&quot;0&quot;,&quot;title&quot;:&quot;&quot;,&quot;orientation&quot;:&quot;0&quot;}\" data-image-title=\"BK29424_E-Gravel-EL-_2_\" data-image-description=\"\" data-image-caption=\"\" data-medium-file=\"https:\/\/www.bergundtal.com\/wp-content\/uploads\/2023\/10\/BK29424_E-Gravel-EL-_2_-300x227.jpg\" data-large-file=\"https:\/\/www.bergundtal.com\/wp-content\/uploads\/2023\/10\/BK29424_E-Gravel-EL-_2_-1024x776.jpg\" decoding=\"async\" loading=\"lazy\" width=\"1024\" height=\"776\" data-id=\"22003\"  src=\"https:\/\/www.bergundtal.com\/wp-content\/uploads\/2023\/10\/BK29424_E-Gravel-EL-_2_-1024x776.jpg\" alt=\"\" class=\"wp-image-22003\" srcset=\"https:\/\/www.bergundtal.com\/wp-content\/uploads\/2023\/10\/BK29424_E-Gravel-EL-_2_-1024x776.jpg 1024w, https:\/\/www.bergundtal.com\/wp-content\/uploads\/2023\/10\/BK29424_E-Gravel-EL-_2_-300x227.jpg 300w, https:\/\/www.bergundtal.com\/wp-content\/uploads\/2023\/10\/BK29424_E-Gravel-EL-_2_-768x582.jpg 768w, https:\/\/www.bergundtal.com\/wp-content\/uploads\/2023\/10\/BK29424_E-Gravel-EL-_2_-1536x1164.jpg 1536w, https:\/\/www.bergundtal.com\/wp-content\/uploads\/2023\/10\/BK29424_E-Gravel-EL-_2_-700x530.jpg 700w, https:\/\/www.bergundtal.com\/wp-content\/uploads\/2023\/10\/BK29424_E-Gravel-EL-_2_-332x251.jpg 332w, https:\/\/www.bergundtal.com\/wp-content\/uploads\/2023\/10\/BK29424_E-Gravel-EL-_2_.jpg 1600w\" sizes=\"(max-width: 1024px) 100vw, 1024px\" \/><\/a><\/figure>\n<\/figure>\n\n\n\n<p>Die Z\u00fcge und Kabel sind bis auf den Vorbau komplett innen verlegt, der Rahmen ist mit diversen Anschraubpunkten versehen, um eventuell Schutzbleche + Gep\u00e4cktr\u00e4ger oder andere Gep\u00e4ckbefestigungen anbringen zu k\u00f6nnen.<br>Der Motor wird \u00fcber ein Oberrohr-Dispaly bedient, die Unterst\u00fctzungsstufen k\u00f6nnen bei Bedarf \u00fcber die Bosch eBike Flow App konfiguriert werden.<br><em>Der neue Boschmotor ist mit seinem Systemgewicht \u2013 Motor + Akku \u2013 von 4 kg in der Gruppe der Mittelmotoren relativ leicht und hat trotzdem mit seinem 55Nm und max. 600 Watt bei 340% Unterst\u00fctzung im Turbomodus einen ordentlichen Schub. Im Vergleich zum Mahle X20 Nabenmotor bringt der neue Bosch Motor &#8211; jeweils in Kombination mit dem Akku \u2013 nur knappe 800g mehr auf die Stra\u00dfe und ist damit eine sehr interessanter Motor f\u00fcr alle Light e-Bikes.<\/em><\/p>\n\n\n\n<p><em><strong>DasCorratec e-Gravel EL wird in einer Ausstattungsvariante angeboten und kommt Februar\/M\u00e4rz 2024 in den Handel.<\/strong><\/em><\/p>\n","protected":false},"excerpt":{"rendered":"<p>E\u2013Gravelbikes sind seit Fr\u00fchjahr 2023 im Boom; der Elektromotor am Garvelbike relativiert Entfernungen und Berge, das Landschaftserlebnis r\u00fcckt in den Mittelpunkt, die Cross-Strecke wird zum Genuss. CORRATEC stellt jetzt auch mit dem e-Gravel EL (=Extra Leicht) das erste E-Gravelbike der Marke vor: Ein AluRahmen mit Carbongabel + neuem Bosch Performance &#8230;<\/p>\n","protected":false},"author":2,"featured_media":22001,"comment_status":"closed","ping_status":"closed","sticky":false,"template":"","format":"standard","meta":{"jetpack_post_was_ever_published":false,"jetpack_publicize_message":"","jetpack_is_tweetstorm":false,"jetpack_publicize_feature_enabled":true,"jetpack_social_options":[]},"categories":[365],"tags":[],"coauthors":[461,460],"jetpack_publicize_connections":[],"jetpack_featured_media_url":"https:\/\/www.bergundtal.com\/wp-content\/uploads\/2023\/10\/BK29424_E-Gravel-EL.jpg","jetpack_shortlink":"https:\/\/wp.me\/p3YISc-5IQ","jetpack_sharing_enabled":true,"_links":{"self":[{"href":"https:\/\/www.bergundtal.com\/index.php?rest_route=\/wp\/v2\/posts\/22000"}],"collection":[{"href":"https:\/\/www.bergundtal.com\/index.php?rest_route=\/wp\/v2\/posts"}],"about":[{"href":"https:\/\/www.bergundtal.com\/index.php?rest_route=\/wp\/v2\/types\/post"}],"author":[{"embeddable":true,"href":"https:\/\/www.bergundtal.com\/index.php?rest_route=\/wp\/v2\/users\/2"}],"replies":[{"embeddable":true,"href":"https:\/\/www.bergundtal.com\/index.php?rest_route=%2Fwp%2Fv2%2Fcomments&post=22000"}],"version-history":[{"count":4,"href":"https:\/\/www.bergundtal.com\/index.php?rest_route=\/wp\/v2\/posts\/22000\/revisions"}],"predecessor-version":[{"id":22011,"href":"https:\/\/www.bergundtal.com\/index.php?rest_route=\/wp\/v2\/posts\/22000\/revisions\/22011"}],"wp:featuredmedia":[{"embeddable":true,"href":"https:\/\/www.bergundtal.com\/index.php?rest_route=\/wp\/v2\/media\/22001"}],"wp:attachment":[{"href":"https:\/\/www.bergundtal.com\/index.php?rest_route=%2Fwp%2Fv2%2Fmedia&parent=22000"}],"wp:term":[{"taxonomy":"category","embeddable":true,"href":"https:\/\/www.bergundtal.com\/index.php?rest_route=%2Fwp%2Fv2%2Fcategories&post=22000"},{"taxonomy":"post_tag","embeddable":true,"href":"https:\/\/www.bergundtal.com\/index.php?rest_route=%2Fwp%2Fv2%2Ftags&post=22000"},{"taxonomy":"author","embeddable":true,"href":"https:\/\/www.bergundtal.com\/index.php?rest_route=%2Fwp%2Fv2%2Fcoauthors&post=22000"}],"curies":[{"name":"wp","href":"https:\/\/api.w.org\/{rel}","templated":true}]}}