{"id":22313,"date":"2023-11-16T12:08:21","date_gmt":"2023-11-16T11:08:21","guid":{"rendered":"https:\/\/www.bergundtal.com\/?p=22313"},"modified":"2023-11-21T19:59:14","modified_gmt":"2023-11-21T18:59:14","slug":"radfahren-in-herbst-und-winter-neue-ausruestungstipps-2023-24","status":"publish","type":"post","link":"https:\/\/www.bergundtal.com\/?p=22313","title":{"rendered":"Radfahren in Herbst und Winter, neue Radsachen 2023\/24"},"content":{"rendered":"\n<h2 class=\"has-text-align-center has-text-color has-background\" style=\"color:#91134c;background-color:#d9e0e8\"><strong>Teil 1:  Sicherheit &#8211; Beleuchtung<\/strong><br><mark style=\"background-color:rgba(0, 0, 0, 0)\" class=\"has-inline-color has-black-color\">Teil 2: Radkleidung f\u00fcr Herbst und Winter<\/mark><br><mark style=\"background-color:rgba(0, 0, 0, 0)\" class=\"has-inline-color has-black-color\">Teil 3: Radschuhe und Handschuhe f\u00fcr kalte Tage<\/mark><\/h2>\n\n\n\n<p><em>Drau\u00dfen wird es so langsam k\u00e4lter und fr\u00fch dunkel, doch Radfahren geht immer. Ganz im Gegenteil: Die W\u00e4lder und Stra\u00dfen sind nicht mehr so voll, die Laubf\u00e4rbung ist herrlich, die Bewegung drau\u00dfen st\u00e4rkt das Immunsystem \u2026; also die richtig Kleidung an, Getr\u00e4nk und Riegel dabei, rauf auf den Sattel, Beleuchtung und vielleicht Regensachen nicht vergessen und Kette rechts, los geht\u2019s.<\/em><\/p>\n\n\n\n<h3 class=\"has-text-color has-background\" style=\"color:#bd197e;background-color:#c4d8ee\"><strong>Sicherheit &#8211; gute Beleuchtung<\/strong><\/h3>\n\n\n\n<figure data-carousel-extra='{\"blog_id\":1,\"permalink\":\"https:\\\/\\\/www.bergundtal.com\\\/?p=22313\"}'  class=\"is-layout-flex wp-block-gallery-1 wp-block-gallery has-nested-images columns-default is-cropped\">\n<figure class=\"wp-block-image size-large\"><a href=\"https:\/\/www.bergundtal.com\/wp-content\/uploads\/2023\/11\/1-20221102_183239.jpg\"><img data-attachment-id=\"22328\" data-permalink=\"https:\/\/www.bergundtal.com\/?attachment_id=22328\" data-orig-file=\"https:\/\/www.bergundtal.com\/wp-content\/uploads\/2023\/11\/1-20221102_183239.jpg\" data-orig-size=\"1200,1323\" data-comments-opened=\"0\" data-image-meta=\"{&quot;aperture&quot;:&quot;2&quot;,&quot;credit&quot;:&quot;Picasa&quot;,&quot;camera&quot;:&quot;SM-A515F&quot;,&quot;caption&quot;:&quot;&quot;,&quot;created_timestamp&quot;:&quot;1667413960&quot;,&quot;copyright&quot;:&quot;&quot;,&quot;focal_length&quot;:&quot;4.6&quot;,&quot;iso&quot;:&quot;1000&quot;,&quot;shutter_speed&quot;:&quot;0.1&quot;,&quot;title&quot;:&quot;&quot;,&quot;orientation&quot;:&quot;0&quot;}\" data-image-title=\"1-20221102_183239\" data-image-description=\"\" data-image-caption=\"\" data-medium-file=\"https:\/\/www.bergundtal.com\/wp-content\/uploads\/2023\/11\/1-20221102_183239-272x300.jpg\" data-large-file=\"https:\/\/www.bergundtal.com\/wp-content\/uploads\/2023\/11\/1-20221102_183239-929x1024.jpg\" decoding=\"async\" loading=\"lazy\" width=\"929\" height=\"1024\" data-id=\"22328\"  src=\"https:\/\/www.bergundtal.com\/wp-content\/uploads\/2023\/11\/1-20221102_183239-929x1024.jpg\" alt=\"\" class=\"wp-image-22328\" srcset=\"https:\/\/www.bergundtal.com\/wp-content\/uploads\/2023\/11\/1-20221102_183239-929x1024.jpg 929w, https:\/\/www.bergundtal.com\/wp-content\/uploads\/2023\/11\/1-20221102_183239-272x300.jpg 272w, https:\/\/www.bergundtal.com\/wp-content\/uploads\/2023\/11\/1-20221102_183239-768x847.jpg 768w, https:\/\/www.bergundtal.com\/wp-content\/uploads\/2023\/11\/1-20221102_183239-700x772.jpg 700w, https:\/\/www.bergundtal.com\/wp-content\/uploads\/2023\/11\/1-20221102_183239-332x366.jpg 332w, https:\/\/www.bergundtal.com\/wp-content\/uploads\/2023\/11\/1-20221102_183239.jpg 1200w\" sizes=\"(max-width: 929px) 100vw, 929px\" \/><\/a><\/figure>\n\n\n\n<figure class=\"wp-block-image size-large\"><a href=\"https:\/\/www.bergundtal.com\/wp-content\/uploads\/2023\/11\/P1340736.jpg\"><img data-attachment-id=\"22331\" data-permalink=\"https:\/\/www.bergundtal.com\/?attachment_id=22331\" data-orig-file=\"https:\/\/www.bergundtal.com\/wp-content\/uploads\/2023\/11\/P1340736.jpg\" data-orig-size=\"1600,1069\" data-comments-opened=\"0\" data-image-meta=\"{&quot;aperture&quot;:&quot;2.8&quot;,&quot;credit&quot;:&quot;Picasa&quot;,&quot;camera&quot;:&quot;DMC-FZ200&quot;,&quot;caption&quot;:&quot;&quot;,&quot;created_timestamp&quot;:&quot;1700069915&quot;,&quot;copyright&quot;:&quot;&quot;,&quot;focal_length&quot;:&quot;5.4&quot;,&quot;iso&quot;:&quot;400&quot;,&quot;shutter_speed&quot;:&quot;0.76923076923077&quot;,&quot;title&quot;:&quot;&quot;,&quot;orientation&quot;:&quot;0&quot;}\" data-image-title=\"P1340736\" data-image-description=\"\" data-image-caption=\"\" data-medium-file=\"https:\/\/www.bergundtal.com\/wp-content\/uploads\/2023\/11\/P1340736-300x200.jpg\" data-large-file=\"https:\/\/www.bergundtal.com\/wp-content\/uploads\/2023\/11\/P1340736-1024x684.jpg\" decoding=\"async\" loading=\"lazy\" width=\"1024\" height=\"684\" data-id=\"22331\"  src=\"https:\/\/www.bergundtal.com\/wp-content\/uploads\/2023\/11\/P1340736-1024x684.jpg\" alt=\"\" class=\"wp-image-22331\" srcset=\"https:\/\/www.bergundtal.com\/wp-content\/uploads\/2023\/11\/P1340736-1024x684.jpg 1024w, https:\/\/www.bergundtal.com\/wp-content\/uploads\/2023\/11\/P1340736-300x200.jpg 300w, https:\/\/www.bergundtal.com\/wp-content\/uploads\/2023\/11\/P1340736-768x513.jpg 768w, https:\/\/www.bergundtal.com\/wp-content\/uploads\/2023\/11\/P1340736-1536x1026.jpg 1536w, https:\/\/www.bergundtal.com\/wp-content\/uploads\/2023\/11\/P1340736-700x468.jpg 700w, https:\/\/www.bergundtal.com\/wp-content\/uploads\/2023\/11\/P1340736-332x222.jpg 332w, https:\/\/www.bergundtal.com\/wp-content\/uploads\/2023\/11\/P1340736.jpg 1600w\" sizes=\"(max-width: 1024px) 100vw, 1024px\" \/><\/a><\/figure>\n\n\n\n<figure class=\"wp-block-image size-large\"><a href=\"https:\/\/www.bergundtal.com\/wp-content\/uploads\/2023\/11\/2EF48D1F21C3A07E0C20DA649B658E4B-001-1.webp\"><img data-attachment-id=\"22327\" data-permalink=\"https:\/\/www.bergundtal.com\/?attachment_id=22327\" data-orig-file=\"https:\/\/www.bergundtal.com\/wp-content\/uploads\/2023\/11\/2EF48D1F21C3A07E0C20DA649B658E4B-001-1.webp\" data-orig-size=\"1600,1600\" data-comments-opened=\"0\" data-image-meta=\"{&quot;aperture&quot;:&quot;0&quot;,&quot;credit&quot;:&quot;&quot;,&quot;camera&quot;:&quot;&quot;,&quot;caption&quot;:&quot;&quot;,&quot;created_timestamp&quot;:&quot;0&quot;,&quot;copyright&quot;:&quot;&quot;,&quot;focal_length&quot;:&quot;0&quot;,&quot;iso&quot;:&quot;0&quot;,&quot;shutter_speed&quot;:&quot;0&quot;,&quot;title&quot;:&quot;&quot;,&quot;orientation&quot;:&quot;0&quot;}\" data-image-title=\"2EF48D1F21C3A07E0C20DA649B658E4B-001-1\" data-image-description=\"\" data-image-caption=\"\" data-medium-file=\"https:\/\/www.bergundtal.com\/wp-content\/uploads\/2023\/11\/2EF48D1F21C3A07E0C20DA649B658E4B-001-1-300x300.webp\" data-large-file=\"https:\/\/www.bergundtal.com\/wp-content\/uploads\/2023\/11\/2EF48D1F21C3A07E0C20DA649B658E4B-001-1-1024x1024.webp\" decoding=\"async\" loading=\"lazy\" width=\"1024\" height=\"1024\" data-id=\"22327\"  src=\"https:\/\/www.bergundtal.com\/wp-content\/uploads\/2023\/11\/2EF48D1F21C3A07E0C20DA649B658E4B-001-1-1024x1024.webp\" alt=\"\" class=\"wp-image-22327\" srcset=\"https:\/\/www.bergundtal.com\/wp-content\/uploads\/2023\/11\/2EF48D1F21C3A07E0C20DA649B658E4B-001-1-1024x1024.webp 1024w, https:\/\/www.bergundtal.com\/wp-content\/uploads\/2023\/11\/2EF48D1F21C3A07E0C20DA649B658E4B-001-1-300x300.webp 300w, https:\/\/www.bergundtal.com\/wp-content\/uploads\/2023\/11\/2EF48D1F21C3A07E0C20DA649B658E4B-001-1-150x150.webp 150w, https:\/\/www.bergundtal.com\/wp-content\/uploads\/2023\/11\/2EF48D1F21C3A07E0C20DA649B658E4B-001-1-768x768.webp 768w, https:\/\/www.bergundtal.com\/wp-content\/uploads\/2023\/11\/2EF48D1F21C3A07E0C20DA649B658E4B-001-1-1536x1536.webp 1536w, https:\/\/www.bergundtal.com\/wp-content\/uploads\/2023\/11\/2EF48D1F21C3A07E0C20DA649B658E4B-001-1-700x700.webp 700w, https:\/\/www.bergundtal.com\/wp-content\/uploads\/2023\/11\/2EF48D1F21C3A07E0C20DA649B658E4B-001-1-332x332.webp 332w, https:\/\/www.bergundtal.com\/wp-content\/uploads\/2023\/11\/2EF48D1F21C3A07E0C20DA649B658E4B-001-1-432x432.webp 432w, https:\/\/www.bergundtal.com\/wp-content\/uploads\/2023\/11\/2EF48D1F21C3A07E0C20DA649B658E4B-001-1-268x268.webp 268w, https:\/\/www.bergundtal.com\/wp-content\/uploads\/2023\/11\/2EF48D1F21C3A07E0C20DA649B658E4B-001-1.webp 1600w\" sizes=\"(max-width: 1024px) 100vw, 1024px\" \/><\/a><\/figure>\n<\/figure>\n\n\n\n<p><strong><span style=\"text-decoration: underline;\">Gut sehen und gesehen werden<\/span> <\/strong>\u2013 darum geht es, wenn wir in der D\u00e4mmerung\/im Dunkeln mit dem Rad unterwegs sind. Ob Dynamo, e-Bike Akku oder Lampen-Akku, wichtig ist eine ausreichende Leuchtkraft des Scheinwerfers vorn und auch des R\u00fccklichtes hinten.<\/p>\n\n\n\n<figure class=\"wp-block-image size-large\"><a href=\"https:\/\/www.bergundtal.com\/wp-content\/uploads\/2023\/11\/08-03-2020-Fahrrad-beigelt_vgmk1m.webp\"><img data-attachment-id=\"22354\" data-permalink=\"https:\/\/www.bergundtal.com\/?attachment_id=22354\" data-orig-file=\"https:\/\/www.bergundtal.com\/wp-content\/uploads\/2023\/11\/08-03-2020-Fahrrad-beigelt_vgmk1m.webp\" data-orig-size=\"2000,1125\" data-comments-opened=\"0\" data-image-meta=\"{&quot;aperture&quot;:&quot;0&quot;,&quot;credit&quot;:&quot;&quot;,&quot;camera&quot;:&quot;&quot;,&quot;caption&quot;:&quot;&quot;,&quot;created_timestamp&quot;:&quot;0&quot;,&quot;copyright&quot;:&quot;&quot;,&quot;focal_length&quot;:&quot;0&quot;,&quot;iso&quot;:&quot;0&quot;,&quot;shutter_speed&quot;:&quot;0&quot;,&quot;title&quot;:&quot;&quot;,&quot;orientation&quot;:&quot;0&quot;}\" data-image-title=\"08-03-2020-Fahrrad-beigelt_vgmk1m\" data-image-description=\"\" data-image-caption=\"\" data-medium-file=\"https:\/\/www.bergundtal.com\/wp-content\/uploads\/2023\/11\/08-03-2020-Fahrrad-beigelt_vgmk1m-300x169.webp\" data-large-file=\"https:\/\/www.bergundtal.com\/wp-content\/uploads\/2023\/11\/08-03-2020-Fahrrad-beigelt_vgmk1m-1024x576.webp\" decoding=\"async\" loading=\"lazy\" width=\"1024\" height=\"576\" src=\"https:\/\/www.bergundtal.com\/wp-content\/uploads\/2023\/11\/08-03-2020-Fahrrad-beigelt_vgmk1m-1024x576.webp\" alt=\"\" class=\"wp-image-22354\" srcset=\"https:\/\/www.bergundtal.com\/wp-content\/uploads\/2023\/11\/08-03-2020-Fahrrad-beigelt_vgmk1m-1024x576.webp 1024w, https:\/\/www.bergundtal.com\/wp-content\/uploads\/2023\/11\/08-03-2020-Fahrrad-beigelt_vgmk1m-300x169.webp 300w, https:\/\/www.bergundtal.com\/wp-content\/uploads\/2023\/11\/08-03-2020-Fahrrad-beigelt_vgmk1m-768x432.webp 768w, https:\/\/www.bergundtal.com\/wp-content\/uploads\/2023\/11\/08-03-2020-Fahrrad-beigelt_vgmk1m-1536x864.webp 1536w, https:\/\/www.bergundtal.com\/wp-content\/uploads\/2023\/11\/08-03-2020-Fahrrad-beigelt_vgmk1m-700x393.webp 700w, https:\/\/www.bergundtal.com\/wp-content\/uploads\/2023\/11\/08-03-2020-Fahrrad-beigelt_vgmk1m-332x187.webp 332w, https:\/\/www.bergundtal.com\/wp-content\/uploads\/2023\/11\/08-03-2020-Fahrrad-beigelt_vgmk1m.webp 2000w\" sizes=\"(max-width: 1024px) 100vw, 1024px\" \/><\/a><\/figure>\n\n\n\n<p><strong><u><em>Stra\u00dfenverkehrsordnung zur Beleuchtung am Rad:<\/em><\/u> <\/strong><em>Die Stra\u00dfenverkehrsordnung l\u00e4sst die Stromquelle offen, schreibt aber vor, dass die verwendete <strong>Leuchte eine Zulassung des Kraftfahrtbundesamtes hat,<\/strong> gekennzeichnet mit einer Wellenlinie + K + Pr\u00fcfnummer.<\/em><br><em>Die Beleuchtung <strong>muss auch nur noch bei D\u00e4mmerung\/Dunkelheit am Rad sein<\/strong>, das gilt allerdings mittlerweile auch f\u00fcr Rennr\u00e4der unabh\u00e4ngig von ihrem Gewicht!<\/em> <br><em>Vorgeschrieben laut STVZO sind dann auch ein <strong>wei\u00dfer Frontreflektor vorn, ein roter Reflektor hinten<\/strong> (beide k\u00f6nnen auch mit der jeweiligen Leuchte kombiniert sein) und sog. <strong>Speichenreflektoren<\/strong> \u2013 auch diese Regelung gilt f\u00fcr Rennr\u00e4der oder MTBS, sobald sie in er D\u00e4mmerung\/im Dunkeln im \u00f6ffentlichen verkehr benutzt werden.<\/em><\/p>\n\n\n\n<p><\/p>\n\n\n\n<p>Mittlerweile gibt es eine riesige Zahl von Akku-Leuchten, die neben den klassischen Fachh\u00e4ndlern von unz\u00e4hligen Online Anbietern angeboten werden; das Kraftfahrtbundesamt ist hier gnadenlos \u00fcberfordert, bzw. viele Hersteller gehen schon gar nicht diesen Umweg und verzichten auf die K-Nummer. Wer allerdings auf der sicheren Lichtseite fahren will, der muss doch beim Kauf auf die K-Nummer achten!<\/p>\n\n\n\n<p class=\"has-text-color\" style=\"color:#3010cf\"><strong><span style=\"text-decoration: underline;\">Eine gute Frontleuchte<\/span><br><\/strong>&#8211; muss sich schnell und stabil am Lenker befestigt lassen, darf sich z. B. bei Ersch\u00fctterungen nicht drehen und dann vielleicht entgegenkommende Verkehrsteilnehmer blenden oder nur noch den Vorderreifen ausleuchten,<br>&#8211; muss eine Lichtst\u00e4rke von mind. 40 Lux haben und das mindestens 5 Std. (z. B. 1 Pr\u00fcfkriterium f\u00fcr die Vergabe der K-Nummer),  Bei richtiger Dunkelheit (ohne Stra\u00dfenbeleuchtung o. a. Lichtquellen) sind auch 80 + Lux sinnvoll.<br>&#8211; muss eine Ladezustandsanzeige haben.<br>&#8211; Beim R\u00fccklicht ist die Bremslichtfunktion mittlerweile eigentlich unverzichtbar.<\/p>\n\n\n\n<h3 class=\"has-text-color has-background\" style=\"color:#4113d6;background-color:#d1e6dd\"><strong>Trelock <\/strong><strong>LS 660 I-GO VISION LITE Set<\/strong><\/h3>\n\n\n\n<figure class=\"wp-block-image size-large\"><a href=\"https:\/\/www.bergundtal.com\/wp-content\/uploads\/2023\/11\/E0008370-001.jpg\"><img data-attachment-id=\"22316\" data-permalink=\"https:\/\/www.bergundtal.com\/?attachment_id=22316\" data-orig-file=\"https:\/\/www.bergundtal.com\/wp-content\/uploads\/2023\/11\/E0008370-001.jpg\" data-orig-size=\"1181,1160\" data-comments-opened=\"0\" data-image-meta=\"{&quot;aperture&quot;:&quot;0&quot;,&quot;credit&quot;:&quot;Picasa&quot;,&quot;camera&quot;:&quot;&quot;,&quot;caption&quot;:&quot;&quot;,&quot;created_timestamp&quot;:&quot;1699649716&quot;,&quot;copyright&quot;:&quot;&quot;,&quot;focal_length&quot;:&quot;0&quot;,&quot;iso&quot;:&quot;0&quot;,&quot;shutter_speed&quot;:&quot;0&quot;,&quot;title&quot;:&quot;&quot;,&quot;orientation&quot;:&quot;0&quot;}\" data-image-title=\"E0008370-001\" data-image-description=\"\" data-image-caption=\"\" data-medium-file=\"https:\/\/www.bergundtal.com\/wp-content\/uploads\/2023\/11\/E0008370-001-300x295.jpg\" data-large-file=\"https:\/\/www.bergundtal.com\/wp-content\/uploads\/2023\/11\/E0008370-001-1024x1006.jpg\" decoding=\"async\" loading=\"lazy\" width=\"1024\" height=\"1006\" src=\"https:\/\/www.bergundtal.com\/wp-content\/uploads\/2023\/11\/E0008370-001-1024x1006.jpg\" alt=\"\" class=\"wp-image-22316\" srcset=\"https:\/\/www.bergundtal.com\/wp-content\/uploads\/2023\/11\/E0008370-001-1024x1006.jpg 1024w, https:\/\/www.bergundtal.com\/wp-content\/uploads\/2023\/11\/E0008370-001-300x295.jpg 300w, https:\/\/www.bergundtal.com\/wp-content\/uploads\/2023\/11\/E0008370-001-768x754.jpg 768w, https:\/\/www.bergundtal.com\/wp-content\/uploads\/2023\/11\/E0008370-001-700x688.jpg 700w, https:\/\/www.bergundtal.com\/wp-content\/uploads\/2023\/11\/E0008370-001-332x326.jpg 332w, https:\/\/www.bergundtal.com\/wp-content\/uploads\/2023\/11\/E0008370-001.jpg 1181w\" sizes=\"(max-width: 1024px) 100vw, 1024px\" \/><\/a><\/figure>\n\n\n\n<p><em>Die erfolgreiche Akkufrontleuchte LS 760 I-GO\u00ae VISION bekommt mit der LS 660 I-GO\u00ae VISION LITE einen \u201ekleinen Bruder\u201c: mit starken 80 Lux, die in 3 Stufen geschaltet werden k\u00f6nnen, steht sie der LS 760 in nichts nach. Das \u00fcbersichtlich gestaltete FULL CONTROL DISPLAY zeigt dem Fahrer die aktuell gew\u00e4hlte Beleuchtungsstufe, die minutengenaue Restleuchtdauer und die Uhrzeit an.<\/em><\/p>\n\n\n\n<ul>\n<li>USB Ladebuchse<\/li>\n\n\n\n<li>bis zu 15 Std Leuchtdauer<\/li>\n\n\n\n<li>Lithium-Ionen-Akku<\/li>\n\n\n\n<li>Einhandschnappverschluss<\/li>\n\n\n\n<li>Full Control LCD-Display<\/li>\n\n\n\n<li>Exakte Anzeige der Restleuchtdauer<\/li>\n\n\n\n<li>3 Level<\/li>\n\n\n\n<li>Werkzeugloser Halter ZL 760<\/li>\n\n\n\n<li>R\u00fccklicht Halter ZL 720<\/li>\n\n\n\n<li>80 LUX<\/li>\n\n\n\n<li>100 m Sichtweite<\/li>\n\n\n\n<li>5500m Sichtbarkeit<\/li>\n\n\n\n<li>StVZO gepr\u00fcft<\/li>\n\n\n\n<li>RKF-zertifiziert<\/li>\n\n\n\n<li>R\u00fccklicht LS 740 I-GO VECTOR REAR mit sensor-gest\u00fctzte Bremslicht-Funktion.<\/li>\n<\/ul>\n\n\n\n<p><strong>UVP: \u20ac 114,99<\/strong><\/p>\n\n\n\n<h3 class=\"has-text-color has-background\" style=\"color:#170fb0;background-color:#cde0d8\"><strong>SIGMA AU AURA 100 \/ BLAZE LINK RA 100 \/ BLAZE LINK<\/strong><\/h3>\n\n\n\n<figure class=\"wp-block-image size-full\"><a href=\"https:\/\/www.bergundtal.com\/wp-content\/uploads\/2023\/11\/179-001.jpg\"><img data-attachment-id=\"22317\" data-permalink=\"https:\/\/www.bergundtal.com\/?attachment_id=22317\" data-orig-file=\"https:\/\/www.bergundtal.com\/wp-content\/uploads\/2023\/11\/179-001.jpg\" data-orig-size=\"600,600\" data-comments-opened=\"0\" data-image-meta=\"{&quot;aperture&quot;:&quot;0&quot;,&quot;credit&quot;:&quot;Picasa&quot;,&quot;camera&quot;:&quot;&quot;,&quot;caption&quot;:&quot;&quot;,&quot;created_timestamp&quot;:&quot;1699736665&quot;,&quot;copyright&quot;:&quot;&quot;,&quot;focal_length&quot;:&quot;0&quot;,&quot;iso&quot;:&quot;0&quot;,&quot;shutter_speed&quot;:&quot;0&quot;,&quot;title&quot;:&quot;&quot;,&quot;orientation&quot;:&quot;0&quot;}\" data-image-title=\"179-001\" data-image-description=\"\" data-image-caption=\"\" data-medium-file=\"https:\/\/www.bergundtal.com\/wp-content\/uploads\/2023\/11\/179-001-300x300.jpg\" data-large-file=\"https:\/\/www.bergundtal.com\/wp-content\/uploads\/2023\/11\/179-001.jpg\" decoding=\"async\" loading=\"lazy\" width=\"600\" height=\"600\" src=\"https:\/\/www.bergundtal.com\/wp-content\/uploads\/2023\/11\/179-001.jpg\" alt=\"\" class=\"wp-image-22317\" srcset=\"https:\/\/www.bergundtal.com\/wp-content\/uploads\/2023\/11\/179-001.jpg 600w, https:\/\/www.bergundtal.com\/wp-content\/uploads\/2023\/11\/179-001-300x300.jpg 300w, https:\/\/www.bergundtal.com\/wp-content\/uploads\/2023\/11\/179-001-150x150.jpg 150w, https:\/\/www.bergundtal.com\/wp-content\/uploads\/2023\/11\/179-001-332x332.jpg 332w, https:\/\/www.bergundtal.com\/wp-content\/uploads\/2023\/11\/179-001-432x432.jpg 432w, https:\/\/www.bergundtal.com\/wp-content\/uploads\/2023\/11\/179-001-268x268.jpg 268w\" sizes=\"(max-width: 600px) 100vw, 600px\" \/><\/a><\/figure>\n\n\n\n<p>Mit dem Beleuchtungsset AURA 100 \/ BLAZE LINK l\u00e4sst sich Fahrradlicht auf ganz neue Weise steuern, gestalten und erleben. Durch die innovative Linkfunktion k\u00f6nnen die Leuchten blitzschnell miteinander gekoppelt werden. Einmal verbunden, werden sie bequem von der Frontleuchte aus bedient. Die f\u00fcr den Stra\u00dfenverkehr zugelassene AURA 100 LINK leuchtet mit 100 Lux Leuchtst\u00e4rke und 110 Metern Leuchtweite auch den dunkelsten Weg aus und die BLAZE LINK sorgt mit ihrer Bremslichtfunktion f\u00fcr maximale Sichtbarkeit.<\/p>\n\n\n\n<p><em>5 unterschiedliche Leucht-Modi.Balkenanzeige f\u00fcr Akkustand von Front- und R\u00fcckleuchte, Mehrfachzonenausleuchtung, der integrierte Helligkeitssensor schaltet im Auto-Modus bei entsprechendem Umgebungslicht automatisch Vorder- und R\u00fcckleuchte ein und aus und passt die Beleuchtungsst\u00e4rke automatisch an das Umgebungslicht an, seitlicher Light Guide zur besseren Sichtbarkeit. <\/em><strong><em><br><\/em>UVP 119,95 \u20ac<\/strong><\/p>\n\n\n\n<p> Das Beleuchtungsset gibt es auch als Sigma AURA 80 \u2026 Set mit den gleichen Funktionen, aber mit max. 80 LUX Leuchtst\u00e4rke.<\/p>\n\n\n\n<h3 class=\"has-background\" style=\"background-color:#d8e5e3\"><strong><mark style=\"background-color:rgba(0, 0, 0, 0);color:#2d14bd\" class=\"has-inline-color\">CATEYE<\/mark><\/strong> bietet mit dem <strong><mark style=\"background-color:rgba(0, 0, 0, 0);color:#171dae\" class=\"has-inline-color\">Cateye&nbsp;Rapid X2G Kinetic<\/mark> <\/strong>auch ein R\u00fccklicht mit Bremslichtfunktion an, das man nat\u00fcrlich mit einem entsprechend stark leuchtenden Frontlicht kombinieren kann.<\/h3>\n\n\n\n<figure class=\"wp-block-image size-large\"><a href=\"https:\/\/www.bergundtal.com\/wp-content\/uploads\/2023\/11\/2EF48D1F21C3A07E0C20DA649B658E4B-001.webp\"><img data-attachment-id=\"22318\" data-permalink=\"https:\/\/www.bergundtal.com\/?attachment_id=22318\" data-orig-file=\"https:\/\/www.bergundtal.com\/wp-content\/uploads\/2023\/11\/2EF48D1F21C3A07E0C20DA649B658E4B-001.webp\" data-orig-size=\"1600,1600\" data-comments-opened=\"0\" data-image-meta=\"{&quot;aperture&quot;:&quot;0&quot;,&quot;credit&quot;:&quot;&quot;,&quot;camera&quot;:&quot;&quot;,&quot;caption&quot;:&quot;&quot;,&quot;created_timestamp&quot;:&quot;0&quot;,&quot;copyright&quot;:&quot;&quot;,&quot;focal_length&quot;:&quot;0&quot;,&quot;iso&quot;:&quot;0&quot;,&quot;shutter_speed&quot;:&quot;0&quot;,&quot;title&quot;:&quot;&quot;,&quot;orientation&quot;:&quot;0&quot;}\" data-image-title=\"2EF48D1F21C3A07E0C20DA649B658E4B-001\" data-image-description=\"\" data-image-caption=\"\" data-medium-file=\"https:\/\/www.bergundtal.com\/wp-content\/uploads\/2023\/11\/2EF48D1F21C3A07E0C20DA649B658E4B-001-300x300.webp\" data-large-file=\"https:\/\/www.bergundtal.com\/wp-content\/uploads\/2023\/11\/2EF48D1F21C3A07E0C20DA649B658E4B-001-1024x1024.webp\" decoding=\"async\" loading=\"lazy\" width=\"1024\" height=\"1024\" src=\"https:\/\/www.bergundtal.com\/wp-content\/uploads\/2023\/11\/2EF48D1F21C3A07E0C20DA649B658E4B-001-1024x1024.webp\" alt=\"\" class=\"wp-image-22318\" srcset=\"https:\/\/www.bergundtal.com\/wp-content\/uploads\/2023\/11\/2EF48D1F21C3A07E0C20DA649B658E4B-001-1024x1024.webp 1024w, https:\/\/www.bergundtal.com\/wp-content\/uploads\/2023\/11\/2EF48D1F21C3A07E0C20DA649B658E4B-001-300x300.webp 300w, https:\/\/www.bergundtal.com\/wp-content\/uploads\/2023\/11\/2EF48D1F21C3A07E0C20DA649B658E4B-001-150x150.webp 150w, https:\/\/www.bergundtal.com\/wp-content\/uploads\/2023\/11\/2EF48D1F21C3A07E0C20DA649B658E4B-001-768x768.webp 768w, https:\/\/www.bergundtal.com\/wp-content\/uploads\/2023\/11\/2EF48D1F21C3A07E0C20DA649B658E4B-001-1536x1536.webp 1536w, https:\/\/www.bergundtal.com\/wp-content\/uploads\/2023\/11\/2EF48D1F21C3A07E0C20DA649B658E4B-001-700x700.webp 700w, https:\/\/www.bergundtal.com\/wp-content\/uploads\/2023\/11\/2EF48D1F21C3A07E0C20DA649B658E4B-001-332x332.webp 332w, https:\/\/www.bergundtal.com\/wp-content\/uploads\/2023\/11\/2EF48D1F21C3A07E0C20DA649B658E4B-001-432x432.webp 432w, https:\/\/www.bergundtal.com\/wp-content\/uploads\/2023\/11\/2EF48D1F21C3A07E0C20DA649B658E4B-001-268x268.webp 268w, https:\/\/www.bergundtal.com\/wp-content\/uploads\/2023\/11\/2EF48D1F21C3A07E0C20DA649B658E4B-001.webp 1600w\" sizes=\"(max-width: 1024px) 100vw, 1024px\" \/><\/a><\/figure>\n\n\n\n<h3 class=\"has-text-color has-background\" style=\"color:#7f0d4c;background-color:#c7d5e7\"><strong>Fahrradhelm mit Licht<\/strong><\/h3>\n\n\n\n<figure class=\"wp-block-image size-large\"><a href=\"https:\/\/www.bergundtal.com\/wp-content\/uploads\/2023\/11\/8974852-001.webp\"><img data-attachment-id=\"22319\" data-permalink=\"https:\/\/www.bergundtal.com\/?attachment_id=22319\" data-orig-file=\"https:\/\/www.bergundtal.com\/wp-content\/uploads\/2023\/11\/8974852-001.webp\" data-orig-size=\"1436,1436\" data-comments-opened=\"0\" data-image-meta=\"{&quot;aperture&quot;:&quot;0&quot;,&quot;credit&quot;:&quot;&quot;,&quot;camera&quot;:&quot;&quot;,&quot;caption&quot;:&quot;&quot;,&quot;created_timestamp&quot;:&quot;0&quot;,&quot;copyright&quot;:&quot;&quot;,&quot;focal_length&quot;:&quot;0&quot;,&quot;iso&quot;:&quot;0&quot;,&quot;shutter_speed&quot;:&quot;0&quot;,&quot;title&quot;:&quot;&quot;,&quot;orientation&quot;:&quot;0&quot;}\" data-image-title=\"8974852-001\" data-image-description=\"\" data-image-caption=\"\" data-medium-file=\"https:\/\/www.bergundtal.com\/wp-content\/uploads\/2023\/11\/8974852-001-300x300.webp\" data-large-file=\"https:\/\/www.bergundtal.com\/wp-content\/uploads\/2023\/11\/8974852-001-1024x1024.webp\" decoding=\"async\" loading=\"lazy\" width=\"1024\" height=\"1024\" src=\"https:\/\/www.bergundtal.com\/wp-content\/uploads\/2023\/11\/8974852-001-1024x1024.webp\" alt=\"\" class=\"wp-image-22319\" srcset=\"https:\/\/www.bergundtal.com\/wp-content\/uploads\/2023\/11\/8974852-001-1024x1024.webp 1024w, https:\/\/www.bergundtal.com\/wp-content\/uploads\/2023\/11\/8974852-001-300x300.webp 300w, https:\/\/www.bergundtal.com\/wp-content\/uploads\/2023\/11\/8974852-001-150x150.webp 150w, https:\/\/www.bergundtal.com\/wp-content\/uploads\/2023\/11\/8974852-001-768x768.webp 768w, https:\/\/www.bergundtal.com\/wp-content\/uploads\/2023\/11\/8974852-001-700x700.webp 700w, https:\/\/www.bergundtal.com\/wp-content\/uploads\/2023\/11\/8974852-001-332x332.webp 332w, https:\/\/www.bergundtal.com\/wp-content\/uploads\/2023\/11\/8974852-001-432x432.webp 432w, https:\/\/www.bergundtal.com\/wp-content\/uploads\/2023\/11\/8974852-001-268x268.webp 268w, https:\/\/www.bergundtal.com\/wp-content\/uploads\/2023\/11\/8974852-001.webp 1436w\" sizes=\"(max-width: 1024px) 100vw, 1024px\" \/><\/a><\/figure>\n\n\n\n<p>In Zusammenhang mit Beleuchtung und Sicherheit sind nat\u00fcrlich auch <strong>Fahrradhelme mit Licht<\/strong> nicht uninteressant, ob m<strong>it R\u00fccklicht oder zus\u00e4tzlich mit Lichtstreifen vorn auch noch seitw\u00e4rts,<\/strong> Licht am Helm bringt in der D\u00e4mmerung\/im Dunkeln unzweifelhaft ein Plus an Sicherheit. Das bessere Sehen spielt hier eher keine Rolle, die Leuchtstreifen vorn am Helm sind in der Regel nicht so leuchtstark, dass ich damit z. B. den Weg vor mir gut ausleuchten kann. Hier geht es darum,. Dass ich von anderen Verkehrsteilnehmern besser wahrgenommen werde. <br>Einige neue Helme sind auch <strong>zus\u00e4tzlich mit Blinkern<\/strong> ausgestattet, die per Fernbedienung am Lenker geschaltet werden k\u00f6nnen. <strong>Aber Achtung: Blinker zum Anzeigen der Richtungs\u00e4nderung sind von der Stra\u00dfenverkehrsordnung \u2013 noch? \u2013 nicht zugelassen.<\/strong><\/p>\n\n\n\n<h3 class=\"has-text-color has-background\" style=\"color:#0f1591;background-color:#c7e3d9\"><strong>LUMOS Helme <\/strong><\/h3>\n\n\n\n<figure class=\"wp-block-image size-large\"><a href=\"https:\/\/www.bergundtal.com\/wp-content\/uploads\/2023\/11\/lumos_lime_lturn.jpg\"><img data-attachment-id=\"22320\" data-permalink=\"https:\/\/www.bergundtal.com\/?attachment_id=22320\" data-orig-file=\"https:\/\/www.bergundtal.com\/wp-content\/uploads\/2023\/11\/lumos_lime_lturn.jpg\" data-orig-size=\"1600,1067\" data-comments-opened=\"0\" data-image-meta=\"{&quot;aperture&quot;:&quot;0&quot;,&quot;credit&quot;:&quot;Picasa&quot;,&quot;camera&quot;:&quot;&quot;,&quot;caption&quot;:&quot;&quot;,&quot;created_timestamp&quot;:&quot;1700061700&quot;,&quot;copyright&quot;:&quot;&quot;,&quot;focal_length&quot;:&quot;0&quot;,&quot;iso&quot;:&quot;0&quot;,&quot;shutter_speed&quot;:&quot;0&quot;,&quot;title&quot;:&quot;&quot;,&quot;orientation&quot;:&quot;0&quot;}\" data-image-title=\"lumos_lime_lturn\" data-image-description=\"\" data-image-caption=\"\" data-medium-file=\"https:\/\/www.bergundtal.com\/wp-content\/uploads\/2023\/11\/lumos_lime_lturn-300x200.jpg\" data-large-file=\"https:\/\/www.bergundtal.com\/wp-content\/uploads\/2023\/11\/lumos_lime_lturn-1024x683.jpg\" decoding=\"async\" loading=\"lazy\" width=\"1024\" height=\"683\" src=\"https:\/\/www.bergundtal.com\/wp-content\/uploads\/2023\/11\/lumos_lime_lturn-1024x683.jpg\" alt=\"\" class=\"wp-image-22320\" srcset=\"https:\/\/www.bergundtal.com\/wp-content\/uploads\/2023\/11\/lumos_lime_lturn-1024x683.jpg 1024w, https:\/\/www.bergundtal.com\/wp-content\/uploads\/2023\/11\/lumos_lime_lturn-300x200.jpg 300w, https:\/\/www.bergundtal.com\/wp-content\/uploads\/2023\/11\/lumos_lime_lturn-768x512.jpg 768w, https:\/\/www.bergundtal.com\/wp-content\/uploads\/2023\/11\/lumos_lime_lturn-1536x1024.jpg 1536w, https:\/\/www.bergundtal.com\/wp-content\/uploads\/2023\/11\/lumos_lime_lturn-700x467.jpg 700w, https:\/\/www.bergundtal.com\/wp-content\/uploads\/2023\/11\/lumos_lime_lturn-332x221.jpg 332w, https:\/\/www.bergundtal.com\/wp-content\/uploads\/2023\/11\/lumos_lime_lturn.jpg 1600w\" sizes=\"(max-width: 1024px) 100vw, 1024px\" \/><\/a><figcaption class=\"wp-element-caption\"><em>L<strong>umos Ultra Smart-Helm, ausgestattet mit Vorder- und R\u00fccklicht + Blinker li \/ re. die Blinklichter k\u00f6nnen per am Lenker angebrachter Fernbedienung bedient werden.<\/strong><\/em><\/figcaption><\/figure>\n\n\n\n<p>Die Fahrradhelme von Lumos verf\u00fcgen \u00fcber eine integrierte LED-Beleuchtung, die f\u00fcr eine h\u00f6here Sichtbarkeit im Stra\u00dfenverkehr sorgt. Smarte Features wie Blink- und Bremslicht lassen sich \u00fcber die funktionale Lumos-App konfigurieren.<\/p>\n\n\n\n<p><\/p>\n\n\n\n<p><\/p>\n\n\n\n<h3 class=\"has-text-color has-background\" style=\"color:#3b0a90;background-color:#ceded8\"><strong>UVEX Helme<\/strong><\/h3>\n\n\n\n<p><mark style=\"background-color:rgba(0, 0, 0, 0)\" class=\"has-inline-color has-black-color\">UVEX<\/mark><mark style=\"background-color:rgba(0, 0, 0, 0);color:#350cac\" class=\"has-inline-color\"> <\/mark>hat auch einige Radhelme im Sortiment, die mit einem R\u00fccklicht ausgestattet sind.<\/p>\n\n\n\n<p><strong>UVEX city i-vo MIPS<\/strong><\/p>\n\n\n\n<figure data-carousel-extra='{\"blog_id\":1,\"permalink\":\"https:\\\/\\\/www.bergundtal.com\\\/?p=22313\"}'  class=\"is-layout-flex wp-block-gallery-3 wp-block-gallery has-nested-images columns-default is-cropped\">\n<figure class=\"wp-block-image size-large\"><a href=\"https:\/\/www.bergundtal.com\/wp-content\/uploads\/2023\/11\/14460914-001.webp\"><img data-attachment-id=\"22321\" data-permalink=\"https:\/\/www.bergundtal.com\/?attachment_id=22321\" data-orig-file=\"https:\/\/www.bergundtal.com\/wp-content\/uploads\/2023\/11\/14460914-001.webp\" data-orig-size=\"838,838\" data-comments-opened=\"0\" data-image-meta=\"{&quot;aperture&quot;:&quot;0&quot;,&quot;credit&quot;:&quot;&quot;,&quot;camera&quot;:&quot;&quot;,&quot;caption&quot;:&quot;&quot;,&quot;created_timestamp&quot;:&quot;0&quot;,&quot;copyright&quot;:&quot;&quot;,&quot;focal_length&quot;:&quot;0&quot;,&quot;iso&quot;:&quot;0&quot;,&quot;shutter_speed&quot;:&quot;0&quot;,&quot;title&quot;:&quot;&quot;,&quot;orientation&quot;:&quot;0&quot;}\" data-image-title=\"14460914-001\" data-image-description=\"\" data-image-caption=\"\" data-medium-file=\"https:\/\/www.bergundtal.com\/wp-content\/uploads\/2023\/11\/14460914-001-300x300.webp\" data-large-file=\"https:\/\/www.bergundtal.com\/wp-content\/uploads\/2023\/11\/14460914-001.webp\" decoding=\"async\" loading=\"lazy\" width=\"838\" height=\"838\" data-id=\"22321\"  src=\"https:\/\/www.bergundtal.com\/wp-content\/uploads\/2023\/11\/14460914-001.webp\" alt=\"\" class=\"wp-image-22321\" srcset=\"https:\/\/www.bergundtal.com\/wp-content\/uploads\/2023\/11\/14460914-001.webp 838w, https:\/\/www.bergundtal.com\/wp-content\/uploads\/2023\/11\/14460914-001-300x300.webp 300w, https:\/\/www.bergundtal.com\/wp-content\/uploads\/2023\/11\/14460914-001-150x150.webp 150w, https:\/\/www.bergundtal.com\/wp-content\/uploads\/2023\/11\/14460914-001-768x768.webp 768w, https:\/\/www.bergundtal.com\/wp-content\/uploads\/2023\/11\/14460914-001-700x700.webp 700w, https:\/\/www.bergundtal.com\/wp-content\/uploads\/2023\/11\/14460914-001-332x332.webp 332w, https:\/\/www.bergundtal.com\/wp-content\/uploads\/2023\/11\/14460914-001-432x432.webp 432w, https:\/\/www.bergundtal.com\/wp-content\/uploads\/2023\/11\/14460914-001-268x268.webp 268w\" sizes=\"(max-width: 838px) 100vw, 838px\" \/><\/a><\/figure>\n\n\n\n<figure class=\"wp-block-image size-large\"><a href=\"https:\/\/www.bergundtal.com\/wp-content\/uploads\/2023\/11\/uvex-city-i-vo-mips-moss-green-mat-001.jpg\"><img data-attachment-id=\"22322\" data-permalink=\"https:\/\/www.bergundtal.com\/?attachment_id=22322\" data-orig-file=\"https:\/\/www.bergundtal.com\/wp-content\/uploads\/2023\/11\/uvex-city-i-vo-mips-moss-green-mat-001.jpg\" data-orig-size=\"1266,1058\" data-comments-opened=\"0\" data-image-meta=\"{&quot;aperture&quot;:&quot;0&quot;,&quot;credit&quot;:&quot;Picasa&quot;,&quot;camera&quot;:&quot;&quot;,&quot;caption&quot;:&quot;&quot;,&quot;created_timestamp&quot;:&quot;1700060813&quot;,&quot;copyright&quot;:&quot;&quot;,&quot;focal_length&quot;:&quot;0&quot;,&quot;iso&quot;:&quot;0&quot;,&quot;shutter_speed&quot;:&quot;0&quot;,&quot;title&quot;:&quot;&quot;,&quot;orientation&quot;:&quot;0&quot;}\" data-image-title=\"uvex-city-i-vo-mips-moss-green-mat-001\" data-image-description=\"\" data-image-caption=\"\" data-medium-file=\"https:\/\/www.bergundtal.com\/wp-content\/uploads\/2023\/11\/uvex-city-i-vo-mips-moss-green-mat-001-300x251.jpg\" data-large-file=\"https:\/\/www.bergundtal.com\/wp-content\/uploads\/2023\/11\/uvex-city-i-vo-mips-moss-green-mat-001-1024x856.jpg\" decoding=\"async\" loading=\"lazy\" width=\"1024\" height=\"856\" data-id=\"22322\"  src=\"https:\/\/www.bergundtal.com\/wp-content\/uploads\/2023\/11\/uvex-city-i-vo-mips-moss-green-mat-001-1024x856.jpg\" alt=\"\" class=\"wp-image-22322\" srcset=\"https:\/\/www.bergundtal.com\/wp-content\/uploads\/2023\/11\/uvex-city-i-vo-mips-moss-green-mat-001-1024x856.jpg 1024w, https:\/\/www.bergundtal.com\/wp-content\/uploads\/2023\/11\/uvex-city-i-vo-mips-moss-green-mat-001-300x251.jpg 300w, https:\/\/www.bergundtal.com\/wp-content\/uploads\/2023\/11\/uvex-city-i-vo-mips-moss-green-mat-001-768x642.jpg 768w, https:\/\/www.bergundtal.com\/wp-content\/uploads\/2023\/11\/uvex-city-i-vo-mips-moss-green-mat-001-700x585.jpg 700w, https:\/\/www.bergundtal.com\/wp-content\/uploads\/2023\/11\/uvex-city-i-vo-mips-moss-green-mat-001-332x277.jpg 332w, https:\/\/www.bergundtal.com\/wp-content\/uploads\/2023\/11\/uvex-city-i-vo-mips-moss-green-mat-001.jpg 1266w\" sizes=\"(max-width: 1024px) 100vw, 1024px\" \/><\/a><\/figure>\n<\/figure>\n\n\n\n<p><strong>UVEX finale visor V<\/strong><\/p>\n\n\n\n<figure class=\"wp-block-image size-large\"><a href=\"https:\/\/www.bergundtal.com\/wp-content\/uploads\/2023\/11\/uvex-finale-visor-vario-green-001.jpg\"><img data-attachment-id=\"22323\" data-permalink=\"https:\/\/www.bergundtal.com\/?attachment_id=22323\" data-orig-file=\"https:\/\/www.bergundtal.com\/wp-content\/uploads\/2023\/11\/uvex-finale-visor-vario-green-001.jpg\" data-orig-size=\"1256,1184\" data-comments-opened=\"0\" data-image-meta=\"{&quot;aperture&quot;:&quot;0&quot;,&quot;credit&quot;:&quot;Picasa&quot;,&quot;camera&quot;:&quot;&quot;,&quot;caption&quot;:&quot;&quot;,&quot;created_timestamp&quot;:&quot;1700060951&quot;,&quot;copyright&quot;:&quot;&quot;,&quot;focal_length&quot;:&quot;0&quot;,&quot;iso&quot;:&quot;0&quot;,&quot;shutter_speed&quot;:&quot;0&quot;,&quot;title&quot;:&quot;&quot;,&quot;orientation&quot;:&quot;0&quot;}\" data-image-title=\"uvex-finale-visor-vario-green-001\" data-image-description=\"\" data-image-caption=\"\" data-medium-file=\"https:\/\/www.bergundtal.com\/wp-content\/uploads\/2023\/11\/uvex-finale-visor-vario-green-001-300x283.jpg\" data-large-file=\"https:\/\/www.bergundtal.com\/wp-content\/uploads\/2023\/11\/uvex-finale-visor-vario-green-001-1024x965.jpg\" decoding=\"async\" loading=\"lazy\" width=\"1024\" height=\"965\" src=\"https:\/\/www.bergundtal.com\/wp-content\/uploads\/2023\/11\/uvex-finale-visor-vario-green-001-1024x965.jpg\" alt=\"\" class=\"wp-image-22323\" srcset=\"https:\/\/www.bergundtal.com\/wp-content\/uploads\/2023\/11\/uvex-finale-visor-vario-green-001-1024x965.jpg 1024w, https:\/\/www.bergundtal.com\/wp-content\/uploads\/2023\/11\/uvex-finale-visor-vario-green-001-300x283.jpg 300w, https:\/\/www.bergundtal.com\/wp-content\/uploads\/2023\/11\/uvex-finale-visor-vario-green-001-768x724.jpg 768w, https:\/\/www.bergundtal.com\/wp-content\/uploads\/2023\/11\/uvex-finale-visor-vario-green-001-700x660.jpg 700w, https:\/\/www.bergundtal.com\/wp-content\/uploads\/2023\/11\/uvex-finale-visor-vario-green-001-332x313.jpg 332w, https:\/\/www.bergundtal.com\/wp-content\/uploads\/2023\/11\/uvex-finale-visor-vario-green-001.jpg 1256w\" sizes=\"(max-width: 1024px) 100vw, 1024px\" \/><\/a><\/figure>\n\n\n\n<h3 class=\"has-text-color has-background\" style=\"color:#0b1183;background-color:#d1e8de\"><strong>LIVALL MT1 Neo Radhelm<\/strong><\/h3>\n\n\n\n<figure data-carousel-extra='{\"blog_id\":1,\"permalink\":\"https:\\\/\\\/www.bergundtal.com\\\/?p=22313\"}'  class=\"is-layout-flex wp-block-gallery-5 wp-block-gallery has-nested-images columns-default is-cropped\">\n<figure class=\"wp-block-image size-full\"><a href=\"https:\/\/www.bergundtal.com\/wp-content\/uploads\/2023\/11\/MT1-mattschwarz-005.jpg\"><img data-attachment-id=\"22324\" data-permalink=\"https:\/\/www.bergundtal.com\/?attachment_id=22324\" data-orig-file=\"https:\/\/www.bergundtal.com\/wp-content\/uploads\/2023\/11\/MT1-mattschwarz-005.jpg\" data-orig-size=\"900,675\" data-comments-opened=\"0\" data-image-meta=\"{&quot;aperture&quot;:&quot;0&quot;,&quot;credit&quot;:&quot;Picasa&quot;,&quot;camera&quot;:&quot;&quot;,&quot;caption&quot;:&quot;&quot;,&quot;created_timestamp&quot;:&quot;1700059892&quot;,&quot;copyright&quot;:&quot;&quot;,&quot;focal_length&quot;:&quot;0&quot;,&quot;iso&quot;:&quot;0&quot;,&quot;shutter_speed&quot;:&quot;0&quot;,&quot;title&quot;:&quot;&quot;,&quot;orientation&quot;:&quot;0&quot;}\" data-image-title=\"MT1-mattschwarz-005\" data-image-description=\"\" data-image-caption=\"\" data-medium-file=\"https:\/\/www.bergundtal.com\/wp-content\/uploads\/2023\/11\/MT1-mattschwarz-005-300x225.jpg\" data-large-file=\"https:\/\/www.bergundtal.com\/wp-content\/uploads\/2023\/11\/MT1-mattschwarz-005.jpg\" decoding=\"async\" loading=\"lazy\" width=\"900\" height=\"675\" data-id=\"22324\"  src=\"https:\/\/www.bergundtal.com\/wp-content\/uploads\/2023\/11\/MT1-mattschwarz-005.jpg\" alt=\"\" class=\"wp-image-22324\" srcset=\"https:\/\/www.bergundtal.com\/wp-content\/uploads\/2023\/11\/MT1-mattschwarz-005.jpg 900w, https:\/\/www.bergundtal.com\/wp-content\/uploads\/2023\/11\/MT1-mattschwarz-005-300x225.jpg 300w, https:\/\/www.bergundtal.com\/wp-content\/uploads\/2023\/11\/MT1-mattschwarz-005-768x576.jpg 768w, https:\/\/www.bergundtal.com\/wp-content\/uploads\/2023\/11\/MT1-mattschwarz-005-700x525.jpg 700w, https:\/\/www.bergundtal.com\/wp-content\/uploads\/2023\/11\/MT1-mattschwarz-005-332x249.jpg 332w\" sizes=\"(max-width: 900px) 100vw, 900px\" \/><\/a><\/figure>\n\n\n\n<figure class=\"wp-block-image size-full\"><a href=\"https:\/\/www.bergundtal.com\/wp-content\/uploads\/2023\/11\/MT1-mattschwarz-004.jpg\"><img data-attachment-id=\"22325\" data-permalink=\"https:\/\/www.bergundtal.com\/?attachment_id=22325\" data-orig-file=\"https:\/\/www.bergundtal.com\/wp-content\/uploads\/2023\/11\/MT1-mattschwarz-004.jpg\" data-orig-size=\"900,675\" data-comments-opened=\"0\" data-image-meta=\"{&quot;aperture&quot;:&quot;0&quot;,&quot;credit&quot;:&quot;Picasa&quot;,&quot;camera&quot;:&quot;&quot;,&quot;caption&quot;:&quot;&quot;,&quot;created_timestamp&quot;:&quot;1700059904&quot;,&quot;copyright&quot;:&quot;&quot;,&quot;focal_length&quot;:&quot;0&quot;,&quot;iso&quot;:&quot;0&quot;,&quot;shutter_speed&quot;:&quot;0&quot;,&quot;title&quot;:&quot;&quot;,&quot;orientation&quot;:&quot;0&quot;}\" data-image-title=\"MT1-mattschwarz-004\" data-image-description=\"\" data-image-caption=\"\" data-medium-file=\"https:\/\/www.bergundtal.com\/wp-content\/uploads\/2023\/11\/MT1-mattschwarz-004-300x225.jpg\" data-large-file=\"https:\/\/www.bergundtal.com\/wp-content\/uploads\/2023\/11\/MT1-mattschwarz-004.jpg\" decoding=\"async\" loading=\"lazy\" width=\"900\" height=\"675\" data-id=\"22325\"  src=\"https:\/\/www.bergundtal.com\/wp-content\/uploads\/2023\/11\/MT1-mattschwarz-004.jpg\" alt=\"\" class=\"wp-image-22325\" srcset=\"https:\/\/www.bergundtal.com\/wp-content\/uploads\/2023\/11\/MT1-mattschwarz-004.jpg 900w, https:\/\/www.bergundtal.com\/wp-content\/uploads\/2023\/11\/MT1-mattschwarz-004-300x225.jpg 300w, https:\/\/www.bergundtal.com\/wp-content\/uploads\/2023\/11\/MT1-mattschwarz-004-768x576.jpg 768w, https:\/\/www.bergundtal.com\/wp-content\/uploads\/2023\/11\/MT1-mattschwarz-004-700x525.jpg 700w, https:\/\/www.bergundtal.com\/wp-content\/uploads\/2023\/11\/MT1-mattschwarz-004-332x249.jpg 332w\" sizes=\"(max-width: 900px) 100vw, 900px\" \/><\/a><\/figure>\n<\/figure>\n\n\n\n<p class=\"has-white-background-color has-background\"><em>Der Helm ist mit R\u00fccklicht mit sensorgesteuerter Bremslichtfunktion und Blinkern ausgestattet. Hinzu kommt hier noch ein SOS Sensor, der einen heftigen Sturz erkennt und diesen per SMS an eine eingegebene Nummer sendet, einschlie\u00dflich der GPS Daten<strong>.<\/strong><\/em><\/p>\n","protected":false},"excerpt":{"rendered":"<p>Teil 1: Sicherheit &#8211; BeleuchtungTeil 2: Radkleidung f\u00fcr Herbst und WinterTeil 3: Radschuhe und Handschuhe f\u00fcr kalte Tage Drau\u00dfen wird es so langsam k\u00e4lter und fr\u00fch dunkel, doch Radfahren geht immer. Ganz im Gegenteil: Die W\u00e4lder und Stra\u00dfen sind nicht mehr so voll, die Laubf\u00e4rbung ist herrlich, die Bewegung drau\u00dfen &#8230;<\/p>\n","protected":false},"author":2,"featured_media":22326,"comment_status":"closed","ping_status":"closed","sticky":false,"template":"","format":"standard","meta":{"jetpack_post_was_ever_published":false,"jetpack_publicize_message":"","jetpack_is_tweetstorm":false,"jetpack_publicize_feature_enabled":true,"jetpack_social_options":[]},"categories":[365],"tags":[],"coauthors":[461,460],"jetpack_publicize_connections":[],"jetpack_featured_media_url":"https:\/\/www.bergundtal.com\/wp-content\/uploads\/2023\/11\/bearbeitete-BIlder5.jpg","jetpack_shortlink":"https:\/\/wp.me\/p3YISc-5NT","jetpack_sharing_enabled":true,"_links":{"self":[{"href":"https:\/\/www.bergundtal.com\/index.php?rest_route=\/wp\/v2\/posts\/22313"}],"collection":[{"href":"https:\/\/www.bergundtal.com\/index.php?rest_route=\/wp\/v2\/posts"}],"about":[{"href":"https:\/\/www.bergundtal.com\/index.php?rest_route=\/wp\/v2\/types\/post"}],"author":[{"embeddable":true,"href":"https:\/\/www.bergundtal.com\/index.php?rest_route=\/wp\/v2\/users\/2"}],"replies":[{"embeddable":true,"href":"https:\/\/www.bergundtal.com\/index.php?rest_route=%2Fwp%2Fv2%2Fcomments&post=22313"}],"version-history":[{"count":5,"href":"https:\/\/www.bergundtal.com\/index.php?rest_route=\/wp\/v2\/posts\/22313\/revisions"}],"predecessor-version":[{"id":22401,"href":"https:\/\/www.bergundtal.com\/index.php?rest_route=\/wp\/v2\/posts\/22313\/revisions\/22401"}],"wp:featuredmedia":[{"embeddable":true,"href":"https:\/\/www.bergundtal.com\/index.php?rest_route=\/wp\/v2\/media\/22326"}],"wp:attachment":[{"href":"https:\/\/www.bergundtal.com\/index.php?rest_route=%2Fwp%2Fv2%2Fmedia&parent=22313"}],"wp:term":[{"taxonomy":"category","embeddable":true,"href":"https:\/\/www.bergundtal.com\/index.php?rest_route=%2Fwp%2Fv2%2Fcategories&post=22313"},{"taxonomy":"post_tag","embeddable":true,"href":"https:\/\/www.bergundtal.com\/index.php?rest_route=%2Fwp%2Fv2%2Ftags&post=22313"},{"taxonomy":"author","embeddable":true,"href":"https:\/\/www.bergundtal.com\/index.php?rest_route=%2Fwp%2Fv2%2Fcoauthors&post=22313"}],"curies":[{"name":"wp","href":"https:\/\/api.w.org\/{rel}","templated":true}]}}