{"id":22840,"date":"2024-01-01T17:27:26","date_gmt":"2024-01-01T16:27:26","guid":{"rendered":"https:\/\/www.bergundtal.com\/?p=22840"},"modified":"2024-01-01T21:55:24","modified_gmt":"2024-01-01T20:55:24","slug":"gonso-radkleidung-fuer-kalte-tage","status":"publish","type":"post","link":"https:\/\/www.bergundtal.com\/?p=22840","title":{"rendered":"GONSO Radkleidung f\u00fcr kalte Tage"},"content":{"rendered":"\n<p><strong>GONSO: <\/strong><em>&#8222;In den k\u00e4lteren Monaten m\u00fcssen wir uns noch einmal mehr auf unsere Bike-Kleidung verlassen k\u00f6nnen. Wir brauchen Materialien, die warm und trocken halten, aber dennoch atmungsaktiv sind. Durch eine durchdachte Kombination verschiedener Materialien und unterschiedlicher Radhosen, Trikots, Jacken und Westen bekommen wir einfach einen Look, der nicht nur gut aussieht, sondern perfekt f\u00fcr unseren liebsten Sport auf dem Rad geeignet ist.<\/em>&#8222;<\/p>\n\n\n\n<figure class=\"wp-block-image size-large\"><a href=\"https:\/\/www.bergundtal.com\/wp-content\/uploads\/2024\/01\/GONSO3.jpg\"><img data-attachment-id=\"22861\" data-permalink=\"https:\/\/www.bergundtal.com\/?attachment_id=22861\" data-orig-file=\"https:\/\/www.bergundtal.com\/wp-content\/uploads\/2024\/01\/GONSO3.jpg\" data-orig-size=\"1600,900\" data-comments-opened=\"0\" data-image-meta=\"{&quot;aperture&quot;:&quot;0&quot;,&quot;credit&quot;:&quot;Picasa&quot;,&quot;camera&quot;:&quot;&quot;,&quot;caption&quot;:&quot;&quot;,&quot;created_timestamp&quot;:&quot;1704128751&quot;,&quot;copyright&quot;:&quot;&quot;,&quot;focal_length&quot;:&quot;0&quot;,&quot;iso&quot;:&quot;0&quot;,&quot;shutter_speed&quot;:&quot;0&quot;,&quot;title&quot;:&quot;&quot;,&quot;orientation&quot;:&quot;0&quot;}\" data-image-title=\"GONSO3\" data-image-description=\"\" data-image-caption=\"\" data-medium-file=\"https:\/\/www.bergundtal.com\/wp-content\/uploads\/2024\/01\/GONSO3-300x169.jpg\" data-large-file=\"https:\/\/www.bergundtal.com\/wp-content\/uploads\/2024\/01\/GONSO3-1024x576.jpg\" decoding=\"async\" loading=\"lazy\" width=\"1024\" height=\"576\" src=\"https:\/\/www.bergundtal.com\/wp-content\/uploads\/2024\/01\/GONSO3-1024x576.jpg\" alt=\"\" class=\"wp-image-22861\" srcset=\"https:\/\/www.bergundtal.com\/wp-content\/uploads\/2024\/01\/GONSO3-1024x576.jpg 1024w, https:\/\/www.bergundtal.com\/wp-content\/uploads\/2024\/01\/GONSO3-300x169.jpg 300w, https:\/\/www.bergundtal.com\/wp-content\/uploads\/2024\/01\/GONSO3-768x432.jpg 768w, https:\/\/www.bergundtal.com\/wp-content\/uploads\/2024\/01\/GONSO3-1536x864.jpg 1536w, https:\/\/www.bergundtal.com\/wp-content\/uploads\/2024\/01\/GONSO3-700x393.jpg 700w, https:\/\/www.bergundtal.com\/wp-content\/uploads\/2024\/01\/GONSO3-332x187.jpg 332w, https:\/\/www.bergundtal.com\/wp-content\/uploads\/2024\/01\/GONSO3.jpg 1600w\" sizes=\"(max-width: 1024px) 100vw, 1024px\" \/><\/a><\/figure>\n\n\n\n<p>Wir haben eine <strong>GONSO<\/strong> Kombination aus <strong>MTB Hose BASODINO<\/strong> + <strong>Softshelljacke VALAFF<\/strong> + (bei Bedarf) <strong>Regenjacke SAVE PLUS <\/strong>+ (bei Bedarf) <strong>PRIMALOFT \u00dcberschuhe<\/strong> bei Temperaturen bis kurz unter den Gefrierpunkt h\u00e4ufig getragen und die Kombi hat immer ihren Zweck erf\u00fcllt: <br><strong><mark style=\"background-color:rgba(0, 0, 0, 0);color:#1f1bc2\" class=\"has-inline-color\"><span style=\"text-decoration: underline;\">Warm, trocken, bequem und beweglich, k\u00f6rperbetont und  ohne Flattern und mit der richtigen\/notwendigen Wechselbeziehung zwischen gen\u00fcgend Isolation und notwendiger Atmungsaktivit\u00e4t.<\/span><\/mark><\/strong><br>Klar, diese Kombination ist nicht f\u00fcr intensive Trainingseinheiten auf dem Rad gedacht, aber f\u00fcr Belastungen im Grundlagenbereich, f\u00fcr lange Touren auch mit knackigen Anstiegen ist sie sehr gut geeignet; und nat\u00fcrlich auch f\u00fcr \u201eAlltagsfahrten\u201c und den Weg zur Arbeit.<\/p>\n\n\n\n<h3><strong><mark style=\"background-color:rgba(0, 0, 0, 0);color:#4017b4\" class=\"has-inline-color\">VALAFF, Herren Softshelljacke<\/mark><\/strong><\/h3>\n\n\n\n<figure data-carousel-extra='{\"blog_id\":1,\"permalink\":\"https:\\\/\\\/www.bergundtal.com\\\/?p=22840\"}'  class=\"is-layout-flex wp-block-gallery-1 wp-block-gallery has-nested-images columns-default is-cropped\">\n<figure class=\"wp-block-image size-large\"><a href=\"https:\/\/www.bergundtal.com\/wp-content\/uploads\/2024\/01\/3000379-M15249-Valaff-B-01-1.jpg\"><img data-attachment-id=\"22847\" data-permalink=\"https:\/\/www.bergundtal.com\/?attachment_id=22847\" data-orig-file=\"https:\/\/www.bergundtal.com\/wp-content\/uploads\/2024\/01\/3000379-M15249-Valaff-B-01-1.jpg\" data-orig-size=\"1600,1600\" data-comments-opened=\"0\" data-image-meta=\"{&quot;aperture&quot;:&quot;0&quot;,&quot;credit&quot;:&quot;Picasa&quot;,&quot;camera&quot;:&quot;&quot;,&quot;caption&quot;:&quot;&quot;,&quot;created_timestamp&quot;:&quot;1703527363&quot;,&quot;copyright&quot;:&quot;&quot;,&quot;focal_length&quot;:&quot;0&quot;,&quot;iso&quot;:&quot;0&quot;,&quot;shutter_speed&quot;:&quot;0&quot;,&quot;title&quot;:&quot;&quot;,&quot;orientation&quot;:&quot;0&quot;}\" data-image-title=\"3000379-M15249-Valaff-B-01-1\" data-image-description=\"\" data-image-caption=\"\" data-medium-file=\"https:\/\/www.bergundtal.com\/wp-content\/uploads\/2024\/01\/3000379-M15249-Valaff-B-01-1-300x300.jpg\" data-large-file=\"https:\/\/www.bergundtal.com\/wp-content\/uploads\/2024\/01\/3000379-M15249-Valaff-B-01-1-1024x1024.jpg\" decoding=\"async\" loading=\"lazy\" width=\"1024\" height=\"1024\" data-id=\"22847\"  src=\"https:\/\/www.bergundtal.com\/wp-content\/uploads\/2024\/01\/3000379-M15249-Valaff-B-01-1-1024x1024.jpg\" alt=\"\" class=\"wp-image-22847\" srcset=\"https:\/\/www.bergundtal.com\/wp-content\/uploads\/2024\/01\/3000379-M15249-Valaff-B-01-1-1024x1024.jpg 1024w, https:\/\/www.bergundtal.com\/wp-content\/uploads\/2024\/01\/3000379-M15249-Valaff-B-01-1-300x300.jpg 300w, https:\/\/www.bergundtal.com\/wp-content\/uploads\/2024\/01\/3000379-M15249-Valaff-B-01-1-150x150.jpg 150w, https:\/\/www.bergundtal.com\/wp-content\/uploads\/2024\/01\/3000379-M15249-Valaff-B-01-1-768x768.jpg 768w, https:\/\/www.bergundtal.com\/wp-content\/uploads\/2024\/01\/3000379-M15249-Valaff-B-01-1-1536x1536.jpg 1536w, https:\/\/www.bergundtal.com\/wp-content\/uploads\/2024\/01\/3000379-M15249-Valaff-B-01-1-700x700.jpg 700w, https:\/\/www.bergundtal.com\/wp-content\/uploads\/2024\/01\/3000379-M15249-Valaff-B-01-1-332x332.jpg 332w, https:\/\/www.bergundtal.com\/wp-content\/uploads\/2024\/01\/3000379-M15249-Valaff-B-01-1-432x432.jpg 432w, https:\/\/www.bergundtal.com\/wp-content\/uploads\/2024\/01\/3000379-M15249-Valaff-B-01-1-268x268.jpg 268w, https:\/\/www.bergundtal.com\/wp-content\/uploads\/2024\/01\/3000379-M15249-Valaff-B-01-1.jpg 1600w\" sizes=\"(max-width: 1024px) 100vw, 1024px\" \/><\/a><\/figure>\n\n\n\n<figure class=\"wp-block-image size-large\"><a href=\"https:\/\/www.bergundtal.com\/wp-content\/uploads\/2024\/01\/3000379-M15249-Valaff-B-02-1.jpg\"><img data-attachment-id=\"22848\" data-permalink=\"https:\/\/www.bergundtal.com\/?attachment_id=22848\" data-orig-file=\"https:\/\/www.bergundtal.com\/wp-content\/uploads\/2024\/01\/3000379-M15249-Valaff-B-02-1.jpg\" data-orig-size=\"1147,1600\" data-comments-opened=\"0\" data-image-meta=\"{&quot;aperture&quot;:&quot;0&quot;,&quot;credit&quot;:&quot;Picasa&quot;,&quot;camera&quot;:&quot;&quot;,&quot;caption&quot;:&quot;&quot;,&quot;created_timestamp&quot;:&quot;1703527424&quot;,&quot;copyright&quot;:&quot;&quot;,&quot;focal_length&quot;:&quot;0&quot;,&quot;iso&quot;:&quot;0&quot;,&quot;shutter_speed&quot;:&quot;0&quot;,&quot;title&quot;:&quot;&quot;,&quot;orientation&quot;:&quot;0&quot;}\" data-image-title=\"3000379-M15249-Valaff-B-02-1\" data-image-description=\"\" data-image-caption=\"\" data-medium-file=\"https:\/\/www.bergundtal.com\/wp-content\/uploads\/2024\/01\/3000379-M15249-Valaff-B-02-1-215x300.jpg\" data-large-file=\"https:\/\/www.bergundtal.com\/wp-content\/uploads\/2024\/01\/3000379-M15249-Valaff-B-02-1-734x1024.jpg\" decoding=\"async\" loading=\"lazy\" width=\"734\" height=\"1024\" data-id=\"22848\"  src=\"https:\/\/www.bergundtal.com\/wp-content\/uploads\/2024\/01\/3000379-M15249-Valaff-B-02-1-734x1024.jpg\" alt=\"\" class=\"wp-image-22848\" srcset=\"https:\/\/www.bergundtal.com\/wp-content\/uploads\/2024\/01\/3000379-M15249-Valaff-B-02-1-734x1024.jpg 734w, https:\/\/www.bergundtal.com\/wp-content\/uploads\/2024\/01\/3000379-M15249-Valaff-B-02-1-215x300.jpg 215w, https:\/\/www.bergundtal.com\/wp-content\/uploads\/2024\/01\/3000379-M15249-Valaff-B-02-1-768x1071.jpg 768w, https:\/\/www.bergundtal.com\/wp-content\/uploads\/2024\/01\/3000379-M15249-Valaff-B-02-1-1101x1536.jpg 1101w, https:\/\/www.bergundtal.com\/wp-content\/uploads\/2024\/01\/3000379-M15249-Valaff-B-02-1-700x976.jpg 700w, https:\/\/www.bergundtal.com\/wp-content\/uploads\/2024\/01\/3000379-M15249-Valaff-B-02-1-332x463.jpg 332w, https:\/\/www.bergundtal.com\/wp-content\/uploads\/2024\/01\/3000379-M15249-Valaff-B-02-1.jpg 1147w\" sizes=\"(max-width: 734px) 100vw, 734px\" \/><\/a><\/figure>\n<\/figure>\n\n\n\n<p>&#8222;<em>Winddicht, wasserabweisend und ein hohes W\u00e4rmeisolationsverm\u00f6gen zeichnen die neue Softshelljacke aus. Enganliegende Passform, atmungsaktiv, Stehkragen, RV-Brusttasche, vorgeformte \u00c4rmel, 2-teilige Steck-R\u00fcckentasche + RV-R\u00fcckentasche. Eine optimale W\u00e4rmeisolierung durch atmungsaktive Membran, schnellen Feuchtigkeitstransport, perfekte Temperaturregulierung.<\/em>&#8222;<\/p>\n\n\n\n<p><strong>UVP 139,95 \u20ac<\/strong><\/p>\n\n\n\n<figure class=\"wp-block-image size-large\"><a href=\"https:\/\/www.bergundtal.com\/wp-content\/uploads\/2024\/01\/Kopien2.jpg\"><img data-attachment-id=\"22844\" data-permalink=\"https:\/\/www.bergundtal.com\/?attachment_id=22844\" data-orig-file=\"https:\/\/www.bergundtal.com\/wp-content\/uploads\/2024\/01\/Kopien2.jpg\" data-orig-size=\"1334,1600\" data-comments-opened=\"0\" data-image-meta=\"{&quot;aperture&quot;:&quot;0&quot;,&quot;credit&quot;:&quot;Picasa&quot;,&quot;camera&quot;:&quot;&quot;,&quot;caption&quot;:&quot;&quot;,&quot;created_timestamp&quot;:&quot;1703970566&quot;,&quot;copyright&quot;:&quot;&quot;,&quot;focal_length&quot;:&quot;0&quot;,&quot;iso&quot;:&quot;0&quot;,&quot;shutter_speed&quot;:&quot;0&quot;,&quot;title&quot;:&quot;&quot;,&quot;orientation&quot;:&quot;0&quot;}\" data-image-title=\"Kopien2\" data-image-description=\"\" data-image-caption=\"\" data-medium-file=\"https:\/\/www.bergundtal.com\/wp-content\/uploads\/2024\/01\/Kopien2-250x300.jpg\" data-large-file=\"https:\/\/www.bergundtal.com\/wp-content\/uploads\/2024\/01\/Kopien2-854x1024.jpg\" decoding=\"async\" loading=\"lazy\" width=\"854\" height=\"1024\" src=\"https:\/\/www.bergundtal.com\/wp-content\/uploads\/2024\/01\/Kopien2-854x1024.jpg\" alt=\"\" class=\"wp-image-22844\" srcset=\"https:\/\/www.bergundtal.com\/wp-content\/uploads\/2024\/01\/Kopien2-854x1024.jpg 854w, https:\/\/www.bergundtal.com\/wp-content\/uploads\/2024\/01\/Kopien2-250x300.jpg 250w, https:\/\/www.bergundtal.com\/wp-content\/uploads\/2024\/01\/Kopien2-768x921.jpg 768w, https:\/\/www.bergundtal.com\/wp-content\/uploads\/2024\/01\/Kopien2-1281x1536.jpg 1281w, https:\/\/www.bergundtal.com\/wp-content\/uploads\/2024\/01\/Kopien2-700x840.jpg 700w, https:\/\/www.bergundtal.com\/wp-content\/uploads\/2024\/01\/Kopien2-332x398.jpg 332w, https:\/\/www.bergundtal.com\/wp-content\/uploads\/2024\/01\/Kopien2.jpg 1334w\" sizes=\"(max-width: 854px) 100vw, 854px\" \/><\/a><\/figure>\n\n\n\n<p>Die <strong><span style=\"text-decoration: underline;\">Gonso Softshelljacke VALAFF<\/span> <\/strong>sitzt sehr gut; k\u00f6rperbetont, ohne einzuengen, auch im Schulterbereich sehr beweglich; \u00c4rmel auch f\u00fcr eine sportliche Sitzposition lang genug und mit eng schlie\u00dfendem Abschluss; eine gute W\u00e4rmeisolierung und ausreichende Atmungsaktivit\u00e4t.<br>Die Softshelljacke VALAFF kann bei Bedarf sehr gut auch mit der Regenjacke SAVE PLUS kombiniert werden und ist dann als Midlayer \u00fcber z. B. einem Funktionsshirt aus Merinowolle ein optimaler Schutz bei tiefen Temperaturen.<br><\/p>\n\n\n\n<h3 class=\"has-text-color has-background\" style=\"color:#b6becb;background-color:#e2e8ee\"><strong><mark style=\"background-color:rgba(0, 0, 0, 0);color:#2213ba\" class=\"has-inline-color\">SAVE PLUS, Herren Regenjacke<\/mark><\/strong><\/h3>\n\n\n\n<figure data-carousel-extra='{\"blog_id\":1,\"permalink\":\"https:\\\/\\\/www.bergundtal.com\\\/?p=22840\"}'  class=\"is-layout-flex wp-block-gallery-3 wp-block-gallery has-nested-images columns-default is-cropped\">\n<figure class=\"wp-block-image size-large\"><a href=\"https:\/\/www.bergundtal.com\/wp-content\/uploads\/2024\/01\/3000338-M10532-SavePlus-B-01.jpg\"><img data-attachment-id=\"22849\" data-permalink=\"https:\/\/www.bergundtal.com\/?attachment_id=22849\" data-orig-file=\"https:\/\/www.bergundtal.com\/wp-content\/uploads\/2024\/01\/3000338-M10532-SavePlus-B-01.jpg\" data-orig-size=\"1117,1600\" data-comments-opened=\"0\" data-image-meta=\"{&quot;aperture&quot;:&quot;0&quot;,&quot;credit&quot;:&quot;Picasa&quot;,&quot;camera&quot;:&quot;&quot;,&quot;caption&quot;:&quot;&quot;,&quot;created_timestamp&quot;:&quot;1703527543&quot;,&quot;copyright&quot;:&quot;&quot;,&quot;focal_length&quot;:&quot;0&quot;,&quot;iso&quot;:&quot;0&quot;,&quot;shutter_speed&quot;:&quot;0&quot;,&quot;title&quot;:&quot;&quot;,&quot;orientation&quot;:&quot;0&quot;}\" data-image-title=\"3000338-M10532-SavePlus-B-01\" data-image-description=\"\" data-image-caption=\"\" data-medium-file=\"https:\/\/www.bergundtal.com\/wp-content\/uploads\/2024\/01\/3000338-M10532-SavePlus-B-01-209x300.jpg\" data-large-file=\"https:\/\/www.bergundtal.com\/wp-content\/uploads\/2024\/01\/3000338-M10532-SavePlus-B-01-715x1024.jpg\" decoding=\"async\" loading=\"lazy\" width=\"715\" height=\"1024\" data-id=\"22849\"  src=\"https:\/\/www.bergundtal.com\/wp-content\/uploads\/2024\/01\/3000338-M10532-SavePlus-B-01-715x1024.jpg\" alt=\"\" class=\"wp-image-22849\" srcset=\"https:\/\/www.bergundtal.com\/wp-content\/uploads\/2024\/01\/3000338-M10532-SavePlus-B-01-715x1024.jpg 715w, https:\/\/www.bergundtal.com\/wp-content\/uploads\/2024\/01\/3000338-M10532-SavePlus-B-01-209x300.jpg 209w, https:\/\/www.bergundtal.com\/wp-content\/uploads\/2024\/01\/3000338-M10532-SavePlus-B-01-768x1100.jpg 768w, https:\/\/www.bergundtal.com\/wp-content\/uploads\/2024\/01\/3000338-M10532-SavePlus-B-01-1072x1536.jpg 1072w, https:\/\/www.bergundtal.com\/wp-content\/uploads\/2024\/01\/3000338-M10532-SavePlus-B-01-700x1003.jpg 700w, https:\/\/www.bergundtal.com\/wp-content\/uploads\/2024\/01\/3000338-M10532-SavePlus-B-01-332x476.jpg 332w, https:\/\/www.bergundtal.com\/wp-content\/uploads\/2024\/01\/3000338-M10532-SavePlus-B-01.jpg 1117w\" sizes=\"(max-width: 715px) 100vw, 715px\" \/><\/a><\/figure>\n\n\n\n<figure class=\"wp-block-image size-large\"><a href=\"https:\/\/www.bergundtal.com\/wp-content\/uploads\/2024\/01\/3000338-M10532-SavePlus-B-02.jpg\"><img data-attachment-id=\"22850\" data-permalink=\"https:\/\/www.bergundtal.com\/?attachment_id=22850\" data-orig-file=\"https:\/\/www.bergundtal.com\/wp-content\/uploads\/2024\/01\/3000338-M10532-SavePlus-B-02.jpg\" data-orig-size=\"1112,1600\" data-comments-opened=\"0\" data-image-meta=\"{&quot;aperture&quot;:&quot;0&quot;,&quot;credit&quot;:&quot;Picasa&quot;,&quot;camera&quot;:&quot;&quot;,&quot;caption&quot;:&quot;&quot;,&quot;created_timestamp&quot;:&quot;1703527603&quot;,&quot;copyright&quot;:&quot;&quot;,&quot;focal_length&quot;:&quot;0&quot;,&quot;iso&quot;:&quot;0&quot;,&quot;shutter_speed&quot;:&quot;0&quot;,&quot;title&quot;:&quot;&quot;,&quot;orientation&quot;:&quot;0&quot;}\" data-image-title=\"3000338-M10532-SavePlus-B-02\" data-image-description=\"\" data-image-caption=\"\" data-medium-file=\"https:\/\/www.bergundtal.com\/wp-content\/uploads\/2024\/01\/3000338-M10532-SavePlus-B-02-209x300.jpg\" data-large-file=\"https:\/\/www.bergundtal.com\/wp-content\/uploads\/2024\/01\/3000338-M10532-SavePlus-B-02-712x1024.jpg\" decoding=\"async\" loading=\"lazy\" width=\"712\" height=\"1024\" data-id=\"22850\"  src=\"https:\/\/www.bergundtal.com\/wp-content\/uploads\/2024\/01\/3000338-M10532-SavePlus-B-02-712x1024.jpg\" alt=\"\" class=\"wp-image-22850\" srcset=\"https:\/\/www.bergundtal.com\/wp-content\/uploads\/2024\/01\/3000338-M10532-SavePlus-B-02-712x1024.jpg 712w, https:\/\/www.bergundtal.com\/wp-content\/uploads\/2024\/01\/3000338-M10532-SavePlus-B-02-209x300.jpg 209w, https:\/\/www.bergundtal.com\/wp-content\/uploads\/2024\/01\/3000338-M10532-SavePlus-B-02-768x1105.jpg 768w, https:\/\/www.bergundtal.com\/wp-content\/uploads\/2024\/01\/3000338-M10532-SavePlus-B-02-1068x1536.jpg 1068w, https:\/\/www.bergundtal.com\/wp-content\/uploads\/2024\/01\/3000338-M10532-SavePlus-B-02-700x1007.jpg 700w, https:\/\/www.bergundtal.com\/wp-content\/uploads\/2024\/01\/3000338-M10532-SavePlus-B-02-332x478.jpg 332w, https:\/\/www.bergundtal.com\/wp-content\/uploads\/2024\/01\/3000338-M10532-SavePlus-B-02.jpg 1112w\" sizes=\"(max-width: 712px) 100vw, 712px\" \/><\/a><\/figure>\n<\/figure>\n\n\n\n<p>&#8222;<em>\u2026 Aus hochwertigem G-TEX 2,5-Lagenlaminat, ihre wasser- und windfeste Membran mit einer 10.000 mm Wassers\u00e4ule machen die Jacke zu einem echten Allrounder. Wasserdicht, winddicht, getappte N\u00e4hte, vorgeformte \u00c4rmel.&#8220;<br><\/em><strong>UVP 169,95 \u20ac<\/strong><\/p>\n\n\n\n<figure class=\"wp-block-image size-full\"><a href=\"https:\/\/www.bergundtal.com\/wp-content\/uploads\/2024\/01\/Kopien-001.jpg\"><img data-attachment-id=\"22851\" data-permalink=\"https:\/\/www.bergundtal.com\/?attachment_id=22851\" data-orig-file=\"https:\/\/www.bergundtal.com\/wp-content\/uploads\/2024\/01\/Kopien-001.jpg\" data-orig-size=\"967,900\" data-comments-opened=\"0\" data-image-meta=\"{&quot;aperture&quot;:&quot;0&quot;,&quot;credit&quot;:&quot;Picasa&quot;,&quot;camera&quot;:&quot;&quot;,&quot;caption&quot;:&quot;&quot;,&quot;created_timestamp&quot;:&quot;1703973879&quot;,&quot;copyright&quot;:&quot;&quot;,&quot;focal_length&quot;:&quot;0&quot;,&quot;iso&quot;:&quot;0&quot;,&quot;shutter_speed&quot;:&quot;0&quot;,&quot;title&quot;:&quot;&quot;,&quot;orientation&quot;:&quot;0&quot;}\" data-image-title=\"Kopien-001\" data-image-description=\"\" data-image-caption=\"\" data-medium-file=\"https:\/\/www.bergundtal.com\/wp-content\/uploads\/2024\/01\/Kopien-001-300x279.jpg\" data-large-file=\"https:\/\/www.bergundtal.com\/wp-content\/uploads\/2024\/01\/Kopien-001.jpg\" decoding=\"async\" loading=\"lazy\" width=\"967\" height=\"900\" src=\"https:\/\/www.bergundtal.com\/wp-content\/uploads\/2024\/01\/Kopien-001.jpg\" alt=\"\" class=\"wp-image-22851\" srcset=\"https:\/\/www.bergundtal.com\/wp-content\/uploads\/2024\/01\/Kopien-001.jpg 967w, https:\/\/www.bergundtal.com\/wp-content\/uploads\/2024\/01\/Kopien-001-300x279.jpg 300w, https:\/\/www.bergundtal.com\/wp-content\/uploads\/2024\/01\/Kopien-001-768x715.jpg 768w, https:\/\/www.bergundtal.com\/wp-content\/uploads\/2024\/01\/Kopien-001-700x651.jpg 700w, https:\/\/www.bergundtal.com\/wp-content\/uploads\/2024\/01\/Kopien-001-332x309.jpg 332w\" sizes=\"(max-width: 967px) 100vw, 967px\" \/><\/a><\/figure>\n\n\n\n<p>Die <strong><span style=\"text-decoration: underline;\">Gonso SAVE PLUS <\/span><\/strong>Jacke ist sehr \u201eradspezifisch\u201c geschnitten: K\u00f6rpernah und trotzdem gen\u00fcgend Beweglichkeit im Schulterbereich, ausreichende \u00c4rmell\u00e4nge und gut schlie\u00dfender \u00c4rmelabschluss, relativ kurz geschnitten mit verl\u00e4ngertem R\u00fccken \u2013 <strong><mark style=\"background-color:rgba(0, 0, 0, 0);color:#2917cb\" class=\"has-inline-color\">genau so muss eine Radjacke geschnitten sein!<\/mark><\/strong><br>Die Jacke schlie\u00dft am Kinn sehr hoch und kann bei Bedarf auch \u00fcber das Kinn gezogen werden, bei aufgesetzter und vorn eng schlie\u00dfender Kapuze bietet die Jacke so einen hervorragenden Wetterschutz. Die Kapuze passt allerdings nicht \u00fcber den Helm \u2013 wobei dann immer die Frage auftaucht, warum eine Radjacke \u00fcberhaupt eine Kapuze hat\/braucht? <br>In diesem Fall ist ist dieser Wetterschutz aber doch ganz praktisch\/angenehm, wenn man die Jacke auch mal ohne Rad benutzt!<br>Bei richtig schlechtem Wetter passt die Kapuze hier allerdings auch gut unter den Helm und bietet so ein ziemlich geschlossenes System gegen N\u00e4sse + kalten Wind und K\u00e4lte.<\/p>\n\n\n\n<h3 class=\"has-background\" style=\"background-color:#ced5dc\"><strong><mark style=\"background-color:rgba(0, 0, 0, 0);color:#271eb7\" class=\"has-inline-color\">HERREN MTB HOSE BASODINO<\/mark><\/strong><\/h3>\n\n\n\n<figure data-carousel-extra='{\"blog_id\":1,\"permalink\":\"https:\\\/\\\/www.bergundtal.com\\\/?p=22840\"}'  class=\"is-layout-flex wp-block-gallery-5 wp-block-gallery has-nested-images columns-default is-cropped\">\n<figure class=\"wp-block-image size-large\"><a href=\"https:\/\/www.bergundtal.com\/wp-content\/uploads\/2024\/01\/3001223-M10949-Basodino-B-01.jpg\"><img data-attachment-id=\"22866\" data-permalink=\"https:\/\/www.bergundtal.com\/?attachment_id=22866\" data-orig-file=\"https:\/\/www.bergundtal.com\/wp-content\/uploads\/2024\/01\/3001223-M10949-Basodino-B-01.jpg\" data-orig-size=\"972,1600\" data-comments-opened=\"0\" data-image-meta=\"{&quot;aperture&quot;:&quot;0&quot;,&quot;credit&quot;:&quot;Picasa&quot;,&quot;camera&quot;:&quot;&quot;,&quot;caption&quot;:&quot;&quot;,&quot;created_timestamp&quot;:&quot;1703526470&quot;,&quot;copyright&quot;:&quot;&quot;,&quot;focal_length&quot;:&quot;0&quot;,&quot;iso&quot;:&quot;0&quot;,&quot;shutter_speed&quot;:&quot;0&quot;,&quot;title&quot;:&quot;&quot;,&quot;orientation&quot;:&quot;0&quot;}\" data-image-title=\"3001223-M10949-Basodino-B-01\" data-image-description=\"\" data-image-caption=\"\" data-medium-file=\"https:\/\/www.bergundtal.com\/wp-content\/uploads\/2024\/01\/3001223-M10949-Basodino-B-01-182x300.jpg\" data-large-file=\"https:\/\/www.bergundtal.com\/wp-content\/uploads\/2024\/01\/3001223-M10949-Basodino-B-01-622x1024.jpg\" decoding=\"async\" loading=\"lazy\" width=\"622\" height=\"1024\" data-id=\"22866\"  src=\"https:\/\/www.bergundtal.com\/wp-content\/uploads\/2024\/01\/3001223-M10949-Basodino-B-01-622x1024.jpg\" alt=\"\" class=\"wp-image-22866\" srcset=\"https:\/\/www.bergundtal.com\/wp-content\/uploads\/2024\/01\/3001223-M10949-Basodino-B-01-622x1024.jpg 622w, https:\/\/www.bergundtal.com\/wp-content\/uploads\/2024\/01\/3001223-M10949-Basodino-B-01-182x300.jpg 182w, https:\/\/www.bergundtal.com\/wp-content\/uploads\/2024\/01\/3001223-M10949-Basodino-B-01-768x1264.jpg 768w, https:\/\/www.bergundtal.com\/wp-content\/uploads\/2024\/01\/3001223-M10949-Basodino-B-01-933x1536.jpg 933w, https:\/\/www.bergundtal.com\/wp-content\/uploads\/2024\/01\/3001223-M10949-Basodino-B-01-700x1152.jpg 700w, https:\/\/www.bergundtal.com\/wp-content\/uploads\/2024\/01\/3001223-M10949-Basodino-B-01-332x547.jpg 332w, https:\/\/www.bergundtal.com\/wp-content\/uploads\/2024\/01\/3001223-M10949-Basodino-B-01.jpg 972w\" sizes=\"(max-width: 622px) 100vw, 622px\" \/><\/a><\/figure>\n\n\n\n<figure class=\"wp-block-image size-large\"><a href=\"https:\/\/www.bergundtal.com\/wp-content\/uploads\/2024\/01\/3001223-M10949-Basodino-B-02.jpg\"><img data-attachment-id=\"22867\" data-permalink=\"https:\/\/www.bergundtal.com\/?attachment_id=22867\" data-orig-file=\"https:\/\/www.bergundtal.com\/wp-content\/uploads\/2024\/01\/3001223-M10949-Basodino-B-02.jpg\" data-orig-size=\"883,1600\" data-comments-opened=\"0\" data-image-meta=\"{&quot;aperture&quot;:&quot;0&quot;,&quot;credit&quot;:&quot;Picasa&quot;,&quot;camera&quot;:&quot;&quot;,&quot;caption&quot;:&quot;&quot;,&quot;created_timestamp&quot;:&quot;1703526497&quot;,&quot;copyright&quot;:&quot;&quot;,&quot;focal_length&quot;:&quot;0&quot;,&quot;iso&quot;:&quot;0&quot;,&quot;shutter_speed&quot;:&quot;0&quot;,&quot;title&quot;:&quot;&quot;,&quot;orientation&quot;:&quot;0&quot;}\" data-image-title=\"3001223-M10949-Basodino-B-02\" data-image-description=\"\" data-image-caption=\"\" data-medium-file=\"https:\/\/www.bergundtal.com\/wp-content\/uploads\/2024\/01\/3001223-M10949-Basodino-B-02-166x300.jpg\" data-large-file=\"https:\/\/www.bergundtal.com\/wp-content\/uploads\/2024\/01\/3001223-M10949-Basodino-B-02-565x1024.jpg\" decoding=\"async\" loading=\"lazy\" width=\"565\" height=\"1024\" data-id=\"22867\"  src=\"https:\/\/www.bergundtal.com\/wp-content\/uploads\/2024\/01\/3001223-M10949-Basodino-B-02-565x1024.jpg\" alt=\"\" class=\"wp-image-22867\" srcset=\"https:\/\/www.bergundtal.com\/wp-content\/uploads\/2024\/01\/3001223-M10949-Basodino-B-02-565x1024.jpg 565w, https:\/\/www.bergundtal.com\/wp-content\/uploads\/2024\/01\/3001223-M10949-Basodino-B-02-166x300.jpg 166w, https:\/\/www.bergundtal.com\/wp-content\/uploads\/2024\/01\/3001223-M10949-Basodino-B-02-768x1392.jpg 768w, https:\/\/www.bergundtal.com\/wp-content\/uploads\/2024\/01\/3001223-M10949-Basodino-B-02-848x1536.jpg 848w, https:\/\/www.bergundtal.com\/wp-content\/uploads\/2024\/01\/3001223-M10949-Basodino-B-02-700x1268.jpg 700w, https:\/\/www.bergundtal.com\/wp-content\/uploads\/2024\/01\/3001223-M10949-Basodino-B-02-332x602.jpg 332w, https:\/\/www.bergundtal.com\/wp-content\/uploads\/2024\/01\/3001223-M10949-Basodino-B-02.jpg 883w\" sizes=\"(max-width: 565px) 100vw, 565px\" \/><\/a><\/figure>\n<\/figure>\n\n\n\n<p>&#8222;<em>Die robuste Bikepants aus elastischem G-Shell STRUCTURE Softshellmaterial bietet mit ihrer hohen Bewegungselastizit\u00e4t und W\u00e4rmeisolation eine ultimative Ausstattung im Herbst und Winter. Das Softshellmaterial ist winddicht und wasserabweisend. Die Hose verf\u00fcgt \u00fcber einen weitenregulierbaren Bund sowie einem Ventilationssystem am Oberschenkel. K\u00f6rpernahe Passform, hohe W\u00e4rmeleistung durch waffel\u00e4hnlich strukturierte Materialinnenseite, Abriebschutz am Ges\u00e4\u00df, 2 Rei\u00dfverschlusstaschen, vorgeformte Knie, elastischer Einsatz in der Kniekehle.<\/em>&#8222;<br><strong>UVP 149,95 \u20ac<\/strong><\/p>\n\n\n\n<figure class=\"wp-block-image size-large\"><a href=\"https:\/\/www.bergundtal.com\/wp-content\/uploads\/2024\/01\/bearbeitete-Bilder9.jpg\"><img data-attachment-id=\"22852\" data-permalink=\"https:\/\/www.bergundtal.com\/?attachment_id=22852\" data-orig-file=\"https:\/\/www.bergundtal.com\/wp-content\/uploads\/2024\/01\/bearbeitete-Bilder9.jpg\" data-orig-size=\"1600,1008\" data-comments-opened=\"0\" data-image-meta=\"{&quot;aperture&quot;:&quot;0&quot;,&quot;credit&quot;:&quot;Picasa&quot;,&quot;camera&quot;:&quot;&quot;,&quot;caption&quot;:&quot;&quot;,&quot;created_timestamp&quot;:&quot;1703970674&quot;,&quot;copyright&quot;:&quot;&quot;,&quot;focal_length&quot;:&quot;0&quot;,&quot;iso&quot;:&quot;0&quot;,&quot;shutter_speed&quot;:&quot;0&quot;,&quot;title&quot;:&quot;&quot;,&quot;orientation&quot;:&quot;0&quot;}\" data-image-title=\"bearbeitete-Bilder9\" data-image-description=\"\" data-image-caption=\"\" data-medium-file=\"https:\/\/www.bergundtal.com\/wp-content\/uploads\/2024\/01\/bearbeitete-Bilder9-300x189.jpg\" data-large-file=\"https:\/\/www.bergundtal.com\/wp-content\/uploads\/2024\/01\/bearbeitete-Bilder9-1024x645.jpg\" decoding=\"async\" loading=\"lazy\" width=\"1024\" height=\"645\" src=\"https:\/\/www.bergundtal.com\/wp-content\/uploads\/2024\/01\/bearbeitete-Bilder9-1024x645.jpg\" alt=\"\" class=\"wp-image-22852\" srcset=\"https:\/\/www.bergundtal.com\/wp-content\/uploads\/2024\/01\/bearbeitete-Bilder9-1024x645.jpg 1024w, https:\/\/www.bergundtal.com\/wp-content\/uploads\/2024\/01\/bearbeitete-Bilder9-300x189.jpg 300w, https:\/\/www.bergundtal.com\/wp-content\/uploads\/2024\/01\/bearbeitete-Bilder9-768x484.jpg 768w, https:\/\/www.bergundtal.com\/wp-content\/uploads\/2024\/01\/bearbeitete-Bilder9-1536x968.jpg 1536w, https:\/\/www.bergundtal.com\/wp-content\/uploads\/2024\/01\/bearbeitete-Bilder9-700x441.jpg 700w, https:\/\/www.bergundtal.com\/wp-content\/uploads\/2024\/01\/bearbeitete-Bilder9-332x209.jpg 332w, https:\/\/www.bergundtal.com\/wp-content\/uploads\/2024\/01\/bearbeitete-Bilder9.jpg 1600w\" sizes=\"(max-width: 1024px) 100vw, 1024px\" \/><\/a><\/figure>\n\n\n\n<p>Die <strong><span style=\"text-decoration: underline;\">Gonso Softshellhose BASODINO<\/span><\/strong> ist eine gute Radhose f\u00fcr kalte Temperaturen und in Kombination mit einer Base Layer Funktionsunterhose auch gut f\u00fcr Bedingungen unter 0 Grad. Die angenehm strukturierte Materialinnenseite mit ihrer hohen Isolationswirkung und die Elastizit\u00e4t des G-Shell STRUCTURE Softshellmaterials sind ihre \u00fcberzeugenden Pluspunkte.<br>Bei Regen und auch Schnee kommt ihre wasserabweisende Funktionn allerdings schnell an ihre Grenzen, das Material saugt sich bei andauerndem Niederschlag voll und wird innen dann auch schnell feucht\/nass \u2013 Softshellmaterial ist ja auch kein Hardshell!<\/p>\n\n\n\n<p>Hier hat <strong>GONSO <\/strong>mit dem <strong>Modell DRAINON<\/strong> eine spezielle Rad-Regenhose im Sortiment, die nat\u00fcrlich auch bei Bedarf mir der Softshellhose BASODINO kmbiniert werden kann.<br>&#8222;<em><strong>Gonso DRAINON:<\/strong> G-Tex Material &#8211; 10.000mm Wassers\u00e4ule, 100% winddicht, K\u00f6rpernahe Passform, Gummibund mit weiterregulierbarer Kordel, regulierbare Beinweite, Abriebschutz am Ges\u00e4\u00df, getapte N\u00e4hte&#8220;.<br><\/em>Aber leider hat die Regenhose keine seitlichen Rei\u00dfverschl\u00fcsse oder zumindest Teilrei\u00dfverschl\u00fcsse, die das schnelle An- oder Ausziehen erleichtern.<br><strong>UVP 89,95 \u20ac<\/strong><\/p>\n\n\n\n<figure class=\"wp-block-image size-large\"><a href=\"https:\/\/www.bergundtal.com\/wp-content\/uploads\/2024\/01\/GONSO2.jpg\"><img data-attachment-id=\"22853\" data-permalink=\"https:\/\/www.bergundtal.com\/?attachment_id=22853\" data-orig-file=\"https:\/\/www.bergundtal.com\/wp-content\/uploads\/2024\/01\/GONSO2.jpg\" data-orig-size=\"1600,1221\" data-comments-opened=\"0\" data-image-meta=\"{&quot;aperture&quot;:&quot;0&quot;,&quot;credit&quot;:&quot;Picasa&quot;,&quot;camera&quot;:&quot;&quot;,&quot;caption&quot;:&quot;&quot;,&quot;created_timestamp&quot;:&quot;1704125946&quot;,&quot;copyright&quot;:&quot;&quot;,&quot;focal_length&quot;:&quot;0&quot;,&quot;iso&quot;:&quot;0&quot;,&quot;shutter_speed&quot;:&quot;0&quot;,&quot;title&quot;:&quot;&quot;,&quot;orientation&quot;:&quot;0&quot;}\" data-image-title=\"GONSO2\" data-image-description=\"\" data-image-caption=\"\" data-medium-file=\"https:\/\/www.bergundtal.com\/wp-content\/uploads\/2024\/01\/GONSO2-300x229.jpg\" data-large-file=\"https:\/\/www.bergundtal.com\/wp-content\/uploads\/2024\/01\/GONSO2-1024x781.jpg\" decoding=\"async\" loading=\"lazy\" width=\"1024\" height=\"781\" src=\"https:\/\/www.bergundtal.com\/wp-content\/uploads\/2024\/01\/GONSO2-1024x781.jpg\" alt=\"\" class=\"wp-image-22853\" srcset=\"https:\/\/www.bergundtal.com\/wp-content\/uploads\/2024\/01\/GONSO2-1024x781.jpg 1024w, https:\/\/www.bergundtal.com\/wp-content\/uploads\/2024\/01\/GONSO2-300x229.jpg 300w, https:\/\/www.bergundtal.com\/wp-content\/uploads\/2024\/01\/GONSO2-768x586.jpg 768w, https:\/\/www.bergundtal.com\/wp-content\/uploads\/2024\/01\/GONSO2-1536x1172.jpg 1536w, https:\/\/www.bergundtal.com\/wp-content\/uploads\/2024\/01\/GONSO2-700x534.jpg 700w, https:\/\/www.bergundtal.com\/wp-content\/uploads\/2024\/01\/GONSO2-332x253.jpg 332w, https:\/\/www.bergundtal.com\/wp-content\/uploads\/2024\/01\/GONSO2.jpg 1600w\" sizes=\"(max-width: 1024px) 100vw, 1024px\" \/><\/a><\/figure>\n\n\n\n<h3 class=\"has-background\" style=\"background-color:#ced3d9\"><strong><mark style=\"background-color:rgba(0, 0, 0, 0);color:#4615ba\" class=\"has-inline-color\">SEVO THERM, Unisex Allwetter-Regenhose wattiert<\/mark><\/strong><\/h3>\n\n\n\n<figure data-carousel-extra='{\"blog_id\":1,\"permalink\":\"https:\\\/\\\/www.bergundtal.com\\\/?p=22840\"}'  class=\"is-layout-flex wp-block-gallery-7 wp-block-gallery has-nested-images columns-default is-cropped\">\n<figure class=\"wp-block-image size-large\"><a href=\"https:\/\/www.bergundtal.com\/wp-content\/uploads\/2024\/01\/3001217-M10218-SevoTherm-B-01.jpg\"><img data-attachment-id=\"22854\" data-permalink=\"https:\/\/www.bergundtal.com\/?attachment_id=22854\" data-orig-file=\"https:\/\/www.bergundtal.com\/wp-content\/uploads\/2024\/01\/3001217-M10218-SevoTherm-B-01.jpg\" data-orig-size=\"787,1600\" data-comments-opened=\"0\" data-image-meta=\"{&quot;aperture&quot;:&quot;0&quot;,&quot;credit&quot;:&quot;Picasa&quot;,&quot;camera&quot;:&quot;&quot;,&quot;caption&quot;:&quot;&quot;,&quot;created_timestamp&quot;:&quot;1703526868&quot;,&quot;copyright&quot;:&quot;&quot;,&quot;focal_length&quot;:&quot;0&quot;,&quot;iso&quot;:&quot;0&quot;,&quot;shutter_speed&quot;:&quot;0&quot;,&quot;title&quot;:&quot;&quot;,&quot;orientation&quot;:&quot;0&quot;}\" data-image-title=\"3001217-M10218-SevoTherm-B-01\" data-image-description=\"\" data-image-caption=\"\" data-medium-file=\"https:\/\/www.bergundtal.com\/wp-content\/uploads\/2024\/01\/3001217-M10218-SevoTherm-B-01-148x300.jpg\" data-large-file=\"https:\/\/www.bergundtal.com\/wp-content\/uploads\/2024\/01\/3001217-M10218-SevoTherm-B-01-504x1024.jpg\" decoding=\"async\" loading=\"lazy\" width=\"504\" height=\"1024\" data-id=\"22854\"  src=\"https:\/\/www.bergundtal.com\/wp-content\/uploads\/2024\/01\/3001217-M10218-SevoTherm-B-01-504x1024.jpg\" alt=\"\" class=\"wp-image-22854\" srcset=\"https:\/\/www.bergundtal.com\/wp-content\/uploads\/2024\/01\/3001217-M10218-SevoTherm-B-01-504x1024.jpg 504w, https:\/\/www.bergundtal.com\/wp-content\/uploads\/2024\/01\/3001217-M10218-SevoTherm-B-01-148x300.jpg 148w, https:\/\/www.bergundtal.com\/wp-content\/uploads\/2024\/01\/3001217-M10218-SevoTherm-B-01-768x1561.jpg 768w, https:\/\/www.bergundtal.com\/wp-content\/uploads\/2024\/01\/3001217-M10218-SevoTherm-B-01-756x1536.jpg 756w, https:\/\/www.bergundtal.com\/wp-content\/uploads\/2024\/01\/3001217-M10218-SevoTherm-B-01-700x1423.jpg 700w, https:\/\/www.bergundtal.com\/wp-content\/uploads\/2024\/01\/3001217-M10218-SevoTherm-B-01-332x675.jpg 332w, https:\/\/www.bergundtal.com\/wp-content\/uploads\/2024\/01\/3001217-M10218-SevoTherm-B-01.jpg 787w\" sizes=\"(max-width: 504px) 100vw, 504px\" \/><\/a><\/figure>\n\n\n\n<figure class=\"wp-block-image size-large\"><a href=\"https:\/\/www.bergundtal.com\/wp-content\/uploads\/2024\/01\/3000338-M10532-SavePlus-B-03.jpg\"><img data-attachment-id=\"22859\" data-permalink=\"https:\/\/www.bergundtal.com\/?attachment_id=22859\" data-orig-file=\"https:\/\/www.bergundtal.com\/wp-content\/uploads\/2024\/01\/3000338-M10532-SavePlus-B-03.jpg\" data-orig-size=\"352,795\" data-comments-opened=\"0\" data-image-meta=\"{&quot;aperture&quot;:&quot;0&quot;,&quot;credit&quot;:&quot;Picasa&quot;,&quot;camera&quot;:&quot;&quot;,&quot;caption&quot;:&quot;&quot;,&quot;created_timestamp&quot;:&quot;1704128397&quot;,&quot;copyright&quot;:&quot;&quot;,&quot;focal_length&quot;:&quot;0&quot;,&quot;iso&quot;:&quot;0&quot;,&quot;shutter_speed&quot;:&quot;0&quot;,&quot;title&quot;:&quot;&quot;,&quot;orientation&quot;:&quot;0&quot;}\" data-image-title=\"3000338-M10532-SavePlus-B-03\" data-image-description=\"\" data-image-caption=\"\" data-medium-file=\"https:\/\/www.bergundtal.com\/wp-content\/uploads\/2024\/01\/3000338-M10532-SavePlus-B-03-133x300.jpg\" data-large-file=\"https:\/\/www.bergundtal.com\/wp-content\/uploads\/2024\/01\/3000338-M10532-SavePlus-B-03.jpg\" decoding=\"async\" loading=\"lazy\" width=\"352\" height=\"795\" data-id=\"22859\"  src=\"https:\/\/www.bergundtal.com\/wp-content\/uploads\/2024\/01\/3000338-M10532-SavePlus-B-03.jpg\" alt=\"\" class=\"wp-image-22859\" srcset=\"https:\/\/www.bergundtal.com\/wp-content\/uploads\/2024\/01\/3000338-M10532-SavePlus-B-03.jpg 352w, https:\/\/www.bergundtal.com\/wp-content\/uploads\/2024\/01\/3000338-M10532-SavePlus-B-03-133x300.jpg 133w, https:\/\/www.bergundtal.com\/wp-content\/uploads\/2024\/01\/3000338-M10532-SavePlus-B-03-332x750.jpg 332w\" sizes=\"(max-width: 352px) 100vw, 352px\" \/><\/a><\/figure>\n<\/figure>\n\n\n\n<p>&#8222;<em>Die besonders warme und wasserdichte Funktionshose f\u00fcr Frauen und M\u00e4nner sorgt f\u00fcr optimales Klima auch bei kalten Bedingungen auf dem Rad. W\u00e4hrend die Isolierung dank Primaloft ein optimales W\u00e4rmemanagement bietet, sch\u00fctzt die Au\u00dfenschicht aus G-TEX-Material mit einer 10.000 mm Wassers\u00e4ule und getapten N\u00e4hten zuverl\u00e4ssig vor Regen und kaltem Fahrtwind. Passend zu den Jacken SAVE THERM f\u00fcr M\u00e4nner und SURA THERM f\u00fcr Frauen. 10.000mm Wassers\u00e4ule, 100% winddicht, PRIMALOFT\u00ae Silver Isolation vorn auf dem Oberschenkel bis kurz unter Knie, getapte N\u00e4hte, Gummibund mit integrierter Kordel, RV-Seitentasche, schmal geschnittenes Bein.<\/em>&#8222;<br><strong>UVP 149,95 \u20ac<\/strong><\/p>\n\n\n\n<p class=\"has-text-color has-background\" style=\"color:#126a4a;background-color:#e5e9ee\"><strong><em><span style=\"text-decoration: underline;\">PRIMALOFT\u00ae Silver Insulation 100% PCR <\/span><\/em>&#8211; <\/strong><em>eine technische Mikrofaser, die die Struktur einer Daune imitiert; winddicht, wasserabweisend, atmungsaktiv, leicht und komprimierbar, hohe W\u00e4rmeeffizienz, auch in nassem Zustand, hergestellt aus zu 100% recycelten Kunststoffflaschen<\/em><\/p>\n\n\n\n<figure class=\"wp-block-image size-large\"><a href=\"https:\/\/www.bergundtal.com\/wp-content\/uploads\/2024\/01\/GONSO1.jpg\"><img data-attachment-id=\"22855\" data-permalink=\"https:\/\/www.bergundtal.com\/?attachment_id=22855\" data-orig-file=\"https:\/\/www.bergundtal.com\/wp-content\/uploads\/2024\/01\/GONSO1.jpg\" data-orig-size=\"1600,1130\" data-comments-opened=\"0\" data-image-meta=\"{&quot;aperture&quot;:&quot;0&quot;,&quot;credit&quot;:&quot;Picasa&quot;,&quot;camera&quot;:&quot;&quot;,&quot;caption&quot;:&quot;&quot;,&quot;created_timestamp&quot;:&quot;1703970743&quot;,&quot;copyright&quot;:&quot;&quot;,&quot;focal_length&quot;:&quot;0&quot;,&quot;iso&quot;:&quot;0&quot;,&quot;shutter_speed&quot;:&quot;0&quot;,&quot;title&quot;:&quot;&quot;,&quot;orientation&quot;:&quot;0&quot;}\" data-image-title=\"GONSO1\" data-image-description=\"\" data-image-caption=\"\" data-medium-file=\"https:\/\/www.bergundtal.com\/wp-content\/uploads\/2024\/01\/GONSO1-300x212.jpg\" data-large-file=\"https:\/\/www.bergundtal.com\/wp-content\/uploads\/2024\/01\/GONSO1-1024x723.jpg\" decoding=\"async\" loading=\"lazy\" width=\"1024\" height=\"723\" src=\"https:\/\/www.bergundtal.com\/wp-content\/uploads\/2024\/01\/GONSO1-1024x723.jpg\" alt=\"\" class=\"wp-image-22855\" srcset=\"https:\/\/www.bergundtal.com\/wp-content\/uploads\/2024\/01\/GONSO1-1024x723.jpg 1024w, https:\/\/www.bergundtal.com\/wp-content\/uploads\/2024\/01\/GONSO1-300x212.jpg 300w, https:\/\/www.bergundtal.com\/wp-content\/uploads\/2024\/01\/GONSO1-768x542.jpg 768w, https:\/\/www.bergundtal.com\/wp-content\/uploads\/2024\/01\/GONSO1-1536x1085.jpg 1536w, https:\/\/www.bergundtal.com\/wp-content\/uploads\/2024\/01\/GONSO1-700x494.jpg 700w, https:\/\/www.bergundtal.com\/wp-content\/uploads\/2024\/01\/GONSO1-332x234.jpg 332w, https:\/\/www.bergundtal.com\/wp-content\/uploads\/2024\/01\/GONSO1.jpg 1600w\" sizes=\"(max-width: 1024px) 100vw, 1024px\" \/><\/a><\/figure>\n\n\n\n<p>Die Hose f\u00e4llt relativ klein aus, wahrend die Softshelljacke VALAFF, die Softshellhose BASODINO und auch die Regenjacke SAVE PLUS in Gr\u00f6\u00dfe L bei einer K\u00f6rpergr\u00f6\u00dfe von 182 cm genau passen, ist die Thermohose SEVO THERM zu kurz. Und zumindest bei unserem Testmodell ist der untere Hosenabschluss zu eng, hier w\u00e4re eine etwas weitere Gummifassung + kurzem Rei\u00dfverschluss sinnvoll.<br>Die Hose ist wassserdicht und das vorn auf dem Oberschenkel bis kurz unter Knie platzierte Isolationsmaterial h\u00e4lt gut warm, aber die Hose ist nicht\/kaum atmungsaktiv, sie ist also nicht unbedingt f\u00fcr sportliches Fahren geeignet.<\/p>\n\n\n\n<h3 class=\"has-text-color has-background\" style=\"color:#3a14b7;background-color:#d5dae0\"><strong><em>GONSO bietet hier hoch funktionelle und sportlich geschnittene Radbekleidung f\u00fcr winterliche Bedingungen an, geeignet f\u00fcr Touren, den Weg zur Arbeit und auch f\u00fcr den Alltag &#8211; nicht zu sportlich f\u00fcr den Einkauf, aber auch f\u00fcr das Abenteuer abseits der Stra\u00dfe und f\u00fcr die Trainingstour im Grundlagenbereich sportlich genug<\/em><\/strong>.<\/h3>\n","protected":false},"excerpt":{"rendered":"<p>GONSO: &#8222;In den k\u00e4lteren Monaten m\u00fcssen wir uns noch einmal mehr auf unsere Bike-Kleidung verlassen k\u00f6nnen. Wir brauchen Materialien, die warm und trocken halten, aber dennoch atmungsaktiv sind. Durch eine durchdachte Kombination verschiedener Materialien und unterschiedlicher Radhosen, Trikots, Jacken und Westen bekommen wir einfach einen Look, der nicht nur gut &#8230;<\/p>\n","protected":false},"author":2,"featured_media":22841,"comment_status":"closed","ping_status":"closed","sticky":false,"template":"","format":"standard","meta":{"jetpack_post_was_ever_published":false,"jetpack_publicize_message":"","jetpack_is_tweetstorm":false,"jetpack_publicize_feature_enabled":true,"jetpack_social_options":[]},"categories":[365],"tags":[],"coauthors":[461],"jetpack_publicize_connections":[],"jetpack_featured_media_url":"https:\/\/www.bergundtal.com\/wp-content\/uploads\/2024\/01\/GONSO.jpg","jetpack_shortlink":"https:\/\/wp.me\/p3YISc-5Wo","jetpack_sharing_enabled":true,"_links":{"self":[{"href":"https:\/\/www.bergundtal.com\/index.php?rest_route=\/wp\/v2\/posts\/22840"}],"collection":[{"href":"https:\/\/www.bergundtal.com\/index.php?rest_route=\/wp\/v2\/posts"}],"about":[{"href":"https:\/\/www.bergundtal.com\/index.php?rest_route=\/wp\/v2\/types\/post"}],"author":[{"embeddable":true,"href":"https:\/\/www.bergundtal.com\/index.php?rest_route=\/wp\/v2\/users\/2"}],"replies":[{"embeddable":true,"href":"https:\/\/www.bergundtal.com\/index.php?rest_route=%2Fwp%2Fv2%2Fcomments&post=22840"}],"version-history":[{"count":6,"href":"https:\/\/www.bergundtal.com\/index.php?rest_route=\/wp\/v2\/posts\/22840\/revisions"}],"predecessor-version":[{"id":22868,"href":"https:\/\/www.bergundtal.com\/index.php?rest_route=\/wp\/v2\/posts\/22840\/revisions\/22868"}],"wp:featuredmedia":[{"embeddable":true,"href":"https:\/\/www.bergundtal.com\/index.php?rest_route=\/wp\/v2\/media\/22841"}],"wp:attachment":[{"href":"https:\/\/www.bergundtal.com\/index.php?rest_route=%2Fwp%2Fv2%2Fmedia&parent=22840"}],"wp:term":[{"taxonomy":"category","embeddable":true,"href":"https:\/\/www.bergundtal.com\/index.php?rest_route=%2Fwp%2Fv2%2Fcategories&post=22840"},{"taxonomy":"post_tag","embeddable":true,"href":"https:\/\/www.bergundtal.com\/index.php?rest_route=%2Fwp%2Fv2%2Ftags&post=22840"},{"taxonomy":"author","embeddable":true,"href":"https:\/\/www.bergundtal.com\/index.php?rest_route=%2Fwp%2Fv2%2Fcoauthors&post=22840"}],"curies":[{"name":"wp","href":"https:\/\/api.w.org\/{rel}","templated":true}]}}