{"id":23182,"date":"2024-02-10T17:35:36","date_gmt":"2024-02-10T16:35:36","guid":{"rendered":"https:\/\/www.bergundtal.com\/?p=23182"},"modified":"2024-02-10T18:48:15","modified_gmt":"2024-02-10T17:48:15","slug":"atomic-skitouren-camp-im-rauriser-tal-2-5-april-2024","status":"publish","type":"post","link":"https:\/\/www.bergundtal.com\/?p=23182","title":{"rendered":"ATOMIC Skitouren Camp im Rauriser Tal  2.- 5. April 2024"},"content":{"rendered":"\n<p><strong>A<mark style=\"background-color:rgba(0, 0, 0, 0);color:#1d1ba4\" class=\"has-inline-color\">TOMIC Skitouren Camp im Rauriser Tal , 2.- 5. April 2024<\/mark><em> &#8211; ATOMIC<\/em> bietet hier ein Camp f\u00fcr Skitourer mit Erfahrung an:<\/strong><br>&#8222;<em>Von 02.\u201305. April 2024 geht das Atomic Skitouren Camp in die 2. Runde. <\/em><strong><em>Du hast bereits Erfahrung im Skitourensport, 1.000 H\u00f6henmeter und mehr sind f\u00fcr dich leicht bew\u00e4ltigbar? Dann erlebe 3 Tage voll mit Skitourengehen und Workshops rund um das Thema Tourenplanung, Sicherheit auf Tour, Skipflege sowie spezifisches Krafttraining f\u00fcr Skitouren.<\/em>&#8222;<\/strong><\/p>\n\n\n\n<ul>\n<li>&#8211; Zwei gef\u00fchrte Touren, bei denen es bis \u00fcber 3.000 H\u00f6henmeter gehen kann,<br>&#8211; Workshops zum Thema Skipflege &amp; Reparatur, Tourenplanung, Lawinenkunde und die richtigen sportmotorischen Vorbereitungen<br>&#8211; sowie spannende Vortr\u00e4ge vom Atomic Athleten &amp; Team<\/li>\n<\/ul>\n\n\n\n<p><span style=\"text-decoration: underline;\">Das Camp wird angeboten f\u00fcr erfahrene Skitouren<\/span>, s. o. \u201e<em>1.000 H\u00f6henmeter und mehr sind f\u00fcr dich leicht bew\u00e4ltigbar und du m\u00f6chtest dein Wissen im Skihochtourenbereich erweitern?\u201c<\/em><\/p>\n\n\n\n<figure data-carousel-extra='{\"blog_id\":1,\"permalink\":\"https:\\\/\\\/www.bergundtal.com\\\/?p=23182\"}'  class=\"is-layout-flex wp-block-gallery-1 wp-block-gallery has-nested-images columns-default is-cropped\">\n<figure class=\"wp-block-image size-large\"><a href=\"https:\/\/www.bergundtal.com\/wp-content\/uploads\/2024\/02\/Atomic.jpg\"><img data-attachment-id=\"23185\" data-permalink=\"https:\/\/www.bergundtal.com\/?attachment_id=23185\" data-orig-file=\"https:\/\/www.bergundtal.com\/wp-content\/uploads\/2024\/02\/Atomic.jpg\" data-orig-size=\"1600,1067\" data-comments-opened=\"0\" data-image-meta=\"{&quot;aperture&quot;:&quot;0&quot;,&quot;credit&quot;:&quot;Picasa&quot;,&quot;camera&quot;:&quot;&quot;,&quot;caption&quot;:&quot;&quot;,&quot;created_timestamp&quot;:&quot;1707581722&quot;,&quot;copyright&quot;:&quot;&quot;,&quot;focal_length&quot;:&quot;0&quot;,&quot;iso&quot;:&quot;0&quot;,&quot;shutter_speed&quot;:&quot;0&quot;,&quot;title&quot;:&quot;&quot;,&quot;orientation&quot;:&quot;0&quot;}\" data-image-title=\"Atomic\" data-image-description=\"\" data-image-caption=\"\" data-medium-file=\"https:\/\/www.bergundtal.com\/wp-content\/uploads\/2024\/02\/Atomic-300x200.jpg\" data-large-file=\"https:\/\/www.bergundtal.com\/wp-content\/uploads\/2024\/02\/Atomic-1024x683.jpg\" decoding=\"async\" loading=\"lazy\" width=\"1024\" height=\"683\" data-id=\"23185\"  src=\"https:\/\/www.bergundtal.com\/wp-content\/uploads\/2024\/02\/Atomic-1024x683.jpg\" alt=\"\" class=\"wp-image-23185\" srcset=\"https:\/\/www.bergundtal.com\/wp-content\/uploads\/2024\/02\/Atomic-1024x683.jpg 1024w, https:\/\/www.bergundtal.com\/wp-content\/uploads\/2024\/02\/Atomic-300x200.jpg 300w, https:\/\/www.bergundtal.com\/wp-content\/uploads\/2024\/02\/Atomic-768x512.jpg 768w, https:\/\/www.bergundtal.com\/wp-content\/uploads\/2024\/02\/Atomic-1536x1024.jpg 1536w, https:\/\/www.bergundtal.com\/wp-content\/uploads\/2024\/02\/Atomic-700x467.jpg 700w, https:\/\/www.bergundtal.com\/wp-content\/uploads\/2024\/02\/Atomic-332x221.jpg 332w, https:\/\/www.bergundtal.com\/wp-content\/uploads\/2024\/02\/Atomic.jpg 1600w\" sizes=\"(max-width: 1024px) 100vw, 1024px\" \/><\/a><\/figure>\n\n\n\n<figure class=\"wp-block-image size-large\"><a href=\"https:\/\/www.bergundtal.com\/wp-content\/uploads\/2024\/02\/Maier-Story-4.jpg\"><img data-attachment-id=\"23184\" data-permalink=\"https:\/\/www.bergundtal.com\/?attachment_id=23184\" data-orig-file=\"https:\/\/www.bergundtal.com\/wp-content\/uploads\/2024\/02\/Maier-Story-4.jpg\" data-orig-size=\"900,1600\" data-comments-opened=\"0\" data-image-meta=\"{&quot;aperture&quot;:&quot;0&quot;,&quot;credit&quot;:&quot;Picasa&quot;,&quot;camera&quot;:&quot;&quot;,&quot;caption&quot;:&quot;&quot;,&quot;created_timestamp&quot;:&quot;1707581727&quot;,&quot;copyright&quot;:&quot;&quot;,&quot;focal_length&quot;:&quot;0&quot;,&quot;iso&quot;:&quot;0&quot;,&quot;shutter_speed&quot;:&quot;0&quot;,&quot;title&quot;:&quot;&quot;,&quot;orientation&quot;:&quot;0&quot;}\" data-image-title=\"Maier-Story-4\" data-image-description=\"\" data-image-caption=\"\" data-medium-file=\"https:\/\/www.bergundtal.com\/wp-content\/uploads\/2024\/02\/Maier-Story-4-169x300.jpg\" data-large-file=\"https:\/\/www.bergundtal.com\/wp-content\/uploads\/2024\/02\/Maier-Story-4-576x1024.jpg\" decoding=\"async\" loading=\"lazy\" width=\"576\" height=\"1024\" data-id=\"23184\"  src=\"https:\/\/www.bergundtal.com\/wp-content\/uploads\/2024\/02\/Maier-Story-4-576x1024.jpg\" alt=\"\" class=\"wp-image-23184\" srcset=\"https:\/\/www.bergundtal.com\/wp-content\/uploads\/2024\/02\/Maier-Story-4-576x1024.jpg 576w, https:\/\/www.bergundtal.com\/wp-content\/uploads\/2024\/02\/Maier-Story-4-169x300.jpg 169w, https:\/\/www.bergundtal.com\/wp-content\/uploads\/2024\/02\/Maier-Story-4-768x1365.jpg 768w, https:\/\/www.bergundtal.com\/wp-content\/uploads\/2024\/02\/Maier-Story-4-864x1536.jpg 864w, https:\/\/www.bergundtal.com\/wp-content\/uploads\/2024\/02\/Maier-Story-4-700x1244.jpg 700w, https:\/\/www.bergundtal.com\/wp-content\/uploads\/2024\/02\/Maier-Story-4-332x590.jpg 332w, https:\/\/www.bergundtal.com\/wp-content\/uploads\/2024\/02\/Maier-Story-4.jpg 900w\" sizes=\"(max-width: 576px) 100vw, 576px\" \/><\/a><\/figure>\n<\/figure>\n\n\n\n<p>\u00dcbernachtung + HP im Alpengasthof Ammerer Hof, Kolmstra\u00dfe 21, A5661 Rauris<\/p>\n\n\n\n<p><em>3 N\u00e4chte mit Halbpension inkl. Kaffee und Kuchen an beiden Tagen<br>3 gef\u00fchrte Touren mit einem staatlich gepr\u00fcftem Bergf\u00fchrer<br>Neues Atomic Testmaterial der Saison 2024\/25<br>Tourenplanung und Lawinensicherheitstipps f\u00fcr Skihochtouren<br>Workshop &amp; Fachvortrag von Athleten &amp; Bergf\u00fchrern<br>Foto Package nach dem Event<br>Atomic Goodie Bag im Wert von \u20ac 200<\/em><\/p>\n\n\n\n<p><strong>Kosten<\/strong>: <strong>Einzelzimmer <\/strong>\u20ac 699,00, <strong>Doppelzimmer p.P. <\/strong>\u20ac 669,00<\/p>\n\n\n\n<figure class=\"wp-block-image size-large\"><a href=\"https:\/\/www.bergundtal.com\/wp-content\/uploads\/2024\/02\/start_winter-v2_w1920-1.jpg-1.jpg\"><img data-attachment-id=\"23187\" data-permalink=\"https:\/\/www.bergundtal.com\/?attachment_id=23187\" data-orig-file=\"https:\/\/www.bergundtal.com\/wp-content\/uploads\/2024\/02\/start_winter-v2_w1920-1.jpg-1.jpg\" data-orig-size=\"1200,675\" data-comments-opened=\"0\" data-image-meta=\"{&quot;aperture&quot;:&quot;0&quot;,&quot;credit&quot;:&quot;Picasa&quot;,&quot;camera&quot;:&quot;&quot;,&quot;caption&quot;:&quot;&quot;,&quot;created_timestamp&quot;:&quot;1707582180&quot;,&quot;copyright&quot;:&quot;&quot;,&quot;focal_length&quot;:&quot;0&quot;,&quot;iso&quot;:&quot;0&quot;,&quot;shutter_speed&quot;:&quot;0&quot;,&quot;title&quot;:&quot;&quot;,&quot;orientation&quot;:&quot;0&quot;}\" data-image-title=\"start_winter-v2_w1920-1.jpg-1\" data-image-description=\"\" data-image-caption=\"\" data-medium-file=\"https:\/\/www.bergundtal.com\/wp-content\/uploads\/2024\/02\/start_winter-v2_w1920-1.jpg-1-300x169.jpg\" data-large-file=\"https:\/\/www.bergundtal.com\/wp-content\/uploads\/2024\/02\/start_winter-v2_w1920-1.jpg-1-1024x576.jpg\" decoding=\"async\" loading=\"lazy\" width=\"1024\" height=\"576\" src=\"https:\/\/www.bergundtal.com\/wp-content\/uploads\/2024\/02\/start_winter-v2_w1920-1.jpg-1-1024x576.jpg\" alt=\"\" class=\"wp-image-23187\" srcset=\"https:\/\/www.bergundtal.com\/wp-content\/uploads\/2024\/02\/start_winter-v2_w1920-1.jpg-1-1024x576.jpg 1024w, https:\/\/www.bergundtal.com\/wp-content\/uploads\/2024\/02\/start_winter-v2_w1920-1.jpg-1-300x169.jpg 300w, https:\/\/www.bergundtal.com\/wp-content\/uploads\/2024\/02\/start_winter-v2_w1920-1.jpg-1-768x432.jpg 768w, https:\/\/www.bergundtal.com\/wp-content\/uploads\/2024\/02\/start_winter-v2_w1920-1.jpg-1-700x393.jpg 700w, https:\/\/www.bergundtal.com\/wp-content\/uploads\/2024\/02\/start_winter-v2_w1920-1.jpg-1-332x187.jpg 332w, https:\/\/www.bergundtal.com\/wp-content\/uploads\/2024\/02\/start_winter-v2_w1920-1.jpg-1.jpg 1200w\" sizes=\"(max-width: 1024px) 100vw, 1024px\" \/><\/a><\/figure>\n\n\n\n<p><\/p>\n\n\n\n<p><a href=\"https:\/\/www.atomic.com\/de-de\/skitourencamp-rauris-2024\">https:\/\/www.atomic.com\/de-de\/skitourencamp-rauris-2024<\/a><\/p>\n","protected":false},"excerpt":{"rendered":"<p>ATOMIC Skitouren Camp im Rauriser Tal , 2.- 5. April 2024 &#8211; ATOMIC bietet hier ein Camp f\u00fcr Skitourer mit Erfahrung an:&#8222;Von 02.\u201305. April 2024 geht das Atomic Skitouren Camp in die 2. Runde. Du hast bereits Erfahrung im Skitourensport, 1.000 H\u00f6henmeter und mehr sind f\u00fcr dich leicht bew\u00e4ltigbar? Dann &#8230;<\/p>\n","protected":false},"author":2,"featured_media":23183,"comment_status":"closed","ping_status":"closed","sticky":false,"template":"","format":"aside","meta":{"jetpack_post_was_ever_published":false,"jetpack_publicize_message":"","jetpack_is_tweetstorm":false,"jetpack_publicize_feature_enabled":true,"jetpack_social_options":[]},"categories":[416,430],"tags":[],"coauthors":[461,460],"jetpack_publicize_connections":[],"jetpack_featured_media_url":"https:\/\/www.bergundtal.com\/wp-content\/uploads\/2024\/02\/Atomic-Skitouren-Camp-2024_0.jpg","jetpack_shortlink":"https:\/\/wp.me\/p3YISc-61U","jetpack_sharing_enabled":true,"_links":{"self":[{"href":"https:\/\/www.bergundtal.com\/index.php?rest_route=\/wp\/v2\/posts\/23182"}],"collection":[{"href":"https:\/\/www.bergundtal.com\/index.php?rest_route=\/wp\/v2\/posts"}],"about":[{"href":"https:\/\/www.bergundtal.com\/index.php?rest_route=\/wp\/v2\/types\/post"}],"author":[{"embeddable":true,"href":"https:\/\/www.bergundtal.com\/index.php?rest_route=\/wp\/v2\/users\/2"}],"replies":[{"embeddable":true,"href":"https:\/\/www.bergundtal.com\/index.php?rest_route=%2Fwp%2Fv2%2Fcomments&post=23182"}],"version-history":[{"count":2,"href":"https:\/\/www.bergundtal.com\/index.php?rest_route=\/wp\/v2\/posts\/23182\/revisions"}],"predecessor-version":[{"id":23189,"href":"https:\/\/www.bergundtal.com\/index.php?rest_route=\/wp\/v2\/posts\/23182\/revisions\/23189"}],"wp:featuredmedia":[{"embeddable":true,"href":"https:\/\/www.bergundtal.com\/index.php?rest_route=\/wp\/v2\/media\/23183"}],"wp:attachment":[{"href":"https:\/\/www.bergundtal.com\/index.php?rest_route=%2Fwp%2Fv2%2Fmedia&parent=23182"}],"wp:term":[{"taxonomy":"category","embeddable":true,"href":"https:\/\/www.bergundtal.com\/index.php?rest_route=%2Fwp%2Fv2%2Fcategories&post=23182"},{"taxonomy":"post_tag","embeddable":true,"href":"https:\/\/www.bergundtal.com\/index.php?rest_route=%2Fwp%2Fv2%2Ftags&post=23182"},{"taxonomy":"author","embeddable":true,"href":"https:\/\/www.bergundtal.com\/index.php?rest_route=%2Fwp%2Fv2%2Fcoauthors&post=23182"}],"curies":[{"name":"wp","href":"https:\/\/api.w.org\/{rel}","templated":true}]}}