{"id":24836,"date":"2024-11-01T18:10:34","date_gmt":"2024-11-01T17:10:34","guid":{"rendered":"https:\/\/www.bergundtal.com\/?p=24836"},"modified":"2024-11-06T18:17:52","modified_gmt":"2024-11-06T17:17:52","slug":"neue-tourenski","status":"publish","type":"post","link":"https:\/\/www.bergundtal.com\/?p=24836","title":{"rendered":"Neue Tourenski"},"content":{"rendered":"\n<h3 class=\"has-background\" style=\"background-color:#dce3ea\"><strong><mark style=\"background-color:rgba(0, 0, 0, 0);color:#233298\" class=\"has-inline-color\">DPS Pagoda Tour CFL<\/mark><\/strong><\/h3>\n\n\n\n<p><strong>DPS<\/strong> bringt die neue <strong>Pagoda Tour CFL<\/strong> Kollektion auf den Markt; aufwendig gebaute Ski mit Mittelbreiten von 90 \u2013 112 mm, langer Rockerschaufel und gem\u00e4\u00dfigtem Tail Rocker.<br><\/p>\n\n\n\n<figure class=\"wp-block-image size-large\"><a href=\"https:\/\/www.bergundtal.com\/wp-content\/uploads\/2024\/11\/Bildschirmfoto_31-10-2024_144517_www.dpsskis.com_.jpg\"><img data-attachment-id=\"24837\" data-permalink=\"https:\/\/www.bergundtal.com\/?attachment_id=24837\" data-orig-file=\"https:\/\/www.bergundtal.com\/wp-content\/uploads\/2024\/11\/Bildschirmfoto_31-10-2024_144517_www.dpsskis.com_.jpg\" data-orig-size=\"1055,618\" data-comments-opened=\"0\" data-image-meta=\"{&quot;aperture&quot;:&quot;0&quot;,&quot;credit&quot;:&quot;Picasa&quot;,&quot;camera&quot;:&quot;&quot;,&quot;caption&quot;:&quot;&quot;,&quot;created_timestamp&quot;:&quot;1730382318&quot;,&quot;copyright&quot;:&quot;&quot;,&quot;focal_length&quot;:&quot;0&quot;,&quot;iso&quot;:&quot;0&quot;,&quot;shutter_speed&quot;:&quot;0&quot;,&quot;title&quot;:&quot;&quot;,&quot;orientation&quot;:&quot;0&quot;}\" data-image-title=\"Bildschirmfoto_31-10-2024_144517_www.dpsskis.com_\" data-image-description=\"\" data-image-caption=\"\" data-medium-file=\"https:\/\/www.bergundtal.com\/wp-content\/uploads\/2024\/11\/Bildschirmfoto_31-10-2024_144517_www.dpsskis.com_-300x176.jpg\" data-large-file=\"https:\/\/www.bergundtal.com\/wp-content\/uploads\/2024\/11\/Bildschirmfoto_31-10-2024_144517_www.dpsskis.com_-1024x600.jpg\" decoding=\"async\" loading=\"lazy\" width=\"1024\" height=\"600\" src=\"https:\/\/www.bergundtal.com\/wp-content\/uploads\/2024\/11\/Bildschirmfoto_31-10-2024_144517_www.dpsskis.com_-1024x600.jpg\" alt=\"\" class=\"wp-image-24837\" srcset=\"https:\/\/www.bergundtal.com\/wp-content\/uploads\/2024\/11\/Bildschirmfoto_31-10-2024_144517_www.dpsskis.com_-1024x600.jpg 1024w, https:\/\/www.bergundtal.com\/wp-content\/uploads\/2024\/11\/Bildschirmfoto_31-10-2024_144517_www.dpsskis.com_-300x176.jpg 300w, https:\/\/www.bergundtal.com\/wp-content\/uploads\/2024\/11\/Bildschirmfoto_31-10-2024_144517_www.dpsskis.com_-768x450.jpg 768w, https:\/\/www.bergundtal.com\/wp-content\/uploads\/2024\/11\/Bildschirmfoto_31-10-2024_144517_www.dpsskis.com_-700x410.jpg 700w, https:\/\/www.bergundtal.com\/wp-content\/uploads\/2024\/11\/Bildschirmfoto_31-10-2024_144517_www.dpsskis.com_-332x194.jpg 332w, https:\/\/www.bergundtal.com\/wp-content\/uploads\/2024\/11\/Bildschirmfoto_31-10-2024_144517_www.dpsskis.com_.jpg 1055w\" sizes=\"(max-width: 1024px) 100vw, 1024px\" \/><\/a><\/figure>\n\n\n\n<figure class=\"wp-block-image size-full\"><a href=\"https:\/\/www.bergundtal.com\/wp-content\/uploads\/2024\/11\/Bildschirmfoto_31-10-2024_144616_www.dpsskis.com_.jpg\"><img data-attachment-id=\"24838\" data-permalink=\"https:\/\/www.bergundtal.com\/?attachment_id=24838\" data-orig-file=\"https:\/\/www.bergundtal.com\/wp-content\/uploads\/2024\/11\/Bildschirmfoto_31-10-2024_144616_www.dpsskis.com_.jpg\" data-orig-size=\"747,617\" data-comments-opened=\"0\" data-image-meta=\"{&quot;aperture&quot;:&quot;0&quot;,&quot;credit&quot;:&quot;Picasa&quot;,&quot;camera&quot;:&quot;&quot;,&quot;caption&quot;:&quot;&quot;,&quot;created_timestamp&quot;:&quot;1730382378&quot;,&quot;copyright&quot;:&quot;&quot;,&quot;focal_length&quot;:&quot;0&quot;,&quot;iso&quot;:&quot;0&quot;,&quot;shutter_speed&quot;:&quot;0&quot;,&quot;title&quot;:&quot;&quot;,&quot;orientation&quot;:&quot;0&quot;}\" data-image-title=\"Bildschirmfoto_31-10-2024_144616_www.dpsskis.com_\" data-image-description=\"\" data-image-caption=\"\" data-medium-file=\"https:\/\/www.bergundtal.com\/wp-content\/uploads\/2024\/11\/Bildschirmfoto_31-10-2024_144616_www.dpsskis.com_-300x248.jpg\" data-large-file=\"https:\/\/www.bergundtal.com\/wp-content\/uploads\/2024\/11\/Bildschirmfoto_31-10-2024_144616_www.dpsskis.com_.jpg\" decoding=\"async\" loading=\"lazy\" width=\"747\" height=\"617\" src=\"https:\/\/www.bergundtal.com\/wp-content\/uploads\/2024\/11\/Bildschirmfoto_31-10-2024_144616_www.dpsskis.com_.jpg\" alt=\"\" class=\"wp-image-24838\" srcset=\"https:\/\/www.bergundtal.com\/wp-content\/uploads\/2024\/11\/Bildschirmfoto_31-10-2024_144616_www.dpsskis.com_.jpg 747w, https:\/\/www.bergundtal.com\/wp-content\/uploads\/2024\/11\/Bildschirmfoto_31-10-2024_144616_www.dpsskis.com_-300x248.jpg 300w, https:\/\/www.bergundtal.com\/wp-content\/uploads\/2024\/11\/Bildschirmfoto_31-10-2024_144616_www.dpsskis.com_-700x578.jpg 700w, https:\/\/www.bergundtal.com\/wp-content\/uploads\/2024\/11\/Bildschirmfoto_31-10-2024_144616_www.dpsskis.com_-332x274.jpg 332w\" sizes=\"(max-width: 747px) 100vw, 747px\" \/><\/a><figcaption class=\"wp-element-caption\"><strong><span style=\"text-decoration: underline;\"><mark style=\"background-color:rgba(0, 0, 0, 0);color:#0715e3\" class=\"has-inline-color\">Carbon Padoda Tour CFL 94<\/mark><\/span><\/strong> &#8211; Der Tour CFL 94 ist ein klassischer Allrounder mit der n\u00f6tigen Stabilit\u00e4t und Agilit\u00e4t in technischen Passagen und auf hartem Schnee und auch gen\u00fcgend Auftrieb. <\/figcaption><\/figure>\n\n\n\n<figure class=\"wp-block-image size-large is-resized\"><a href=\"https:\/\/www.bergundtal.com\/wp-content\/uploads\/2024\/11\/Kuerzlich-aktualisiert21.jpg\"><img data-attachment-id=\"24842\" data-permalink=\"https:\/\/www.bergundtal.com\/?attachment_id=24842\" data-orig-file=\"https:\/\/www.bergundtal.com\/wp-content\/uploads\/2024\/11\/Kuerzlich-aktualisiert21.jpg\" data-orig-size=\"1600,1150\" data-comments-opened=\"0\" data-image-meta=\"{&quot;aperture&quot;:&quot;0&quot;,&quot;credit&quot;:&quot;Picasa&quot;,&quot;camera&quot;:&quot;&quot;,&quot;caption&quot;:&quot;&quot;,&quot;created_timestamp&quot;:&quot;1730483274&quot;,&quot;copyright&quot;:&quot;&quot;,&quot;focal_length&quot;:&quot;0&quot;,&quot;iso&quot;:&quot;0&quot;,&quot;shutter_speed&quot;:&quot;0&quot;,&quot;title&quot;:&quot;&quot;,&quot;orientation&quot;:&quot;0&quot;}\" data-image-title=\"Kuerzlich-aktualisiert21\" data-image-description=\"\" data-image-caption=\"\" data-medium-file=\"https:\/\/www.bergundtal.com\/wp-content\/uploads\/2024\/11\/Kuerzlich-aktualisiert21-300x216.jpg\" data-large-file=\"https:\/\/www.bergundtal.com\/wp-content\/uploads\/2024\/11\/Kuerzlich-aktualisiert21-1024x736.jpg\" decoding=\"async\" loading=\"lazy\" src=\"https:\/\/www.bergundtal.com\/wp-content\/uploads\/2024\/11\/Kuerzlich-aktualisiert21-1024x736.jpg\" alt=\"\" class=\"wp-image-24842\" width=\"900\" height=\"646\" srcset=\"https:\/\/www.bergundtal.com\/wp-content\/uploads\/2024\/11\/Kuerzlich-aktualisiert21-1024x736.jpg 1024w, https:\/\/www.bergundtal.com\/wp-content\/uploads\/2024\/11\/Kuerzlich-aktualisiert21-300x216.jpg 300w, https:\/\/www.bergundtal.com\/wp-content\/uploads\/2024\/11\/Kuerzlich-aktualisiert21-768x552.jpg 768w, https:\/\/www.bergundtal.com\/wp-content\/uploads\/2024\/11\/Kuerzlich-aktualisiert21-1536x1104.jpg 1536w, https:\/\/www.bergundtal.com\/wp-content\/uploads\/2024\/11\/Kuerzlich-aktualisiert21-700x503.jpg 700w, https:\/\/www.bergundtal.com\/wp-content\/uploads\/2024\/11\/Kuerzlich-aktualisiert21-332x239.jpg 332w, https:\/\/www.bergundtal.com\/wp-content\/uploads\/2024\/11\/Kuerzlich-aktualisiert21.jpg 1600w\" sizes=\"(max-width: 900px) 100vw, 900px\" \/><\/a><figcaption class=\"wp-element-caption\"><strong><em><mark style=\"background-color:rgba(0, 0, 0, 0);color:#2b16ad\" class=\"has-inline-color\">Wir werden den Ski im Januar ausf\u00fchrlich testen und dann zeitnah vorstellen<\/mark><\/em><\/strong><\/figcaption><\/figure>\n\n\n\n<p><strong><span style=\"text-decoration: underline;\">Carbon Pagoda <mark style=\"background-color:rgba(0, 0, 0, 0)\" class=\"has-inline-color has-black-color\">Tour<\/mark><\/span><\/strong><mark style=\"background-color:rgba(0, 0, 0, 0);color:#301492\" class=\"has-inline-color\"><strong><span style=\"text-decoration: underline;\"> CFL<\/span><\/strong> <\/mark>&#8211; <strong><em>CFL steht f\u00fcr Carbon-flax (Flachs)-laminate<\/em><\/strong>, w\u00e4hrend Carbon f\u00fcr Stabilit\u00e4t und Kantendruck sorgen soll, soll Flachs mit seinen d\u00e4mpfenden Eigenschaften das \u201eFlattern\u201c bei harten Bedingungen reduzieren\/verhindern. Die Ski sind damit insgesamt leicht, torsionsstabil und laufruhig.<\/p>\n\n\n\n<figure class=\"wp-block-image size-large\"><a href=\"https:\/\/www.bergundtal.com\/wp-content\/uploads\/2024\/11\/Bildschirmfoto_31-10-2024_14329_www.dpsskis.com_.jpg\"><img data-attachment-id=\"24839\" data-permalink=\"https:\/\/www.bergundtal.com\/?attachment_id=24839\" data-orig-file=\"https:\/\/www.bergundtal.com\/wp-content\/uploads\/2024\/11\/Bildschirmfoto_31-10-2024_14329_www.dpsskis.com_.jpg\" data-orig-size=\"1461,814\" data-comments-opened=\"0\" data-image-meta=\"{&quot;aperture&quot;:&quot;0&quot;,&quot;credit&quot;:&quot;Picasa&quot;,&quot;camera&quot;:&quot;&quot;,&quot;caption&quot;:&quot;&quot;,&quot;created_timestamp&quot;:&quot;1730385130&quot;,&quot;copyright&quot;:&quot;&quot;,&quot;focal_length&quot;:&quot;0&quot;,&quot;iso&quot;:&quot;0&quot;,&quot;shutter_speed&quot;:&quot;0&quot;,&quot;title&quot;:&quot;&quot;,&quot;orientation&quot;:&quot;0&quot;}\" data-image-title=\"Bildschirmfoto_31-10-2024_14329_www.dpsskis.com_\" data-image-description=\"\" data-image-caption=\"\" data-medium-file=\"https:\/\/www.bergundtal.com\/wp-content\/uploads\/2024\/11\/Bildschirmfoto_31-10-2024_14329_www.dpsskis.com_-300x167.jpg\" data-large-file=\"https:\/\/www.bergundtal.com\/wp-content\/uploads\/2024\/11\/Bildschirmfoto_31-10-2024_14329_www.dpsskis.com_-1024x571.jpg\" decoding=\"async\" loading=\"lazy\" width=\"1024\" height=\"571\" src=\"https:\/\/www.bergundtal.com\/wp-content\/uploads\/2024\/11\/Bildschirmfoto_31-10-2024_14329_www.dpsskis.com_-1024x571.jpg\" alt=\"\" class=\"wp-image-24839\" srcset=\"https:\/\/www.bergundtal.com\/wp-content\/uploads\/2024\/11\/Bildschirmfoto_31-10-2024_14329_www.dpsskis.com_-1024x571.jpg 1024w, https:\/\/www.bergundtal.com\/wp-content\/uploads\/2024\/11\/Bildschirmfoto_31-10-2024_14329_www.dpsskis.com_-300x167.jpg 300w, https:\/\/www.bergundtal.com\/wp-content\/uploads\/2024\/11\/Bildschirmfoto_31-10-2024_14329_www.dpsskis.com_-768x428.jpg 768w, https:\/\/www.bergundtal.com\/wp-content\/uploads\/2024\/11\/Bildschirmfoto_31-10-2024_14329_www.dpsskis.com_-700x390.jpg 700w, https:\/\/www.bergundtal.com\/wp-content\/uploads\/2024\/11\/Bildschirmfoto_31-10-2024_14329_www.dpsskis.com_-332x185.jpg 332w, https:\/\/www.bergundtal.com\/wp-content\/uploads\/2024\/11\/Bildschirmfoto_31-10-2024_14329_www.dpsskis.com_.jpg 1461w\" sizes=\"(max-width: 1024px) 100vw, 1024px\" \/><\/a><\/figure>\n\n\n\n<p><strong>DPS bietet auch von ATK stammenden Bindungen an<\/strong>; bei DPS hei\u00dfen sie<strong> F15, H10<\/strong> und <strong>L10<\/strong>, die F15 Bindung wiegt 390 g, die H10 Bindung 300g und die L10 nur 200 g, allerdings dann ohne Skibremse.<\/p>\n\n\n\n<figure data-carousel-extra='{\"blog_id\":1,\"permalink\":\"https:\\\/\\\/www.bergundtal.com\\\/?p=24836\"}'  class=\"is-layout-flex wp-block-gallery-1 wp-block-gallery has-nested-images columns-default is-cropped\">\n<figure class=\"wp-block-image size-large\"><a href=\"https:\/\/www.bergundtal.com\/wp-content\/uploads\/2024\/11\/Bildschirmfoto_31-10-2024_145456_www.dpsskis.com_-1.jpg\"><img data-attachment-id=\"24846\" data-permalink=\"https:\/\/www.bergundtal.com\/?attachment_id=24846\" data-orig-file=\"https:\/\/www.bergundtal.com\/wp-content\/uploads\/2024\/11\/Bildschirmfoto_31-10-2024_145456_www.dpsskis.com_-1.jpg\" data-orig-size=\"861,1600\" data-comments-opened=\"0\" data-image-meta=\"{&quot;aperture&quot;:&quot;0&quot;,&quot;credit&quot;:&quot;Picasa&quot;,&quot;camera&quot;:&quot;&quot;,&quot;caption&quot;:&quot;&quot;,&quot;created_timestamp&quot;:&quot;1730386498&quot;,&quot;copyright&quot;:&quot;&quot;,&quot;focal_length&quot;:&quot;0&quot;,&quot;iso&quot;:&quot;0&quot;,&quot;shutter_speed&quot;:&quot;0&quot;,&quot;title&quot;:&quot;&quot;,&quot;orientation&quot;:&quot;0&quot;}\" data-image-title=\"Bildschirmfoto_31-10-2024_145456_www.dpsskis.com_-1\" data-image-description=\"\" data-image-caption=\"\" data-medium-file=\"https:\/\/www.bergundtal.com\/wp-content\/uploads\/2024\/11\/Bildschirmfoto_31-10-2024_145456_www.dpsskis.com_-1-161x300.jpg\" data-large-file=\"https:\/\/www.bergundtal.com\/wp-content\/uploads\/2024\/11\/Bildschirmfoto_31-10-2024_145456_www.dpsskis.com_-1-551x1024.jpg\" decoding=\"async\" loading=\"lazy\" width=\"551\" height=\"1024\" data-id=\"24846\"  src=\"https:\/\/www.bergundtal.com\/wp-content\/uploads\/2024\/11\/Bildschirmfoto_31-10-2024_145456_www.dpsskis.com_-1-551x1024.jpg\" alt=\"\" class=\"wp-image-24846\" srcset=\"https:\/\/www.bergundtal.com\/wp-content\/uploads\/2024\/11\/Bildschirmfoto_31-10-2024_145456_www.dpsskis.com_-1-551x1024.jpg 551w, https:\/\/www.bergundtal.com\/wp-content\/uploads\/2024\/11\/Bildschirmfoto_31-10-2024_145456_www.dpsskis.com_-1-161x300.jpg 161w, https:\/\/www.bergundtal.com\/wp-content\/uploads\/2024\/11\/Bildschirmfoto_31-10-2024_145456_www.dpsskis.com_-1-768x1427.jpg 768w, https:\/\/www.bergundtal.com\/wp-content\/uploads\/2024\/11\/Bildschirmfoto_31-10-2024_145456_www.dpsskis.com_-1-827x1536.jpg 827w, https:\/\/www.bergundtal.com\/wp-content\/uploads\/2024\/11\/Bildschirmfoto_31-10-2024_145456_www.dpsskis.com_-1-700x1301.jpg 700w, https:\/\/www.bergundtal.com\/wp-content\/uploads\/2024\/11\/Bildschirmfoto_31-10-2024_145456_www.dpsskis.com_-1-332x617.jpg 332w, https:\/\/www.bergundtal.com\/wp-content\/uploads\/2024\/11\/Bildschirmfoto_31-10-2024_145456_www.dpsskis.com_-1.jpg 861w\" sizes=\"(max-width: 551px) 100vw, 551px\" \/><\/a><\/figure>\n\n\n\n<figure class=\"wp-block-image size-large\"><a href=\"https:\/\/www.bergundtal.com\/wp-content\/uploads\/2024\/11\/Bildschirmfoto_31-10-2024_14585_www.dpsskis.com_.jpg\"><img data-attachment-id=\"24845\" data-permalink=\"https:\/\/www.bergundtal.com\/?attachment_id=24845\" data-orig-file=\"https:\/\/www.bergundtal.com\/wp-content\/uploads\/2024\/11\/Bildschirmfoto_31-10-2024_14585_www.dpsskis.com_.jpg\" data-orig-size=\"643,1600\" data-comments-opened=\"0\" data-image-meta=\"{&quot;aperture&quot;:&quot;0&quot;,&quot;credit&quot;:&quot;Picasa&quot;,&quot;camera&quot;:&quot;&quot;,&quot;caption&quot;:&quot;&quot;,&quot;created_timestamp&quot;:&quot;1730386686&quot;,&quot;copyright&quot;:&quot;&quot;,&quot;focal_length&quot;:&quot;0&quot;,&quot;iso&quot;:&quot;0&quot;,&quot;shutter_speed&quot;:&quot;0&quot;,&quot;title&quot;:&quot;&quot;,&quot;orientation&quot;:&quot;0&quot;}\" data-image-title=\"Bildschirmfoto_31-10-2024_14585_www.dpsskis.com_\" data-image-description=\"\" data-image-caption=\"\" data-medium-file=\"https:\/\/www.bergundtal.com\/wp-content\/uploads\/2024\/11\/Bildschirmfoto_31-10-2024_14585_www.dpsskis.com_-121x300.jpg\" data-large-file=\"https:\/\/www.bergundtal.com\/wp-content\/uploads\/2024\/11\/Bildschirmfoto_31-10-2024_14585_www.dpsskis.com_-412x1024.jpg\" decoding=\"async\" loading=\"lazy\" width=\"412\" height=\"1024\" data-id=\"24845\"  src=\"https:\/\/www.bergundtal.com\/wp-content\/uploads\/2024\/11\/Bildschirmfoto_31-10-2024_14585_www.dpsskis.com_-412x1024.jpg\" alt=\"\" class=\"wp-image-24845\" srcset=\"https:\/\/www.bergundtal.com\/wp-content\/uploads\/2024\/11\/Bildschirmfoto_31-10-2024_14585_www.dpsskis.com_-412x1024.jpg 412w, https:\/\/www.bergundtal.com\/wp-content\/uploads\/2024\/11\/Bildschirmfoto_31-10-2024_14585_www.dpsskis.com_-121x300.jpg 121w, https:\/\/www.bergundtal.com\/wp-content\/uploads\/2024\/11\/Bildschirmfoto_31-10-2024_14585_www.dpsskis.com_-332x826.jpg 332w, https:\/\/www.bergundtal.com\/wp-content\/uploads\/2024\/11\/Bildschirmfoto_31-10-2024_14585_www.dpsskis.com_.jpg 643w\" sizes=\"(max-width: 412px) 100vw, 412px\" \/><\/a><\/figure>\n<\/figure>\n\n\n\n<figure class=\"wp-block-image size-full is-resized\"><a href=\"https:\/\/www.bergundtal.com\/wp-content\/uploads\/2024\/11\/Bildschirmfoto_31-10-2024_145956_www.dpsskis.com_-1.jpg\"><img data-attachment-id=\"24847\" data-permalink=\"https:\/\/www.bergundtal.com\/?attachment_id=24847\" data-orig-file=\"https:\/\/www.bergundtal.com\/wp-content\/uploads\/2024\/11\/Bildschirmfoto_31-10-2024_145956_www.dpsskis.com_-1.jpg\" data-orig-size=\"611,451\" data-comments-opened=\"0\" data-image-meta=\"{&quot;aperture&quot;:&quot;0&quot;,&quot;credit&quot;:&quot;Picasa&quot;,&quot;camera&quot;:&quot;&quot;,&quot;caption&quot;:&quot;&quot;,&quot;created_timestamp&quot;:&quot;1730383197&quot;,&quot;copyright&quot;:&quot;&quot;,&quot;focal_length&quot;:&quot;0&quot;,&quot;iso&quot;:&quot;0&quot;,&quot;shutter_speed&quot;:&quot;0&quot;,&quot;title&quot;:&quot;&quot;,&quot;orientation&quot;:&quot;0&quot;}\" data-image-title=\"Bildschirmfoto_31-10-2024_145956_www.dpsskis.com_-1\" data-image-description=\"\" data-image-caption=\"\" data-medium-file=\"https:\/\/www.bergundtal.com\/wp-content\/uploads\/2024\/11\/Bildschirmfoto_31-10-2024_145956_www.dpsskis.com_-1-300x221.jpg\" data-large-file=\"https:\/\/www.bergundtal.com\/wp-content\/uploads\/2024\/11\/Bildschirmfoto_31-10-2024_145956_www.dpsskis.com_-1.jpg\" decoding=\"async\" loading=\"lazy\" src=\"https:\/\/www.bergundtal.com\/wp-content\/uploads\/2024\/11\/Bildschirmfoto_31-10-2024_145956_www.dpsskis.com_-1.jpg\" alt=\"\" class=\"wp-image-24847\" width=\"611\" height=\"451\" srcset=\"https:\/\/www.bergundtal.com\/wp-content\/uploads\/2024\/11\/Bildschirmfoto_31-10-2024_145956_www.dpsskis.com_-1.jpg 611w, https:\/\/www.bergundtal.com\/wp-content\/uploads\/2024\/11\/Bildschirmfoto_31-10-2024_145956_www.dpsskis.com_-1-300x221.jpg 300w, https:\/\/www.bergundtal.com\/wp-content\/uploads\/2024\/11\/Bildschirmfoto_31-10-2024_145956_www.dpsskis.com_-1-332x245.jpg 332w\" sizes=\"(max-width: 611px) 100vw, 611px\" \/><\/a><\/figure>\n\n\n\n<h3 class=\"has-text-color has-background\" style=\"color:#3515a1;background-color:#d1d7de\"><strong>MAJESTY Tourenski<\/strong><\/h3>\n\n\n\n<p>Die neue Tourenskikollektion von MAJESTY besteht aus 2 Serien; einmal die Ski ohne und einmal die Ski mit Carbon-Verst\u00e4rkung. <br>Alle Ski haben eine sog. Semi Hybrid Konstruktion &#8211; <em>eine Rockerschaufel in Kombination mit sonst traditioneller Vorspannung ( Camber Baueise) und einem relativ schmalen leicht aufgebogenen Ende<\/em>, einen Paulownia Holzkern mit eingearbeiteter Textolite Platte und 1Triax- und 1Biax Fiberglas bzw. Carbonmatten zur Stabilisierung.<br><strong>Die Ski ohne Carbon Verst\u00e4rkung kosten UVP 699,- \u20ac, die Ski mit Carbon 849,- \u20ac<\/strong> &#8211; <em>ein ganz einfache und sehr \u00fcbersichtliche Preisstaffelung!<\/em><\/p>\n\n\n\n<p class=\"has-text-color\" style=\"color:#182294\"><span style=\"text-decoration: underline;\"><strong>Majesty Tourenski <\/strong>ohne Carbon<\/span><\/p>\n\n\n\n<figure class=\"wp-block-image size-large\"><a href=\"https:\/\/www.bergundtal.com\/wp-content\/uploads\/2024\/11\/Bildschirmfoto_31-10-2024_15221_majestyskis.com_.jpg\"><img data-attachment-id=\"24857\" data-permalink=\"https:\/\/www.bergundtal.com\/?attachment_id=24857\" data-orig-file=\"https:\/\/www.bergundtal.com\/wp-content\/uploads\/2024\/11\/Bildschirmfoto_31-10-2024_15221_majestyskis.com_.jpg\" data-orig-size=\"1600,713\" data-comments-opened=\"0\" data-image-meta=\"{&quot;aperture&quot;:&quot;0&quot;,&quot;credit&quot;:&quot;Picasa&quot;,&quot;camera&quot;:&quot;&quot;,&quot;caption&quot;:&quot;&quot;,&quot;created_timestamp&quot;:&quot;1730384523&quot;,&quot;copyright&quot;:&quot;&quot;,&quot;focal_length&quot;:&quot;0&quot;,&quot;iso&quot;:&quot;0&quot;,&quot;shutter_speed&quot;:&quot;0&quot;,&quot;title&quot;:&quot;&quot;,&quot;orientation&quot;:&quot;0&quot;}\" data-image-title=\"Bildschirmfoto_31-10-2024_15221_majestyskis.com_\" data-image-description=\"\" data-image-caption=\"\" data-medium-file=\"https:\/\/www.bergundtal.com\/wp-content\/uploads\/2024\/11\/Bildschirmfoto_31-10-2024_15221_majestyskis.com_-300x134.jpg\" data-large-file=\"https:\/\/www.bergundtal.com\/wp-content\/uploads\/2024\/11\/Bildschirmfoto_31-10-2024_15221_majestyskis.com_-1024x456.jpg\" decoding=\"async\" loading=\"lazy\" width=\"1024\" height=\"456\" src=\"https:\/\/www.bergundtal.com\/wp-content\/uploads\/2024\/11\/Bildschirmfoto_31-10-2024_15221_majestyskis.com_-1024x456.jpg\" alt=\"\" class=\"wp-image-24857\" srcset=\"https:\/\/www.bergundtal.com\/wp-content\/uploads\/2024\/11\/Bildschirmfoto_31-10-2024_15221_majestyskis.com_-1024x456.jpg 1024w, https:\/\/www.bergundtal.com\/wp-content\/uploads\/2024\/11\/Bildschirmfoto_31-10-2024_15221_majestyskis.com_-300x134.jpg 300w, https:\/\/www.bergundtal.com\/wp-content\/uploads\/2024\/11\/Bildschirmfoto_31-10-2024_15221_majestyskis.com_-768x342.jpg 768w, https:\/\/www.bergundtal.com\/wp-content\/uploads\/2024\/11\/Bildschirmfoto_31-10-2024_15221_majestyskis.com_-1536x684.jpg 1536w, https:\/\/www.bergundtal.com\/wp-content\/uploads\/2024\/11\/Bildschirmfoto_31-10-2024_15221_majestyskis.com_-700x312.jpg 700w, https:\/\/www.bergundtal.com\/wp-content\/uploads\/2024\/11\/Bildschirmfoto_31-10-2024_15221_majestyskis.com_-332x148.jpg 332w, https:\/\/www.bergundtal.com\/wp-content\/uploads\/2024\/11\/Bildschirmfoto_31-10-2024_15221_majestyskis.com_.jpg 1600w\" sizes=\"(max-width: 1024px) 100vw, 1024px\" \/><\/a><\/figure>\n\n\n\n<p class=\"has-text-color\" style=\"color:#2418a3\"><strong><span style=\"text-decoration: underline;\">Majesty Superwolf<\/span><\/strong><\/p>\n\n\n\n<div class=\"wp-block-jetpack-slideshow aligncenter\" data-effect=\"slide\"><div class=\"wp-block-jetpack-slideshow_container swiper-container\"><ul class=\"wp-block-jetpack-slideshow_swiper-wrapper swiper-wrapper\"><li class=\"wp-block-jetpack-slideshow_slide swiper-slide\"><figure><img decoding=\"async\" loading=\"lazy\" width=\"1228\" height=\"1600\" alt=\"\" class=\"wp-block-jetpack-slideshow_image wp-image-24858\" data-id=\"24858\" src=\"https:\/\/www.bergundtal.com\/wp-content\/uploads\/2024\/11\/1157-1.jpg\" srcset=\"https:\/\/www.bergundtal.com\/wp-content\/uploads\/2024\/11\/1157-1.jpg 1228w, https:\/\/www.bergundtal.com\/wp-content\/uploads\/2024\/11\/1157-1-230x300.jpg 230w, https:\/\/www.bergundtal.com\/wp-content\/uploads\/2024\/11\/1157-1-786x1024.jpg 786w, https:\/\/www.bergundtal.com\/wp-content\/uploads\/2024\/11\/1157-1-768x1001.jpg 768w, https:\/\/www.bergundtal.com\/wp-content\/uploads\/2024\/11\/1157-1-1179x1536.jpg 1179w, https:\/\/www.bergundtal.com\/wp-content\/uploads\/2024\/11\/1157-1-700x912.jpg 700w, https:\/\/www.bergundtal.com\/wp-content\/uploads\/2024\/11\/1157-1-332x433.jpg 332w\" sizes=\"(max-width: 1228px) 100vw, 1228px\" \/><figcaption class=\"wp-block-jetpack-slideshow_caption gallery-caption\">Majesty Superwolf<\/figcaption><\/figure><\/li><li class=\"wp-block-jetpack-slideshow_slide swiper-slide\"><figure><img decoding=\"async\" loading=\"lazy\" width=\"817\" height=\"566\" alt=\"\" class=\"wp-block-jetpack-slideshow_image wp-image-24859\" data-id=\"24859\" src=\"https:\/\/www.bergundtal.com\/wp-content\/uploads\/2024\/11\/Bildschirmfoto_1-11-2024_20224_majestyskis.com_.jpg\" srcset=\"https:\/\/www.bergundtal.com\/wp-content\/uploads\/2024\/11\/Bildschirmfoto_1-11-2024_20224_majestyskis.com_.jpg 817w, https:\/\/www.bergundtal.com\/wp-content\/uploads\/2024\/11\/Bildschirmfoto_1-11-2024_20224_majestyskis.com_-300x208.jpg 300w, https:\/\/www.bergundtal.com\/wp-content\/uploads\/2024\/11\/Bildschirmfoto_1-11-2024_20224_majestyskis.com_-768x532.jpg 768w, https:\/\/www.bergundtal.com\/wp-content\/uploads\/2024\/11\/Bildschirmfoto_1-11-2024_20224_majestyskis.com_-700x485.jpg 700w, https:\/\/www.bergundtal.com\/wp-content\/uploads\/2024\/11\/Bildschirmfoto_1-11-2024_20224_majestyskis.com_-332x230.jpg 332w\" sizes=\"(max-width: 817px) 100vw, 817px\" \/><figcaption class=\"wp-block-jetpack-slideshow_caption gallery-caption\">Superwolf Aufbau<\/figcaption><\/figure><\/li><li class=\"wp-block-jetpack-slideshow_slide swiper-slide\"><figure><img decoding=\"async\" loading=\"lazy\" width=\"1107\" height=\"329\" alt=\"\" class=\"wp-block-jetpack-slideshow_image wp-image-24860\" data-id=\"24860\" src=\"https:\/\/www.bergundtal.com\/wp-content\/uploads\/2024\/11\/Bildschirmfoto_1-11-2024_20031_majestyskis.com_.jpg\" srcset=\"https:\/\/www.bergundtal.com\/wp-content\/uploads\/2024\/11\/Bildschirmfoto_1-11-2024_20031_majestyskis.com_.jpg 1107w, https:\/\/www.bergundtal.com\/wp-content\/uploads\/2024\/11\/Bildschirmfoto_1-11-2024_20031_majestyskis.com_-300x89.jpg 300w, https:\/\/www.bergundtal.com\/wp-content\/uploads\/2024\/11\/Bildschirmfoto_1-11-2024_20031_majestyskis.com_-1024x304.jpg 1024w, https:\/\/www.bergundtal.com\/wp-content\/uploads\/2024\/11\/Bildschirmfoto_1-11-2024_20031_majestyskis.com_-768x228.jpg 768w, https:\/\/www.bergundtal.com\/wp-content\/uploads\/2024\/11\/Bildschirmfoto_1-11-2024_20031_majestyskis.com_-700x208.jpg 700w, https:\/\/www.bergundtal.com\/wp-content\/uploads\/2024\/11\/Bildschirmfoto_1-11-2024_20031_majestyskis.com_-332x99.jpg 332w\" sizes=\"(max-width: 1107px) 100vw, 1107px\" \/><figcaption class=\"wp-block-jetpack-slideshow_caption gallery-caption\">Superwolf Ma\u00dfe<\/figcaption><\/figure><\/li><\/ul><a class=\"wp-block-jetpack-slideshow_button-prev swiper-button-prev swiper-button-white\" role=\"button\"><\/a><a class=\"wp-block-jetpack-slideshow_button-next swiper-button-next swiper-button-white\" role=\"button\"><\/a><a aria-label=\"Pause Slideshow\" class=\"wp-block-jetpack-slideshow_button-pause\" role=\"button\"><\/a><div class=\"wp-block-jetpack-slideshow_pagination swiper-pagination swiper-pagination-white\"><\/div><\/div><\/div>\n\n\n\n<p class=\"has-text-color\" style=\"color:#3f1aa5\"><span style=\"text-decoration: underline;\"><strong>Majesty Tourenski<\/strong> mit Carbon<\/span><\/p>\n\n\n\n<figure class=\"wp-block-image size-large\"><a href=\"https:\/\/www.bergundtal.com\/wp-content\/uploads\/2024\/11\/Bildschirmfoto_31-10-2024_152418_majestyskis.com_-1.jpg\"><img data-attachment-id=\"24862\" data-permalink=\"https:\/\/www.bergundtal.com\/?attachment_id=24862\" data-orig-file=\"https:\/\/www.bergundtal.com\/wp-content\/uploads\/2024\/11\/Bildschirmfoto_31-10-2024_152418_majestyskis.com_-1.jpg\" data-orig-size=\"1600,776\" data-comments-opened=\"0\" data-image-meta=\"{&quot;aperture&quot;:&quot;0&quot;,&quot;credit&quot;:&quot;Picasa&quot;,&quot;camera&quot;:&quot;&quot;,&quot;caption&quot;:&quot;&quot;,&quot;created_timestamp&quot;:&quot;1730384659&quot;,&quot;copyright&quot;:&quot;&quot;,&quot;focal_length&quot;:&quot;0&quot;,&quot;iso&quot;:&quot;0&quot;,&quot;shutter_speed&quot;:&quot;0&quot;,&quot;title&quot;:&quot;&quot;,&quot;orientation&quot;:&quot;0&quot;}\" data-image-title=\"Bildschirmfoto_31-10-2024_152418_majestyskis.com_-1\" data-image-description=\"\" data-image-caption=\"\" data-medium-file=\"https:\/\/www.bergundtal.com\/wp-content\/uploads\/2024\/11\/Bildschirmfoto_31-10-2024_152418_majestyskis.com_-1-300x146.jpg\" data-large-file=\"https:\/\/www.bergundtal.com\/wp-content\/uploads\/2024\/11\/Bildschirmfoto_31-10-2024_152418_majestyskis.com_-1-1024x497.jpg\" decoding=\"async\" loading=\"lazy\" width=\"1024\" height=\"497\" src=\"https:\/\/www.bergundtal.com\/wp-content\/uploads\/2024\/11\/Bildschirmfoto_31-10-2024_152418_majestyskis.com_-1-1024x497.jpg\" alt=\"\" class=\"wp-image-24862\" srcset=\"https:\/\/www.bergundtal.com\/wp-content\/uploads\/2024\/11\/Bildschirmfoto_31-10-2024_152418_majestyskis.com_-1-1024x497.jpg 1024w, https:\/\/www.bergundtal.com\/wp-content\/uploads\/2024\/11\/Bildschirmfoto_31-10-2024_152418_majestyskis.com_-1-300x146.jpg 300w, https:\/\/www.bergundtal.com\/wp-content\/uploads\/2024\/11\/Bildschirmfoto_31-10-2024_152418_majestyskis.com_-1-768x372.jpg 768w, https:\/\/www.bergundtal.com\/wp-content\/uploads\/2024\/11\/Bildschirmfoto_31-10-2024_152418_majestyskis.com_-1-1536x745.jpg 1536w, https:\/\/www.bergundtal.com\/wp-content\/uploads\/2024\/11\/Bildschirmfoto_31-10-2024_152418_majestyskis.com_-1-700x340.jpg 700w, https:\/\/www.bergundtal.com\/wp-content\/uploads\/2024\/11\/Bildschirmfoto_31-10-2024_152418_majestyskis.com_-1-332x161.jpg 332w, https:\/\/www.bergundtal.com\/wp-content\/uploads\/2024\/11\/Bildschirmfoto_31-10-2024_152418_majestyskis.com_-1.jpg 1600w\" sizes=\"(max-width: 1024px) 100vw, 1024px\" \/><\/a><\/figure>\n\n\n<div class=\"wp-block-image\">\n<figure class=\"aligncenter size-full is-resized\"><a href=\"https:\/\/www.bergundtal.com\/wp-content\/uploads\/2024\/11\/supernova-carbon.jpg\"><img data-attachment-id=\"24863\" data-permalink=\"https:\/\/www.bergundtal.com\/?attachment_id=24863\" data-orig-file=\"https:\/\/www.bergundtal.com\/wp-content\/uploads\/2024\/11\/supernova-carbon.jpg\" data-orig-size=\"800,800\" data-comments-opened=\"0\" data-image-meta=\"{&quot;aperture&quot;:&quot;0&quot;,&quot;credit&quot;:&quot;Picasa&quot;,&quot;camera&quot;:&quot;&quot;,&quot;caption&quot;:&quot;&quot;,&quot;created_timestamp&quot;:&quot;1730383681&quot;,&quot;copyright&quot;:&quot;&quot;,&quot;focal_length&quot;:&quot;0&quot;,&quot;iso&quot;:&quot;0&quot;,&quot;shutter_speed&quot;:&quot;0&quot;,&quot;title&quot;:&quot;&quot;,&quot;orientation&quot;:&quot;0&quot;}\" data-image-title=\"supernova-carbon\" data-image-description=\"\" data-image-caption=\"\" data-medium-file=\"https:\/\/www.bergundtal.com\/wp-content\/uploads\/2024\/11\/supernova-carbon-300x300.jpg\" data-large-file=\"https:\/\/www.bergundtal.com\/wp-content\/uploads\/2024\/11\/supernova-carbon.jpg\" decoding=\"async\" loading=\"lazy\" src=\"https:\/\/www.bergundtal.com\/wp-content\/uploads\/2024\/11\/supernova-carbon.jpg\" alt=\"\" class=\"wp-image-24863\" width=\"363\" height=\"363\" srcset=\"https:\/\/www.bergundtal.com\/wp-content\/uploads\/2024\/11\/supernova-carbon.jpg 800w, https:\/\/www.bergundtal.com\/wp-content\/uploads\/2024\/11\/supernova-carbon-300x300.jpg 300w, https:\/\/www.bergundtal.com\/wp-content\/uploads\/2024\/11\/supernova-carbon-150x150.jpg 150w, https:\/\/www.bergundtal.com\/wp-content\/uploads\/2024\/11\/supernova-carbon-768x768.jpg 768w, https:\/\/www.bergundtal.com\/wp-content\/uploads\/2024\/11\/supernova-carbon-700x700.jpg 700w, https:\/\/www.bergundtal.com\/wp-content\/uploads\/2024\/11\/supernova-carbon-332x332.jpg 332w, https:\/\/www.bergundtal.com\/wp-content\/uploads\/2024\/11\/supernova-carbon-432x432.jpg 432w, https:\/\/www.bergundtal.com\/wp-content\/uploads\/2024\/11\/supernova-carbon-268x268.jpg 268w\" sizes=\"(max-width: 363px) 100vw, 363px\" \/><\/a><figcaption class=\"wp-element-caption\"><em>Supernova Carbon<\/em><\/figcaption><\/figure><\/div>\n\n\n<p><strong><mark style=\"background-color:rgba(0, 0, 0, 0);color:#202299\" class=\"has-inline-color\"><span style=\"text-decoration: underline;\">Majesty Superwolf Carbon<\/span><\/mark><\/strong><\/p>\n\n\n\n<div class=\"wp-block-jetpack-slideshow aligncenter\" data-effect=\"slide\"><div class=\"wp-block-jetpack-slideshow_container swiper-container\"><ul class=\"wp-block-jetpack-slideshow_swiper-wrapper swiper-wrapper\"><li class=\"wp-block-jetpack-slideshow_slide swiper-slide\"><figure><img decoding=\"async\" loading=\"lazy\" width=\"817\" height=\"1024\" alt=\"\" class=\"wp-block-jetpack-slideshow_image wp-image-24864\" data-id=\"24864\" src=\"https:\/\/www.bergundtal.com\/wp-content\/uploads\/2024\/11\/1155-817x1024.jpg\" srcset=\"https:\/\/www.bergundtal.com\/wp-content\/uploads\/2024\/11\/1155-817x1024.jpg 817w, https:\/\/www.bergundtal.com\/wp-content\/uploads\/2024\/11\/1155-239x300.jpg 239w, https:\/\/www.bergundtal.com\/wp-content\/uploads\/2024\/11\/1155-768x963.jpg 768w, https:\/\/www.bergundtal.com\/wp-content\/uploads\/2024\/11\/1155-1226x1536.jpg 1226w, https:\/\/www.bergundtal.com\/wp-content\/uploads\/2024\/11\/1155-700x877.jpg 700w, https:\/\/www.bergundtal.com\/wp-content\/uploads\/2024\/11\/1155-332x416.jpg 332w, https:\/\/www.bergundtal.com\/wp-content\/uploads\/2024\/11\/1155.jpg 1275w\" sizes=\"(max-width: 817px) 100vw, 817px\" \/><figcaption class=\"wp-block-jetpack-slideshow_caption gallery-caption\">Majesty Superwolf Carbon<\/figcaption><\/figure><\/li><li class=\"wp-block-jetpack-slideshow_slide swiper-slide\"><figure><img decoding=\"async\" loading=\"lazy\" width=\"766\" height=\"533\" alt=\"\" class=\"wp-block-jetpack-slideshow_image wp-image-24866\" data-id=\"24866\" src=\"https:\/\/www.bergundtal.com\/wp-content\/uploads\/2024\/11\/Bildschirmfoto_1-11-2024_20739_majestyskis.com_.jpg\" srcset=\"https:\/\/www.bergundtal.com\/wp-content\/uploads\/2024\/11\/Bildschirmfoto_1-11-2024_20739_majestyskis.com_.jpg 766w, https:\/\/www.bergundtal.com\/wp-content\/uploads\/2024\/11\/Bildschirmfoto_1-11-2024_20739_majestyskis.com_-300x209.jpg 300w, https:\/\/www.bergundtal.com\/wp-content\/uploads\/2024\/11\/Bildschirmfoto_1-11-2024_20739_majestyskis.com_-700x487.jpg 700w, https:\/\/www.bergundtal.com\/wp-content\/uploads\/2024\/11\/Bildschirmfoto_1-11-2024_20739_majestyskis.com_-332x231.jpg 332w\" sizes=\"(max-width: 766px) 100vw, 766px\" \/><figcaption class=\"wp-block-jetpack-slideshow_caption gallery-caption\">Superwolf Carbon Aufbau<\/figcaption><\/figure><\/li><li class=\"wp-block-jetpack-slideshow_slide swiper-slide\"><figure><img decoding=\"async\" loading=\"lazy\" width=\"1024\" height=\"322\" alt=\"\" class=\"wp-block-jetpack-slideshow_image wp-image-24865\" data-id=\"24865\" src=\"https:\/\/www.bergundtal.com\/wp-content\/uploads\/2024\/11\/Bildschirmfoto_1-11-2024_20101_majestyskis.com_-1024x322.jpg\" srcset=\"https:\/\/www.bergundtal.com\/wp-content\/uploads\/2024\/11\/Bildschirmfoto_1-11-2024_20101_majestyskis.com_-1024x322.jpg 1024w, https:\/\/www.bergundtal.com\/wp-content\/uploads\/2024\/11\/Bildschirmfoto_1-11-2024_20101_majestyskis.com_-300x94.jpg 300w, https:\/\/www.bergundtal.com\/wp-content\/uploads\/2024\/11\/Bildschirmfoto_1-11-2024_20101_majestyskis.com_-768x241.jpg 768w, https:\/\/www.bergundtal.com\/wp-content\/uploads\/2024\/11\/Bildschirmfoto_1-11-2024_20101_majestyskis.com_-700x220.jpg 700w, https:\/\/www.bergundtal.com\/wp-content\/uploads\/2024\/11\/Bildschirmfoto_1-11-2024_20101_majestyskis.com_-332x104.jpg 332w, https:\/\/www.bergundtal.com\/wp-content\/uploads\/2024\/11\/Bildschirmfoto_1-11-2024_20101_majestyskis.com_.jpg 1110w\" sizes=\"(max-width: 1024px) 100vw, 1024px\" \/><figcaption class=\"wp-block-jetpack-slideshow_caption gallery-caption\">Superwolf Carbon Ma\u00dfe<\/figcaption><\/figure><\/li><\/ul><a class=\"wp-block-jetpack-slideshow_button-prev swiper-button-prev swiper-button-white\" role=\"button\"><\/a><a class=\"wp-block-jetpack-slideshow_button-next swiper-button-next swiper-button-white\" role=\"button\"><\/a><a aria-label=\"Pause Slideshow\" class=\"wp-block-jetpack-slideshow_button-pause\" role=\"button\"><\/a><div class=\"wp-block-jetpack-slideshow_pagination swiper-pagination swiper-pagination-white\"><\/div><\/div><\/div>\n\n\n\n<h3 class=\"has-text-color has-background\" style=\"color:#5018b1;background-color:#dae0e5\"><strong>Decathlon WILDER Tourenski-Set<\/strong><\/h3>\n\n\n\n<figure class=\"wp-block-image size-large\"><a href=\"https:\/\/www.bergundtal.com\/wp-content\/uploads\/2024\/11\/decathlon-tourenski-wilder-serie-image-15.jpg\"><img data-attachment-id=\"24872\" data-permalink=\"https:\/\/www.bergundtal.com\/?attachment_id=24872\" data-orig-file=\"https:\/\/www.bergundtal.com\/wp-content\/uploads\/2024\/11\/decathlon-tourenski-wilder-serie-image-15.jpg\" data-orig-size=\"1600,1067\" data-comments-opened=\"0\" data-image-meta=\"{&quot;aperture&quot;:&quot;0&quot;,&quot;credit&quot;:&quot;Picasa&quot;,&quot;camera&quot;:&quot;&quot;,&quot;caption&quot;:&quot;&quot;,&quot;created_timestamp&quot;:&quot;1730272874&quot;,&quot;copyright&quot;:&quot;&quot;,&quot;focal_length&quot;:&quot;0&quot;,&quot;iso&quot;:&quot;0&quot;,&quot;shutter_speed&quot;:&quot;0&quot;,&quot;title&quot;:&quot;&quot;,&quot;orientation&quot;:&quot;0&quot;}\" data-image-title=\"decathlon-tourenski-wilder-serie-image-15\" data-image-description=\"\" data-image-caption=\"\" data-medium-file=\"https:\/\/www.bergundtal.com\/wp-content\/uploads\/2024\/11\/decathlon-tourenski-wilder-serie-image-15-300x200.jpg\" data-large-file=\"https:\/\/www.bergundtal.com\/wp-content\/uploads\/2024\/11\/decathlon-tourenski-wilder-serie-image-15-1024x683.jpg\" decoding=\"async\" loading=\"lazy\" width=\"1024\" height=\"683\" src=\"https:\/\/www.bergundtal.com\/wp-content\/uploads\/2024\/11\/decathlon-tourenski-wilder-serie-image-15-1024x683.jpg\" alt=\"\" class=\"wp-image-24872\" srcset=\"https:\/\/www.bergundtal.com\/wp-content\/uploads\/2024\/11\/decathlon-tourenski-wilder-serie-image-15-1024x683.jpg 1024w, https:\/\/www.bergundtal.com\/wp-content\/uploads\/2024\/11\/decathlon-tourenski-wilder-serie-image-15-300x200.jpg 300w, https:\/\/www.bergundtal.com\/wp-content\/uploads\/2024\/11\/decathlon-tourenski-wilder-serie-image-15-768x512.jpg 768w, https:\/\/www.bergundtal.com\/wp-content\/uploads\/2024\/11\/decathlon-tourenski-wilder-serie-image-15-1536x1024.jpg 1536w, https:\/\/www.bergundtal.com\/wp-content\/uploads\/2024\/11\/decathlon-tourenski-wilder-serie-image-15-700x467.jpg 700w, https:\/\/www.bergundtal.com\/wp-content\/uploads\/2024\/11\/decathlon-tourenski-wilder-serie-image-15-332x221.jpg 332w, https:\/\/www.bergundtal.com\/wp-content\/uploads\/2024\/11\/decathlon-tourenski-wilder-serie-image-15.jpg 1600w\" sizes=\"(max-width: 1024px) 100vw, 1024px\" \/><\/a><figcaption class=\"wp-element-caption\">                                                               <strong><em>Decathlon WILDER Tourenski-Sets<\/em><\/strong><\/figcaption><\/figure>\n\n\n\n<p><strong><span style=\"text-decoration: underline;\">Decathlon<\/span><\/strong> bringt mit der WILDER Tourenski-Serie eine Gruppe sehr interessanter Tourenski-Sets auf den Markt: 3 Modelle,<strong> WILDER 85, WILDER 95<\/strong> und <strong>WILDER 102<\/strong>  mit den Mittelbreite 85, 95 und 102 mm, jeweils ausgestattet mit der T<strong>yrolia Almonte 10 Pinbindung<\/strong> + passendem Fell (70&nbsp;% Mohair 30&nbsp;% Synthetik).<\/p>\n\n\n<div class=\"wp-block-image\">\n<figure class=\"aligncenter size-full is-resized\"><a href=\"https:\/\/www.bergundtal.com\/wp-content\/uploads\/2024\/11\/Screenshot-2024-11-02-183401.jpg\"><img data-attachment-id=\"24873\" data-permalink=\"https:\/\/www.bergundtal.com\/?attachment_id=24873\" data-orig-file=\"https:\/\/www.bergundtal.com\/wp-content\/uploads\/2024\/11\/Screenshot-2024-11-02-183401.jpg\" data-orig-size=\"540,280\" data-comments-opened=\"0\" data-image-meta=\"{&quot;aperture&quot;:&quot;0&quot;,&quot;credit&quot;:&quot;Picasa&quot;,&quot;camera&quot;:&quot;&quot;,&quot;caption&quot;:&quot;&quot;,&quot;created_timestamp&quot;:&quot;1730569137&quot;,&quot;copyright&quot;:&quot;&quot;,&quot;focal_length&quot;:&quot;0&quot;,&quot;iso&quot;:&quot;0&quot;,&quot;shutter_speed&quot;:&quot;0&quot;,&quot;title&quot;:&quot;&quot;,&quot;orientation&quot;:&quot;0&quot;}\" data-image-title=\"Screenshot-2024-11-02-183401\" data-image-description=\"\" data-image-caption=\"\" data-medium-file=\"https:\/\/www.bergundtal.com\/wp-content\/uploads\/2024\/11\/Screenshot-2024-11-02-183401-300x156.jpg\" data-large-file=\"https:\/\/www.bergundtal.com\/wp-content\/uploads\/2024\/11\/Screenshot-2024-11-02-183401.jpg\" decoding=\"async\" loading=\"lazy\" src=\"https:\/\/www.bergundtal.com\/wp-content\/uploads\/2024\/11\/Screenshot-2024-11-02-183401.jpg\" alt=\"\" class=\"wp-image-24873\" width=\"743\" height=\"385\" srcset=\"https:\/\/www.bergundtal.com\/wp-content\/uploads\/2024\/11\/Screenshot-2024-11-02-183401.jpg 540w, https:\/\/www.bergundtal.com\/wp-content\/uploads\/2024\/11\/Screenshot-2024-11-02-183401-300x156.jpg 300w, https:\/\/www.bergundtal.com\/wp-content\/uploads\/2024\/11\/Screenshot-2024-11-02-183401-332x172.jpg 332w\" sizes=\"(max-width: 743px) 100vw, 743px\" \/><\/a><figcaption class=\"wp-element-caption\">                                 d<em><strong><mark style=\"background-color:rgba(0, 0, 0, 0);color:#ad1c1c\" class=\"has-inline-color\">as sind die Set Preise!<\/mark><\/strong><\/em><\/figcaption><\/figure><\/div>\n\n\n<p>\u201e<em><strong><span style=\"text-decoration: underline;\">Tourenski-Serie Wilder<\/span><\/strong>, die den h\u00f6chsten Anspr\u00fcchen erfahrener Tourengeher:innen gerecht wird. Mit drei verschiedenen Modellen \u2013 mit 85, 95 und 102 mm Mittelbreite \u2013 deckt die Serie ein breites Einsatzspektrum ab und bietet die perfekte Balance zwischen Aufstiegskomfort und Abfahrtsstabilit\u00e4t.<\/em><br><em>Der <strong>Wilder 85<\/strong> hat die vielseitigste Breite, mit dem du in jedem Gel\u00e4nde unterwegs sein kannst, und der ideale Ski f\u00fcr den Einstieg in das Skitourengehen abseits der ausgetretenen Pfade.<br>Der <strong>Wilder 95<\/strong> hat eine geradere Taillierung f\u00fcr maximalen Grip bei Schr\u00e4gfahrten oder steilen H\u00e4ngen. Der <strong>Wilder 102<\/strong> ist mit seiner Breite f\u00fcr Freeride-Abfahrten ideal.\u201c<\/em><\/p>\n\n\n\n<p><strong><mark style=\"background-color:rgba(0, 0, 0, 0);color:#2207e3\" class=\"has-inline-color\"><span style=\"text-decoration: underline;\">Tourenski Set Wilder 85<\/span><\/mark><\/strong><\/p>\n\n\n\n<figure class=\"wp-block-image size-large\"><a href=\"https:\/\/www.bergundtal.com\/wp-content\/uploads\/2024\/11\/tourenskiset-mit-bindungen-und-steigfellen-wilder-85.jpg\"><img data-attachment-id=\"24874\" data-permalink=\"https:\/\/www.bergundtal.com\/?attachment_id=24874\" data-orig-file=\"https:\/\/www.bergundtal.com\/wp-content\/uploads\/2024\/11\/tourenskiset-mit-bindungen-und-steigfellen-wilder-85.jpg\" data-orig-size=\"1098,1501\" data-comments-opened=\"0\" data-image-meta=\"{&quot;aperture&quot;:&quot;0&quot;,&quot;credit&quot;:&quot;Picasa&quot;,&quot;camera&quot;:&quot;&quot;,&quot;caption&quot;:&quot;&quot;,&quot;created_timestamp&quot;:&quot;1730622075&quot;,&quot;copyright&quot;:&quot;&quot;,&quot;focal_length&quot;:&quot;0&quot;,&quot;iso&quot;:&quot;0&quot;,&quot;shutter_speed&quot;:&quot;0&quot;,&quot;title&quot;:&quot;&quot;,&quot;orientation&quot;:&quot;0&quot;}\" data-image-title=\"tourenskiset-mit-bindungen-und-steigfellen-wilder-85\" data-image-description=\"\" data-image-caption=\"\" data-medium-file=\"https:\/\/www.bergundtal.com\/wp-content\/uploads\/2024\/11\/tourenskiset-mit-bindungen-und-steigfellen-wilder-85-219x300.jpg\" data-large-file=\"https:\/\/www.bergundtal.com\/wp-content\/uploads\/2024\/11\/tourenskiset-mit-bindungen-und-steigfellen-wilder-85-749x1024.jpg\" decoding=\"async\" loading=\"lazy\" width=\"749\" height=\"1024\" src=\"https:\/\/www.bergundtal.com\/wp-content\/uploads\/2024\/11\/tourenskiset-mit-bindungen-und-steigfellen-wilder-85-749x1024.jpg\" alt=\"\" class=\"wp-image-24874\" srcset=\"https:\/\/www.bergundtal.com\/wp-content\/uploads\/2024\/11\/tourenskiset-mit-bindungen-und-steigfellen-wilder-85-749x1024.jpg 749w, https:\/\/www.bergundtal.com\/wp-content\/uploads\/2024\/11\/tourenskiset-mit-bindungen-und-steigfellen-wilder-85-219x300.jpg 219w, https:\/\/www.bergundtal.com\/wp-content\/uploads\/2024\/11\/tourenskiset-mit-bindungen-und-steigfellen-wilder-85-768x1050.jpg 768w, https:\/\/www.bergundtal.com\/wp-content\/uploads\/2024\/11\/tourenskiset-mit-bindungen-und-steigfellen-wilder-85-700x957.jpg 700w, https:\/\/www.bergundtal.com\/wp-content\/uploads\/2024\/11\/tourenskiset-mit-bindungen-und-steigfellen-wilder-85-332x454.jpg 332w, https:\/\/www.bergundtal.com\/wp-content\/uploads\/2024\/11\/tourenskiset-mit-bindungen-und-steigfellen-wilder-85.jpg 1098w\" sizes=\"(max-width: 749px) 100vw, 749px\" \/><\/a><figcaption class=\"wp-element-caption\">                                                          <strong><em>Decathlon Skitourenset WILDER 85<\/em><\/strong><\/figcaption><\/figure>\n\n\n\n<p>Das Allroundmodell der neuen Decathlon Tourenski-Serie WILDER .<br>Skiaufbau: <em>Sandwich Konstruktion Paulownia Holzkern, Glasfaserverst\u00e4rkung, Tip<\/em>rocker.<em><br>Verf\u00fcgbare L\u00e4ngen 154, 161, 168, 176 cm. Taillierung 122 \/ 85 \/ 108, R 17 m \/ 168 cm.<br>Gewicht 168 cm \/ Paar 2600 g, Set \/ Paar 3250 g<\/em><\/p>\n\n\n\n<figure class=\"wp-block-image size-full\"><a href=\"https:\/\/www.bergundtal.com\/wp-content\/uploads\/2024\/11\/Bildschirmfoto_6-11-2024_163058_www.decathlon.de_.jpg\"><img data-attachment-id=\"24904\" data-permalink=\"https:\/\/www.bergundtal.com\/?attachment_id=24904\" data-orig-file=\"https:\/\/www.bergundtal.com\/wp-content\/uploads\/2024\/11\/Bildschirmfoto_6-11-2024_163058_www.decathlon.de_.jpg\" data-orig-size=\"747,608\" data-comments-opened=\"0\" data-image-meta=\"{&quot;aperture&quot;:&quot;0&quot;,&quot;credit&quot;:&quot;Picasa&quot;,&quot;camera&quot;:&quot;&quot;,&quot;caption&quot;:&quot;&quot;,&quot;created_timestamp&quot;:&quot;1730907059&quot;,&quot;copyright&quot;:&quot;&quot;,&quot;focal_length&quot;:&quot;0&quot;,&quot;iso&quot;:&quot;0&quot;,&quot;shutter_speed&quot;:&quot;0&quot;,&quot;title&quot;:&quot;&quot;,&quot;orientation&quot;:&quot;0&quot;}\" data-image-title=\"Bildschirmfoto_6-11-2024_163058_www.decathlon.de_\" data-image-description=\"\" data-image-caption=\"\" data-medium-file=\"https:\/\/www.bergundtal.com\/wp-content\/uploads\/2024\/11\/Bildschirmfoto_6-11-2024_163058_www.decathlon.de_-300x244.jpg\" data-large-file=\"https:\/\/www.bergundtal.com\/wp-content\/uploads\/2024\/11\/Bildschirmfoto_6-11-2024_163058_www.decathlon.de_.jpg\" decoding=\"async\" loading=\"lazy\" width=\"747\" height=\"608\" src=\"https:\/\/www.bergundtal.com\/wp-content\/uploads\/2024\/11\/Bildschirmfoto_6-11-2024_163058_www.decathlon.de_.jpg\" alt=\"\" class=\"wp-image-24904\" srcset=\"https:\/\/www.bergundtal.com\/wp-content\/uploads\/2024\/11\/Bildschirmfoto_6-11-2024_163058_www.decathlon.de_.jpg 747w, https:\/\/www.bergundtal.com\/wp-content\/uploads\/2024\/11\/Bildschirmfoto_6-11-2024_163058_www.decathlon.de_-300x244.jpg 300w, https:\/\/www.bergundtal.com\/wp-content\/uploads\/2024\/11\/Bildschirmfoto_6-11-2024_163058_www.decathlon.de_-700x570.jpg 700w, https:\/\/www.bergundtal.com\/wp-content\/uploads\/2024\/11\/Bildschirmfoto_6-11-2024_163058_www.decathlon.de_-332x270.jpg 332w\" sizes=\"(max-width: 747px) 100vw, 747px\" \/><\/a><\/figure>\n\n\n\n<p><br><em><strong>Tyrolia Almonte<\/strong>: InsertBindung\/Pinbindung, mit Stopper ausger\u00fcstet, Din Einstellbereich 4 -10, die Bindung ist auf einer Platte moniert, auf der sie zur passenden Einstellung auf den Schuh um 60mm verschoben werden kann, schmale Pin\u00f6ffnung zur optimalen Positionierung des Schuhs.  <\/em><br><strong>Set Preis 699,- \u20ac<\/strong><\/p>\n\n\n\n<figure data-carousel-extra='{\"blog_id\":1,\"permalink\":\"https:\\\/\\\/www.bergundtal.com\\\/?p=24836\"}'  class=\"is-layout-flex wp-block-gallery-3 wp-block-gallery has-nested-images columns-default is-cropped\">\n<figure class=\"wp-block-image size-large\"><a href=\"https:\/\/www.bergundtal.com\/wp-content\/uploads\/2024\/11\/Bildschirmfoto_6-11-2024_16350_www.decathlon.de_.jpg\"><img data-attachment-id=\"24901\" data-permalink=\"https:\/\/www.bergundtal.com\/?attachment_id=24901\" data-orig-file=\"https:\/\/www.bergundtal.com\/wp-content\/uploads\/2024\/11\/Bildschirmfoto_6-11-2024_16350_www.decathlon.de_.jpg\" data-orig-size=\"803,707\" data-comments-opened=\"0\" data-image-meta=\"{&quot;aperture&quot;:&quot;0&quot;,&quot;credit&quot;:&quot;Picasa&quot;,&quot;camera&quot;:&quot;&quot;,&quot;caption&quot;:&quot;&quot;,&quot;created_timestamp&quot;:&quot;1730907302&quot;,&quot;copyright&quot;:&quot;&quot;,&quot;focal_length&quot;:&quot;0&quot;,&quot;iso&quot;:&quot;0&quot;,&quot;shutter_speed&quot;:&quot;0&quot;,&quot;title&quot;:&quot;&quot;,&quot;orientation&quot;:&quot;0&quot;}\" data-image-title=\"Bildschirmfoto_6-11-2024_16350_www.decathlon.de_\" data-image-description=\"\" data-image-caption=\"\" data-medium-file=\"https:\/\/www.bergundtal.com\/wp-content\/uploads\/2024\/11\/Bildschirmfoto_6-11-2024_16350_www.decathlon.de_-300x264.jpg\" data-large-file=\"https:\/\/www.bergundtal.com\/wp-content\/uploads\/2024\/11\/Bildschirmfoto_6-11-2024_16350_www.decathlon.de_.jpg\" decoding=\"async\" loading=\"lazy\" width=\"803\" height=\"707\" data-id=\"24901\"  src=\"https:\/\/www.bergundtal.com\/wp-content\/uploads\/2024\/11\/Bildschirmfoto_6-11-2024_16350_www.decathlon.de_.jpg\" alt=\"\" class=\"wp-image-24901\" srcset=\"https:\/\/www.bergundtal.com\/wp-content\/uploads\/2024\/11\/Bildschirmfoto_6-11-2024_16350_www.decathlon.de_.jpg 803w, https:\/\/www.bergundtal.com\/wp-content\/uploads\/2024\/11\/Bildschirmfoto_6-11-2024_16350_www.decathlon.de_-300x264.jpg 300w, https:\/\/www.bergundtal.com\/wp-content\/uploads\/2024\/11\/Bildschirmfoto_6-11-2024_16350_www.decathlon.de_-768x676.jpg 768w, https:\/\/www.bergundtal.com\/wp-content\/uploads\/2024\/11\/Bildschirmfoto_6-11-2024_16350_www.decathlon.de_-700x616.jpg 700w, https:\/\/www.bergundtal.com\/wp-content\/uploads\/2024\/11\/Bildschirmfoto_6-11-2024_16350_www.decathlon.de_-332x292.jpg 332w\" sizes=\"(max-width: 803px) 100vw, 803px\" \/><\/a><\/figure>\n\n\n\n<figure class=\"wp-block-image size-large\"><a href=\"https:\/\/www.bergundtal.com\/wp-content\/uploads\/2024\/11\/Bildschirmfoto_6-11-2024_18021_www.decathlon.de_.jpg\"><img data-attachment-id=\"24900\" data-permalink=\"https:\/\/www.bergundtal.com\/?attachment_id=24900\" data-orig-file=\"https:\/\/www.bergundtal.com\/wp-content\/uploads\/2024\/11\/Bildschirmfoto_6-11-2024_18021_www.decathlon.de_.jpg\" data-orig-size=\"907,686\" data-comments-opened=\"0\" data-image-meta=\"{&quot;aperture&quot;:&quot;0&quot;,&quot;credit&quot;:&quot;Picasa&quot;,&quot;camera&quot;:&quot;&quot;,&quot;caption&quot;:&quot;&quot;,&quot;created_timestamp&quot;:&quot;1730912422&quot;,&quot;copyright&quot;:&quot;&quot;,&quot;focal_length&quot;:&quot;0&quot;,&quot;iso&quot;:&quot;0&quot;,&quot;shutter_speed&quot;:&quot;0&quot;,&quot;title&quot;:&quot;&quot;,&quot;orientation&quot;:&quot;0&quot;}\" data-image-title=\"Bildschirmfoto_6-11-2024_18021_www.decathlon.de_\" data-image-description=\"\" data-image-caption=\"\" data-medium-file=\"https:\/\/www.bergundtal.com\/wp-content\/uploads\/2024\/11\/Bildschirmfoto_6-11-2024_18021_www.decathlon.de_-300x227.jpg\" data-large-file=\"https:\/\/www.bergundtal.com\/wp-content\/uploads\/2024\/11\/Bildschirmfoto_6-11-2024_18021_www.decathlon.de_.jpg\" decoding=\"async\" loading=\"lazy\" width=\"907\" height=\"686\" data-id=\"24900\"  src=\"https:\/\/www.bergundtal.com\/wp-content\/uploads\/2024\/11\/Bildschirmfoto_6-11-2024_18021_www.decathlon.de_.jpg\" alt=\"\" class=\"wp-image-24900\" srcset=\"https:\/\/www.bergundtal.com\/wp-content\/uploads\/2024\/11\/Bildschirmfoto_6-11-2024_18021_www.decathlon.de_.jpg 907w, https:\/\/www.bergundtal.com\/wp-content\/uploads\/2024\/11\/Bildschirmfoto_6-11-2024_18021_www.decathlon.de_-300x227.jpg 300w, https:\/\/www.bergundtal.com\/wp-content\/uploads\/2024\/11\/Bildschirmfoto_6-11-2024_18021_www.decathlon.de_-768x581.jpg 768w, https:\/\/www.bergundtal.com\/wp-content\/uploads\/2024\/11\/Bildschirmfoto_6-11-2024_18021_www.decathlon.de_-700x529.jpg 700w, https:\/\/www.bergundtal.com\/wp-content\/uploads\/2024\/11\/Bildschirmfoto_6-11-2024_18021_www.decathlon.de_-332x251.jpg 332w\" sizes=\"(max-width: 907px) 100vw, 907px\" \/><\/a><\/figure>\n\n\n\n<figure class=\"wp-block-image size-large\"><a href=\"https:\/\/www.bergundtal.com\/wp-content\/uploads\/2024\/11\/Bildschirmfoto_6-11-2024_163634_www.decathlon.de_.jpg\"><img data-attachment-id=\"24903\" data-permalink=\"https:\/\/www.bergundtal.com\/?attachment_id=24903\" data-orig-file=\"https:\/\/www.bergundtal.com\/wp-content\/uploads\/2024\/11\/Bildschirmfoto_6-11-2024_163634_www.decathlon.de_.jpg\" data-orig-size=\"868,646\" data-comments-opened=\"0\" data-image-meta=\"{&quot;aperture&quot;:&quot;0&quot;,&quot;credit&quot;:&quot;Picasa&quot;,&quot;camera&quot;:&quot;&quot;,&quot;caption&quot;:&quot;&quot;,&quot;created_timestamp&quot;:&quot;1730907396&quot;,&quot;copyright&quot;:&quot;&quot;,&quot;focal_length&quot;:&quot;0&quot;,&quot;iso&quot;:&quot;0&quot;,&quot;shutter_speed&quot;:&quot;0&quot;,&quot;title&quot;:&quot;&quot;,&quot;orientation&quot;:&quot;0&quot;}\" data-image-title=\"Bildschirmfoto_6-11-2024_163634_www.decathlon.de_\" data-image-description=\"\" data-image-caption=\"\" data-medium-file=\"https:\/\/www.bergundtal.com\/wp-content\/uploads\/2024\/11\/Bildschirmfoto_6-11-2024_163634_www.decathlon.de_-300x223.jpg\" data-large-file=\"https:\/\/www.bergundtal.com\/wp-content\/uploads\/2024\/11\/Bildschirmfoto_6-11-2024_163634_www.decathlon.de_.jpg\" decoding=\"async\" loading=\"lazy\" width=\"868\" height=\"646\" data-id=\"24903\"  src=\"https:\/\/www.bergundtal.com\/wp-content\/uploads\/2024\/11\/Bildschirmfoto_6-11-2024_163634_www.decathlon.de_.jpg\" alt=\"\" class=\"wp-image-24903\" srcset=\"https:\/\/www.bergundtal.com\/wp-content\/uploads\/2024\/11\/Bildschirmfoto_6-11-2024_163634_www.decathlon.de_.jpg 868w, https:\/\/www.bergundtal.com\/wp-content\/uploads\/2024\/11\/Bildschirmfoto_6-11-2024_163634_www.decathlon.de_-300x223.jpg 300w, https:\/\/www.bergundtal.com\/wp-content\/uploads\/2024\/11\/Bildschirmfoto_6-11-2024_163634_www.decathlon.de_-768x572.jpg 768w, https:\/\/www.bergundtal.com\/wp-content\/uploads\/2024\/11\/Bildschirmfoto_6-11-2024_163634_www.decathlon.de_-700x521.jpg 700w, https:\/\/www.bergundtal.com\/wp-content\/uploads\/2024\/11\/Bildschirmfoto_6-11-2024_163634_www.decathlon.de_-332x247.jpg 332w\" sizes=\"(max-width: 868px) 100vw, 868px\" \/><\/a><\/figure>\n\n\n\n<figure class=\"wp-block-image size-large\"><a href=\"https:\/\/www.bergundtal.com\/wp-content\/uploads\/2024\/11\/Bildschirmfoto_6-11-2024_175857_www.decathlon.de_.jpg\"><img data-attachment-id=\"24902\" data-permalink=\"https:\/\/www.bergundtal.com\/?attachment_id=24902\" data-orig-file=\"https:\/\/www.bergundtal.com\/wp-content\/uploads\/2024\/11\/Bildschirmfoto_6-11-2024_175857_www.decathlon.de_.jpg\" data-orig-size=\"459,697\" data-comments-opened=\"0\" data-image-meta=\"{&quot;aperture&quot;:&quot;0&quot;,&quot;credit&quot;:&quot;Picasa&quot;,&quot;camera&quot;:&quot;&quot;,&quot;caption&quot;:&quot;&quot;,&quot;created_timestamp&quot;:&quot;1730912338&quot;,&quot;copyright&quot;:&quot;&quot;,&quot;focal_length&quot;:&quot;0&quot;,&quot;iso&quot;:&quot;0&quot;,&quot;shutter_speed&quot;:&quot;0&quot;,&quot;title&quot;:&quot;&quot;,&quot;orientation&quot;:&quot;0&quot;}\" data-image-title=\"Bildschirmfoto_6-11-2024_175857_www.decathlon.de_\" data-image-description=\"\" data-image-caption=\"\" data-medium-file=\"https:\/\/www.bergundtal.com\/wp-content\/uploads\/2024\/11\/Bildschirmfoto_6-11-2024_175857_www.decathlon.de_-198x300.jpg\" data-large-file=\"https:\/\/www.bergundtal.com\/wp-content\/uploads\/2024\/11\/Bildschirmfoto_6-11-2024_175857_www.decathlon.de_.jpg\" decoding=\"async\" loading=\"lazy\" width=\"459\" height=\"697\" data-id=\"24902\"  src=\"https:\/\/www.bergundtal.com\/wp-content\/uploads\/2024\/11\/Bildschirmfoto_6-11-2024_175857_www.decathlon.de_.jpg\" alt=\"\" class=\"wp-image-24902\" srcset=\"https:\/\/www.bergundtal.com\/wp-content\/uploads\/2024\/11\/Bildschirmfoto_6-11-2024_175857_www.decathlon.de_.jpg 459w, https:\/\/www.bergundtal.com\/wp-content\/uploads\/2024\/11\/Bildschirmfoto_6-11-2024_175857_www.decathlon.de_-198x300.jpg 198w, https:\/\/www.bergundtal.com\/wp-content\/uploads\/2024\/11\/Bildschirmfoto_6-11-2024_175857_www.decathlon.de_-332x504.jpg 332w\" sizes=\"(max-width: 459px) 100vw, 459px\" \/><\/a><\/figure>\n<\/figure>\n\n\n\n<p><strong><mark style=\"background-color:rgba(0, 0, 0, 0);color:#202885\" class=\"has-inline-color\"><span style=\"text-decoration: underline;\">Tourenski Set WILDER 95<\/span><\/mark><\/strong><\/p>\n\n\n\n<figure class=\"wp-block-image size-full is-resized\"><a href=\"https:\/\/www.bergundtal.com\/wp-content\/uploads\/2024\/11\/Bildschirmfoto_6-11-2024_164111_www.decathlon.de_.jpg\"><img data-attachment-id=\"24890\" data-permalink=\"https:\/\/www.bergundtal.com\/?attachment_id=24890\" data-orig-file=\"https:\/\/www.bergundtal.com\/wp-content\/uploads\/2024\/11\/Bildschirmfoto_6-11-2024_164111_www.decathlon.de_.jpg\" data-orig-size=\"684,740\" data-comments-opened=\"0\" data-image-meta=\"{&quot;aperture&quot;:&quot;0&quot;,&quot;credit&quot;:&quot;Picasa&quot;,&quot;camera&quot;:&quot;&quot;,&quot;caption&quot;:&quot;&quot;,&quot;created_timestamp&quot;:&quot;1730907672&quot;,&quot;copyright&quot;:&quot;&quot;,&quot;focal_length&quot;:&quot;0&quot;,&quot;iso&quot;:&quot;0&quot;,&quot;shutter_speed&quot;:&quot;0&quot;,&quot;title&quot;:&quot;&quot;,&quot;orientation&quot;:&quot;0&quot;}\" data-image-title=\"Bildschirmfoto_6-11-2024_164111_www.decathlon.de_\" data-image-description=\"\" data-image-caption=\"\" data-medium-file=\"https:\/\/www.bergundtal.com\/wp-content\/uploads\/2024\/11\/Bildschirmfoto_6-11-2024_164111_www.decathlon.de_-277x300.jpg\" data-large-file=\"https:\/\/www.bergundtal.com\/wp-content\/uploads\/2024\/11\/Bildschirmfoto_6-11-2024_164111_www.decathlon.de_.jpg\" decoding=\"async\" loading=\"lazy\" src=\"https:\/\/www.bergundtal.com\/wp-content\/uploads\/2024\/11\/Bildschirmfoto_6-11-2024_164111_www.decathlon.de_.jpg\" alt=\"\" class=\"wp-image-24890\" width=\"683\" height=\"739\" srcset=\"https:\/\/www.bergundtal.com\/wp-content\/uploads\/2024\/11\/Bildschirmfoto_6-11-2024_164111_www.decathlon.de_.jpg 684w, https:\/\/www.bergundtal.com\/wp-content\/uploads\/2024\/11\/Bildschirmfoto_6-11-2024_164111_www.decathlon.de_-277x300.jpg 277w, https:\/\/www.bergundtal.com\/wp-content\/uploads\/2024\/11\/Bildschirmfoto_6-11-2024_164111_www.decathlon.de_-332x359.jpg 332w\" sizes=\"(max-width: 683px) 100vw, 683px\" \/><\/a><figcaption class=\"wp-element-caption\"><em><strong>Skiaufbau<\/strong>: Sandwich Konstruktion Paulownia Holzkern, Glasfaserverst\u00e4rkung, Tip- und Tailrocker.<br>Verf\u00fcgbare L\u00e4ngen; 160?, 170, 178 cm<br>Taillierung 124\/95\/110&nbsp;cm,  Radius 178 cm &nbsp;22 m<br>Gewicht bei 178&nbsp;cm: 2590&nbsp;g Paar\/mit Bindung 3240 g<\/em><br><\/figcaption><\/figure>\n\n\n\n<figure class=\"wp-block-image size-full\"><a href=\"https:\/\/www.bergundtal.com\/wp-content\/uploads\/2024\/11\/Bildschirmfoto_6-11-2024_18622_www.decathlon.de_.jpg\"><img data-attachment-id=\"24905\" data-permalink=\"https:\/\/www.bergundtal.com\/?attachment_id=24905\" data-orig-file=\"https:\/\/www.bergundtal.com\/wp-content\/uploads\/2024\/11\/Bildschirmfoto_6-11-2024_18622_www.decathlon.de_.jpg\" data-orig-size=\"750,703\" data-comments-opened=\"0\" data-image-meta=\"{&quot;aperture&quot;:&quot;0&quot;,&quot;credit&quot;:&quot;Picasa&quot;,&quot;camera&quot;:&quot;&quot;,&quot;caption&quot;:&quot;&quot;,&quot;created_timestamp&quot;:&quot;1730912783&quot;,&quot;copyright&quot;:&quot;&quot;,&quot;focal_length&quot;:&quot;0&quot;,&quot;iso&quot;:&quot;0&quot;,&quot;shutter_speed&quot;:&quot;0&quot;,&quot;title&quot;:&quot;&quot;,&quot;orientation&quot;:&quot;0&quot;}\" data-image-title=\"Bildschirmfoto_6-11-2024_18622_www.decathlon.de_\" data-image-description=\"\" data-image-caption=\"\" data-medium-file=\"https:\/\/www.bergundtal.com\/wp-content\/uploads\/2024\/11\/Bildschirmfoto_6-11-2024_18622_www.decathlon.de_-300x281.jpg\" data-large-file=\"https:\/\/www.bergundtal.com\/wp-content\/uploads\/2024\/11\/Bildschirmfoto_6-11-2024_18622_www.decathlon.de_.jpg\" decoding=\"async\" loading=\"lazy\" width=\"750\" height=\"703\" src=\"https:\/\/www.bergundtal.com\/wp-content\/uploads\/2024\/11\/Bildschirmfoto_6-11-2024_18622_www.decathlon.de_.jpg\" alt=\"\" class=\"wp-image-24905\" srcset=\"https:\/\/www.bergundtal.com\/wp-content\/uploads\/2024\/11\/Bildschirmfoto_6-11-2024_18622_www.decathlon.de_.jpg 750w, https:\/\/www.bergundtal.com\/wp-content\/uploads\/2024\/11\/Bildschirmfoto_6-11-2024_18622_www.decathlon.de_-300x281.jpg 300w, https:\/\/www.bergundtal.com\/wp-content\/uploads\/2024\/11\/Bildschirmfoto_6-11-2024_18622_www.decathlon.de_-700x656.jpg 700w, https:\/\/www.bergundtal.com\/wp-content\/uploads\/2024\/11\/Bildschirmfoto_6-11-2024_18622_www.decathlon.de_-332x311.jpg 332w\" sizes=\"(max-width: 750px) 100vw, 750px\" \/><\/a><\/figure>\n\n\n\n<p><em><strong>Tyrolia Almonte<\/strong>: InsertBindung\/Pinbindung, mit Stopper ausger\u00fcstet, Din Einstellbereich 4 -10, die Bindung ist auf einer Platte moniert, auf der sie zur passenden Einstellung auf den Schuh um 60mm verschoben werden kann, schmale Pin\u00f6ffnung zur optimalen Positionierung des Schuhs.<\/em><br><strong>Set Preis 799,99,- \u20ac<\/strong><\/p>\n\n\n\n<figure data-carousel-extra='{\"blog_id\":1,\"permalink\":\"https:\\\/\\\/www.bergundtal.com\\\/?p=24836\"}'  class=\"is-layout-flex wp-block-gallery-5 wp-block-gallery has-nested-images columns-default is-cropped\">\n<figure class=\"wp-block-image size-large\"><a href=\"https:\/\/www.bergundtal.com\/wp-content\/uploads\/2024\/11\/Bildschirmfoto_6-11-2024_164315_www.decathlon.de_.jpg\"><img data-attachment-id=\"24892\" data-permalink=\"https:\/\/www.bergundtal.com\/?attachment_id=24892\" data-orig-file=\"https:\/\/www.bergundtal.com\/wp-content\/uploads\/2024\/11\/Bildschirmfoto_6-11-2024_164315_www.decathlon.de_.jpg\" data-orig-size=\"506,649\" data-comments-opened=\"0\" data-image-meta=\"{&quot;aperture&quot;:&quot;0&quot;,&quot;credit&quot;:&quot;Picasa&quot;,&quot;camera&quot;:&quot;&quot;,&quot;caption&quot;:&quot;&quot;,&quot;created_timestamp&quot;:&quot;1730907796&quot;,&quot;copyright&quot;:&quot;&quot;,&quot;focal_length&quot;:&quot;0&quot;,&quot;iso&quot;:&quot;0&quot;,&quot;shutter_speed&quot;:&quot;0&quot;,&quot;title&quot;:&quot;&quot;,&quot;orientation&quot;:&quot;0&quot;}\" data-image-title=\"Bildschirmfoto_6-11-2024_164315_www.decathlon.de_\" data-image-description=\"\" data-image-caption=\"\" data-medium-file=\"https:\/\/www.bergundtal.com\/wp-content\/uploads\/2024\/11\/Bildschirmfoto_6-11-2024_164315_www.decathlon.de_-234x300.jpg\" data-large-file=\"https:\/\/www.bergundtal.com\/wp-content\/uploads\/2024\/11\/Bildschirmfoto_6-11-2024_164315_www.decathlon.de_.jpg\" decoding=\"async\" loading=\"lazy\" width=\"506\" height=\"649\" data-id=\"24892\"  src=\"https:\/\/www.bergundtal.com\/wp-content\/uploads\/2024\/11\/Bildschirmfoto_6-11-2024_164315_www.decathlon.de_.jpg\" alt=\"\" class=\"wp-image-24892\" srcset=\"https:\/\/www.bergundtal.com\/wp-content\/uploads\/2024\/11\/Bildschirmfoto_6-11-2024_164315_www.decathlon.de_.jpg 506w, https:\/\/www.bergundtal.com\/wp-content\/uploads\/2024\/11\/Bildschirmfoto_6-11-2024_164315_www.decathlon.de_-234x300.jpg 234w, https:\/\/www.bergundtal.com\/wp-content\/uploads\/2024\/11\/Bildschirmfoto_6-11-2024_164315_www.decathlon.de_-332x426.jpg 332w\" sizes=\"(max-width: 506px) 100vw, 506px\" \/><\/a><\/figure>\n\n\n\n<figure class=\"wp-block-image size-large\"><a href=\"https:\/\/www.bergundtal.com\/wp-content\/uploads\/2024\/11\/Bildschirmfoto_6-11-2024_164442_www.decathlon.de_.jpg\"><img data-attachment-id=\"24891\" data-permalink=\"https:\/\/www.bergundtal.com\/?attachment_id=24891\" data-orig-file=\"https:\/\/www.bergundtal.com\/wp-content\/uploads\/2024\/11\/Bildschirmfoto_6-11-2024_164442_www.decathlon.de_.jpg\" data-orig-size=\"877,638\" data-comments-opened=\"0\" data-image-meta=\"{&quot;aperture&quot;:&quot;0&quot;,&quot;credit&quot;:&quot;Picasa&quot;,&quot;camera&quot;:&quot;&quot;,&quot;caption&quot;:&quot;&quot;,&quot;created_timestamp&quot;:&quot;1730907884&quot;,&quot;copyright&quot;:&quot;&quot;,&quot;focal_length&quot;:&quot;0&quot;,&quot;iso&quot;:&quot;0&quot;,&quot;shutter_speed&quot;:&quot;0&quot;,&quot;title&quot;:&quot;&quot;,&quot;orientation&quot;:&quot;0&quot;}\" data-image-title=\"Bildschirmfoto_6-11-2024_164442_www.decathlon.de_\" data-image-description=\"\" data-image-caption=\"\" data-medium-file=\"https:\/\/www.bergundtal.com\/wp-content\/uploads\/2024\/11\/Bildschirmfoto_6-11-2024_164442_www.decathlon.de_-300x218.jpg\" data-large-file=\"https:\/\/www.bergundtal.com\/wp-content\/uploads\/2024\/11\/Bildschirmfoto_6-11-2024_164442_www.decathlon.de_.jpg\" decoding=\"async\" loading=\"lazy\" width=\"877\" height=\"638\" data-id=\"24891\"  src=\"https:\/\/www.bergundtal.com\/wp-content\/uploads\/2024\/11\/Bildschirmfoto_6-11-2024_164442_www.decathlon.de_.jpg\" alt=\"\" class=\"wp-image-24891\" srcset=\"https:\/\/www.bergundtal.com\/wp-content\/uploads\/2024\/11\/Bildschirmfoto_6-11-2024_164442_www.decathlon.de_.jpg 877w, https:\/\/www.bergundtal.com\/wp-content\/uploads\/2024\/11\/Bildschirmfoto_6-11-2024_164442_www.decathlon.de_-300x218.jpg 300w, https:\/\/www.bergundtal.com\/wp-content\/uploads\/2024\/11\/Bildschirmfoto_6-11-2024_164442_www.decathlon.de_-768x559.jpg 768w, https:\/\/www.bergundtal.com\/wp-content\/uploads\/2024\/11\/Bildschirmfoto_6-11-2024_164442_www.decathlon.de_-700x509.jpg 700w, https:\/\/www.bergundtal.com\/wp-content\/uploads\/2024\/11\/Bildschirmfoto_6-11-2024_164442_www.decathlon.de_-332x242.jpg 332w\" sizes=\"(max-width: 877px) 100vw, 877px\" \/><\/a><\/figure>\n<\/figure>\n\n\n\n<p><strong><mark style=\"background-color:rgba(0, 0, 0, 0);color:#373d86\" class=\"has-inline-color\"><span style=\"text-decoration: underline;\">Skitouren Set WILDER 102<\/span><\/mark><\/strong><\/p>\n\n\n\n<figure class=\"wp-block-image size-full is-resized\"><a href=\"https:\/\/www.bergundtal.com\/wp-content\/uploads\/2024\/11\/Bildschirmfoto_6-11-2024_164623_www.decathlon.de_.jpg\"><img data-attachment-id=\"24893\" data-permalink=\"https:\/\/www.bergundtal.com\/?attachment_id=24893\" data-orig-file=\"https:\/\/www.bergundtal.com\/wp-content\/uploads\/2024\/11\/Bildschirmfoto_6-11-2024_164623_www.decathlon.de_.jpg\" data-orig-size=\"582,724\" data-comments-opened=\"0\" data-image-meta=\"{&quot;aperture&quot;:&quot;0&quot;,&quot;credit&quot;:&quot;Picasa&quot;,&quot;camera&quot;:&quot;&quot;,&quot;caption&quot;:&quot;&quot;,&quot;created_timestamp&quot;:&quot;1730907984&quot;,&quot;copyright&quot;:&quot;&quot;,&quot;focal_length&quot;:&quot;0&quot;,&quot;iso&quot;:&quot;0&quot;,&quot;shutter_speed&quot;:&quot;0&quot;,&quot;title&quot;:&quot;&quot;,&quot;orientation&quot;:&quot;0&quot;}\" data-image-title=\"Bildschirmfoto_6-11-2024_164623_www.decathlon.de_\" data-image-description=\"\" data-image-caption=\"\" data-medium-file=\"https:\/\/www.bergundtal.com\/wp-content\/uploads\/2024\/11\/Bildschirmfoto_6-11-2024_164623_www.decathlon.de_-241x300.jpg\" data-large-file=\"https:\/\/www.bergundtal.com\/wp-content\/uploads\/2024\/11\/Bildschirmfoto_6-11-2024_164623_www.decathlon.de_.jpg\" decoding=\"async\" loading=\"lazy\" src=\"https:\/\/www.bergundtal.com\/wp-content\/uploads\/2024\/11\/Bildschirmfoto_6-11-2024_164623_www.decathlon.de_.jpg\" alt=\"\" class=\"wp-image-24893\" width=\"582\" height=\"724\" srcset=\"https:\/\/www.bergundtal.com\/wp-content\/uploads\/2024\/11\/Bildschirmfoto_6-11-2024_164623_www.decathlon.de_.jpg 582w, https:\/\/www.bergundtal.com\/wp-content\/uploads\/2024\/11\/Bildschirmfoto_6-11-2024_164623_www.decathlon.de_-241x300.jpg 241w, https:\/\/www.bergundtal.com\/wp-content\/uploads\/2024\/11\/Bildschirmfoto_6-11-2024_164623_www.decathlon.de_-332x413.jpg 332w\" sizes=\"(max-width: 582px) 100vw, 582px\" \/><\/a><figcaption class=\"wp-element-caption\"><br><br>Skiaufbau: <em>Sandwich Konstruktion Paulownia Holzkern, Glasfaserverst\u00e4rkung, Tip- und Tailrocker<\/em>.<br><em>Verf\u00fcgbare L\u00e4ngen: 175 cm, 185 cm<br>Taillierung 133\/102\/118 cm, R bei 178 cm 22 m.<br>Gewicht Paar 175 cm 2700 g, Set mit Bindung  3350 g.<\/em><br><\/figcaption><\/figure>\n\n\n\n<figure class=\"wp-block-image size-full\"><a href=\"https:\/\/www.bergundtal.com\/wp-content\/uploads\/2024\/11\/Bildschirmfoto_6-11-2024_181454_www.decathlon.de_.jpg\"><img data-attachment-id=\"24907\" data-permalink=\"https:\/\/www.bergundtal.com\/?attachment_id=24907\" data-orig-file=\"https:\/\/www.bergundtal.com\/wp-content\/uploads\/2024\/11\/Bildschirmfoto_6-11-2024_181454_www.decathlon.de_.jpg\" data-orig-size=\"799,657\" data-comments-opened=\"0\" data-image-meta=\"{&quot;aperture&quot;:&quot;0&quot;,&quot;credit&quot;:&quot;Picasa&quot;,&quot;camera&quot;:&quot;&quot;,&quot;caption&quot;:&quot;&quot;,&quot;created_timestamp&quot;:&quot;1730913295&quot;,&quot;copyright&quot;:&quot;&quot;,&quot;focal_length&quot;:&quot;0&quot;,&quot;iso&quot;:&quot;0&quot;,&quot;shutter_speed&quot;:&quot;0&quot;,&quot;title&quot;:&quot;&quot;,&quot;orientation&quot;:&quot;0&quot;}\" data-image-title=\"Bildschirmfoto_6-11-2024_181454_www.decathlon.de_\" data-image-description=\"\" data-image-caption=\"\" data-medium-file=\"https:\/\/www.bergundtal.com\/wp-content\/uploads\/2024\/11\/Bildschirmfoto_6-11-2024_181454_www.decathlon.de_-300x247.jpg\" data-large-file=\"https:\/\/www.bergundtal.com\/wp-content\/uploads\/2024\/11\/Bildschirmfoto_6-11-2024_181454_www.decathlon.de_.jpg\" decoding=\"async\" loading=\"lazy\" width=\"799\" height=\"657\" src=\"https:\/\/www.bergundtal.com\/wp-content\/uploads\/2024\/11\/Bildschirmfoto_6-11-2024_181454_www.decathlon.de_.jpg\" alt=\"\" class=\"wp-image-24907\" srcset=\"https:\/\/www.bergundtal.com\/wp-content\/uploads\/2024\/11\/Bildschirmfoto_6-11-2024_181454_www.decathlon.de_.jpg 799w, https:\/\/www.bergundtal.com\/wp-content\/uploads\/2024\/11\/Bildschirmfoto_6-11-2024_181454_www.decathlon.de_-300x247.jpg 300w, https:\/\/www.bergundtal.com\/wp-content\/uploads\/2024\/11\/Bildschirmfoto_6-11-2024_181454_www.decathlon.de_-768x632.jpg 768w, https:\/\/www.bergundtal.com\/wp-content\/uploads\/2024\/11\/Bildschirmfoto_6-11-2024_181454_www.decathlon.de_-700x576.jpg 700w, https:\/\/www.bergundtal.com\/wp-content\/uploads\/2024\/11\/Bildschirmfoto_6-11-2024_181454_www.decathlon.de_-332x273.jpg 332w\" sizes=\"(max-width: 799px) 100vw, 799px\" \/><\/a><\/figure>\n\n\n\n<p><em><strong>Tyrolia Almonte<\/strong>: InsertBindung\/Pinbindung, mit Stopper ausger\u00fcstet, Din Einstellbereich 4 -10, die Bindung ist auf einer Platte moniert, auf der sie zur passenden Einstellung auf den Schuh um 60mm verschoben werden kann, schmale Pin\u00f6ffnung zur optimalen Positionierung des Schuhs.<\/em><br><strong>Set Preis: 849,99 \u20ac<\/strong><\/p>\n\n\n\n<figure data-carousel-extra='{\"blog_id\":1,\"permalink\":\"https:\\\/\\\/www.bergundtal.com\\\/?p=24836\"}'  class=\"is-layout-flex wp-block-gallery-7 wp-block-gallery has-nested-images columns-default is-cropped\">\n<figure class=\"wp-block-image size-large\"><a href=\"https:\/\/www.bergundtal.com\/wp-content\/uploads\/2024\/11\/Bildschirmfoto_6-11-2024_16489_www.decathlon.de_.jpg\"><img data-attachment-id=\"24894\" data-permalink=\"https:\/\/www.bergundtal.com\/?attachment_id=24894\" data-orig-file=\"https:\/\/www.bergundtal.com\/wp-content\/uploads\/2024\/11\/Bildschirmfoto_6-11-2024_16489_www.decathlon.de_.jpg\" data-orig-size=\"832,662\" data-comments-opened=\"0\" data-image-meta=\"{&quot;aperture&quot;:&quot;0&quot;,&quot;credit&quot;:&quot;Picasa&quot;,&quot;camera&quot;:&quot;&quot;,&quot;caption&quot;:&quot;&quot;,&quot;created_timestamp&quot;:&quot;1730908090&quot;,&quot;copyright&quot;:&quot;&quot;,&quot;focal_length&quot;:&quot;0&quot;,&quot;iso&quot;:&quot;0&quot;,&quot;shutter_speed&quot;:&quot;0&quot;,&quot;title&quot;:&quot;&quot;,&quot;orientation&quot;:&quot;0&quot;}\" data-image-title=\"Bildschirmfoto_6-11-2024_16489_www.decathlon.de_\" data-image-description=\"\" data-image-caption=\"\" data-medium-file=\"https:\/\/www.bergundtal.com\/wp-content\/uploads\/2024\/11\/Bildschirmfoto_6-11-2024_16489_www.decathlon.de_-300x239.jpg\" data-large-file=\"https:\/\/www.bergundtal.com\/wp-content\/uploads\/2024\/11\/Bildschirmfoto_6-11-2024_16489_www.decathlon.de_.jpg\" decoding=\"async\" loading=\"lazy\" width=\"832\" height=\"662\" data-id=\"24894\"  src=\"https:\/\/www.bergundtal.com\/wp-content\/uploads\/2024\/11\/Bildschirmfoto_6-11-2024_16489_www.decathlon.de_.jpg\" alt=\"\" class=\"wp-image-24894\" srcset=\"https:\/\/www.bergundtal.com\/wp-content\/uploads\/2024\/11\/Bildschirmfoto_6-11-2024_16489_www.decathlon.de_.jpg 832w, https:\/\/www.bergundtal.com\/wp-content\/uploads\/2024\/11\/Bildschirmfoto_6-11-2024_16489_www.decathlon.de_-300x239.jpg 300w, https:\/\/www.bergundtal.com\/wp-content\/uploads\/2024\/11\/Bildschirmfoto_6-11-2024_16489_www.decathlon.de_-768x611.jpg 768w, https:\/\/www.bergundtal.com\/wp-content\/uploads\/2024\/11\/Bildschirmfoto_6-11-2024_16489_www.decathlon.de_-700x557.jpg 700w, https:\/\/www.bergundtal.com\/wp-content\/uploads\/2024\/11\/Bildschirmfoto_6-11-2024_16489_www.decathlon.de_-332x264.jpg 332w\" sizes=\"(max-width: 832px) 100vw, 832px\" \/><\/a><\/figure>\n\n\n\n<figure class=\"wp-block-image size-large\"><a href=\"https:\/\/www.bergundtal.com\/wp-content\/uploads\/2024\/11\/Bildschirmfoto_6-11-2024_164922_www.decathlon.de_.jpg\"><img data-attachment-id=\"24895\" data-permalink=\"https:\/\/www.bergundtal.com\/?attachment_id=24895\" data-orig-file=\"https:\/\/www.bergundtal.com\/wp-content\/uploads\/2024\/11\/Bildschirmfoto_6-11-2024_164922_www.decathlon.de_.jpg\" data-orig-size=\"868,737\" data-comments-opened=\"0\" data-image-meta=\"{&quot;aperture&quot;:&quot;0&quot;,&quot;credit&quot;:&quot;Picasa&quot;,&quot;camera&quot;:&quot;&quot;,&quot;caption&quot;:&quot;&quot;,&quot;created_timestamp&quot;:&quot;1730908163&quot;,&quot;copyright&quot;:&quot;&quot;,&quot;focal_length&quot;:&quot;0&quot;,&quot;iso&quot;:&quot;0&quot;,&quot;shutter_speed&quot;:&quot;0&quot;,&quot;title&quot;:&quot;&quot;,&quot;orientation&quot;:&quot;0&quot;}\" data-image-title=\"Bildschirmfoto_6-11-2024_164922_www.decathlon.de_\" data-image-description=\"\" data-image-caption=\"\" data-medium-file=\"https:\/\/www.bergundtal.com\/wp-content\/uploads\/2024\/11\/Bildschirmfoto_6-11-2024_164922_www.decathlon.de_-300x255.jpg\" data-large-file=\"https:\/\/www.bergundtal.com\/wp-content\/uploads\/2024\/11\/Bildschirmfoto_6-11-2024_164922_www.decathlon.de_.jpg\" decoding=\"async\" loading=\"lazy\" width=\"868\" height=\"737\" data-id=\"24895\"  src=\"https:\/\/www.bergundtal.com\/wp-content\/uploads\/2024\/11\/Bildschirmfoto_6-11-2024_164922_www.decathlon.de_.jpg\" alt=\"\" class=\"wp-image-24895\" srcset=\"https:\/\/www.bergundtal.com\/wp-content\/uploads\/2024\/11\/Bildschirmfoto_6-11-2024_164922_www.decathlon.de_.jpg 868w, https:\/\/www.bergundtal.com\/wp-content\/uploads\/2024\/11\/Bildschirmfoto_6-11-2024_164922_www.decathlon.de_-300x255.jpg 300w, https:\/\/www.bergundtal.com\/wp-content\/uploads\/2024\/11\/Bildschirmfoto_6-11-2024_164922_www.decathlon.de_-768x652.jpg 768w, https:\/\/www.bergundtal.com\/wp-content\/uploads\/2024\/11\/Bildschirmfoto_6-11-2024_164922_www.decathlon.de_-700x594.jpg 700w, https:\/\/www.bergundtal.com\/wp-content\/uploads\/2024\/11\/Bildschirmfoto_6-11-2024_164922_www.decathlon.de_-332x282.jpg 332w\" sizes=\"(max-width: 868px) 100vw, 868px\" \/><\/a><\/figure>\n\n\n\n<figure class=\"wp-block-image size-large\"><a href=\"https:\/\/www.bergundtal.com\/wp-content\/uploads\/2024\/11\/Bildschirmfoto_6-11-2024_165023_www.decathlon.de_.jpg\"><img data-attachment-id=\"24896\" data-permalink=\"https:\/\/www.bergundtal.com\/?attachment_id=24896\" data-orig-file=\"https:\/\/www.bergundtal.com\/wp-content\/uploads\/2024\/11\/Bildschirmfoto_6-11-2024_165023_www.decathlon.de_.jpg\" data-orig-size=\"936,642\" data-comments-opened=\"0\" data-image-meta=\"{&quot;aperture&quot;:&quot;0&quot;,&quot;credit&quot;:&quot;Picasa&quot;,&quot;camera&quot;:&quot;&quot;,&quot;caption&quot;:&quot;&quot;,&quot;created_timestamp&quot;:&quot;1730908224&quot;,&quot;copyright&quot;:&quot;&quot;,&quot;focal_length&quot;:&quot;0&quot;,&quot;iso&quot;:&quot;0&quot;,&quot;shutter_speed&quot;:&quot;0&quot;,&quot;title&quot;:&quot;&quot;,&quot;orientation&quot;:&quot;0&quot;}\" data-image-title=\"Bildschirmfoto_6-11-2024_165023_www.decathlon.de_\" data-image-description=\"\" data-image-caption=\"\" data-medium-file=\"https:\/\/www.bergundtal.com\/wp-content\/uploads\/2024\/11\/Bildschirmfoto_6-11-2024_165023_www.decathlon.de_-300x206.jpg\" data-large-file=\"https:\/\/www.bergundtal.com\/wp-content\/uploads\/2024\/11\/Bildschirmfoto_6-11-2024_165023_www.decathlon.de_.jpg\" decoding=\"async\" loading=\"lazy\" width=\"936\" height=\"642\" data-id=\"24896\"  src=\"https:\/\/www.bergundtal.com\/wp-content\/uploads\/2024\/11\/Bildschirmfoto_6-11-2024_165023_www.decathlon.de_.jpg\" alt=\"\" class=\"wp-image-24896\" srcset=\"https:\/\/www.bergundtal.com\/wp-content\/uploads\/2024\/11\/Bildschirmfoto_6-11-2024_165023_www.decathlon.de_.jpg 936w, https:\/\/www.bergundtal.com\/wp-content\/uploads\/2024\/11\/Bildschirmfoto_6-11-2024_165023_www.decathlon.de_-300x206.jpg 300w, https:\/\/www.bergundtal.com\/wp-content\/uploads\/2024\/11\/Bildschirmfoto_6-11-2024_165023_www.decathlon.de_-768x527.jpg 768w, https:\/\/www.bergundtal.com\/wp-content\/uploads\/2024\/11\/Bildschirmfoto_6-11-2024_165023_www.decathlon.de_-700x480.jpg 700w, https:\/\/www.bergundtal.com\/wp-content\/uploads\/2024\/11\/Bildschirmfoto_6-11-2024_165023_www.decathlon.de_-332x228.jpg 332w\" sizes=\"(max-width: 936px) 100vw, 936px\" \/><\/a><\/figure>\n\n\n\n<figure class=\"wp-block-image size-large\"><a href=\"https:\/\/www.bergundtal.com\/wp-content\/uploads\/2024\/11\/Bildschirmfoto_6-11-2024_165118_www.decathlon.de_.jpg\"><img data-attachment-id=\"24897\" data-permalink=\"https:\/\/www.bergundtal.com\/?attachment_id=24897\" data-orig-file=\"https:\/\/www.bergundtal.com\/wp-content\/uploads\/2024\/11\/Bildschirmfoto_6-11-2024_165118_www.decathlon.de_.jpg\" data-orig-size=\"687,664\" data-comments-opened=\"0\" data-image-meta=\"{&quot;aperture&quot;:&quot;0&quot;,&quot;credit&quot;:&quot;Picasa&quot;,&quot;camera&quot;:&quot;&quot;,&quot;caption&quot;:&quot;&quot;,&quot;created_timestamp&quot;:&quot;1730908279&quot;,&quot;copyright&quot;:&quot;&quot;,&quot;focal_length&quot;:&quot;0&quot;,&quot;iso&quot;:&quot;0&quot;,&quot;shutter_speed&quot;:&quot;0&quot;,&quot;title&quot;:&quot;&quot;,&quot;orientation&quot;:&quot;0&quot;}\" data-image-title=\"Bildschirmfoto_6-11-2024_165118_www.decathlon.de_\" data-image-description=\"\" data-image-caption=\"\" data-medium-file=\"https:\/\/www.bergundtal.com\/wp-content\/uploads\/2024\/11\/Bildschirmfoto_6-11-2024_165118_www.decathlon.de_-300x290.jpg\" data-large-file=\"https:\/\/www.bergundtal.com\/wp-content\/uploads\/2024\/11\/Bildschirmfoto_6-11-2024_165118_www.decathlon.de_.jpg\" decoding=\"async\" loading=\"lazy\" width=\"687\" height=\"664\" data-id=\"24897\"  src=\"https:\/\/www.bergundtal.com\/wp-content\/uploads\/2024\/11\/Bildschirmfoto_6-11-2024_165118_www.decathlon.de_.jpg\" alt=\"\" class=\"wp-image-24897\" srcset=\"https:\/\/www.bergundtal.com\/wp-content\/uploads\/2024\/11\/Bildschirmfoto_6-11-2024_165118_www.decathlon.de_.jpg 687w, https:\/\/www.bergundtal.com\/wp-content\/uploads\/2024\/11\/Bildschirmfoto_6-11-2024_165118_www.decathlon.de_-300x290.jpg 300w, https:\/\/www.bergundtal.com\/wp-content\/uploads\/2024\/11\/Bildschirmfoto_6-11-2024_165118_www.decathlon.de_-332x321.jpg 332w\" sizes=\"(max-width: 687px) 100vw, 687px\" \/><\/a><\/figure>\n<\/figure>\n\n\n\n<p><\/p>\n\n\n\n<p><strong><mark style=\"background-color:rgba(0, 0, 0, 0);color:#4323ca\" class=\"has-inline-color\"><span style=\"text-decoration: underline;\"><a rel=\"noreferrer noopener\" href=\"https:\/\/presse-meldungen.cmail19.com\/t\/d-l-sltkhkl-ddtrkljkkk-x\/\" target=\"_blank\">D<\/a>ecathlon Ski- und Snowboard Rucksack 30 L Freeride<\/span><\/mark><\/strong><br>Parallel zu dem neuen Tourenski-Set pr\u00e4sentiert Decathlon mit dem 30 Liter Rucksack mit Rolltop-Verschluss einen interessanten und preiswerten Rucksack f\u00fcr Freeriding und Skitouren.<\/p>\n\n\n\n<figure data-carousel-extra='{\"blog_id\":1,\"permalink\":\"https:\\\/\\\/www.bergundtal.com\\\/?p=24836\"}'  class=\"is-layout-flex wp-block-gallery-9 wp-block-gallery has-nested-images columns-default is-cropped\">\n<figure class=\"wp-block-image size-large\"><a href=\"https:\/\/www.bergundtal.com\/wp-content\/uploads\/2024\/11\/decathlon-tourenrucksack-fr-30l-image-6.jpg\"><img data-attachment-id=\"24878\" data-permalink=\"https:\/\/www.bergundtal.com\/?attachment_id=24878\" data-orig-file=\"https:\/\/www.bergundtal.com\/wp-content\/uploads\/2024\/11\/decathlon-tourenrucksack-fr-30l-image-6.jpg\" data-orig-size=\"1067,1600\" data-comments-opened=\"0\" data-image-meta=\"{&quot;aperture&quot;:&quot;0&quot;,&quot;credit&quot;:&quot;Picasa&quot;,&quot;camera&quot;:&quot;&quot;,&quot;caption&quot;:&quot;&quot;,&quot;created_timestamp&quot;:&quot;1730272874&quot;,&quot;copyright&quot;:&quot;&quot;,&quot;focal_length&quot;:&quot;0&quot;,&quot;iso&quot;:&quot;0&quot;,&quot;shutter_speed&quot;:&quot;0&quot;,&quot;title&quot;:&quot;&quot;,&quot;orientation&quot;:&quot;0&quot;}\" data-image-title=\"decathlon-tourenrucksack-fr-30l-image-6\" data-image-description=\"\" data-image-caption=\"\" data-medium-file=\"https:\/\/www.bergundtal.com\/wp-content\/uploads\/2024\/11\/decathlon-tourenrucksack-fr-30l-image-6-200x300.jpg\" data-large-file=\"https:\/\/www.bergundtal.com\/wp-content\/uploads\/2024\/11\/decathlon-tourenrucksack-fr-30l-image-6-683x1024.jpg\" decoding=\"async\" loading=\"lazy\" width=\"683\" height=\"1024\" data-id=\"24878\"  src=\"https:\/\/www.bergundtal.com\/wp-content\/uploads\/2024\/11\/decathlon-tourenrucksack-fr-30l-image-6-683x1024.jpg\" alt=\"\" class=\"wp-image-24878\" srcset=\"https:\/\/www.bergundtal.com\/wp-content\/uploads\/2024\/11\/decathlon-tourenrucksack-fr-30l-image-6-683x1024.jpg 683w, https:\/\/www.bergundtal.com\/wp-content\/uploads\/2024\/11\/decathlon-tourenrucksack-fr-30l-image-6-200x300.jpg 200w, https:\/\/www.bergundtal.com\/wp-content\/uploads\/2024\/11\/decathlon-tourenrucksack-fr-30l-image-6-768x1152.jpg 768w, https:\/\/www.bergundtal.com\/wp-content\/uploads\/2024\/11\/decathlon-tourenrucksack-fr-30l-image-6-1024x1536.jpg 1024w, https:\/\/www.bergundtal.com\/wp-content\/uploads\/2024\/11\/decathlon-tourenrucksack-fr-30l-image-6-700x1050.jpg 700w, https:\/\/www.bergundtal.com\/wp-content\/uploads\/2024\/11\/decathlon-tourenrucksack-fr-30l-image-6-332x498.jpg 332w, https:\/\/www.bergundtal.com\/wp-content\/uploads\/2024\/11\/decathlon-tourenrucksack-fr-30l-image-6.jpg 1067w\" sizes=\"(max-width: 683px) 100vw, 683px\" \/><\/a><\/figure>\n\n\n\n<figure class=\"wp-block-image size-large\"><a href=\"https:\/\/www.bergundtal.com\/wp-content\/uploads\/2024\/11\/decathlon-tourenrucksack-fr-30l-schwarz-8.jpg\"><img data-attachment-id=\"24879\" data-permalink=\"https:\/\/www.bergundtal.com\/?attachment_id=24879\" data-orig-file=\"https:\/\/www.bergundtal.com\/wp-content\/uploads\/2024\/11\/decathlon-tourenrucksack-fr-30l-schwarz-8.jpg\" data-orig-size=\"1261,1600\" data-comments-opened=\"0\" data-image-meta=\"{&quot;aperture&quot;:&quot;0&quot;,&quot;credit&quot;:&quot;Picasa&quot;,&quot;camera&quot;:&quot;&quot;,&quot;caption&quot;:&quot;&quot;,&quot;created_timestamp&quot;:&quot;1730272874&quot;,&quot;copyright&quot;:&quot;&quot;,&quot;focal_length&quot;:&quot;0&quot;,&quot;iso&quot;:&quot;0&quot;,&quot;shutter_speed&quot;:&quot;0&quot;,&quot;title&quot;:&quot;&quot;,&quot;orientation&quot;:&quot;0&quot;}\" data-image-title=\"decathlon-tourenrucksack-fr-30l-schwarz-8\" data-image-description=\"\" data-image-caption=\"\" data-medium-file=\"https:\/\/www.bergundtal.com\/wp-content\/uploads\/2024\/11\/decathlon-tourenrucksack-fr-30l-schwarz-8-236x300.jpg\" data-large-file=\"https:\/\/www.bergundtal.com\/wp-content\/uploads\/2024\/11\/decathlon-tourenrucksack-fr-30l-schwarz-8-807x1024.jpg\" decoding=\"async\" loading=\"lazy\" width=\"807\" height=\"1024\" data-id=\"24879\"  src=\"https:\/\/www.bergundtal.com\/wp-content\/uploads\/2024\/11\/decathlon-tourenrucksack-fr-30l-schwarz-8-807x1024.jpg\" alt=\"\" class=\"wp-image-24879\" srcset=\"https:\/\/www.bergundtal.com\/wp-content\/uploads\/2024\/11\/decathlon-tourenrucksack-fr-30l-schwarz-8-807x1024.jpg 807w, https:\/\/www.bergundtal.com\/wp-content\/uploads\/2024\/11\/decathlon-tourenrucksack-fr-30l-schwarz-8-236x300.jpg 236w, https:\/\/www.bergundtal.com\/wp-content\/uploads\/2024\/11\/decathlon-tourenrucksack-fr-30l-schwarz-8-768x974.jpg 768w, https:\/\/www.bergundtal.com\/wp-content\/uploads\/2024\/11\/decathlon-tourenrucksack-fr-30l-schwarz-8-1211x1536.jpg 1211w, https:\/\/www.bergundtal.com\/wp-content\/uploads\/2024\/11\/decathlon-tourenrucksack-fr-30l-schwarz-8-700x888.jpg 700w, https:\/\/www.bergundtal.com\/wp-content\/uploads\/2024\/11\/decathlon-tourenrucksack-fr-30l-schwarz-8-332x421.jpg 332w, https:\/\/www.bergundtal.com\/wp-content\/uploads\/2024\/11\/decathlon-tourenrucksack-fr-30l-schwarz-8.jpg 1261w\" sizes=\"(max-width: 807px) 100vw, 807px\" \/><\/a><\/figure>\n\n\n\n<figure class=\"wp-block-image size-large\"><a href=\"https:\/\/www.bergundtal.com\/wp-content\/uploads\/2024\/11\/decathlon-tourenrucksack-fr-30l-image-7.jpg\"><img data-attachment-id=\"24880\" data-permalink=\"https:\/\/www.bergundtal.com\/?attachment_id=24880\" data-orig-file=\"https:\/\/www.bergundtal.com\/wp-content\/uploads\/2024\/11\/decathlon-tourenrucksack-fr-30l-image-7.jpg\" data-orig-size=\"1600,1067\" data-comments-opened=\"0\" data-image-meta=\"{&quot;aperture&quot;:&quot;0&quot;,&quot;credit&quot;:&quot;Picasa&quot;,&quot;camera&quot;:&quot;&quot;,&quot;caption&quot;:&quot;&quot;,&quot;created_timestamp&quot;:&quot;1730272874&quot;,&quot;copyright&quot;:&quot;&quot;,&quot;focal_length&quot;:&quot;0&quot;,&quot;iso&quot;:&quot;0&quot;,&quot;shutter_speed&quot;:&quot;0&quot;,&quot;title&quot;:&quot;&quot;,&quot;orientation&quot;:&quot;0&quot;}\" data-image-title=\"decathlon-tourenrucksack-fr-30l-image-7\" data-image-description=\"\" data-image-caption=\"\" data-medium-file=\"https:\/\/www.bergundtal.com\/wp-content\/uploads\/2024\/11\/decathlon-tourenrucksack-fr-30l-image-7-300x200.jpg\" data-large-file=\"https:\/\/www.bergundtal.com\/wp-content\/uploads\/2024\/11\/decathlon-tourenrucksack-fr-30l-image-7-1024x683.jpg\" decoding=\"async\" loading=\"lazy\" width=\"1024\" height=\"683\" data-id=\"24880\"  src=\"https:\/\/www.bergundtal.com\/wp-content\/uploads\/2024\/11\/decathlon-tourenrucksack-fr-30l-image-7-1024x683.jpg\" alt=\"\" class=\"wp-image-24880\" srcset=\"https:\/\/www.bergundtal.com\/wp-content\/uploads\/2024\/11\/decathlon-tourenrucksack-fr-30l-image-7-1024x683.jpg 1024w, https:\/\/www.bergundtal.com\/wp-content\/uploads\/2024\/11\/decathlon-tourenrucksack-fr-30l-image-7-300x200.jpg 300w, https:\/\/www.bergundtal.com\/wp-content\/uploads\/2024\/11\/decathlon-tourenrucksack-fr-30l-image-7-768x512.jpg 768w, https:\/\/www.bergundtal.com\/wp-content\/uploads\/2024\/11\/decathlon-tourenrucksack-fr-30l-image-7-1536x1024.jpg 1536w, https:\/\/www.bergundtal.com\/wp-content\/uploads\/2024\/11\/decathlon-tourenrucksack-fr-30l-image-7-700x467.jpg 700w, https:\/\/www.bergundtal.com\/wp-content\/uploads\/2024\/11\/decathlon-tourenrucksack-fr-30l-image-7-332x221.jpg 332w, https:\/\/www.bergundtal.com\/wp-content\/uploads\/2024\/11\/decathlon-tourenrucksack-fr-30l-image-7.jpg 1600w\" sizes=\"(max-width: 1024px) 100vw, 1024px\" \/><\/a><\/figure>\n<\/figure>\n\n\n\n<p><br>Das Hauptfach des Rucksacks ist von oben mit einem Rolltop-System bequem zug\u00e4nglich und bietet mit 30 Litern reichlich Stauraum. Eine spezielle Tasche erlaubt den schnellen Zugriff auf die Lawinenschaufel und -sonde, Taillen- und Brustgurte garantieren einen sicheren Sitz.<br>Dazu gibt es ein Brillenfach sowie eine Fronttasche f\u00fcr Kleinigkeiten und zahlreiche Halterungen au\u00dfen, an denen Eispickel, ein Helm sowie Skier und Snowboard befestigt werden k\u00f6nnen.<br>Gewicht 1,2 kg und kompakten Ma\u00dfen 60 cm x 30 cm.<br>Der Rucksack ist in den Farben Schwarz und Schwarz\/Gelb erh\u00e4ltlich, aktuell ist der Rucksack in Schwarz erh\u00e4ltlich, Schwarz\/Gelb kommt Mitte November in den Handel. <strong>Preis 89,99 \u20ac<\/strong><\/p>\n\n\n\n<figure data-carousel-extra='{\"blog_id\":1,\"permalink\":\"https:\\\/\\\/www.bergundtal.com\\\/?p=24836\"}'  class=\"is-layout-flex wp-block-gallery-11 wp-block-gallery has-nested-images columns-default is-cropped\">\n<figure class=\"wp-block-image size-large\"><a href=\"https:\/\/www.bergundtal.com\/wp-content\/uploads\/2024\/11\/decathlon-tourenrucksack-fr-30l-schwarz-8-1.jpg\"><img data-attachment-id=\"24882\" data-permalink=\"https:\/\/www.bergundtal.com\/?attachment_id=24882\" data-orig-file=\"https:\/\/www.bergundtal.com\/wp-content\/uploads\/2024\/11\/decathlon-tourenrucksack-fr-30l-schwarz-8-1.jpg\" data-orig-size=\"1261,1600\" data-comments-opened=\"0\" data-image-meta=\"{&quot;aperture&quot;:&quot;0&quot;,&quot;credit&quot;:&quot;Picasa&quot;,&quot;camera&quot;:&quot;&quot;,&quot;caption&quot;:&quot;&quot;,&quot;created_timestamp&quot;:&quot;1730272874&quot;,&quot;copyright&quot;:&quot;&quot;,&quot;focal_length&quot;:&quot;0&quot;,&quot;iso&quot;:&quot;0&quot;,&quot;shutter_speed&quot;:&quot;0&quot;,&quot;title&quot;:&quot;&quot;,&quot;orientation&quot;:&quot;0&quot;}\" data-image-title=\"decathlon-tourenrucksack-fr-30l-schwarz-8-1\" data-image-description=\"\" data-image-caption=\"\" data-medium-file=\"https:\/\/www.bergundtal.com\/wp-content\/uploads\/2024\/11\/decathlon-tourenrucksack-fr-30l-schwarz-8-1-236x300.jpg\" data-large-file=\"https:\/\/www.bergundtal.com\/wp-content\/uploads\/2024\/11\/decathlon-tourenrucksack-fr-30l-schwarz-8-1-807x1024.jpg\" decoding=\"async\" loading=\"lazy\" width=\"807\" height=\"1024\" data-id=\"24882\"  src=\"https:\/\/www.bergundtal.com\/wp-content\/uploads\/2024\/11\/decathlon-tourenrucksack-fr-30l-schwarz-8-1-807x1024.jpg\" alt=\"\" class=\"wp-image-24882\" srcset=\"https:\/\/www.bergundtal.com\/wp-content\/uploads\/2024\/11\/decathlon-tourenrucksack-fr-30l-schwarz-8-1-807x1024.jpg 807w, https:\/\/www.bergundtal.com\/wp-content\/uploads\/2024\/11\/decathlon-tourenrucksack-fr-30l-schwarz-8-1-236x300.jpg 236w, https:\/\/www.bergundtal.com\/wp-content\/uploads\/2024\/11\/decathlon-tourenrucksack-fr-30l-schwarz-8-1-768x974.jpg 768w, https:\/\/www.bergundtal.com\/wp-content\/uploads\/2024\/11\/decathlon-tourenrucksack-fr-30l-schwarz-8-1-1211x1536.jpg 1211w, https:\/\/www.bergundtal.com\/wp-content\/uploads\/2024\/11\/decathlon-tourenrucksack-fr-30l-schwarz-8-1-700x888.jpg 700w, https:\/\/www.bergundtal.com\/wp-content\/uploads\/2024\/11\/decathlon-tourenrucksack-fr-30l-schwarz-8-1-332x421.jpg 332w, https:\/\/www.bergundtal.com\/wp-content\/uploads\/2024\/11\/decathlon-tourenrucksack-fr-30l-schwarz-8-1.jpg 1261w\" sizes=\"(max-width: 807px) 100vw, 807px\" \/><\/a><\/figure>\n\n\n\n<figure class=\"wp-block-image size-large\"><a href=\"https:\/\/www.bergundtal.com\/wp-content\/uploads\/2024\/11\/decathlon-tourenrucksack-fr-30l-gelb-9.jpg\"><img data-attachment-id=\"24881\" data-permalink=\"https:\/\/www.bergundtal.com\/?attachment_id=24881\" data-orig-file=\"https:\/\/www.bergundtal.com\/wp-content\/uploads\/2024\/11\/decathlon-tourenrucksack-fr-30l-gelb-9.jpg\" data-orig-size=\"1136,1600\" data-comments-opened=\"0\" data-image-meta=\"{&quot;aperture&quot;:&quot;0&quot;,&quot;credit&quot;:&quot;Picasa&quot;,&quot;camera&quot;:&quot;&quot;,&quot;caption&quot;:&quot;&quot;,&quot;created_timestamp&quot;:&quot;1730272874&quot;,&quot;copyright&quot;:&quot;&quot;,&quot;focal_length&quot;:&quot;0&quot;,&quot;iso&quot;:&quot;0&quot;,&quot;shutter_speed&quot;:&quot;0&quot;,&quot;title&quot;:&quot;&quot;,&quot;orientation&quot;:&quot;0&quot;}\" data-image-title=\"decathlon-tourenrucksack-fr-30l-gelb-9\" data-image-description=\"\" data-image-caption=\"\" data-medium-file=\"https:\/\/www.bergundtal.com\/wp-content\/uploads\/2024\/11\/decathlon-tourenrucksack-fr-30l-gelb-9-213x300.jpg\" data-large-file=\"https:\/\/www.bergundtal.com\/wp-content\/uploads\/2024\/11\/decathlon-tourenrucksack-fr-30l-gelb-9-727x1024.jpg\" decoding=\"async\" loading=\"lazy\" width=\"727\" height=\"1024\" data-id=\"24881\"  src=\"https:\/\/www.bergundtal.com\/wp-content\/uploads\/2024\/11\/decathlon-tourenrucksack-fr-30l-gelb-9-727x1024.jpg\" alt=\"\" class=\"wp-image-24881\" srcset=\"https:\/\/www.bergundtal.com\/wp-content\/uploads\/2024\/11\/decathlon-tourenrucksack-fr-30l-gelb-9-727x1024.jpg 727w, https:\/\/www.bergundtal.com\/wp-content\/uploads\/2024\/11\/decathlon-tourenrucksack-fr-30l-gelb-9-213x300.jpg 213w, https:\/\/www.bergundtal.com\/wp-content\/uploads\/2024\/11\/decathlon-tourenrucksack-fr-30l-gelb-9-768x1082.jpg 768w, https:\/\/www.bergundtal.com\/wp-content\/uploads\/2024\/11\/decathlon-tourenrucksack-fr-30l-gelb-9-1091x1536.jpg 1091w, https:\/\/www.bergundtal.com\/wp-content\/uploads\/2024\/11\/decathlon-tourenrucksack-fr-30l-gelb-9-700x986.jpg 700w, https:\/\/www.bergundtal.com\/wp-content\/uploads\/2024\/11\/decathlon-tourenrucksack-fr-30l-gelb-9-332x468.jpg 332w, https:\/\/www.bergundtal.com\/wp-content\/uploads\/2024\/11\/decathlon-tourenrucksack-fr-30l-gelb-9.jpg 1136w\" sizes=\"(max-width: 727px) 100vw, 727px\" \/><\/a><\/figure>\n<\/figure>\n\n\n\n<p><br><\/p>\n","protected":false},"excerpt":{"rendered":"<p>DPS Pagoda Tour CFL DPS bringt die neue Pagoda Tour CFL Kollektion auf den Markt; aufwendig gebaute Ski mit Mittelbreiten von 90 \u2013 112 mm, langer Rockerschaufel und gem\u00e4\u00dfigtem Tail Rocker. Carbon Pagoda Tour CFL &#8211; CFL steht f\u00fcr Carbon-flax (Flachs)-laminate, w\u00e4hrend Carbon f\u00fcr Stabilit\u00e4t und Kantendruck sorgen soll, soll &#8230;<\/p>\n","protected":false},"author":2,"featured_media":24850,"comment_status":"closed","ping_status":"closed","sticky":false,"template":"","format":"standard","meta":{"jetpack_post_was_ever_published":false,"jetpack_publicize_message":"","jetpack_is_tweetstorm":false,"jetpack_publicize_feature_enabled":true,"jetpack_social_options":[]},"categories":[373,416,430],"tags":[],"coauthors":[461,460],"jetpack_publicize_connections":[],"jetpack_featured_media_url":"https:\/\/www.bergundtal.com\/wp-content\/uploads\/2024\/11\/Kuerzlich-aktualisiert20.jpg","jetpack_shortlink":"https:\/\/wp.me\/p3YISc-6sA","jetpack_sharing_enabled":true,"_links":{"self":[{"href":"https:\/\/www.bergundtal.com\/index.php?rest_route=\/wp\/v2\/posts\/24836"}],"collection":[{"href":"https:\/\/www.bergundtal.com\/index.php?rest_route=\/wp\/v2\/posts"}],"about":[{"href":"https:\/\/www.bergundtal.com\/index.php?rest_route=\/wp\/v2\/types\/post"}],"author":[{"embeddable":true,"href":"https:\/\/www.bergundtal.com\/index.php?rest_route=\/wp\/v2\/users\/2"}],"replies":[{"embeddable":true,"href":"https:\/\/www.bergundtal.com\/index.php?rest_route=%2Fwp%2Fv2%2Fcomments&post=24836"}],"version-history":[{"count":13,"href":"https:\/\/www.bergundtal.com\/index.php?rest_route=\/wp\/v2\/posts\/24836\/revisions"}],"predecessor-version":[{"id":24909,"href":"https:\/\/www.bergundtal.com\/index.php?rest_route=\/wp\/v2\/posts\/24836\/revisions\/24909"}],"wp:featuredmedia":[{"embeddable":true,"href":"https:\/\/www.bergundtal.com\/index.php?rest_route=\/wp\/v2\/media\/24850"}],"wp:attachment":[{"href":"https:\/\/www.bergundtal.com\/index.php?rest_route=%2Fwp%2Fv2%2Fmedia&parent=24836"}],"wp:term":[{"taxonomy":"category","embeddable":true,"href":"https:\/\/www.bergundtal.com\/index.php?rest_route=%2Fwp%2Fv2%2Fcategories&post=24836"},{"taxonomy":"post_tag","embeddable":true,"href":"https:\/\/www.bergundtal.com\/index.php?rest_route=%2Fwp%2Fv2%2Ftags&post=24836"},{"taxonomy":"author","embeddable":true,"href":"https:\/\/www.bergundtal.com\/index.php?rest_route=%2Fwp%2Fv2%2Fcoauthors&post=24836"}],"curies":[{"name":"wp","href":"https:\/\/api.w.org\/{rel}","templated":true}]}}