{"id":26665,"date":"2025-10-05T11:24:59","date_gmt":"2025-10-05T09:24:59","guid":{"rendered":"https:\/\/www.bergundtal.com\/?p=26665"},"modified":"2025-10-21T16:54:11","modified_gmt":"2025-10-21T14:54:11","slug":"der-winter-2025-26-steht-bevor-neues-skitouren-equipment","status":"publish","type":"post","link":"https:\/\/www.bergundtal.com\/?p=26665","title":{"rendered":"<strong>Der Winter 2025\/26 steht bevor &#8211; neues Skitouren Equipment<\/strong>"},"content":{"rendered":"\n<h3 class=\"has-text-color has-background\" style=\"color:#4724bb;background-color:#d8dbdc\"><strong>E-Skimo \u2013 Das erste elektrisch unterst\u00fctzte Skitourensystem<\/strong><\/h3>\n\n\n\n<p><strong>Innovation am Berg, elektrische Unterst\u00fctzung f\u00fcr den Aufstieg: Ein Aufstieg, der weniger Kraft kostet, daf\u00fcr mehr Freude schenkt<\/strong>. <br>Das E-Skimo Skitourensystem \u00fcbertr\u00e4gt das Prinzip des E-Bikes auf den Wintersport. Ein wartungsfreier 10-Nm-Nabenmotor ohne Getriebe, ein austauschbarer 246-Wh-Lithium-Akku und ein teilbarer Antriebsstrang im Schneemobil-Stil bilden das Herzst\u00fcck des innovativen Systems. Der Nabenmotor zieht das Steigfell unter dem Ski durch und unterst\u00fctzt so die Vorw\u00e4rtsbewegung, f\u00fcr die Abfahrt wird das Antriebssystem + Fell demontiert.<\/p>\n\n\n\n<figure class=\"wp-block-embed is-type-wp-embed is-provider-berg-amp-tal wp-block-embed-berg-amp-tal\"><div class=\"wp-block-embed__wrapper\">\n<blockquote class=\"wp-embedded-content\" data-secret=\"oZXsMiUY7c\"><a href=\"https:\/\/www.bergundtal.com\/?p=26658\">E-Skimo \u2013 mit e-Motor bergauf<\/a><\/blockquote><iframe class=\"wp-embedded-content\" sandbox=\"allow-scripts\" security=\"restricted\" style=\"position: absolute; clip: rect(1px, 1px, 1px, 1px);\" title=\"&#8222;E-Skimo \u2013 mit e-Motor bergauf&#8220; &#8212; Berg &amp; Tal\" src=\"https:\/\/www.bergundtal.com\/?p=26658&#038;embed=true#?secret=hSvb8G7aEu#?secret=oZXsMiUY7c\" data-secret=\"oZXsMiUY7c\" width=\"600\" height=\"338\" frameborder=\"0\" marginwidth=\"0\" marginheight=\"0\" scrolling=\"no\"><\/iframe>\n<\/div><\/figure>\n\n\n\n<p class=\"has-text-color\" style=\"color:#1e601b\"><em><strong><span style=\"text-decoration: underline;\">Mit Motorunterst\u00fczung aufw\u00e4rts?<\/span><\/strong><\/em> \u2013 <em>Die Parallele zur Entwicklung der eBikes ist schon evident; leichter bergauf, die Landschaft genie\u00dfen, Bewegungs- und Landschaftserlebnis, die ohne Motorunterst\u00fctzung anstrengender sind, anders sind, manchmal auch von Ersch\u00f6pfung eingeschr\u00e4nkt sind &#8230;<br>Der Tourenski, auf dem das Fell bewegt und damit der Vortrieb\/Aufstieg erleichtert wird, ist ein Konzept, welches mit dem E-Skimo sicherlich noch in den \u201eKinderschuhen\u201c steckt. Aber es ist interessant und \u2013 \u00e4hnlich wie bei den eBikes \u2013 auch in diesem Stadium aktuell kaum in seinem Potential abzusch\u00e4tzen.<br><strong>Wir sind gespannt, werden die Entwicklung beobachten und sind nat\u00fcrlich an einem Test interessiert \u2013 mal schauen!<\/strong><\/em><\/p>\n\n\n\n<h3 class=\"has-text-color has-background\" style=\"color:#553997;background-color:#d8dde4\"><strong>PIEPS pr\u00e4sentiert MINI IPS<\/strong><br><strong> <\/strong>klein, sicher, einfach zu bedienen und ein Super-Preis<\/h3>\n\n\n\n<p><strong>P<\/strong><strong>IEPS pr\u00e4sentiert das MINI IPS: High-End-Sicherheit \u2013 kompakt, intuitiv und zum unschlagbaren Preis <\/strong><strong>von 299,- \u20ac<\/strong><\/p>\n\n\n\n<figure class=\"wp-block-embed is-type-wp-embed is-provider-berg-amp-tal wp-block-embed-berg-amp-tal\"><div class=\"wp-block-embed__wrapper\">\n<blockquote class=\"wp-embedded-content\" data-secret=\"RPgIXrppYI\"><a href=\"https:\/\/www.bergundtal.com\/?p=26647\">PIEPS bringt neues  Mini LVS auf den Markt &#8211; MINI IPS<\/a><\/blockquote><iframe class=\"wp-embedded-content\" sandbox=\"allow-scripts\" security=\"restricted\" style=\"position: absolute; clip: rect(1px, 1px, 1px, 1px);\" title=\"&#8222;PIEPS bringt neues  Mini LVS auf den Markt &#8211; MINI IPS&#8220; &#8212; Berg &amp; Tal\" src=\"https:\/\/www.bergundtal.com\/?p=26647&#038;embed=true#?secret=KWJen2Y81y#?secret=RPgIXrppYI\" data-secret=\"RPgIXrppYI\" width=\"600\" height=\"338\" frameborder=\"0\" marginwidth=\"0\" marginheight=\"0\" scrolling=\"no\"><\/iframe>\n<\/div><\/figure>\n\n\n\n<h3 class=\"has-text-color has-background\" style=\"color:#432cab;background-color:#dde2e7\"><strong>Mehr Performance beim Skitourengehen: Fritschis neue Bindungen f\u00fcr 2025\/26<\/strong><\/h3>\n\n\n\n<p><strong><span style=\"text-decoration: underline;\">Fritschi Xenic plus 12 <\/span><\/strong><span style=\"text-decoration: underline;\"><strong>&amp; 10<\/strong> <\/span>&#8211; n<strong>och mehr Fahrperformance und Komfort. Die Xenic Modelle werden auf die Saison 2025\/26 mit zwei neuen \u00abplus-Modellen\u00bb erg\u00e4nzt und <\/strong><br><strong>die Tecton Freetouring &amp; Skiing Bindung gibt es jetzt auch in der <span style=\"text-decoration: underline;\">Tecton 10<\/span> Variante<\/strong>.<br><\/p>\n\n\n\n<figure class=\"wp-block-embed is-type-wp-embed is-provider-berg-amp-tal wp-block-embed-berg-amp-tal\"><div class=\"wp-block-embed__wrapper\">\n<blockquote class=\"wp-embedded-content\" data-secret=\"yW5QuRsldV\"><a href=\"https:\/\/www.bergundtal.com\/?p=26678\">Mehr Performance beim Skitourengehen: Fritschis neue Bindungen f\u00fcr 2025\/26<\/a><\/blockquote><iframe class=\"wp-embedded-content\" sandbox=\"allow-scripts\" security=\"restricted\" style=\"position: absolute; clip: rect(1px, 1px, 1px, 1px);\" title=\"&#8222;&lt;strong&gt;Mehr Performance beim Skitourengehen: Fritschis neue Bindungen f\u00fcr 2025\/26&lt;\/strong&gt;&#8220; &#8212; Berg &amp; Tal\" src=\"https:\/\/www.bergundtal.com\/?p=26678&#038;embed=true#?secret=VvHt9aec6n#?secret=yW5QuRsldV\" data-secret=\"yW5QuRsldV\" width=\"600\" height=\"338\" frameborder=\"0\" marginwidth=\"0\" marginheight=\"0\" scrolling=\"no\"><\/iframe>\n<\/div><\/figure>\n\n\n\n<h3 class=\"has-text-color has-background\" style=\"color:#2c1c91;background-color:#d1dadf\"><strong>Dynatifs neue Speedbindung &#8211; Blacklight Carbon  <\/strong><\/h3>\n\n\n\n<figure class=\"wp-block-image size-full\"><a href=\"https:\/\/www.bergundtal.com\/wp-content\/uploads\/2025\/10\/1-Bildschirmfoto_21-10-2025_162233_www.dynafit.com_.jpg\"><img data-attachment-id=\"26903\" data-permalink=\"https:\/\/www.bergundtal.com\/?attachment_id=26903\" data-orig-file=\"https:\/\/www.bergundtal.com\/wp-content\/uploads\/2025\/10\/1-Bildschirmfoto_21-10-2025_162233_www.dynafit.com_.jpg\" data-orig-size=\"632,428\" data-comments-opened=\"0\" data-image-meta=\"{&quot;aperture&quot;:&quot;0&quot;,&quot;credit&quot;:&quot;Picasa&quot;,&quot;camera&quot;:&quot;&quot;,&quot;caption&quot;:&quot;&quot;,&quot;created_timestamp&quot;:&quot;1761056553&quot;,&quot;copyright&quot;:&quot;&quot;,&quot;focal_length&quot;:&quot;0&quot;,&quot;iso&quot;:&quot;0&quot;,&quot;shutter_speed&quot;:&quot;0&quot;,&quot;title&quot;:&quot;&quot;,&quot;orientation&quot;:&quot;0&quot;}\" data-image-title=\"1-Bildschirmfoto_21-10-2025_162233_www.dynafit.com_\" data-image-description=\"\" data-image-caption=\"\" data-medium-file=\"https:\/\/www.bergundtal.com\/wp-content\/uploads\/2025\/10\/1-Bildschirmfoto_21-10-2025_162233_www.dynafit.com_-300x203.jpg\" data-large-file=\"https:\/\/www.bergundtal.com\/wp-content\/uploads\/2025\/10\/1-Bildschirmfoto_21-10-2025_162233_www.dynafit.com_.jpg\" decoding=\"async\" loading=\"lazy\" width=\"632\" height=\"428\" src=\"https:\/\/www.bergundtal.com\/wp-content\/uploads\/2025\/10\/1-Bildschirmfoto_21-10-2025_162233_www.dynafit.com_.jpg\" alt=\"\" class=\"wp-image-26903\" srcset=\"https:\/\/www.bergundtal.com\/wp-content\/uploads\/2025\/10\/1-Bildschirmfoto_21-10-2025_162233_www.dynafit.com_.jpg 632w, https:\/\/www.bergundtal.com\/wp-content\/uploads\/2025\/10\/1-Bildschirmfoto_21-10-2025_162233_www.dynafit.com_-300x203.jpg 300w, https:\/\/www.bergundtal.com\/wp-content\/uploads\/2025\/10\/1-Bildschirmfoto_21-10-2025_162233_www.dynafit.com_-332x225.jpg 332w\" sizes=\"(max-width: 632px) 100vw, 632px\" \/><\/a><\/figure>\n\n\n\n<figure class=\"wp-block-image size-full is-resized\"><a href=\"https:\/\/www.bergundtal.com\/wp-content\/uploads\/2025\/10\/477987_726_030_42.jpg\"><img data-attachment-id=\"26904\" data-permalink=\"https:\/\/www.bergundtal.com\/?attachment_id=26904\" data-orig-file=\"https:\/\/www.bergundtal.com\/wp-content\/uploads\/2025\/10\/477987_726_030_42.jpg\" data-orig-size=\"1024,1024\" data-comments-opened=\"0\" data-image-meta=\"{&quot;aperture&quot;:&quot;0&quot;,&quot;credit&quot;:&quot;&quot;,&quot;camera&quot;:&quot;&quot;,&quot;caption&quot;:&quot;&quot;,&quot;created_timestamp&quot;:&quot;0&quot;,&quot;copyright&quot;:&quot;&quot;,&quot;focal_length&quot;:&quot;0&quot;,&quot;iso&quot;:&quot;0&quot;,&quot;shutter_speed&quot;:&quot;0&quot;,&quot;title&quot;:&quot;&quot;,&quot;orientation&quot;:&quot;0&quot;}\" data-image-title=\"477987_726_030_42\" data-image-description=\"\" data-image-caption=\"\" data-medium-file=\"https:\/\/www.bergundtal.com\/wp-content\/uploads\/2025\/10\/477987_726_030_42-300x300.jpg\" data-large-file=\"https:\/\/www.bergundtal.com\/wp-content\/uploads\/2025\/10\/477987_726_030_42.jpg\" decoding=\"async\" loading=\"lazy\" src=\"https:\/\/www.bergundtal.com\/wp-content\/uploads\/2025\/10\/477987_726_030_42.jpg\" alt=\"\" class=\"wp-image-26904\" width=\"840\" height=\"840\" srcset=\"https:\/\/www.bergundtal.com\/wp-content\/uploads\/2025\/10\/477987_726_030_42.jpg 1024w, https:\/\/www.bergundtal.com\/wp-content\/uploads\/2025\/10\/477987_726_030_42-300x300.jpg 300w, https:\/\/www.bergundtal.com\/wp-content\/uploads\/2025\/10\/477987_726_030_42-150x150.jpg 150w, https:\/\/www.bergundtal.com\/wp-content\/uploads\/2025\/10\/477987_726_030_42-768x768.jpg 768w, https:\/\/www.bergundtal.com\/wp-content\/uploads\/2025\/10\/477987_726_030_42-700x700.jpg 700w, https:\/\/www.bergundtal.com\/wp-content\/uploads\/2025\/10\/477987_726_030_42-332x332.jpg 332w, https:\/\/www.bergundtal.com\/wp-content\/uploads\/2025\/10\/477987_726_030_42-432x432.jpg 432w, https:\/\/www.bergundtal.com\/wp-content\/uploads\/2025\/10\/477987_726_030_42-268x268.jpg 268w\" sizes=\"(max-width: 840px) 100vw, 840px\" \/><\/a><figcaption class=\"wp-element-caption\">                                                         <strong><em>Foto: Dynafit; Blacklight Carbon Pro+<\/em><\/strong><\/figcaption><\/figure>\n\n\n\n<p><strong><span style=\"text-decoration: underline;\">Mit der neuen Blacklight Carbon<\/span><\/strong> pr\u00e4sentiert DYNAFIT eine Speed-Skitourenbindung, die mit einem echten Novum aufhorchen l\u00e4sst: dem erstmaligen<em> Einsatz von laminiertem Carbon<\/em> in der Bindungstechnologie.<br>\u201e \u2026 <em>laminiertes Carbon \u2013 einen Kohlefaserverbundwerkstoff, der im Vergleich zu Aluminium eine 5- bis 7-fach h\u00f6here Zugfestigkeit und eine bis zu 5-mal h\u00f6here Steifigkeit aufweist. Diese au\u00dfergew\u00f6hnliche Steifigkeit erm\u00f6glicht eine pr\u00e4zise Kraft\u00fcbertragung direkt auf die Skikante, was sich vor allem bei schnellen, technischen Abfahrten bemerkbar macht. Das Material reagiert unmittelbar, gibt kaum nach und sorgt so f\u00fcr eine direkte, kontrollierte Performance. Greta Stehling<\/em> (Dynafit, Produktmanagement Bindungen)<em>: Wir wollten eine Bindung schaffen, die trotz aller Features im Speed-Segment bleibt. Die neue Backlight Carbon Pro ist eine voll einstellbare Speedbindung mit dynamischem L\u00e4ngenausgleich und Stopper \u2013 und trotzdem wiegt sie nur 282 g. Als ich das erste Briefing gemacht habe, hie\u00df es noch: \u201eDas geht nicht unter 400 Gramm.\u201c Und jetzt haben wir genau das geschafft. Nat\u00fcrlich wegen des Carbons, aber auch wegen der kontinuierlichen Weiterentwicklung, der verwendeten Technologien und Arbeitsweisen unseres Teams.\u201c<\/em><\/p>\n\n\n\n<p>Easy Entry-System<strong>, <\/strong>Ice Breaker Toe Piece, Quick-In Crampon Slot, Ice Breaker Pins, verl\u00e4ngerte Exzenter f\u00fcr leichtes \u00d6ffnen und Verriegeln, dynamischer L\u00e4ngenausgleich garantiert zuverl\u00e4ssige Ausl\u00f6sung , einstellbar (Z 6\u201312), mit 20\u202fmm Verstellweg und zwei Gehmodi. Ohne Stopper(nachr\u00fcstbar).<br><strong>245 gr, UVP 390,- \u20ac<\/strong>, <strong>mit Stopper<\/strong> (Carbon+) <strong>430,- \u20ac<\/strong>, Stopperbreiten 75, 90, 105 mm <\/p>\n\n\n\n<p>Die Version <strong>Blacklight Carbon Pro<\/strong> bietet Z-Werte 6 \u2013 12 an. <br><strong>UVP 430,- \u20ac<\/strong>, <strong>mit Stopper<\/strong> (Pro+) <strong>480,- \u20ac<\/strong>, Stopperbreiten s. o.<\/p>\n\n\n\n<figure class=\"wp-block-image size-full\"><a href=\"https:\/\/www.bergundtal.com\/wp-content\/uploads\/2025\/10\/1-Bildschirmfoto_21-10-2025_162456_www.dynafit.com_.jpg\"><img data-attachment-id=\"26905\" data-permalink=\"https:\/\/www.bergundtal.com\/?attachment_id=26905\" data-orig-file=\"https:\/\/www.bergundtal.com\/wp-content\/uploads\/2025\/10\/1-Bildschirmfoto_21-10-2025_162456_www.dynafit.com_.jpg\" data-orig-size=\"646,536\" data-comments-opened=\"0\" data-image-meta=\"{&quot;aperture&quot;:&quot;0&quot;,&quot;credit&quot;:&quot;Picasa&quot;,&quot;camera&quot;:&quot;&quot;,&quot;caption&quot;:&quot;&quot;,&quot;created_timestamp&quot;:&quot;1761056696&quot;,&quot;copyright&quot;:&quot;&quot;,&quot;focal_length&quot;:&quot;0&quot;,&quot;iso&quot;:&quot;0&quot;,&quot;shutter_speed&quot;:&quot;0&quot;,&quot;title&quot;:&quot;&quot;,&quot;orientation&quot;:&quot;0&quot;}\" data-image-title=\"1-Bildschirmfoto_21-10-2025_162456_www.dynafit.com_\" data-image-description=\"\" data-image-caption=\"\" data-medium-file=\"https:\/\/www.bergundtal.com\/wp-content\/uploads\/2025\/10\/1-Bildschirmfoto_21-10-2025_162456_www.dynafit.com_-300x249.jpg\" data-large-file=\"https:\/\/www.bergundtal.com\/wp-content\/uploads\/2025\/10\/1-Bildschirmfoto_21-10-2025_162456_www.dynafit.com_.jpg\" decoding=\"async\" loading=\"lazy\" width=\"646\" height=\"536\" src=\"https:\/\/www.bergundtal.com\/wp-content\/uploads\/2025\/10\/1-Bildschirmfoto_21-10-2025_162456_www.dynafit.com_.jpg\" alt=\"\" class=\"wp-image-26905\" srcset=\"https:\/\/www.bergundtal.com\/wp-content\/uploads\/2025\/10\/1-Bildschirmfoto_21-10-2025_162456_www.dynafit.com_.jpg 646w, https:\/\/www.bergundtal.com\/wp-content\/uploads\/2025\/10\/1-Bildschirmfoto_21-10-2025_162456_www.dynafit.com_-300x249.jpg 300w, https:\/\/www.bergundtal.com\/wp-content\/uploads\/2025\/10\/1-Bildschirmfoto_21-10-2025_162456_www.dynafit.com_-332x275.jpg 332w\" sizes=\"(max-width: 646px) 100vw, 646px\" \/><\/a><\/figure>\n\n\n\n<h3 class=\"has-text-color has-background\" style=\"color:#4622a9;background-color:#cfd8df\"><strong>Ultraleicht in den Winter; die neuen PLUM-Bindungen f\u00fcr Winter 25\/26<\/strong><\/h3>\n\n\n\n<p><strong>Mit vier neuen Modellen startet PLUM in die Skitourensaison 25\/26<\/strong><br><strong>leichter, funktionaler und vielseitiger als je zuvor.<\/strong><\/p>\n\n\n\n<figure class=\"wp-block-embed is-type-wp-embed is-provider-berg-amp-tal wp-block-embed-berg-amp-tal\"><div class=\"wp-block-embed__wrapper\">\n<blockquote class=\"wp-embedded-content\" data-secret=\"e9LlAooQ6c\"><a href=\"https:\/\/www.bergundtal.com\/?p=26639\">Ultraleicht und hochfunktional &#8211; die neuen PLUMP-Bindungen f\u00fcr den Winter 25\/26<\/a><\/blockquote><iframe class=\"wp-embedded-content\" sandbox=\"allow-scripts\" security=\"restricted\" style=\"position: absolute; clip: rect(1px, 1px, 1px, 1px);\" title=\"&#8222;Ultraleicht und hochfunktional &#8211; die neuen PLUMP-Bindungen f\u00fcr den Winter 25\/26&#8220; &#8212; Berg &amp; Tal\" src=\"https:\/\/www.bergundtal.com\/?p=26639&#038;embed=true#?secret=vucgrkGvWS#?secret=e9LlAooQ6c\" data-secret=\"e9LlAooQ6c\" width=\"600\" height=\"338\" frameborder=\"0\" marginwidth=\"0\" marginheight=\"0\" scrolling=\"no\"><\/iframe>\n<\/div><\/figure>\n\n\n\n<h3 class=\"has-text-color has-background\" style=\"color:#381792;background-color:#dadfe4\"><strong>Skitouren-Adapter f\u00fcr Kinder<\/strong><\/h3>\n\n\n\n<p>Mit dem<strong><mark style=\"background-color:rgba(0, 0, 0, 0);color:#1f21a6\" class=\"has-inline-color\"> <span style=\"text-decoration: underline;\">startUp touring adapter<\/span><\/mark><\/strong> JR bietet <strong><mark style=\"background-color:rgba(0, 0, 0, 0);color:#1b1994\" class=\"has-inline-color\"><span style=\"text-decoration: underline;\">Contour<\/span><\/mark><\/strong> eine praktische L\u00f6sung f\u00fcr kleine Tourengeher:innen zwischen 6 und 12 Jahren; der Adapter verwandelt normale Alpinskischuhe in tourentaugliche Begleiter \u2013 ganz ohne spezielle Bindung.<\/p>\n\n\n\n<figure class=\"wp-block-image size-large\"><a href=\"https:\/\/www.bergundtal.com\/wp-content\/uploads\/2025\/10\/startup-touring-adapter-jr-contour_02_web_2-scaled-1.jpg\"><img data-attachment-id=\"26696\" data-permalink=\"https:\/\/www.bergundtal.com\/?attachment_id=26696\" data-orig-file=\"https:\/\/www.bergundtal.com\/wp-content\/uploads\/2025\/10\/startup-touring-adapter-jr-contour_02_web_2-scaled-1.jpg\" data-orig-size=\"2560,1892\" data-comments-opened=\"0\" data-image-meta=\"{&quot;aperture&quot;:&quot;0&quot;,&quot;credit&quot;:&quot;&quot;,&quot;camera&quot;:&quot;&quot;,&quot;caption&quot;:&quot;&quot;,&quot;created_timestamp&quot;:&quot;0&quot;,&quot;copyright&quot;:&quot;&quot;,&quot;focal_length&quot;:&quot;0&quot;,&quot;iso&quot;:&quot;0&quot;,&quot;shutter_speed&quot;:&quot;0&quot;,&quot;title&quot;:&quot;&quot;,&quot;orientation&quot;:&quot;0&quot;}\" data-image-title=\"startup-touring-adapter-jr-contour_02_web_2-scaled-1\" data-image-description=\"\" data-image-caption=\"\" data-medium-file=\"https:\/\/www.bergundtal.com\/wp-content\/uploads\/2025\/10\/startup-touring-adapter-jr-contour_02_web_2-scaled-1-300x222.jpg\" data-large-file=\"https:\/\/www.bergundtal.com\/wp-content\/uploads\/2025\/10\/startup-touring-adapter-jr-contour_02_web_2-scaled-1-1024x757.jpg\" decoding=\"async\" loading=\"lazy\" width=\"1024\" height=\"757\" src=\"https:\/\/www.bergundtal.com\/wp-content\/uploads\/2025\/10\/startup-touring-adapter-jr-contour_02_web_2-scaled-1-1024x757.jpg\" alt=\"\" class=\"wp-image-26696\" srcset=\"https:\/\/www.bergundtal.com\/wp-content\/uploads\/2025\/10\/startup-touring-adapter-jr-contour_02_web_2-scaled-1-1024x757.jpg 1024w, https:\/\/www.bergundtal.com\/wp-content\/uploads\/2025\/10\/startup-touring-adapter-jr-contour_02_web_2-scaled-1-300x222.jpg 300w, https:\/\/www.bergundtal.com\/wp-content\/uploads\/2025\/10\/startup-touring-adapter-jr-contour_02_web_2-scaled-1-768x568.jpg 768w, https:\/\/www.bergundtal.com\/wp-content\/uploads\/2025\/10\/startup-touring-adapter-jr-contour_02_web_2-scaled-1-1536x1135.jpg 1536w, https:\/\/www.bergundtal.com\/wp-content\/uploads\/2025\/10\/startup-touring-adapter-jr-contour_02_web_2-scaled-1-2048x1514.jpg 2048w, https:\/\/www.bergundtal.com\/wp-content\/uploads\/2025\/10\/startup-touring-adapter-jr-contour_02_web_2-scaled-1-700x517.jpg 700w, https:\/\/www.bergundtal.com\/wp-content\/uploads\/2025\/10\/startup-touring-adapter-jr-contour_02_web_2-scaled-1-332x245.jpg 332w\" sizes=\"(max-width: 1024px) 100vw, 1024px\" \/><\/a><figcaption class=\"wp-element-caption\">                                                                      <em><strong> Foto: Contour<\/strong><\/em><\/figcaption><\/figure>\n\n\n\n<p>Die Handhabung ist simpel: Einfach die Sohlenl\u00e4nge einstellen (245\u2013305 mm), Adapter in die Bindung einsetzen und losmarschieren. Mit Fellen <em>(auch bei Contour im Sortiment)<\/em> am Ski erleichtert die Schrittfunktion das Bergaufgehen, die aufklappbare Steighilfe unterst\u00fctzt bei steilen Anstiegen. Front- und Fersenb\u00fcgel sorgen daf\u00fcr, dass die Skischuhe sicher sitzen, und ein Packsack f\u00fcr den Transport ist gleich mit dabei.<br>Mit rund 840 Gramm pro Paar bleibt das Zusatzgewicht gering \u2013 und nach dem Aufstieg l\u00e4sst sich der Adapter vor der Abfahrt einfach aus der Bindung nehmen und im Rucksack verstauen.<br><strong>Preis: 100 \u20ac<\/strong><\/p>\n","protected":false},"excerpt":{"rendered":"<p>E-Skimo \u2013 Das erste elektrisch unterst\u00fctzte Skitourensystem Innovation am Berg, elektrische Unterst\u00fctzung f\u00fcr den Aufstieg: Ein Aufstieg, der weniger Kraft kostet, daf\u00fcr mehr Freude schenkt. Das E-Skimo Skitourensystem \u00fcbertr\u00e4gt das Prinzip des E-Bikes auf den Wintersport. Ein wartungsfreier 10-Nm-Nabenmotor ohne Getriebe, ein austauschbarer 246-Wh-Lithium-Akku und ein teilbarer Antriebsstrang im Schneemobil-Stil &#8230;<\/p>\n","protected":false},"author":2,"featured_media":26666,"comment_status":"closed","ping_status":"closed","sticky":false,"template":"","format":"standard","meta":{"jetpack_post_was_ever_published":false,"jetpack_publicize_message":"","jetpack_is_tweetstorm":false,"jetpack_publicize_feature_enabled":true,"jetpack_social_options":[]},"categories":[416,430],"tags":[],"coauthors":[461,460],"jetpack_publicize_connections":[],"jetpack_featured_media_url":"https:\/\/www.bergundtal.com\/wp-content\/uploads\/2025\/10\/1-Titelbild1.jpg","jetpack_shortlink":"https:\/\/wp.me\/p3YISc-6W5","jetpack_sharing_enabled":true,"_links":{"self":[{"href":"https:\/\/www.bergundtal.com\/index.php?rest_route=\/wp\/v2\/posts\/26665"}],"collection":[{"href":"https:\/\/www.bergundtal.com\/index.php?rest_route=\/wp\/v2\/posts"}],"about":[{"href":"https:\/\/www.bergundtal.com\/index.php?rest_route=\/wp\/v2\/types\/post"}],"author":[{"embeddable":true,"href":"https:\/\/www.bergundtal.com\/index.php?rest_route=\/wp\/v2\/users\/2"}],"replies":[{"embeddable":true,"href":"https:\/\/www.bergundtal.com\/index.php?rest_route=%2Fwp%2Fv2%2Fcomments&post=26665"}],"version-history":[{"count":9,"href":"https:\/\/www.bergundtal.com\/index.php?rest_route=\/wp\/v2\/posts\/26665\/revisions"}],"predecessor-version":[{"id":26906,"href":"https:\/\/www.bergundtal.com\/index.php?rest_route=\/wp\/v2\/posts\/26665\/revisions\/26906"}],"wp:featuredmedia":[{"embeddable":true,"href":"https:\/\/www.bergundtal.com\/index.php?rest_route=\/wp\/v2\/media\/26666"}],"wp:attachment":[{"href":"https:\/\/www.bergundtal.com\/index.php?rest_route=%2Fwp%2Fv2%2Fmedia&parent=26665"}],"wp:term":[{"taxonomy":"category","embeddable":true,"href":"https:\/\/www.bergundtal.com\/index.php?rest_route=%2Fwp%2Fv2%2Fcategories&post=26665"},{"taxonomy":"post_tag","embeddable":true,"href":"https:\/\/www.bergundtal.com\/index.php?rest_route=%2Fwp%2Fv2%2Ftags&post=26665"},{"taxonomy":"author","embeddable":true,"href":"https:\/\/www.bergundtal.com\/index.php?rest_route=%2Fwp%2Fv2%2Fcoauthors&post=26665"}],"curies":[{"name":"wp","href":"https:\/\/api.w.org\/{rel}","templated":true}]}}