{"id":3917,"date":"2015-08-12T15:57:49","date_gmt":"2015-08-12T13:57:49","guid":{"rendered":"http:\/\/www.bergundtal.com\/?p=3917"},"modified":"2015-08-16T13:23:03","modified_gmt":"2015-08-16T11:23:03","slug":"piz-buin-jubilaeumstour-150-jahre-nach-der-erstbesteigung","status":"publish","type":"post","link":"https:\/\/www.bergundtal.com\/?p=3917","title":{"rendered":"Piz Buin &#8211; Jubil\u00e4umstour 150 Jahre nach der Erstbesteigung"},"content":{"rendered":"<p>Als der Chemiestudent Franz Greiter sich 1938 am Ochsenkopf in der Silvretta einen geh\u00f6rigen Sonnenbrand einhandelte, war diese schmerzhafte Erfahrung gewisserma\u00dfen eine Initialz\u00fcndung \u2013 nach dem zweiten Weltkrieg erlangte n\u00e4mlich seine Sonnencreme Marktreife. \u00a0Er w\u00e4hlte als Marketingexperte allerdings den r\u00e4toromanischen Namen\u00a0 Piz Buin \u2013 eine Creme mit der Bezeichnung Ochsenkopf w\u00e4re sicherlich ein absoluter Ladenh\u00fcter geworden. \u00a0 Unter seinem \u201eK\u00fcnstlernamen\u201c machte der Berg dann auch Karriere. Obwohl nicht der h\u00f6chste Gipfel der Sivretta \u2013 Piz Linard und Fluchthorn sind etwas h\u00f6her- f\u00fchren alle Mehrtagestouren durch die Silvretta im Sommer und Winter am Piz Buin vorbei, oder sogar auf ihn hinauf. Der Mythos des Namens lebt bis heute \u2013 seit 150 Jahren!<\/p>\n<div class=\"tiled-gallery type-square tiled-gallery-unresized\" data-original-width=\"660\" data-carousel-extra='{&quot;blog_id&quot;:1,&quot;permalink&quot;:&quot;https:\\\/\\\/www.bergundtal.com\\\/?p=3917&quot;,&quot;likes_blog_id&quot;:58801184}' itemscope itemtype=\"http:\/\/schema.org\/ImageGallery\" > <div class=\"gallery-row\" style=\"width: 660px; height: 220px;\" data-original-width=\"660\" data-original-height=\"220\" > <div class=\"gallery-group\" style=\"width: 220px; height: 220px;\" data-original-width=\"220\" data-original-height=\"220\" > <div class=\"tiled-gallery-item \" itemprop=\"associatedMedia\" itemscope itemtype=\"http:\/\/schema.org\/ImageObject\"> <a href=\"https:\/\/www.bergundtal.com\/?attachment_id=3918\" border=\"0\" itemprop=\"url\"> <meta itemprop=\"width\" content=\"216\"> <meta itemprop=\"height\" content=\"216\"> <img data-attachment-id=\"3918\" data-orig-file=\"https:\/\/www.bergundtal.com\/wp-content\/uploads\/2015\/08\/DSC05327.jpg\" data-orig-size=\"640,501\" data-comments-opened=\"1\" data-image-meta=\"{&quot;aperture&quot;:&quot;4&quot;,&quot;credit&quot;:&quot;Picasa&quot;,&quot;camera&quot;:&quot;NEX-7&quot;,&quot;caption&quot;:&quot;&quot;,&quot;created_timestamp&quot;:&quot;1436791931&quot;,&quot;copyright&quot;:&quot;&quot;,&quot;focal_length&quot;:&quot;18&quot;,&quot;iso&quot;:&quot;640&quot;,&quot;shutter_speed&quot;:&quot;0.016666666666667&quot;,&quot;title&quot;:&quot;&quot;,&quot;orientation&quot;:&quot;0&quot;}\" data-image-title=\"DSC05327\" data-image-description=\"\" data-medium-file=\"https:\/\/www.bergundtal.com\/wp-content\/uploads\/2015\/08\/DSC05327-300x235.jpg\" data-large-file=\"https:\/\/www.bergundtal.com\/wp-content\/uploads\/2015\/08\/DSC05327.jpg\" src=\"https:\/\/i0.wp.com\/www.bergundtal.com\/wp-content\/uploads\/2015\/08\/DSC05327.jpg?w=216&#038;h=216&#038;crop=1&#038;ssl=1\" width=\"216\" height=\"216\" data-original-width=\"216\" data-original-height=\"216\" itemprop=\"http:\/\/schema.org\/image\" title=\"DSC05327\" alt=\"Aufstiegsweg\" style=\"width: 216px; height: 216px;\" \/> <\/a> <div class=\"tiled-gallery-caption\" itemprop=\"caption description\"> Aufstiegsweg <\/div> <\/div> <\/div> <div class=\"gallery-group\" style=\"width: 220px; height: 220px;\" data-original-width=\"220\" data-original-height=\"220\" > <div class=\"tiled-gallery-item \" itemprop=\"associatedMedia\" itemscope itemtype=\"http:\/\/schema.org\/ImageObject\"> <a href=\"https:\/\/www.bergundtal.com\/?attachment_id=3928\" border=\"0\" itemprop=\"url\"> <meta itemprop=\"width\" content=\"216\"> <meta itemprop=\"height\" content=\"216\"> <img data-attachment-id=\"3928\" data-orig-file=\"https:\/\/www.bergundtal.com\/wp-content\/uploads\/2015\/08\/P1000220.jpg\" data-orig-size=\"640,480\" data-comments-opened=\"1\" data-image-meta=\"{&quot;aperture&quot;:&quot;5.4&quot;,&quot;credit&quot;:&quot;Picasa&quot;,&quot;camera&quot;:&quot;DMC-TZ71&quot;,&quot;caption&quot;:&quot;&quot;,&quot;created_timestamp&quot;:&quot;1436805000&quot;,&quot;copyright&quot;:&quot;&quot;,&quot;focal_length&quot;:&quot;27.1&quot;,&quot;iso&quot;:&quot;80&quot;,&quot;shutter_speed&quot;:&quot;0.005&quot;,&quot;title&quot;:&quot;&quot;,&quot;orientation&quot;:&quot;0&quot;}\" data-image-title=\"P1000220\" data-image-description=\"\" data-medium-file=\"https:\/\/www.bergundtal.com\/wp-content\/uploads\/2015\/08\/P1000220-300x225.jpg\" data-large-file=\"https:\/\/www.bergundtal.com\/wp-content\/uploads\/2015\/08\/P1000220.jpg\" src=\"https:\/\/i0.wp.com\/www.bergundtal.com\/wp-content\/uploads\/2015\/08\/P1000220.jpg?w=216&#038;h=216&#038;crop=1&#038;ssl=1\" width=\"216\" height=\"216\" data-original-width=\"216\" data-original-height=\"216\" itemprop=\"http:\/\/schema.org\/image\" title=\"P1000220\" alt=\"Wiesbadener H\u00fctte\" style=\"width: 216px; height: 216px;\" \/> <\/a> <div class=\"tiled-gallery-caption\" itemprop=\"caption description\"> Wiesbadener H\u00fctte <\/div> <\/div> <\/div> <div class=\"gallery-group\" style=\"width: 220px; height: 220px;\" data-original-width=\"220\" data-original-height=\"220\" > <div class=\"tiled-gallery-item \" itemprop=\"associatedMedia\" itemscope itemtype=\"http:\/\/schema.org\/ImageObject\"> <a href=\"https:\/\/www.bergundtal.com\/?attachment_id=3923\" border=\"0\" itemprop=\"url\"> <meta itemprop=\"width\" content=\"216\"> <meta itemprop=\"height\" content=\"216\"> <img data-attachment-id=\"3923\" data-orig-file=\"https:\/\/www.bergundtal.com\/wp-content\/uploads\/2015\/08\/DSC05609.jpg\" data-orig-size=\"640,427\" data-comments-opened=\"1\" data-image-meta=\"{&quot;aperture&quot;:&quot;4.5&quot;,&quot;credit&quot;:&quot;Picasa&quot;,&quot;camera&quot;:&quot;NEX-7&quot;,&quot;caption&quot;:&quot;&quot;,&quot;created_timestamp&quot;:&quot;1436857408&quot;,&quot;copyright&quot;:&quot;&quot;,&quot;focal_length&quot;:&quot;18&quot;,&quot;iso&quot;:&quot;100&quot;,&quot;shutter_speed&quot;:&quot;0.0125&quot;,&quot;title&quot;:&quot;&quot;,&quot;orientation&quot;:&quot;0&quot;}\" data-image-title=\"DSC05609\" data-image-description=\"\" data-medium-file=\"https:\/\/www.bergundtal.com\/wp-content\/uploads\/2015\/08\/DSC05609-300x200.jpg\" data-large-file=\"https:\/\/www.bergundtal.com\/wp-content\/uploads\/2015\/08\/DSC05609.jpg\" src=\"https:\/\/i0.wp.com\/www.bergundtal.com\/wp-content\/uploads\/2015\/08\/DSC05609.jpg?w=216&#038;h=216&#038;crop=1&#038;ssl=1\" width=\"216\" height=\"216\" data-original-width=\"216\" data-original-height=\"216\" itemprop=\"http:\/\/schema.org\/image\" title=\"DSC05609\" alt=\"Aufstieg Richtung Gletscher\" style=\"width: 216px; height: 216px;\" \/> <\/a> <div class=\"tiled-gallery-caption\" itemprop=\"caption description\"> Aufstieg Richtung Gletscher <\/div> <\/div> <\/div> <\/div> <div class=\"gallery-row\" style=\"width: 660px; height: 220px;\" data-original-width=\"660\" data-original-height=\"220\" > <div class=\"gallery-group\" style=\"width: 220px; height: 220px;\" data-original-width=\"220\" data-original-height=\"220\" > <div class=\"tiled-gallery-item \" itemprop=\"associatedMedia\" itemscope itemtype=\"http:\/\/schema.org\/ImageObject\"> <a href=\"https:\/\/www.bergundtal.com\/?attachment_id=3930\" border=\"0\" itemprop=\"url\"> <meta itemprop=\"width\" content=\"216\"> <meta itemprop=\"height\" content=\"216\"> <img data-attachment-id=\"3930\" data-orig-file=\"https:\/\/www.bergundtal.com\/wp-content\/uploads\/2015\/08\/P1000224.jpg\" data-orig-size=\"640,480\" data-comments-opened=\"1\" data-image-meta=\"{&quot;aperture&quot;:&quot;3.3&quot;,&quot;credit&quot;:&quot;Picasa&quot;,&quot;camera&quot;:&quot;DMC-TZ71&quot;,&quot;caption&quot;:&quot;&quot;,&quot;created_timestamp&quot;:&quot;1436858078&quot;,&quot;copyright&quot;:&quot;&quot;,&quot;focal_length&quot;:&quot;4.3&quot;,&quot;iso&quot;:&quot;160&quot;,&quot;shutter_speed&quot;:&quot;0.005&quot;,&quot;title&quot;:&quot;&quot;,&quot;orientation&quot;:&quot;0&quot;}\" data-image-title=\"P1000224\" data-image-description=\"\" data-medium-file=\"https:\/\/www.bergundtal.com\/wp-content\/uploads\/2015\/08\/P1000224-300x225.jpg\" data-large-file=\"https:\/\/www.bergundtal.com\/wp-content\/uploads\/2015\/08\/P1000224.jpg\" src=\"https:\/\/i0.wp.com\/www.bergundtal.com\/wp-content\/uploads\/2015\/08\/P1000224.jpg?w=216&#038;h=216&#038;crop=1&#038;ssl=1\" width=\"216\" height=\"216\" data-original-width=\"216\" data-original-height=\"216\" itemprop=\"http:\/\/schema.org\/image\" title=\"P1000224\" alt=\"P1000224\" style=\"width: 216px; height: 216px;\" \/> <\/a> <\/div> <\/div> <div class=\"gallery-group\" style=\"width: 220px; height: 220px;\" data-original-width=\"220\" data-original-height=\"220\" > <div class=\"tiled-gallery-item \" itemprop=\"associatedMedia\" itemscope itemtype=\"http:\/\/schema.org\/ImageObject\"> <a href=\"https:\/\/www.bergundtal.com\/?attachment_id=3929\" border=\"0\" itemprop=\"url\"> <meta itemprop=\"width\" content=\"216\"> <meta itemprop=\"height\" content=\"216\"> <img data-attachment-id=\"3929\" data-orig-file=\"https:\/\/www.bergundtal.com\/wp-content\/uploads\/2015\/08\/P1000222.jpg\" data-orig-size=\"640,480\" data-comments-opened=\"1\" data-image-meta=\"{&quot;aperture&quot;:&quot;4.7&quot;,&quot;credit&quot;:&quot;Picasa&quot;,&quot;camera&quot;:&quot;DMC-TZ71&quot;,&quot;caption&quot;:&quot;&quot;,&quot;created_timestamp&quot;:&quot;1436855375&quot;,&quot;copyright&quot;:&quot;&quot;,&quot;focal_length&quot;:&quot;14.1&quot;,&quot;iso&quot;:&quot;250&quot;,&quot;shutter_speed&quot;:&quot;0.016666666666667&quot;,&quot;title&quot;:&quot;&quot;,&quot;orientation&quot;:&quot;0&quot;}\" data-image-title=\"P1000222\" data-image-description=\"\" data-medium-file=\"https:\/\/www.bergundtal.com\/wp-content\/uploads\/2015\/08\/P1000222-300x225.jpg\" data-large-file=\"https:\/\/www.bergundtal.com\/wp-content\/uploads\/2015\/08\/P1000222.jpg\" src=\"https:\/\/i0.wp.com\/www.bergundtal.com\/wp-content\/uploads\/2015\/08\/P1000222.jpg?w=216&#038;h=216&#038;crop=1&#038;ssl=1\" width=\"216\" height=\"216\" data-original-width=\"216\" data-original-height=\"216\" itemprop=\"http:\/\/schema.org\/image\" title=\"P1000222\" alt=\"P1000222\" style=\"width: 216px; height: 216px;\" \/> <\/a> <\/div> <\/div> <div class=\"gallery-group\" style=\"width: 220px; height: 220px;\" data-original-width=\"220\" data-original-height=\"220\" > <div class=\"tiled-gallery-item \" itemprop=\"associatedMedia\" itemscope itemtype=\"http:\/\/schema.org\/ImageObject\"> <a href=\"https:\/\/www.bergundtal.com\/?attachment_id=3931\" border=\"0\" itemprop=\"url\"> <meta itemprop=\"width\" content=\"216\"> <meta itemprop=\"height\" content=\"216\"> <img data-attachment-id=\"3931\" data-orig-file=\"https:\/\/www.bergundtal.com\/wp-content\/uploads\/2015\/08\/P1000225.jpg\" data-orig-size=\"640,480\" data-comments-opened=\"1\" data-image-meta=\"{&quot;aperture&quot;:&quot;4.2&quot;,&quot;credit&quot;:&quot;Picasa&quot;,&quot;camera&quot;:&quot;DMC-TZ71&quot;,&quot;caption&quot;:&quot;&quot;,&quot;created_timestamp&quot;:&quot;1436858971&quot;,&quot;copyright&quot;:&quot;&quot;,&quot;focal_length&quot;:&quot;10.3&quot;,&quot;iso&quot;:&quot;80&quot;,&quot;shutter_speed&quot;:&quot;0.01&quot;,&quot;title&quot;:&quot;&quot;,&quot;orientation&quot;:&quot;0&quot;}\" data-image-title=\"P1000225\" data-image-description=\"\" data-medium-file=\"https:\/\/www.bergundtal.com\/wp-content\/uploads\/2015\/08\/P1000225-300x225.jpg\" data-large-file=\"https:\/\/www.bergundtal.com\/wp-content\/uploads\/2015\/08\/P1000225.jpg\" src=\"https:\/\/i0.wp.com\/www.bergundtal.com\/wp-content\/uploads\/2015\/08\/P1000225.jpg?w=216&#038;h=216&#038;crop=1&#038;ssl=1\" width=\"216\" height=\"216\" data-original-width=\"216\" data-original-height=\"216\" itemprop=\"http:\/\/schema.org\/image\" title=\"P1000225\" alt=\"P1000225\" style=\"width: 216px; height: 216px;\" \/> <\/a> <\/div> <\/div> <\/div> <\/div>\n<p>Am 14. Juli 1865 wurde der Piz Buin von Jakob Weilenmann, Anton Specht, sowie Franz P\u00f6ll und Jakob Pfitscher erstmals bestiegen. Die Erstbesteiger starteten damals von der Alpe Gro\u00dfvermund, kletterten dann \u00fcber d. Wiesbadener Gr\u00e4tle\u00a0 hoch zum Ochsenkopf. \u00a0 \u00a0 \u00a0 \u00a0 \u00a0Heute wandert man von der Bieler H\u00f6he am Bieler Stausee vorbei durchs Ochsental zur Wiesbadener H\u00fctte ( 2443m ), von dort dann am n\u00e4chsten Morgen zur Gr\u00fcnen Kuppe, \u00fcber den Ochsentaler Gletscher zur Buinl\u00fccke ( 3054m ) und weiter hoch zum Gipfel ( 3312m ). \u00a0Man kann nat\u00fcrlich auch von der Schweizer Seite &#8211; Chamonna Tuoi oder Silvrettah\u00fctte &#8211;\u00a0 starten, denn der Piz Buin liegt ja auf der Grenze zur Schweiz.<\/p>\n<p>Am Jubil\u00e4umstag \u2013 14. Juli 2015, 150 Jahre nach der Erstbesteigung &#8211; war nat\u00fcrlich \u201eder Teufel\u201c los, die Landeshauptleute der Regionen Vorarlberg, Tirol, Graub\u00fcnden und Engadin waren zur Gipfeltour eingeladen, eine Nostalgie-Seilschaft mit historischer Ausr\u00fcstung war unterwegs, aber auch die Montafoner Bergf\u00fchrer standen bereit,\u00a0 um verschiedene Gruppen zu f\u00fchren.\u00a0Die Montafon Tourismus GmbH, hauptverantwortlich war Daniela Vonbun, veranstaltete am Vorabend auf der Wiesbadener H\u00fctte noch einen grandiosen H\u00fcttenabend, bevor es dann um 5.30\u00a0in der Fr\u00fch losging.\u00a0Wir wollten den Berg n\u00e4mlich so erleben, wie die Erstbesteiger es beschrieben haben: \u201eW\u00e4hrend die andern H\u00f6hen noch im Morgengrau liegen, gl\u00fcht seine Stirn schon im Fr\u00fchrot\u201c.<\/p>\n<div class=\"tiled-gallery type-square tiled-gallery-unresized\" data-original-width=\"660\" data-carousel-extra='{&quot;blog_id&quot;:1,&quot;permalink&quot;:&quot;https:\\\/\\\/www.bergundtal.com\\\/?p=3917&quot;,&quot;likes_blog_id&quot;:58801184}' itemscope itemtype=\"http:\/\/schema.org\/ImageGallery\" > <div class=\"gallery-row\" style=\"width: 660px; height: 660px;\" data-original-width=\"660\" data-original-height=\"660\" > <div class=\"gallery-group\" style=\"width: 660px; height: 660px;\" data-original-width=\"660\" data-original-height=\"660\" > <div class=\"tiled-gallery-item \" itemprop=\"associatedMedia\" itemscope itemtype=\"http:\/\/schema.org\/ImageObject\"> <a href=\"https:\/\/www.bergundtal.com\/?attachment_id=3927\" border=\"0\" itemprop=\"url\"> <meta itemprop=\"width\" content=\"656\"> <meta itemprop=\"height\" content=\"656\"> <img data-attachment-id=\"3927\" data-orig-file=\"https:\/\/www.bergundtal.com\/wp-content\/uploads\/2015\/08\/P1000218.jpg\" data-orig-size=\"640,480\" data-comments-opened=\"1\" data-image-meta=\"{&quot;aperture&quot;:&quot;5.6&quot;,&quot;credit&quot;:&quot;Picasa&quot;,&quot;camera&quot;:&quot;DMC-TZ71&quot;,&quot;caption&quot;:&quot;&quot;,&quot;created_timestamp&quot;:&quot;1436801387&quot;,&quot;copyright&quot;:&quot;&quot;,&quot;focal_length&quot;:&quot;44.8&quot;,&quot;iso&quot;:&quot;80&quot;,&quot;shutter_speed&quot;:&quot;0.005&quot;,&quot;title&quot;:&quot;&quot;,&quot;orientation&quot;:&quot;0&quot;}\" data-image-title=\"P1000218\" data-image-description=\"\" data-medium-file=\"https:\/\/www.bergundtal.com\/wp-content\/uploads\/2015\/08\/P1000218-300x225.jpg\" data-large-file=\"https:\/\/www.bergundtal.com\/wp-content\/uploads\/2015\/08\/P1000218.jpg\" src=\"https:\/\/i0.wp.com\/www.bergundtal.com\/wp-content\/uploads\/2015\/08\/P1000218.jpg?w=656&#038;h=656&#038;crop=1&#038;ssl=1\" width=\"656\" height=\"656\" data-original-width=\"656\" data-original-height=\"656\" itemprop=\"http:\/\/schema.org\/image\" title=\"P1000218\" alt=\"Jause in historischer Kleidung\" style=\"width: 656px; height: 656px;\" \/> <\/a> <div class=\"tiled-gallery-caption\" itemprop=\"caption description\"> Jause in historischer Kleidung <\/div> <\/div> <\/div> <\/div> <div class=\"gallery-row\" style=\"width: 660px; height: 220px;\" data-original-width=\"660\" data-original-height=\"220\" > <div class=\"gallery-group\" style=\"width: 220px; height: 220px;\" data-original-width=\"220\" data-original-height=\"220\" > <div class=\"tiled-gallery-item \" itemprop=\"associatedMedia\" itemscope itemtype=\"http:\/\/schema.org\/ImageObject\"> <a href=\"https:\/\/www.bergundtal.com\/?attachment_id=3939\" border=\"0\" itemprop=\"url\"> <meta itemprop=\"width\" content=\"216\"> <meta itemprop=\"height\" content=\"216\"> <img data-attachment-id=\"3939\" data-orig-file=\"https:\/\/www.bergundtal.com\/wp-content\/uploads\/2015\/08\/Piz-Buin_Erstbesteigung-617.jpg\" data-orig-size=\"640,427\" data-comments-opened=\"1\" data-image-meta=\"{&quot;aperture&quot;:&quot;0&quot;,&quot;credit&quot;:&quot;Picasa&quot;,&quot;camera&quot;:&quot;&quot;,&quot;caption&quot;:&quot;&quot;,&quot;created_timestamp&quot;:&quot;1437747670&quot;,&quot;copyright&quot;:&quot;&quot;,&quot;focal_length&quot;:&quot;0&quot;,&quot;iso&quot;:&quot;0&quot;,&quot;shutter_speed&quot;:&quot;0&quot;,&quot;title&quot;:&quot;&quot;,&quot;orientation&quot;:&quot;0&quot;}\" data-image-title=\"Piz Buin_Erstbesteigung-617\" data-image-description=\"\" data-medium-file=\"https:\/\/www.bergundtal.com\/wp-content\/uploads\/2015\/08\/Piz-Buin_Erstbesteigung-617-300x200.jpg\" data-large-file=\"https:\/\/www.bergundtal.com\/wp-content\/uploads\/2015\/08\/Piz-Buin_Erstbesteigung-617.jpg\" src=\"https:\/\/i0.wp.com\/www.bergundtal.com\/wp-content\/uploads\/2015\/08\/Piz-Buin_Erstbesteigung-617.jpg?w=216&#038;h=216&#038;crop=1&#038;ssl=1\" width=\"216\" height=\"216\" data-original-width=\"216\" data-original-height=\"216\" itemprop=\"http:\/\/schema.org\/image\" title=\"Piz Buin_Erstbesteigung-617\" alt=\"auf dem Ochsentalergletscher, Ausr\u00fcstung vor 150 Jahren\" style=\"width: 216px; height: 216px;\" \/> <\/a> <div class=\"tiled-gallery-caption\" itemprop=\"caption description\"> auf dem Ochsentalergletscher, Ausr\u00fcstung vor 150 Jahren <\/div> <\/div> <\/div> <div class=\"gallery-group\" style=\"width: 220px; height: 220px;\" data-original-width=\"220\" data-original-height=\"220\" > <div class=\"tiled-gallery-item \" itemprop=\"associatedMedia\" itemscope itemtype=\"http:\/\/schema.org\/ImageObject\"> <a href=\"https:\/\/www.bergundtal.com\/?attachment_id=3934\" border=\"0\" itemprop=\"url\"> <meta itemprop=\"width\" content=\"216\"> <meta itemprop=\"height\" content=\"216\"> <img data-attachment-id=\"3934\" data-orig-file=\"https:\/\/www.bergundtal.com\/wp-content\/uploads\/2015\/08\/P1000228.jpg\" data-orig-size=\"640,480\" data-comments-opened=\"1\" data-image-meta=\"{&quot;aperture&quot;:&quot;5&quot;,&quot;credit&quot;:&quot;Picasa&quot;,&quot;camera&quot;:&quot;DMC-TZ71&quot;,&quot;caption&quot;:&quot;&quot;,&quot;created_timestamp&quot;:&quot;1436864855&quot;,&quot;copyright&quot;:&quot;&quot;,&quot;focal_length&quot;:&quot;17.5&quot;,&quot;iso&quot;:&quot;80&quot;,&quot;shutter_speed&quot;:&quot;0.00125&quot;,&quot;title&quot;:&quot;&quot;,&quot;orientation&quot;:&quot;0&quot;}\" data-image-title=\"P1000228\" data-image-description=\"\" data-medium-file=\"https:\/\/www.bergundtal.com\/wp-content\/uploads\/2015\/08\/P1000228-300x225.jpg\" data-large-file=\"https:\/\/www.bergundtal.com\/wp-content\/uploads\/2015\/08\/P1000228.jpg\" src=\"https:\/\/i0.wp.com\/www.bergundtal.com\/wp-content\/uploads\/2015\/08\/P1000228.jpg?w=216&#038;h=216&#038;crop=1&#038;ssl=1\" width=\"216\" height=\"216\" data-original-width=\"216\" data-original-height=\"216\" itemprop=\"http:\/\/schema.org\/image\" title=\"P1000228\" alt=\"P1000228\" style=\"width: 216px; height: 216px;\" \/> <\/a> <\/div> <\/div> <div class=\"gallery-group\" style=\"width: 220px; height: 220px;\" data-original-width=\"220\" data-original-height=\"220\" > <div class=\"tiled-gallery-item \" itemprop=\"associatedMedia\" itemscope itemtype=\"http:\/\/schema.org\/ImageObject\"> <a href=\"https:\/\/www.bergundtal.com\/?attachment_id=3933\" border=\"0\" itemprop=\"url\"> <meta itemprop=\"width\" content=\"216\"> <meta itemprop=\"height\" content=\"216\"> <img data-attachment-id=\"3933\" data-orig-file=\"https:\/\/www.bergundtal.com\/wp-content\/uploads\/2015\/08\/P1000227.jpg\" data-orig-size=\"640,480\" data-comments-opened=\"1\" data-image-meta=\"{&quot;aperture&quot;:&quot;5&quot;,&quot;credit&quot;:&quot;Picasa&quot;,&quot;camera&quot;:&quot;DMC-TZ71&quot;,&quot;caption&quot;:&quot;&quot;,&quot;created_timestamp&quot;:&quot;1436864854&quot;,&quot;copyright&quot;:&quot;&quot;,&quot;focal_length&quot;:&quot;17.5&quot;,&quot;iso&quot;:&quot;80&quot;,&quot;shutter_speed&quot;:&quot;0.00125&quot;,&quot;title&quot;:&quot;&quot;,&quot;orientation&quot;:&quot;0&quot;}\" data-image-title=\"P1000227\" data-image-description=\"\" data-medium-file=\"https:\/\/www.bergundtal.com\/wp-content\/uploads\/2015\/08\/P1000227-300x225.jpg\" data-large-file=\"https:\/\/www.bergundtal.com\/wp-content\/uploads\/2015\/08\/P1000227.jpg\" src=\"https:\/\/i0.wp.com\/www.bergundtal.com\/wp-content\/uploads\/2015\/08\/P1000227.jpg?w=216&#038;h=216&#038;crop=1&#038;ssl=1\" width=\"216\" height=\"216\" data-original-width=\"216\" data-original-height=\"216\" itemprop=\"http:\/\/schema.org\/image\" title=\"P1000227\" alt=\"P1000227\" style=\"width: 216px; height: 216px;\" \/> <\/a> <\/div> <\/div> <\/div> <div class=\"gallery-row\" style=\"width: 660px; height: 220px;\" data-original-width=\"660\" data-original-height=\"220\" > <div class=\"gallery-group\" style=\"width: 220px; height: 220px;\" data-original-width=\"220\" data-original-height=\"220\" > <div class=\"tiled-gallery-item \" itemprop=\"associatedMedia\" itemscope itemtype=\"http:\/\/schema.org\/ImageObject\"> <a href=\"https:\/\/www.bergundtal.com\/?attachment_id=3926\" border=\"0\" itemprop=\"url\"> <meta itemprop=\"width\" content=\"216\"> <meta itemprop=\"height\" content=\"216\"> <img data-attachment-id=\"3926\" data-orig-file=\"https:\/\/www.bergundtal.com\/wp-content\/uploads\/2015\/08\/DSC05703.jpg\" data-orig-size=\"640,427\" data-comments-opened=\"1\" data-image-meta=\"{&quot;aperture&quot;:&quot;13&quot;,&quot;credit&quot;:&quot;Picasa&quot;,&quot;camera&quot;:&quot;NEX-7&quot;,&quot;caption&quot;:&quot;&quot;,&quot;created_timestamp&quot;:&quot;1436869780&quot;,&quot;copyright&quot;:&quot;&quot;,&quot;focal_length&quot;:&quot;44&quot;,&quot;iso&quot;:&quot;100&quot;,&quot;shutter_speed&quot;:&quot;0.002&quot;,&quot;title&quot;:&quot;&quot;,&quot;orientation&quot;:&quot;0&quot;}\" data-image-title=\"DSC05703\" data-image-description=\"\" data-medium-file=\"https:\/\/www.bergundtal.com\/wp-content\/uploads\/2015\/08\/DSC05703-300x200.jpg\" data-large-file=\"https:\/\/www.bergundtal.com\/wp-content\/uploads\/2015\/08\/DSC05703.jpg\" src=\"https:\/\/i0.wp.com\/www.bergundtal.com\/wp-content\/uploads\/2015\/08\/DSC05703.jpg?w=216&#038;h=216&#038;crop=1&#038;ssl=1\" width=\"216\" height=\"216\" data-original-width=\"216\" data-original-height=\"216\" itemprop=\"http:\/\/schema.org\/image\" title=\"DSC05703\" alt=\"DSC05703\" style=\"width: 216px; height: 216px;\" \/> <\/a> <\/div> <\/div> <div class=\"gallery-group\" style=\"width: 220px; height: 220px;\" data-original-width=\"220\" data-original-height=\"220\" > <div class=\"tiled-gallery-item \" itemprop=\"associatedMedia\" itemscope itemtype=\"http:\/\/schema.org\/ImageObject\"> <a href=\"https:\/\/www.bergundtal.com\/?attachment_id=3924\" border=\"0\" itemprop=\"url\"> <meta itemprop=\"width\" content=\"216\"> <meta itemprop=\"height\" content=\"216\"> <img data-attachment-id=\"3924\" data-orig-file=\"https:\/\/www.bergundtal.com\/wp-content\/uploads\/2015\/08\/DSC05615.jpg\" data-orig-size=\"640,427\" data-comments-opened=\"1\" data-image-meta=\"{&quot;aperture&quot;:&quot;4.5&quot;,&quot;credit&quot;:&quot;Picasa&quot;,&quot;camera&quot;:&quot;NEX-7&quot;,&quot;caption&quot;:&quot;&quot;,&quot;created_timestamp&quot;:&quot;1436858889&quot;,&quot;copyright&quot;:&quot;&quot;,&quot;focal_length&quot;:&quot;18&quot;,&quot;iso&quot;:&quot;100&quot;,&quot;shutter_speed&quot;:&quot;0.0125&quot;,&quot;title&quot;:&quot;&quot;,&quot;orientation&quot;:&quot;0&quot;}\" data-image-title=\"DSC05615\" data-image-description=\"\" data-medium-file=\"https:\/\/www.bergundtal.com\/wp-content\/uploads\/2015\/08\/DSC05615-300x200.jpg\" data-large-file=\"https:\/\/www.bergundtal.com\/wp-content\/uploads\/2015\/08\/DSC05615.jpg\" src=\"https:\/\/i0.wp.com\/www.bergundtal.com\/wp-content\/uploads\/2015\/08\/DSC05615.jpg?w=216&#038;h=216&#038;crop=1&#038;ssl=1\" width=\"216\" height=\"216\" data-original-width=\"216\" data-original-height=\"216\" itemprop=\"http:\/\/schema.org\/image\" title=\"DSC05615\" alt=\"DSC05615\" style=\"width: 216px; height: 216px;\" \/> <\/a> <\/div> <\/div> <div class=\"gallery-group\" style=\"width: 220px; height: 220px;\" data-original-width=\"220\" data-original-height=\"220\" > <div class=\"tiled-gallery-item \" itemprop=\"associatedMedia\" itemscope itemtype=\"http:\/\/schema.org\/ImageObject\"> <a href=\"https:\/\/www.bergundtal.com\/?attachment_id=3941\" border=\"0\" itemprop=\"url\"> <meta itemprop=\"width\" content=\"216\"> <meta itemprop=\"height\" content=\"216\"> <img data-attachment-id=\"3941\" data-orig-file=\"https:\/\/www.bergundtal.com\/wp-content\/uploads\/2015\/08\/Piz-Buin_Erstbesteigung-717.jpg\" data-orig-size=\"640,427\" data-comments-opened=\"1\" data-image-meta=\"{&quot;aperture&quot;:&quot;0&quot;,&quot;credit&quot;:&quot;Picasa&quot;,&quot;camera&quot;:&quot;&quot;,&quot;caption&quot;:&quot;&quot;,&quot;created_timestamp&quot;:&quot;1437747806&quot;,&quot;copyright&quot;:&quot;&quot;,&quot;focal_length&quot;:&quot;0&quot;,&quot;iso&quot;:&quot;0&quot;,&quot;shutter_speed&quot;:&quot;0&quot;,&quot;title&quot;:&quot;&quot;,&quot;orientation&quot;:&quot;0&quot;}\" data-image-title=\"Piz Buin_Erstbesteigung-717\" data-image-description=\"\" data-medium-file=\"https:\/\/www.bergundtal.com\/wp-content\/uploads\/2015\/08\/Piz-Buin_Erstbesteigung-717-300x200.jpg\" data-large-file=\"https:\/\/www.bergundtal.com\/wp-content\/uploads\/2015\/08\/Piz-Buin_Erstbesteigung-717.jpg\" src=\"https:\/\/i0.wp.com\/www.bergundtal.com\/wp-content\/uploads\/2015\/08\/Piz-Buin_Erstbesteigung-717.jpg?w=216&#038;h=216&#038;crop=1&#038;ssl=1\" width=\"216\" height=\"216\" data-original-width=\"216\" data-original-height=\"216\" itemprop=\"http:\/\/schema.org\/image\" title=\"Piz Buin_Erstbesteigung-717\" alt=\"auch die historische Seilschaft hat den Gipfel erreicht\" style=\"width: 216px; height: 216px;\" \/> <\/a> <div class=\"tiled-gallery-caption\" itemprop=\"caption description\"> auch die historische Seilschaft hat den Gipfel erreicht <\/div> <\/div> <\/div> <\/div> <\/div>\n<p>Die Tour ist sehr abwechslungsreich, landschaftlich beeindruckend, dauert ungef\u00e4hr\u00a0 5 Stunden\u00a0( 3 Stunden Aufstieg\/ 2 Stunden Abstieg ). Auf dem Ochsentaler Gletscher muss mit Spalten gerechnet werden \u2013 Seilsicherung\/ Steigeisen.\u00a0 Im Bereich der Gipfelpyramide gibt es einige Kletterstellen im Bereich I -III.\u00a0 Die Anstrengung lohnt sich aber, denn die Rundumsicht vom Gipfel ist wirklich atemberaubend \u2013 sie reicht vom\u00a0 Dom im Wallis \u00fcber die Berner Alpen im Westen bis zu den \u00d6tztaler Gipfeln im Osten. Dazu der Blick auf unz\u00e4hlige Gletscher.<\/p>\n<div class=\"tiled-gallery type-square tiled-gallery-unresized\" data-original-width=\"660\" data-carousel-extra='{&quot;blog_id&quot;:1,&quot;permalink&quot;:&quot;https:\\\/\\\/www.bergundtal.com\\\/?p=3917&quot;,&quot;likes_blog_id&quot;:58801184}' itemscope itemtype=\"http:\/\/schema.org\/ImageGallery\" > <div class=\"gallery-row\" style=\"width: 660px; height: 165px;\" data-original-width=\"660\" data-original-height=\"165\" > <div class=\"gallery-group\" style=\"width: 165px; height: 165px;\" data-original-width=\"165\" data-original-height=\"165\" > <div class=\"tiled-gallery-item \" itemprop=\"associatedMedia\" itemscope itemtype=\"http:\/\/schema.org\/ImageObject\"> <a href=\"https:\/\/www.bergundtal.com\/?attachment_id=3932\" border=\"0\" itemprop=\"url\"> <meta itemprop=\"width\" content=\"161\"> <meta itemprop=\"height\" content=\"161\"> <img data-attachment-id=\"3932\" data-orig-file=\"https:\/\/www.bergundtal.com\/wp-content\/uploads\/2015\/08\/P1000226.jpg\" data-orig-size=\"640,480\" data-comments-opened=\"1\" data-image-meta=\"{&quot;aperture&quot;:&quot;4.2&quot;,&quot;credit&quot;:&quot;Picasa&quot;,&quot;camera&quot;:&quot;DMC-TZ71&quot;,&quot;caption&quot;:&quot;&quot;,&quot;created_timestamp&quot;:&quot;1436861678&quot;,&quot;copyright&quot;:&quot;&quot;,&quot;focal_length&quot;:&quot;10.3&quot;,&quot;iso&quot;:&quot;80&quot;,&quot;shutter_speed&quot;:&quot;0.002&quot;,&quot;title&quot;:&quot;&quot;,&quot;orientation&quot;:&quot;0&quot;}\" data-image-title=\"P1000226\" data-image-description=\"\" data-medium-file=\"https:\/\/www.bergundtal.com\/wp-content\/uploads\/2015\/08\/P1000226-300x225.jpg\" data-large-file=\"https:\/\/www.bergundtal.com\/wp-content\/uploads\/2015\/08\/P1000226.jpg\" src=\"https:\/\/i0.wp.com\/www.bergundtal.com\/wp-content\/uploads\/2015\/08\/P1000226.jpg?w=161&#038;h=161&#038;crop=1&#038;ssl=1\" width=\"161\" height=\"161\" data-original-width=\"161\" data-original-height=\"161\" itemprop=\"http:\/\/schema.org\/image\" title=\"P1000226\" alt=\"Der Ochsentalergletscher zieht sich\" style=\"width: 161px; height: 161px;\" \/> <\/a> <div class=\"tiled-gallery-caption\" itemprop=\"caption description\"> Der Ochsentalergletscher zieht sich <\/div> <\/div> <\/div> <div class=\"gallery-group\" style=\"width: 165px; height: 165px;\" data-original-width=\"165\" data-original-height=\"165\" > <div class=\"tiled-gallery-item \" itemprop=\"associatedMedia\" itemscope itemtype=\"http:\/\/schema.org\/ImageObject\"> <a href=\"https:\/\/www.bergundtal.com\/?attachment_id=3936\" border=\"0\" itemprop=\"url\"> <meta itemprop=\"width\" content=\"161\"> <meta itemprop=\"height\" content=\"161\"> <img data-attachment-id=\"3936\" data-orig-file=\"https:\/\/www.bergundtal.com\/wp-content\/uploads\/2015\/08\/P1000237.jpg\" data-orig-size=\"640,480\" data-comments-opened=\"1\" data-image-meta=\"{&quot;aperture&quot;:&quot;4.6&quot;,&quot;credit&quot;:&quot;Picasa&quot;,&quot;camera&quot;:&quot;DMC-TZ71&quot;,&quot;caption&quot;:&quot;&quot;,&quot;created_timestamp&quot;:&quot;1436876582&quot;,&quot;copyright&quot;:&quot;&quot;,&quot;focal_length&quot;:&quot;13.2&quot;,&quot;iso&quot;:&quot;80&quot;,&quot;shutter_speed&quot;:&quot;0.001&quot;,&quot;title&quot;:&quot;&quot;,&quot;orientation&quot;:&quot;0&quot;}\" data-image-title=\"P1000237\" data-image-description=\"\" data-medium-file=\"https:\/\/www.bergundtal.com\/wp-content\/uploads\/2015\/08\/P1000237-300x225.jpg\" data-large-file=\"https:\/\/www.bergundtal.com\/wp-content\/uploads\/2015\/08\/P1000237.jpg\" src=\"https:\/\/i0.wp.com\/www.bergundtal.com\/wp-content\/uploads\/2015\/08\/P1000237.jpg?w=161&#038;h=161&#038;crop=1&#038;ssl=1\" width=\"161\" height=\"161\" data-original-width=\"161\" data-original-height=\"161\" itemprop=\"http:\/\/schema.org\/image\" title=\"P1000237\" alt=\"Piz Buin\" style=\"width: 161px; height: 161px;\" \/> <\/a> <div class=\"tiled-gallery-caption\" itemprop=\"caption description\"> Piz Buin <\/div> <\/div> <\/div> <div class=\"gallery-group\" style=\"width: 165px; height: 165px;\" data-original-width=\"165\" data-original-height=\"165\" > <div class=\"tiled-gallery-item \" itemprop=\"associatedMedia\" itemscope itemtype=\"http:\/\/schema.org\/ImageObject\"> <a href=\"https:\/\/www.bergundtal.com\/?attachment_id=3935\" border=\"0\" itemprop=\"url\"> <meta itemprop=\"width\" content=\"161\"> <meta itemprop=\"height\" content=\"161\"> <img data-attachment-id=\"3935\" data-orig-file=\"https:\/\/www.bergundtal.com\/wp-content\/uploads\/2015\/08\/P1000232.jpg\" data-orig-size=\"640,480\" data-comments-opened=\"1\" data-image-meta=\"{&quot;aperture&quot;:&quot;5.6&quot;,&quot;credit&quot;:&quot;Picasa&quot;,&quot;camera&quot;:&quot;DMC-TZ71&quot;,&quot;caption&quot;:&quot;&quot;,&quot;created_timestamp&quot;:&quot;1436872252&quot;,&quot;copyright&quot;:&quot;&quot;,&quot;focal_length&quot;:&quot;14.1&quot;,&quot;iso&quot;:&quot;80&quot;,&quot;shutter_speed&quot;:&quot;0.016666666666667&quot;,&quot;title&quot;:&quot;&quot;,&quot;orientation&quot;:&quot;0&quot;}\" data-image-title=\"P1000232\" data-image-description=\"\" data-medium-file=\"https:\/\/www.bergundtal.com\/wp-content\/uploads\/2015\/08\/P1000232-300x225.jpg\" data-large-file=\"https:\/\/www.bergundtal.com\/wp-content\/uploads\/2015\/08\/P1000232.jpg\" src=\"https:\/\/i0.wp.com\/www.bergundtal.com\/wp-content\/uploads\/2015\/08\/P1000232.jpg?w=161&#038;h=161&#038;crop=1&#038;ssl=1\" width=\"161\" height=\"161\" data-original-width=\"161\" data-original-height=\"161\" itemprop=\"http:\/\/schema.org\/image\" title=\"P1000232\" alt=\"Bergf\u00fchrer Wolfi\" style=\"width: 161px; height: 161px;\" \/> <\/a> <div class=\"tiled-gallery-caption\" itemprop=\"caption description\"> Bergf\u00fchrer Wolfi <\/div> <\/div> <\/div> <div class=\"gallery-group\" style=\"width: 165px; height: 165px;\" data-original-width=\"165\" data-original-height=\"165\" > <div class=\"tiled-gallery-item \" itemprop=\"associatedMedia\" itemscope itemtype=\"http:\/\/schema.org\/ImageObject\"> <a href=\"https:\/\/www.bergundtal.com\/?attachment_id=3940\" border=\"0\" itemprop=\"url\"> <meta itemprop=\"width\" content=\"161\"> <meta itemprop=\"height\" content=\"161\"> <img data-attachment-id=\"3940\" data-orig-file=\"https:\/\/www.bergundtal.com\/wp-content\/uploads\/2015\/08\/Piz-Buin_Erstbesteigung-704.jpg\" data-orig-size=\"640,427\" data-comments-opened=\"1\" data-image-meta=\"{&quot;aperture&quot;:&quot;0&quot;,&quot;credit&quot;:&quot;Picasa&quot;,&quot;camera&quot;:&quot;&quot;,&quot;caption&quot;:&quot;&quot;,&quot;created_timestamp&quot;:&quot;0&quot;,&quot;copyright&quot;:&quot;&quot;,&quot;focal_length&quot;:&quot;0&quot;,&quot;iso&quot;:&quot;0&quot;,&quot;shutter_speed&quot;:&quot;0&quot;,&quot;title&quot;:&quot;&quot;,&quot;orientation&quot;:&quot;0&quot;}\" data-image-title=\"Piz Buin_Erstbesteigung-704\" data-image-description=\"\" data-medium-file=\"https:\/\/www.bergundtal.com\/wp-content\/uploads\/2015\/08\/Piz-Buin_Erstbesteigung-704-300x200.jpg\" data-large-file=\"https:\/\/www.bergundtal.com\/wp-content\/uploads\/2015\/08\/Piz-Buin_Erstbesteigung-704.jpg\" src=\"https:\/\/i0.wp.com\/www.bergundtal.com\/wp-content\/uploads\/2015\/08\/Piz-Buin_Erstbesteigung-704.jpg?w=161&#038;h=161&#038;crop=1&#038;ssl=1\" width=\"161\" height=\"161\" data-original-width=\"161\" data-original-height=\"161\" itemprop=\"http:\/\/schema.org\/image\" title=\"Piz Buin_Erstbesteigung-704\" alt=\"Auf dem Gifpel\" style=\"width: 161px; height: 161px;\" \/> <\/a> <div class=\"tiled-gallery-caption\" itemprop=\"caption description\"> Auf dem Gifpel <\/div> <\/div> <\/div> <\/div> <\/div>\n","protected":false},"excerpt":{"rendered":"<p>Als der Chemiestudent Franz Greiter sich 1938 am Ochsenkopf in der Silvretta einen geh\u00f6rigen Sonnenbrand einhandelte, war diese schmerzhafte Erfahrung gewisserma\u00dfen eine Initialz\u00fcndung \u2013 nach dem zweiten Weltkrieg erlangte n\u00e4mlich seine Sonnencreme Marktreife. \u00a0Er w\u00e4hlte als Marketingexperte allerdings den r\u00e4toromanischen Namen\u00a0 Piz Buin \u2013 eine Creme mit der Bezeichnung Ochsenkopf &#8230;<\/p>\n","protected":false},"author":4,"featured_media":3937,"comment_status":"open","ping_status":"open","sticky":false,"template":"","format":"standard","meta":{"jetpack_post_was_ever_published":false,"jetpack_publicize_message":"","jetpack_is_tweetstorm":false,"jetpack_publicize_feature_enabled":true,"jetpack_social_options":[]},"categories":[340],"tags":[346,337,335,336],"coauthors":[],"jetpack_publicize_connections":[],"jetpack_featured_media_url":"https:\/\/www.bergundtal.com\/wp-content\/uploads\/2015\/08\/P1000238.jpg","jetpack_shortlink":"https:\/\/wp.me\/p3YISc-11b","jetpack_sharing_enabled":true,"_links":{"self":[{"href":"https:\/\/www.bergundtal.com\/index.php?rest_route=\/wp\/v2\/posts\/3917"}],"collection":[{"href":"https:\/\/www.bergundtal.com\/index.php?rest_route=\/wp\/v2\/posts"}],"about":[{"href":"https:\/\/www.bergundtal.com\/index.php?rest_route=\/wp\/v2\/types\/post"}],"author":[{"embeddable":true,"href":"https:\/\/www.bergundtal.com\/index.php?rest_route=\/wp\/v2\/users\/4"}],"replies":[{"embeddable":true,"href":"https:\/\/www.bergundtal.com\/index.php?rest_route=%2Fwp%2Fv2%2Fcomments&post=3917"}],"version-history":[{"count":3,"href":"https:\/\/www.bergundtal.com\/index.php?rest_route=\/wp\/v2\/posts\/3917\/revisions"}],"predecessor-version":[{"id":3952,"href":"https:\/\/www.bergundtal.com\/index.php?rest_route=\/wp\/v2\/posts\/3917\/revisions\/3952"}],"wp:featuredmedia":[{"embeddable":true,"href":"https:\/\/www.bergundtal.com\/index.php?rest_route=\/wp\/v2\/media\/3937"}],"wp:attachment":[{"href":"https:\/\/www.bergundtal.com\/index.php?rest_route=%2Fwp%2Fv2%2Fmedia&parent=3917"}],"wp:term":[{"taxonomy":"category","embeddable":true,"href":"https:\/\/www.bergundtal.com\/index.php?rest_route=%2Fwp%2Fv2%2Fcategories&post=3917"},{"taxonomy":"post_tag","embeddable":true,"href":"https:\/\/www.bergundtal.com\/index.php?rest_route=%2Fwp%2Fv2%2Ftags&post=3917"},{"taxonomy":"author","embeddable":true,"href":"https:\/\/www.bergundtal.com\/index.php?rest_route=%2Fwp%2Fv2%2Fcoauthors&post=3917"}],"curies":[{"name":"wp","href":"https:\/\/api.w.org\/{rel}","templated":true}]}}