{"id":4074,"date":"2015-08-18T13:27:40","date_gmt":"2015-08-18T11:27:40","guid":{"rendered":"http:\/\/www.bergundtal.com\/?p=4074"},"modified":"2016-03-13T17:44:24","modified_gmt":"2016-03-13T16:44:24","slug":"blauer-himmel-garantiert-der-hopfgartner-schernthannlift-wird-zur-6er-komfortsesselbahn","status":"publish","type":"post","link":"https:\/\/www.bergundtal.com\/?p=4074","title":{"rendered":"Wintersaison 2015: SkiWelt Wilder Kaiser &#8211; Brixental, der Hopfgartner Schernthannlift wird zur 6er-Komfortsesselbahn."},"content":{"rendered":"<p>&nbsp;<\/p>\n<figure id=\"attachment_4080\" aria-describedby=\"caption-attachment-4080\" style=\"width: 150px\" class=\"wp-caption alignleft\"><a href=\"http:\/\/www.bergundtal.com\/wp-content\/uploads\/2015\/02\/SKIWELT_001060_SkiWelt-Neue-Schernthannbahn-in-der-SkiWelt-Hopfgarten_Bildarchiv-SkiWelt.J.jpg\"><img data-attachment-id=\"4080\" data-permalink=\"https:\/\/www.bergundtal.com\/?attachment_id=4080\" data-orig-file=\"https:\/\/www.bergundtal.com\/wp-content\/uploads\/2015\/02\/SKIWELT_001060_SkiWelt-Neue-Schernthannbahn-in-der-SkiWelt-Hopfgarten_Bildarchiv-SkiWelt.J.jpg\" data-orig-size=\"640,400\" data-comments-opened=\"1\" data-image-meta=\"{&quot;aperture&quot;:&quot;0&quot;,&quot;credit&quot;:&quot;Picasa&quot;,&quot;camera&quot;:&quot;&quot;,&quot;caption&quot;:&quot;&quot;,&quot;created_timestamp&quot;:&quot;1439898052&quot;,&quot;copyright&quot;:&quot;&quot;,&quot;focal_length&quot;:&quot;0&quot;,&quot;iso&quot;:&quot;0&quot;,&quot;shutter_speed&quot;:&quot;0&quot;,&quot;title&quot;:&quot;&quot;,&quot;orientation&quot;:&quot;0&quot;}\" data-image-title=\"SKIWELT_001060_SkiWelt-Neue-Schernthannbahn-in-der-SkiWelt-Hopfgarten_Bildarchiv-SkiWelt.J\" data-image-description=\"\" data-image-caption=\"&lt;p&gt;Foto: Leitner ropeways, Modell der neuen Schernthannerbahn in Hopfgarten&lt;\/p&gt;\n\" data-medium-file=\"https:\/\/www.bergundtal.com\/wp-content\/uploads\/2015\/02\/SKIWELT_001060_SkiWelt-Neue-Schernthannbahn-in-der-SkiWelt-Hopfgarten_Bildarchiv-SkiWelt.J-300x188.jpg\" data-large-file=\"https:\/\/www.bergundtal.com\/wp-content\/uploads\/2015\/02\/SKIWELT_001060_SkiWelt-Neue-Schernthannbahn-in-der-SkiWelt-Hopfgarten_Bildarchiv-SkiWelt.J.jpg\" decoding=\"async\" loading=\"lazy\" class=\"size-thumbnail wp-image-4080\" src=\"http:\/\/www.bergundtal.com\/wp-content\/uploads\/2015\/02\/SKIWELT_001060_SkiWelt-Neue-Schernthannbahn-in-der-SkiWelt-Hopfgarten_Bildarchiv-SkiWelt.J-150x150.jpg\" alt=\"Foto: Leitner ropeways, Modell der neuen Schernthannerbahn in Hopfgarten\" width=\"150\" height=\"150\" srcset=\"https:\/\/www.bergundtal.com\/wp-content\/uploads\/2015\/02\/SKIWELT_001060_SkiWelt-Neue-Schernthannbahn-in-der-SkiWelt-Hopfgarten_Bildarchiv-SkiWelt.J-150x150.jpg 150w, https:\/\/www.bergundtal.com\/wp-content\/uploads\/2015\/02\/SKIWELT_001060_SkiWelt-Neue-Schernthannbahn-in-der-SkiWelt-Hopfgarten_Bildarchiv-SkiWelt.J-268x268.jpg 268w\" sizes=\"(max-width: 150px) 100vw, 150px\" \/><\/a><figcaption id=\"caption-attachment-4080\" class=\"wp-caption-text\">Foto: Leitner ropeways, Modell der neuen Schernthannerbahn in Hopfgarten<\/figcaption><\/figure>\n<p><em><strong>P\u00fcnktlich zu Beginn der Wintersaison 2015:<\/strong><\/em> Die SkiWelt Wilder Kaiser &#8211; Brixental investiert \u00fcber 6 Millionen f\u00fcr die n\u00e4chste Saison: Schernthann-Lift wird\u00a06er Sessellift\u00a0mit hohem Komfort + automatische Einstiegshilfe f\u00fcr Kinder, erweiterter Kassenbereich an der Talstation in Hofgarten,\u00a0Neubau der Hartkaiserbahn in Ellmau,\u00a0Ein neuer Skiweg zwischen Schernthannlift und den besonders f\u00fcr Einsteiger, Skischulen und Familien geeigneten weiten und offenen Pisten des Foisching-Liftes und weitere Qualit\u00e4tsverbesserungen bei Bahnen,\u00a0Schneeanlagen und Pistenpflege. \u00a0 \u00a0 \u00a0 \u00a0 \u00a0 \u00a0 \u00a0 \u00a0 \u00a0 \u00a0 \u00a0 \u00a0 \u00a0 \u00a0 \u00a0 \u00a0 \u00a0 \u00a0 \u00a0 \u00a0 \u00a0 \u00a0 \u00a0 \u00a0 \u00a0 \u00a0 \u00a0 \u00a0 \u00a0 \u00a0 \u00a0 \u00a0 \u00a0 \u00a0 \u00a0 \u00a0 \u00a0 \u00a0 \u00a0 \u00a0 \u00a0 \u00a0 \u00a0 \u00a0 \u00a0 \u00a0 \u00a0 \u00a0 \u00a0 \u00a0 \u00a0 \u00a0 \u00a0 \u00a0<em><strong>Siehe dazu Bericht &#8222;SkiWelt Wilder Kaiser \u2013 IRRSINNIG GROSS&#8220;<\/strong><\/em><\/p>\n<p>&nbsp;<\/p>\n<p>&nbsp;<\/p>\n<p>&nbsp;<\/p>\n","protected":false},"excerpt":{"rendered":"<p>&nbsp; P\u00fcnktlich zu Beginn der Wintersaison 2015: Die SkiWelt Wilder Kaiser &#8211; Brixental investiert \u00fcber 6 Millionen f\u00fcr die n\u00e4chste Saison: Schernthann-Lift wird\u00a06er Sessellift\u00a0mit hohem Komfort + automatische Einstiegshilfe f\u00fcr Kinder, erweiterter Kassenbereich an der Talstation in Hofgarten,\u00a0Neubau der Hartkaiserbahn in Ellmau,\u00a0Ein neuer Skiweg zwischen Schernthannlift und den besonders f\u00fcr &#8230;<\/p>\n","protected":false},"author":2,"featured_media":0,"comment_status":"open","ping_status":"open","sticky":false,"template":"","format":"standard","meta":{"jetpack_post_was_ever_published":false,"jetpack_publicize_message":"","jetpack_is_tweetstorm":false,"jetpack_publicize_feature_enabled":true,"jetpack_social_options":[]},"categories":[343,369,416],"tags":[388,387,284],"coauthors":[],"jetpack_publicize_connections":[],"jetpack_featured_media_url":"","jetpack_shortlink":"https:\/\/wp.me\/p3YISc-13I","jetpack_sharing_enabled":true,"_links":{"self":[{"href":"https:\/\/www.bergundtal.com\/index.php?rest_route=\/wp\/v2\/posts\/4074"}],"collection":[{"href":"https:\/\/www.bergundtal.com\/index.php?rest_route=\/wp\/v2\/posts"}],"about":[{"href":"https:\/\/www.bergundtal.com\/index.php?rest_route=\/wp\/v2\/types\/post"}],"author":[{"embeddable":true,"href":"https:\/\/www.bergundtal.com\/index.php?rest_route=\/wp\/v2\/users\/2"}],"replies":[{"embeddable":true,"href":"https:\/\/www.bergundtal.com\/index.php?rest_route=%2Fwp%2Fv2%2Fcomments&post=4074"}],"version-history":[{"count":8,"href":"https:\/\/www.bergundtal.com\/index.php?rest_route=\/wp\/v2\/posts\/4074\/revisions"}],"predecessor-version":[{"id":4102,"href":"https:\/\/www.bergundtal.com\/index.php?rest_route=\/wp\/v2\/posts\/4074\/revisions\/4102"}],"wp:attachment":[{"href":"https:\/\/www.bergundtal.com\/index.php?rest_route=%2Fwp%2Fv2%2Fmedia&parent=4074"}],"wp:term":[{"taxonomy":"category","embeddable":true,"href":"https:\/\/www.bergundtal.com\/index.php?rest_route=%2Fwp%2Fv2%2Fcategories&post=4074"},{"taxonomy":"post_tag","embeddable":true,"href":"https:\/\/www.bergundtal.com\/index.php?rest_route=%2Fwp%2Fv2%2Ftags&post=4074"},{"taxonomy":"author","embeddable":true,"href":"https:\/\/www.bergundtal.com\/index.php?rest_route=%2Fwp%2Fv2%2Fcoauthors&post=4074"}],"curies":[{"name":"wp","href":"https:\/\/api.w.org\/{rel}","templated":true}]}}