{"id":4221,"date":"2015-09-26T19:14:29","date_gmt":"2015-09-26T17:14:29","guid":{"rendered":"http:\/\/www.bergundtal.com\/?p=4221"},"modified":"2016-03-13T17:42:50","modified_gmt":"2016-03-13T16:42:50","slug":"zero-g-blizzard-kann-auch-tourenski-bauen","status":"publish","type":"post","link":"https:\/\/www.bergundtal.com\/?p=4221","title":{"rendered":"ZERO G  &#8211; Blizzard kann auch Tourenski bauen"},"content":{"rendered":"<p>Bisher hatten Tourengeher Blizzard nicht auf dem Schirm, das wird sich allerdings in der neuen Saison \u00e4ndern. Ein Ski mit dem Namen ZERO G weist die Richtung \u2013 m\u00f6glichst wenig Gewicht, um die Schwerkraft zu \u00fcberlisten und bergauf m\u00f6glichst wenig Ballast an den F\u00fc\u00dfen zu haben. Und der Spa\u00df bergab? Bisher war es ja immer so, dass wenig Gewicht bergauf auch wenig Spa\u00df bei der Abfahrt bedeutete. Bei einigen Skimodellen der neuen Generation ist das allerdings \u201eSchnee von gestern\u201c, ganz einfach \u00a0Pustekuchen. Diese Ski sind federleicht und bieten trotzdem eine bisher kaum f\u00fcr m\u00f6glich gehaltene Abfahrtsperformance \u2013 so auch der neue Tourenski von Blizzrad ZERO G. Wir haben Ende Juni am Stilfser Joch einige Tourenski getestet und konnten das Modell ZERO G 85 \u2013 es gibt diesen Ski auch mit 95-er, sogar mit 108-er Mittelbreite- mit anderen Tourenski vergleichen. Dieser Ski wiegt bei 171cm knapp 1000Gramm! D.h., in Kombination mit einer der aktuellen Pin-Bindungen kommt man auf 1,5kg \u2013 so viel wog bisher ein guter Tourenski allein!<\/p>\n<div data-carousel-extra='{\"blog_id\":1,\"permalink\":\"https:\\\/\\\/www.bergundtal.com\\\/?p=4221\"}' id='gallery-1' class='gallery galleryid-4221 gallery-columns-3 gallery-size-thumbnail'><figure class='gallery-item'>\n\t\t\t<div class='gallery-icon landscape'>\n\t\t\t\t<a rel='attachment' href='https:\/\/www.bergundtal.com\/?attachment_id=4203'><img width=\"150\" height=\"150\" src=\"https:\/\/www.bergundtal.com\/wp-content\/uploads\/2015\/09\/P1000168-150x150.jpg\" class=\"attachment-thumbnail size-thumbnail\" alt=\"\" decoding=\"async\" loading=\"lazy\" srcset=\"https:\/\/www.bergundtal.com\/wp-content\/uploads\/2015\/09\/P1000168-150x150.jpg 150w, https:\/\/www.bergundtal.com\/wp-content\/uploads\/2015\/09\/P1000168-432x432.jpg 432w, https:\/\/www.bergundtal.com\/wp-content\/uploads\/2015\/09\/P1000168-268x268.jpg 268w\" sizes=\"(max-width: 150px) 100vw, 150px\" data-attachment-id=\"4203\" data-permalink=\"https:\/\/www.bergundtal.com\/?attachment_id=4203\" data-orig-file=\"https:\/\/www.bergundtal.com\/wp-content\/uploads\/2015\/09\/P1000168.jpg\" data-orig-size=\"640,480\" data-comments-opened=\"1\" data-image-meta=\"{&quot;aperture&quot;:&quot;8&quot;,&quot;credit&quot;:&quot;Picasa&quot;,&quot;camera&quot;:&quot;DMC-TZ71&quot;,&quot;caption&quot;:&quot;&quot;,&quot;created_timestamp&quot;:&quot;1436446558&quot;,&quot;copyright&quot;:&quot;&quot;,&quot;focal_length&quot;:&quot;13.2&quot;,&quot;iso&quot;:&quot;160&quot;,&quot;shutter_speed&quot;:&quot;0.00125&quot;,&quot;title&quot;:&quot;&quot;,&quot;orientation&quot;:&quot;0&quot;}\" data-image-title=\"P1000168\" data-image-description=\"\" data-image-caption=\"\" data-medium-file=\"https:\/\/www.bergundtal.com\/wp-content\/uploads\/2015\/09\/P1000168-300x225.jpg\" data-large-file=\"https:\/\/www.bergundtal.com\/wp-content\/uploads\/2015\/09\/P1000168.jpg\" \/><\/a>\n\t\t\t<\/div><\/figure><figure class='gallery-item'>\n\t\t\t<div class='gallery-icon landscape'>\n\t\t\t\t<a rel='attachment' href='https:\/\/www.bergundtal.com\/?attachment_id=4211'><img width=\"150\" height=\"150\" src=\"https:\/\/www.bergundtal.com\/wp-content\/uploads\/2015\/09\/P1000187-150x150.jpg\" class=\"attachment-thumbnail size-thumbnail\" alt=\"\" decoding=\"async\" loading=\"lazy\" aria-describedby=\"gallery-1-4211\" srcset=\"https:\/\/www.bergundtal.com\/wp-content\/uploads\/2015\/09\/P1000187-150x150.jpg 150w, https:\/\/www.bergundtal.com\/wp-content\/uploads\/2015\/09\/P1000187-432x432.jpg 432w, https:\/\/www.bergundtal.com\/wp-content\/uploads\/2015\/09\/P1000187-268x268.jpg 268w\" sizes=\"(max-width: 150px) 100vw, 150px\" data-attachment-id=\"4211\" data-permalink=\"https:\/\/www.bergundtal.com\/?attachment_id=4211\" data-orig-file=\"https:\/\/www.bergundtal.com\/wp-content\/uploads\/2015\/09\/P1000187.jpg\" data-orig-size=\"640,480\" data-comments-opened=\"1\" data-image-meta=\"{&quot;aperture&quot;:&quot;5.6&quot;,&quot;credit&quot;:&quot;Picasa&quot;,&quot;camera&quot;:&quot;DMC-TZ71&quot;,&quot;caption&quot;:&quot;&quot;,&quot;created_timestamp&quot;:&quot;1436475253&quot;,&quot;copyright&quot;:&quot;&quot;,&quot;focal_length&quot;:&quot;35.8&quot;,&quot;iso&quot;:&quot;250&quot;,&quot;shutter_speed&quot;:&quot;0.0125&quot;,&quot;title&quot;:&quot;&quot;,&quot;orientation&quot;:&quot;0&quot;}\" data-image-title=\"P1000187\" data-image-description=\"\" data-image-caption=\"&lt;p&gt;Tibeth\u00fctte auf dem Stilfser Joch&lt;\/p&gt;\n\" data-medium-file=\"https:\/\/www.bergundtal.com\/wp-content\/uploads\/2015\/09\/P1000187-300x225.jpg\" data-large-file=\"https:\/\/www.bergundtal.com\/wp-content\/uploads\/2015\/09\/P1000187.jpg\" \/><\/a>\n\t\t\t<\/div>\n\t\t\t\t<figcaption class='wp-caption-text gallery-caption' id='gallery-1-4211'>\n\t\t\t\tTibeth\u00fctte auf dem Stilfser Joch\n\t\t\t\t<\/figcaption><\/figure><figure class='gallery-item'>\n\t\t\t<div class='gallery-icon landscape'>\n\t\t\t\t<a rel='attachment' href='https:\/\/www.bergundtal.com\/?attachment_id=4212'><img width=\"150\" height=\"150\" src=\"https:\/\/www.bergundtal.com\/wp-content\/uploads\/2015\/09\/P1000190-150x150.jpg\" class=\"attachment-thumbnail size-thumbnail\" alt=\"\" decoding=\"async\" loading=\"lazy\" aria-describedby=\"gallery-1-4212\" srcset=\"https:\/\/www.bergundtal.com\/wp-content\/uploads\/2015\/09\/P1000190-150x150.jpg 150w, https:\/\/www.bergundtal.com\/wp-content\/uploads\/2015\/09\/P1000190-432x432.jpg 432w, https:\/\/www.bergundtal.com\/wp-content\/uploads\/2015\/09\/P1000190-268x268.jpg 268w\" sizes=\"(max-width: 150px) 100vw, 150px\" data-attachment-id=\"4212\" data-permalink=\"https:\/\/www.bergundtal.com\/?attachment_id=4212\" data-orig-file=\"https:\/\/www.bergundtal.com\/wp-content\/uploads\/2015\/09\/P1000190.jpg\" data-orig-size=\"640,480\" data-comments-opened=\"1\" data-image-meta=\"{&quot;aperture&quot;:&quot;5.7&quot;,&quot;credit&quot;:&quot;Picasa&quot;,&quot;camera&quot;:&quot;DMC-TZ71&quot;,&quot;caption&quot;:&quot;&quot;,&quot;created_timestamp&quot;:&quot;1436522492&quot;,&quot;copyright&quot;:&quot;&quot;,&quot;focal_length&quot;:&quot;50.5&quot;,&quot;iso&quot;:&quot;80&quot;,&quot;shutter_speed&quot;:&quot;0.000625&quot;,&quot;title&quot;:&quot;&quot;,&quot;orientation&quot;:&quot;0&quot;}\" data-image-title=\"P1000190\" data-image-description=\"\" data-image-caption=\"&lt;p&gt;Trainingsrevier Stilfser JOch&lt;\/p&gt;\n\" data-medium-file=\"https:\/\/www.bergundtal.com\/wp-content\/uploads\/2015\/09\/P1000190-300x225.jpg\" data-large-file=\"https:\/\/www.bergundtal.com\/wp-content\/uploads\/2015\/09\/P1000190.jpg\" \/><\/a>\n\t\t\t<\/div>\n\t\t\t\t<figcaption class='wp-caption-text gallery-caption' id='gallery-1-4212'>\n\t\t\t\tTrainingsrevier Stilfser JOch\n\t\t\t\t<\/figcaption><\/figure>\n\t\t<\/div>\n\n<p>Das Stilfser Joch bietet zu dieser Jahreszeit optimale M\u00f6glichkeiten: Man wohnt im Skigebiet\u00a0 (Tibeth\u00fctte ) auf 2800m, findet neben den pr\u00e4parierten Pisten auch mit der Geisterspitze \u00a0 \u00a0 \u00a0 \u00a0 \u00a0( 3465m ) und Hohe Schneide ( 3441m ) ordentlich H\u00f6henmeter \u2013 von der Passh\u00f6he ca. 700m Aufstieg. Lifte laufen hier oben nur von Pfingsten bis Ende Oktober- es ist eins der wenigen \u00a0\u201e\u00fcbriggebliebenen\u201c Sommerskigebiete. Die Pisten sind morgens ein unglaubliches Labyrinth von Torstangen, denn bis zum Mittag, solange der Schnee noch hartgefroren ist, trainieren hier alle m\u00f6glichen Nachwuchs- und Nationalmannschaften. Man hat morgens eine kn\u00fcppelharte Piste, mittags weichen Schnee, im Gel\u00e4nde Firn oder Bruchharsch, mittags dann knietiefen Sulz \u2013 also optimale Test- und Vergleichsm\u00f6glichkeiten.<\/p>\n<p>Der ZERO G 85 erwies sich als Meister \u201ealler Klassen\u201c. Im Aufstieg kaum Gewicht, auf harter Piste ordentlich Grip, sehr agil und drehfreudig, erstaunlich laufruhig und spurtreu in tiefem Sulz. Carbon Drive-so nennt Blizzard diese Technologie- sorgt f\u00fcr die notwendige Stabilit\u00e4t. Eine Carbonkontruktion liegt \u00fcber dem leichten Holzkern und einer Fiberglasschicht und ummantelt auch die Seitenwangen. Diese Bauweise erm\u00f6glicht einen lebhaften Ski, der sich sehr agil und auch pr\u00e4zise fahren l\u00e4sst, und das bei rekordverd\u00e4chtigem Gewicht. Das Skiprofil mit einem Rocker an der Spitze und am Skiende und Camber in der Skimitte ergibt einen \u00e4u\u00dferst leicht zu fahrenden Ski, der schon bei geringem Tempo in tiefem Schnee \u201eaufschwimmt\u201c. Der Camber garantiert in Kombination mit der Carbon-Technologie Griffigkeit und \u201eTempofestigkeit\u201c auf hartem Schnee, echtes \u201eCarving-Feeling\u201c.<\/p>\n<p>Man hat die Qual der Wahl: Je nach Gusto entscheidet man sich f\u00fcr den ZERO 108 mit \u00fcppiger Breite ( 136-108-122 ), f\u00fcr den Zero 95 ( 128-95-11,5 ), oder aber als Gewichtsfetischist f\u00fcr den extrem leichten Zero 85 ( 116-85-99,5 ). Tourengeherinnen k\u00f6nnen dieses Model auch in einer anderen Farbe w\u00e4hlen.<\/p>\n<p>Auf unserem Testski war die King-Pin ( Marker ) montiert, eine Bindung, die auch f\u00fcr die breiteren Modelle empfehlenswert ist, denn es gibt sie mit verschiedenen Stopperbreiten. Au\u00dferdem garantiert der breite Hinterbacken, der am Sohlenrand des Stiefels angreift, durch die Festigkeit der Verbindung eine \u00fcberragende Abfahrtsperformance \u2013 hier wackelt nichts! \u00a0Nat\u00fcrlich gibt es passende Felle ( Pomoca ), perfekt zugeschnitten. Allerdings f\u00e4llt hier bei so viel Licht auch etwas Schatten auf die Ausr\u00fcstung. Beim Endhaken aus Plastik wurde an der falschen Stelle gespart \u2013 oder wir hatten eine \u201eMontagsproduktion\u201c!? Bei der Kombination K\u00e4lte und Plastikteil bin ich immer skeptisch und packe vorsichtshalber ein St\u00fcck Gummiband ein, um zur Not das Steigfell irgendwie zu befestigen. So auch hier, denn bereits beim dritten Anfellversuch brach ein Haken entzwei\u2013 Geiz ist geil, aber manchmal auch die falsche Entscheidung.<\/p>\n<div data-carousel-extra='{\"blog_id\":1,\"permalink\":\"https:\\\/\\\/www.bergundtal.com\\\/?p=4221\"}' id='gallery-2' class='gallery galleryid-4221 gallery-columns-4 gallery-size-thumbnail'><figure class='gallery-item'>\n\t\t\t<div class='gallery-icon landscape'>\n\t\t\t\t<a rel='attachment' href='https:\/\/www.bergundtal.com\/?attachment_id=4206'><img width=\"150\" height=\"150\" src=\"https:\/\/www.bergundtal.com\/wp-content\/uploads\/2015\/09\/P1000178-150x150.jpg\" class=\"attachment-thumbnail size-thumbnail\" alt=\"\" decoding=\"async\" loading=\"lazy\" aria-describedby=\"gallery-2-4206\" srcset=\"https:\/\/www.bergundtal.com\/wp-content\/uploads\/2015\/09\/P1000178-150x150.jpg 150w, https:\/\/www.bergundtal.com\/wp-content\/uploads\/2015\/09\/P1000178-432x432.jpg 432w, https:\/\/www.bergundtal.com\/wp-content\/uploads\/2015\/09\/P1000178-268x268.jpg 268w\" sizes=\"(max-width: 150px) 100vw, 150px\" data-attachment-id=\"4206\" data-permalink=\"https:\/\/www.bergundtal.com\/?attachment_id=4206\" data-orig-file=\"https:\/\/www.bergundtal.com\/wp-content\/uploads\/2015\/09\/P1000178.jpg\" data-orig-size=\"640,480\" data-comments-opened=\"1\" data-image-meta=\"{&quot;aperture&quot;:&quot;3.3&quot;,&quot;credit&quot;:&quot;Picasa&quot;,&quot;camera&quot;:&quot;DMC-TZ71&quot;,&quot;caption&quot;:&quot;&quot;,&quot;created_timestamp&quot;:&quot;1436461173&quot;,&quot;copyright&quot;:&quot;&quot;,&quot;focal_length&quot;:&quot;4.3&quot;,&quot;iso&quot;:&quot;80&quot;,&quot;shutter_speed&quot;:&quot;0.000625&quot;,&quot;title&quot;:&quot;&quot;,&quot;orientation&quot;:&quot;0&quot;}\" data-image-title=\"P1000178\" data-image-description=\"\" data-image-caption=\"&lt;p&gt;Blizzard ZERO G 85; 116\/85\/99,5; mit Pin Bindung 3 kg das Paar&lt;\/p&gt;\n\" data-medium-file=\"https:\/\/www.bergundtal.com\/wp-content\/uploads\/2015\/09\/P1000178-300x225.jpg\" data-large-file=\"https:\/\/www.bergundtal.com\/wp-content\/uploads\/2015\/09\/P1000178.jpg\" \/><\/a>\n\t\t\t<\/div>\n\t\t\t\t<figcaption class='wp-caption-text gallery-caption' id='gallery-2-4206'>\n\t\t\t\tBlizzard ZERO G 85; 116\/85\/99,5; mit Pin Bindung 3 kg das Paar\n\t\t\t\t<\/figcaption><\/figure><figure class='gallery-item'>\n\t\t\t<div class='gallery-icon landscape'>\n\t\t\t\t<a rel='attachment' href='https:\/\/www.bergundtal.com\/?attachment_id=4214'><img width=\"150\" height=\"150\" src=\"https:\/\/www.bergundtal.com\/wp-content\/uploads\/2015\/09\/P1000195-150x150.jpg\" class=\"attachment-thumbnail size-thumbnail\" alt=\"\" decoding=\"async\" loading=\"lazy\" aria-describedby=\"gallery-2-4214\" srcset=\"https:\/\/www.bergundtal.com\/wp-content\/uploads\/2015\/09\/P1000195-150x150.jpg 150w, https:\/\/www.bergundtal.com\/wp-content\/uploads\/2015\/09\/P1000195-432x432.jpg 432w, https:\/\/www.bergundtal.com\/wp-content\/uploads\/2015\/09\/P1000195-268x268.jpg 268w\" sizes=\"(max-width: 150px) 100vw, 150px\" data-attachment-id=\"4214\" data-permalink=\"https:\/\/www.bergundtal.com\/?attachment_id=4214\" data-orig-file=\"https:\/\/www.bergundtal.com\/wp-content\/uploads\/2015\/09\/P1000195.jpg\" data-orig-size=\"640,470\" data-comments-opened=\"1\" data-image-meta=\"{&quot;aperture&quot;:&quot;5.6&quot;,&quot;credit&quot;:&quot;Picasa&quot;,&quot;camera&quot;:&quot;DMC-TZ71&quot;,&quot;caption&quot;:&quot;&quot;,&quot;created_timestamp&quot;:&quot;1436613345&quot;,&quot;copyright&quot;:&quot;&quot;,&quot;focal_length&quot;:&quot;33.2&quot;,&quot;iso&quot;:&quot;100&quot;,&quot;shutter_speed&quot;:&quot;0.0125&quot;,&quot;title&quot;:&quot;&quot;,&quot;orientation&quot;:&quot;0&quot;}\" data-image-title=\"P1000195\" data-image-description=\"\" data-image-caption=\"&lt;p&gt;King &#8211; Pin von Marker&lt;\/p&gt;\n\" data-medium-file=\"https:\/\/www.bergundtal.com\/wp-content\/uploads\/2015\/09\/P1000195-300x220.jpg\" data-large-file=\"https:\/\/www.bergundtal.com\/wp-content\/uploads\/2015\/09\/P1000195.jpg\" \/><\/a>\n\t\t\t<\/div>\n\t\t\t\t<figcaption class='wp-caption-text gallery-caption' id='gallery-2-4214'>\n\t\t\t\tKing &#8211; Pin von Marker\n\t\t\t\t<\/figcaption><\/figure><figure class='gallery-item'>\n\t\t\t<div class='gallery-icon landscape'>\n\t\t\t\t<a rel='attachment' href='https:\/\/www.bergundtal.com\/?attachment_id=4208'><img width=\"150\" height=\"150\" src=\"https:\/\/www.bergundtal.com\/wp-content\/uploads\/2015\/09\/P1000180-150x150.jpg\" class=\"attachment-thumbnail size-thumbnail\" alt=\"\" decoding=\"async\" loading=\"lazy\" aria-describedby=\"gallery-2-4208\" srcset=\"https:\/\/www.bergundtal.com\/wp-content\/uploads\/2015\/09\/P1000180-150x150.jpg 150w, https:\/\/www.bergundtal.com\/wp-content\/uploads\/2015\/09\/P1000180-432x432.jpg 432w, https:\/\/www.bergundtal.com\/wp-content\/uploads\/2015\/09\/P1000180-268x268.jpg 268w\" sizes=\"(max-width: 150px) 100vw, 150px\" data-attachment-id=\"4208\" data-permalink=\"https:\/\/www.bergundtal.com\/?attachment_id=4208\" data-orig-file=\"https:\/\/www.bergundtal.com\/wp-content\/uploads\/2015\/09\/P1000180.jpg\" data-orig-size=\"640,480\" data-comments-opened=\"1\" data-image-meta=\"{&quot;aperture&quot;:&quot;5.4&quot;,&quot;credit&quot;:&quot;Picasa&quot;,&quot;camera&quot;:&quot;DMC-TZ71&quot;,&quot;caption&quot;:&quot;&quot;,&quot;created_timestamp&quot;:&quot;1436461500&quot;,&quot;copyright&quot;:&quot;&quot;,&quot;focal_length&quot;:&quot;27.1&quot;,&quot;iso&quot;:&quot;80&quot;,&quot;shutter_speed&quot;:&quot;0.002&quot;,&quot;title&quot;:&quot;&quot;,&quot;orientation&quot;:&quot;0&quot;}\" data-image-title=\"P1000180\" data-image-description=\"\" data-image-caption=\"&lt;p&gt;Fersenteil der King &#8211; Pin, hier mit ausgeklappter Steighilfe&lt;\/p&gt;\n\" data-medium-file=\"https:\/\/www.bergundtal.com\/wp-content\/uploads\/2015\/09\/P1000180-300x225.jpg\" data-large-file=\"https:\/\/www.bergundtal.com\/wp-content\/uploads\/2015\/09\/P1000180.jpg\" \/><\/a>\n\t\t\t<\/div>\n\t\t\t\t<figcaption class='wp-caption-text gallery-caption' id='gallery-2-4208'>\n\t\t\t\tFersenteil der King &#8211; Pin, hier mit ausgeklappter Steighilfe\n\t\t\t\t<\/figcaption><\/figure><figure class='gallery-item'>\n\t\t\t<div class='gallery-icon landscape'>\n\t\t\t\t<a rel='attachment' href='https:\/\/www.bergundtal.com\/?attachment_id=4217'><img width=\"150\" height=\"150\" src=\"https:\/\/www.bergundtal.com\/wp-content\/uploads\/2015\/09\/P1000246-150x150.jpg\" class=\"attachment-thumbnail size-thumbnail\" alt=\"\" decoding=\"async\" loading=\"lazy\" aria-describedby=\"gallery-2-4217\" srcset=\"https:\/\/www.bergundtal.com\/wp-content\/uploads\/2015\/09\/P1000246-150x150.jpg 150w, https:\/\/www.bergundtal.com\/wp-content\/uploads\/2015\/09\/P1000246-432x432.jpg 432w, https:\/\/www.bergundtal.com\/wp-content\/uploads\/2015\/09\/P1000246-268x268.jpg 268w\" sizes=\"(max-width: 150px) 100vw, 150px\" data-attachment-id=\"4217\" data-permalink=\"https:\/\/www.bergundtal.com\/?attachment_id=4217\" data-orig-file=\"https:\/\/www.bergundtal.com\/wp-content\/uploads\/2015\/09\/P1000246.jpg\" data-orig-size=\"640,480\" data-comments-opened=\"1\" data-image-meta=\"{&quot;aperture&quot;:&quot;5.5&quot;,&quot;credit&quot;:&quot;Picasa&quot;,&quot;camera&quot;:&quot;DMC-TZ71&quot;,&quot;caption&quot;:&quot;&quot;,&quot;created_timestamp&quot;:&quot;1437036412&quot;,&quot;copyright&quot;:&quot;&quot;,&quot;focal_length&quot;:&quot;28.7&quot;,&quot;iso&quot;:&quot;160&quot;,&quot;shutter_speed&quot;:&quot;0.0125&quot;,&quot;title&quot;:&quot;&quot;,&quot;orientation&quot;:&quot;0&quot;}\" data-image-title=\"P1000246\" data-image-description=\"\" data-image-caption=\"&lt;p&gt;Plastikhaken zur Fellbefestigung&lt;\/p&gt;\n\" data-medium-file=\"https:\/\/www.bergundtal.com\/wp-content\/uploads\/2015\/09\/P1000246-300x225.jpg\" data-large-file=\"https:\/\/www.bergundtal.com\/wp-content\/uploads\/2015\/09\/P1000246.jpg\" \/><\/a>\n\t\t\t<\/div>\n\t\t\t\t<figcaption class='wp-caption-text gallery-caption' id='gallery-2-4217'>\n\t\t\t\tPlastikhaken zur Fellbefestigung\n\t\t\t\t<\/figcaption><\/figure>\n\t\t<\/div>\n\n","protected":false},"excerpt":{"rendered":"<p>Bisher hatten Tourengeher Blizzard nicht auf dem Schirm, das wird sich allerdings in der neuen Saison \u00e4ndern. Ein Ski mit dem Namen ZERO G weist die Richtung \u2013 m\u00f6glichst wenig Gewicht, um die Schwerkraft zu \u00fcberlisten und bergauf m\u00f6glichst wenig Ballast an den F\u00fc\u00dfen zu haben. Und der Spa\u00df bergab? &#8230;<\/p>\n","protected":false},"author":4,"featured_media":4206,"comment_status":"open","ping_status":"open","sticky":false,"template":"","format":"standard","meta":{"jetpack_post_was_ever_published":false,"jetpack_publicize_message":"","jetpack_is_tweetstorm":false,"jetpack_publicize_feature_enabled":true,"jetpack_social_options":[]},"categories":[416,430],"tags":[],"coauthors":[],"jetpack_publicize_connections":[],"jetpack_featured_media_url":"https:\/\/www.bergundtal.com\/wp-content\/uploads\/2015\/09\/P1000178.jpg","jetpack_shortlink":"https:\/\/wp.me\/p3YISc-165","jetpack_sharing_enabled":true,"_links":{"self":[{"href":"https:\/\/www.bergundtal.com\/index.php?rest_route=\/wp\/v2\/posts\/4221"}],"collection":[{"href":"https:\/\/www.bergundtal.com\/index.php?rest_route=\/wp\/v2\/posts"}],"about":[{"href":"https:\/\/www.bergundtal.com\/index.php?rest_route=\/wp\/v2\/types\/post"}],"author":[{"embeddable":true,"href":"https:\/\/www.bergundtal.com\/index.php?rest_route=\/wp\/v2\/users\/4"}],"replies":[{"embeddable":true,"href":"https:\/\/www.bergundtal.com\/index.php?rest_route=%2Fwp%2Fv2%2Fcomments&post=4221"}],"version-history":[{"count":3,"href":"https:\/\/www.bergundtal.com\/index.php?rest_route=\/wp\/v2\/posts\/4221\/revisions"}],"predecessor-version":[{"id":4224,"href":"https:\/\/www.bergundtal.com\/index.php?rest_route=\/wp\/v2\/posts\/4221\/revisions\/4224"}],"wp:featuredmedia":[{"embeddable":true,"href":"https:\/\/www.bergundtal.com\/index.php?rest_route=\/wp\/v2\/media\/4206"}],"wp:attachment":[{"href":"https:\/\/www.bergundtal.com\/index.php?rest_route=%2Fwp%2Fv2%2Fmedia&parent=4221"}],"wp:term":[{"taxonomy":"category","embeddable":true,"href":"https:\/\/www.bergundtal.com\/index.php?rest_route=%2Fwp%2Fv2%2Fcategories&post=4221"},{"taxonomy":"post_tag","embeddable":true,"href":"https:\/\/www.bergundtal.com\/index.php?rest_route=%2Fwp%2Fv2%2Ftags&post=4221"},{"taxonomy":"author","embeddable":true,"href":"https:\/\/www.bergundtal.com\/index.php?rest_route=%2Fwp%2Fv2%2Fcoauthors&post=4221"}],"curies":[{"name":"wp","href":"https:\/\/api.w.org\/{rel}","templated":true}]}}