{"id":6111,"date":"2016-04-27T11:33:30","date_gmt":"2016-04-27T09:33:30","guid":{"rendered":"http:\/\/www.bergundtal.com\/?p=6111"},"modified":"2016-11-10T13:26:48","modified_gmt":"2016-11-10T12:26:48","slug":"freeride-stiefel-tecnica-cochise","status":"publish","type":"post","link":"https:\/\/www.bergundtal.com\/?p=6111","title":{"rendered":"Freeride-Stiefel Tecnica COCHISE"},"content":{"rendered":"<p><span style=\"font-family: Times New Roman, serif;\"><span style=\"font-size: medium;\"><strong>\u00a0<\/strong><\/span><\/span><span style=\"font-family: Times New Roman, serif;\"><span style=\"font-size: medium;\">Das Stiefelmodell <strong>COCHISE<\/strong> gibt es als Freeride-Stiefel schon l\u00e4nger, allerdings hat Tecnica im Rahmen der \u201eModernisierung\u201c nicht nur den Tourenbereich (s. http:\/\/www.bergundtal.com\/?p=5933)\u00a0\u00a0 entdeckt, sondern auch das Modell COCHISE \u201erunderneuert\u201c. Das beginnt mit einem neuen Schalenmaterial, das 30% d\u00fcnner und dabei 2,5x steifer als die herk\u00f6mmliche Stiefelschale ist, beinhaltet \u201eKleinigkeiten\u201c wie eine Beweglichkeit von \u00fcber 40\u00b0 im Aufstiegsmodus, Schnallen, die nach dem \u00d6ffnen tats\u00e4chlich offenbleiben und sich nicht verhaken, jetzt auch Dynafit zertifizierte Inserts f\u00fcr den leichten Einstieg in eine Pin-Bindung und ein neuartiges Wasserschutzsystem, das wirklich funktioniert. Wirklich hervorragend ist nat\u00fcrlich, dass nicht nur der leichte Innenschuh individuell verformbar ist ( bei 80\u00b0thermoformbar\/\/im Ofen aufheizen ), sondern auch die Schale durch Infrarot erhitzt und verformt werden kann \u2013 und vor allem dann auch die gew\u00fcnschte Form beh\u00e4lt. Fu\u00dfprobleme geh\u00f6ren damit endg\u00fcltig der Vergangenheit an.<br \/>\n\u201eUnser\u201c COCHISE \u2013Flex 130, Gr. 27.5- wiegt inkl. Innenschuh nur 1900 Gramm. Das ist nat\u00fcrlich im Vergleich zu den 2550Gramm unseres Alpinstiefels schon ein Unterschied, aber\u00a0im Vergleich mit einem reinrassigen Tourenstiefel auch immerhin gut 500 gr mehr!<br \/>\n<a href=\"http:\/\/www.bergundtal.com\/wp-content\/uploads\/2016\/06\/P1100819-001.jpg\"><img data-attachment-id=\"6154\" data-permalink=\"https:\/\/www.bergundtal.com\/?attachment_id=6154\" data-orig-file=\"https:\/\/www.bergundtal.com\/wp-content\/uploads\/2016\/06\/P1100819-001.jpg\" data-orig-size=\"800,600\" data-comments-opened=\"0\" data-image-meta=\"{&quot;aperture&quot;:&quot;2.8&quot;,&quot;credit&quot;:&quot;Picasa&quot;,&quot;camera&quot;:&quot;DMC-FZ20&quot;,&quot;caption&quot;:&quot;&quot;,&quot;created_timestamp&quot;:&quot;1465048243&quot;,&quot;copyright&quot;:&quot;&quot;,&quot;focal_length&quot;:&quot;33.1&quot;,&quot;iso&quot;:&quot;200&quot;,&quot;shutter_speed&quot;:&quot;0.016666666666667&quot;,&quot;title&quot;:&quot;&quot;,&quot;orientation&quot;:&quot;0&quot;}\" data-image-title=\"P1100819-001\" data-image-description=\"\" data-image-caption=\"\" data-medium-file=\"https:\/\/www.bergundtal.com\/wp-content\/uploads\/2016\/06\/P1100819-001-300x225.jpg\" data-large-file=\"https:\/\/www.bergundtal.com\/wp-content\/uploads\/2016\/06\/P1100819-001.jpg\" decoding=\"async\" loading=\"lazy\" class=\"alignleft size-medium wp-image-6154\" src=\"http:\/\/www.bergundtal.com\/wp-content\/uploads\/2016\/06\/P1100819-001-300x225.jpg\" alt=\"P1100819-001\" width=\"300\" height=\"225\" srcset=\"https:\/\/www.bergundtal.com\/wp-content\/uploads\/2016\/06\/P1100819-001-300x225.jpg 300w, https:\/\/www.bergundtal.com\/wp-content\/uploads\/2016\/06\/P1100819-001-768x576.jpg 768w, https:\/\/www.bergundtal.com\/wp-content\/uploads\/2016\/06\/P1100819-001-700x525.jpg 700w, https:\/\/www.bergundtal.com\/wp-content\/uploads\/2016\/06\/P1100819-001-332x249.jpg 332w, https:\/\/www.bergundtal.com\/wp-content\/uploads\/2016\/06\/P1100819-001.jpg 800w\" sizes=\"(max-width: 300px) 100vw, 300px\" \/><\/a>Die Sohle ist im Vergleich zu reinen Tourenstiefel etwas d\u00fcnner, besitzt auch im Vorderfu\u00dfbereich eine \u201e Gleitfl\u00e4che\u201c, so dass der Stiefel nicht nur f\u00fcr Tourenbindungen, sondern auch f\u00fcr Alpinbindungen passt. Und das ist auch sinnvoll, denn der COCHISE ist trotz des geringen Gewichts ein vollwertiger 4-Schnaller\/Alpinstiefel \u2013 eben auch mit einigen zus\u00e4tzlichen Features.<\/span><\/span><\/p>\n<p><a href=\"http:\/\/www.bergundtal.com\/wp-content\/uploads\/2016\/06\/P1100825-001.jpg\"><img data-attachment-id=\"6156\" data-permalink=\"https:\/\/www.bergundtal.com\/?attachment_id=6156\" data-orig-file=\"https:\/\/www.bergundtal.com\/wp-content\/uploads\/2016\/06\/P1100825-001.jpg\" data-orig-size=\"600,800\" data-comments-opened=\"0\" data-image-meta=\"{&quot;aperture&quot;:&quot;2.8&quot;,&quot;credit&quot;:&quot;Picasa&quot;,&quot;camera&quot;:&quot;DMC-FZ20&quot;,&quot;caption&quot;:&quot;&quot;,&quot;created_timestamp&quot;:&quot;1465048401&quot;,&quot;copyright&quot;:&quot;&quot;,&quot;focal_length&quot;:&quot;23.6&quot;,&quot;iso&quot;:&quot;200&quot;,&quot;shutter_speed&quot;:&quot;0.016666666666667&quot;,&quot;title&quot;:&quot;&quot;,&quot;orientation&quot;:&quot;0&quot;}\" data-image-title=\"P1100825-001\" data-image-description=\"\" data-image-caption=\"\" data-medium-file=\"https:\/\/www.bergundtal.com\/wp-content\/uploads\/2016\/06\/P1100825-001-225x300.jpg\" data-large-file=\"https:\/\/www.bergundtal.com\/wp-content\/uploads\/2016\/06\/P1100825-001.jpg\" decoding=\"async\" loading=\"lazy\" class=\"alignleft size-medium wp-image-6156\" src=\"http:\/\/www.bergundtal.com\/wp-content\/uploads\/2016\/06\/P1100825-001-225x300.jpg\" alt=\"P1100825-001\" width=\"225\" height=\"300\" srcset=\"https:\/\/www.bergundtal.com\/wp-content\/uploads\/2016\/06\/P1100825-001-225x300.jpg 225w, https:\/\/www.bergundtal.com\/wp-content\/uploads\/2016\/06\/P1100825-001-332x443.jpg 332w, https:\/\/www.bergundtal.com\/wp-content\/uploads\/2016\/06\/P1100825-001.jpg 600w\" sizes=\"(max-width: 225px) 100vw, 225px\" \/><\/a><\/p>\n<p>&nbsp;<\/p>\n<p>&nbsp;<\/p>\n<p>&nbsp;<\/p>\n<p>&nbsp;<\/p>\n<p>&nbsp;<\/p>\n<p>&nbsp;<\/p>\n<p>&nbsp;<\/p>\n<p>Im Abfahrtsmodus und mit fest geschlossenen Schnallen erlebt man dann einen \u201eBomben-sitz\u201c, vor allem die Ferse wird sehr gut fixiert. Beim Fahren sp\u00fcrt man einen extrem progressiven Vorw\u00e4rtsflex und einen deutlich elastischen Rebound beim Kantenwechsel. Positiv f\u00e4llt auf, dass trotz der festen Schale ( Flex 130! ) keinerlei Druckstellen am Schienbein auftraten \u2013 die Zunge ( sog. adj tongue) verteilt den Druck optimal. Insgesamt ein Stiefel f\u00fcr (fast) alle Bedingungen.<br \/>\nNur \u201efast\u201c, weil nat\u00fcrlich f\u00fcr lange Aufstiege\/ Mehrtagestouren die Beweglichkeit ( 42\u00b0 ) im Vergleich zu reinen Tourenstiefeln doch etwas zu gering ist, ebenso sprechen auch Konstruktion und Gewicht gegen den regelm\u00e4\u00dfigen Einsatz als Tourenstiefel; der COCHISE ist ein Freerider mit deutlicher Betonung auf \u2026 \u201erider\u201c. Kurze Anstiege in der Tourenbindung oder kurze Gehpassagen \u2013 ja, aber keine Tour, zumindest nicht auf Dauer. F\u00fcr Skil\u00e4ufer mit einem hohen Spann (dazu geh\u00f6re ich auch!) ist das Ausziehen nicht ganz einfach, denn trotz \u201eQuick Instep \u201e scheuerte die Schale am Fu\u00dfr\u00fccken sp\u00fcrbar beimAusstieg. Aber, weil sonst bei diesem Stiefel alles TOP ist, muss man halt die Z\u00e4hne zusammenbei\u00dfen und raus -danach wartet der Turnschuh.<\/p>\n","protected":false},"excerpt":{"rendered":"<p>\u00a0Das Stiefelmodell COCHISE gibt es als Freeride-Stiefel schon l\u00e4nger, allerdings hat Tecnica im Rahmen der \u201eModernisierung\u201c nicht nur den Tourenbereich (s. http:\/\/www.bergundtal.com\/?p=5933)\u00a0\u00a0 entdeckt, sondern auch das Modell COCHISE \u201erunderneuert\u201c. Das beginnt mit einem neuen Schalenmaterial, das 30% d\u00fcnner und dabei 2,5x steifer als die herk\u00f6mmliche Stiefelschale ist, beinhaltet \u201eKleinigkeiten\u201c wie &#8230;<\/p>\n","protected":false},"author":4,"featured_media":6155,"comment_status":"closed","ping_status":"closed","sticky":false,"template":"","format":"aside","meta":{"jetpack_post_was_ever_published":false,"jetpack_publicize_message":"","jetpack_is_tweetstorm":false,"jetpack_publicize_feature_enabled":true,"jetpack_social_options":[]},"categories":[343,368,373,416,430],"tags":[450],"coauthors":[460],"jetpack_publicize_connections":[],"jetpack_featured_media_url":"https:\/\/www.bergundtal.com\/wp-content\/uploads\/2016\/06\/P1100821-001.jpg","jetpack_shortlink":"https:\/\/wp.me\/p3YISc-1Az","jetpack_sharing_enabled":true,"_links":{"self":[{"href":"https:\/\/www.bergundtal.com\/index.php?rest_route=\/wp\/v2\/posts\/6111"}],"collection":[{"href":"https:\/\/www.bergundtal.com\/index.php?rest_route=\/wp\/v2\/posts"}],"about":[{"href":"https:\/\/www.bergundtal.com\/index.php?rest_route=\/wp\/v2\/types\/post"}],"author":[{"embeddable":true,"href":"https:\/\/www.bergundtal.com\/index.php?rest_route=\/wp\/v2\/users\/4"}],"replies":[{"embeddable":true,"href":"https:\/\/www.bergundtal.com\/index.php?rest_route=%2Fwp%2Fv2%2Fcomments&post=6111"}],"version-history":[{"count":10,"href":"https:\/\/www.bergundtal.com\/index.php?rest_route=\/wp\/v2\/posts\/6111\/revisions"}],"predecessor-version":[{"id":6818,"href":"https:\/\/www.bergundtal.com\/index.php?rest_route=\/wp\/v2\/posts\/6111\/revisions\/6818"}],"wp:featuredmedia":[{"embeddable":true,"href":"https:\/\/www.bergundtal.com\/index.php?rest_route=\/wp\/v2\/media\/6155"}],"wp:attachment":[{"href":"https:\/\/www.bergundtal.com\/index.php?rest_route=%2Fwp%2Fv2%2Fmedia&parent=6111"}],"wp:term":[{"taxonomy":"category","embeddable":true,"href":"https:\/\/www.bergundtal.com\/index.php?rest_route=%2Fwp%2Fv2%2Fcategories&post=6111"},{"taxonomy":"post_tag","embeddable":true,"href":"https:\/\/www.bergundtal.com\/index.php?rest_route=%2Fwp%2Fv2%2Ftags&post=6111"},{"taxonomy":"author","embeddable":true,"href":"https:\/\/www.bergundtal.com\/index.php?rest_route=%2Fwp%2Fv2%2Fcoauthors&post=6111"}],"curies":[{"name":"wp","href":"https:\/\/api.w.org\/{rel}","templated":true}]}}