{"id":6971,"date":"2016-12-03T20:54:15","date_gmt":"2016-12-03T19:54:15","guid":{"rendered":"http:\/\/www.bergundtal.com\/?p=6971"},"modified":"2017-03-20T16:44:59","modified_gmt":"2017-03-20T15:44:59","slug":"hintertuxer-gletscher-berge-schnee-und-sonne-fuer-den-saisonstart","status":"publish","type":"post","link":"https:\/\/www.bergundtal.com\/?p=6971","title":{"rendered":"Hintertuxer Gletscher \u2013 Berge, Schnee und Sonne f\u00fcr den Saisonstart"},"content":{"rendered":"<figure id=\"attachment_6979\" aria-describedby=\"caption-attachment-6979\" style=\"width: 317px\" class=\"wp-caption alignleft\"><a href=\"http:\/\/www.bergundtal.com\/wp-content\/uploads\/2016\/12\/P1150768.jpg\"><img data-attachment-id=\"6979\" data-permalink=\"https:\/\/www.bergundtal.com\/?attachment_id=6979\" data-orig-file=\"https:\/\/www.bergundtal.com\/wp-content\/uploads\/2016\/12\/P1150768.jpg\" data-orig-size=\"800,535\" data-comments-opened=\"0\" data-image-meta=\"{&quot;aperture&quot;:&quot;4&quot;,&quot;credit&quot;:&quot;Picasa&quot;,&quot;camera&quot;:&quot;DMC-FZ200&quot;,&quot;caption&quot;:&quot;&quot;,&quot;created_timestamp&quot;:&quot;1479912331&quot;,&quot;copyright&quot;:&quot;&quot;,&quot;focal_length&quot;:&quot;15&quot;,&quot;iso&quot;:&quot;100&quot;,&quot;shutter_speed&quot;:&quot;0.002&quot;,&quot;title&quot;:&quot;&quot;,&quot;orientation&quot;:&quot;0&quot;}\" data-image-title=\"p1150768\" data-image-description=\"\" data-image-caption=\"&lt;p&gt;kurz vor der &lt;\/p&gt;\n\" data-medium-file=\"https:\/\/www.bergundtal.com\/wp-content\/uploads\/2016\/12\/P1150768-300x201.jpg\" data-large-file=\"https:\/\/www.bergundtal.com\/wp-content\/uploads\/2016\/12\/P1150768.jpg\" decoding=\"async\" loading=\"lazy\" class=\"wp-image-6979\" src=\"http:\/\/www.bergundtal.com\/wp-content\/uploads\/2016\/12\/P1150768-300x201.jpg\" alt=\"kurz vor der \" width=\"317\" height=\"212\" srcset=\"https:\/\/www.bergundtal.com\/wp-content\/uploads\/2016\/12\/P1150768-300x201.jpg 300w, https:\/\/www.bergundtal.com\/wp-content\/uploads\/2016\/12\/P1150768-768x514.jpg 768w, https:\/\/www.bergundtal.com\/wp-content\/uploads\/2016\/12\/P1150768-700x468.jpg 700w, https:\/\/www.bergundtal.com\/wp-content\/uploads\/2016\/12\/P1150768-332x222.jpg 332w, https:\/\/www.bergundtal.com\/wp-content\/uploads\/2016\/12\/P1150768.jpg 800w\" sizes=\"(max-width: 317px) 100vw, 317px\" \/><\/a><figcaption id=\"caption-attachment-6979\" class=\"wp-caption-text\">kurz vor der Gletscherbus 3 Bergstation, Gefrorene Wand 3288m<\/figcaption><\/figure>\n<p>W\u00e4hrend in Werningerode, eine Kleinstadt\u00a0 im Landkreis Harz, \u00fcber den Bau einer riesigen Skihalle nachgedacht wird, g\u00f6nnen wir uns einige sch\u00f6ne Skitage auf dem Hintertuxer Gletscher: Mehr als 30 km Piste\u00a0mit sehr guten Schneeverh\u00e4ltnissen, 580 H\u00f6henmeter, wenig Betrieb und auch noch &#8211; dank Kunstschnee &#8211;\u00a0 die Abfahrt bis runter nach Hintertux; die Abfahrt zur Sommerberg- alm, der Tuxerjoch &#8211; Hang und die Abfahrt\u00a0 vom Tuxerjoch nach Hintertux sind ge\u00f6ffnet; <em><span style=\"color: #000080;\"><strong>einen sch\u00f6nen Gru\u00df an alle, die jetzt schon mal Wernigerode ins Navi getippt haben!<\/strong><\/span><\/em><\/p>\n<p>Aber, auch auf dem Hintertuxer Gletscher wurden mittlerweile Schneekanonen installiert, der Klimawandel macht eben auch vor solchen Skigebieten nicht Halt. Wenn man sich ein paar Fotos, die vor ca. 30 Jahren gemacht wurden, anschaut, ist man schon \u00fcberrascht und erschrocken, wie sich das Panorama ver\u00e4ndert hat \u2013 ein spektakul\u00e4rer Gletscherbruch mit tiefen Spalten und bizarren Eist\u00fcrmen ist abgeschmolzen, einfach weg.<\/p>\n<div data-carousel-extra='{\"blog_id\":1,\"permalink\":\"https:\\\/\\\/www.bergundtal.com\\\/?p=6971\"}' id='gallery-1' class='gallery galleryid-6971 gallery-columns-3 gallery-size-large'><figure class='gallery-item'>\n\t\t\t<div class='gallery-icon landscape'>\n\t\t\t\t<a rel='attachment' href='https:\/\/www.bergundtal.com\/?attachment_id=7151'><img width=\"660\" height=\"441\" src=\"https:\/\/www.bergundtal.com\/wp-content\/uploads\/2016\/12\/File0514.jpg\" class=\"attachment-large size-large\" alt=\"\" decoding=\"async\" loading=\"lazy\" aria-describedby=\"gallery-1-7151\" srcset=\"https:\/\/www.bergundtal.com\/wp-content\/uploads\/2016\/12\/File0514.jpg 800w, https:\/\/www.bergundtal.com\/wp-content\/uploads\/2016\/12\/File0514-300x200.jpg 300w, https:\/\/www.bergundtal.com\/wp-content\/uploads\/2016\/12\/File0514-768x513.jpg 768w, https:\/\/www.bergundtal.com\/wp-content\/uploads\/2016\/12\/File0514-700x467.jpg 700w, https:\/\/www.bergundtal.com\/wp-content\/uploads\/2016\/12\/File0514-332x222.jpg 332w\" sizes=\"(max-width: 660px) 100vw, 660px\" data-attachment-id=\"7151\" data-permalink=\"https:\/\/www.bergundtal.com\/?attachment_id=7151\" data-orig-file=\"https:\/\/www.bergundtal.com\/wp-content\/uploads\/2016\/12\/File0514.jpg\" data-orig-size=\"800,534\" data-comments-opened=\"0\" data-image-meta=\"{&quot;aperture&quot;:&quot;0&quot;,&quot;credit&quot;:&quot;Picasa&quot;,&quot;camera&quot;:&quot;&quot;,&quot;caption&quot;:&quot;&quot;,&quot;created_timestamp&quot;:&quot;1297808531&quot;,&quot;copyright&quot;:&quot;&quot;,&quot;focal_length&quot;:&quot;0&quot;,&quot;iso&quot;:&quot;0&quot;,&quot;shutter_speed&quot;:&quot;0&quot;,&quot;title&quot;:&quot;&quot;,&quot;orientation&quot;:&quot;0&quot;}\" data-image-title=\"file0514\" data-image-description=\"\" data-image-caption=\"&lt;p&gt;HIntertuxer Gletscher 1986, Bilder vom &lt;\/p&gt;\n\" data-medium-file=\"https:\/\/www.bergundtal.com\/wp-content\/uploads\/2016\/12\/File0514-300x200.jpg\" data-large-file=\"https:\/\/www.bergundtal.com\/wp-content\/uploads\/2016\/12\/File0514.jpg\" \/><\/a>\n\t\t\t<\/div>\n\t\t\t\t<figcaption class='wp-caption-text gallery-caption' id='gallery-1-7151'>\n\t\t\t\tHIntertuxer Gletscher 1986, Bilder vom \n\t\t\t\t<\/figcaption><\/figure><figure class='gallery-item'>\n\t\t\t<div class='gallery-icon landscape'>\n\t\t\t\t<a rel='attachment' href='https:\/\/www.bergundtal.com\/?attachment_id=7166'><img width=\"660\" height=\"428\" src=\"https:\/\/www.bergundtal.com\/wp-content\/uploads\/2016\/12\/3.jpg\" class=\"attachment-large size-large\" alt=\"\" decoding=\"async\" loading=\"lazy\" aria-describedby=\"gallery-1-7166\" srcset=\"https:\/\/www.bergundtal.com\/wp-content\/uploads\/2016\/12\/3.jpg 800w, https:\/\/www.bergundtal.com\/wp-content\/uploads\/2016\/12\/3-300x195.jpg 300w, https:\/\/www.bergundtal.com\/wp-content\/uploads\/2016\/12\/3-768x498.jpg 768w, https:\/\/www.bergundtal.com\/wp-content\/uploads\/2016\/12\/3-700x454.jpg 700w, https:\/\/www.bergundtal.com\/wp-content\/uploads\/2016\/12\/3-332x215.jpg 332w\" sizes=\"(max-width: 660px) 100vw, 660px\" data-attachment-id=\"7166\" data-permalink=\"https:\/\/www.bergundtal.com\/?attachment_id=7166\" data-orig-file=\"https:\/\/www.bergundtal.com\/wp-content\/uploads\/2016\/12\/3.jpg\" data-orig-size=\"800,519\" data-comments-opened=\"0\" data-image-meta=\"{&quot;aperture&quot;:&quot;0&quot;,&quot;credit&quot;:&quot;Picasa&quot;,&quot;camera&quot;:&quot;&quot;,&quot;caption&quot;:&quot;&quot;,&quot;created_timestamp&quot;:&quot;1481654395&quot;,&quot;copyright&quot;:&quot;&quot;,&quot;focal_length&quot;:&quot;0&quot;,&quot;iso&quot;:&quot;0&quot;,&quot;shutter_speed&quot;:&quot;0&quot;,&quot;title&quot;:&quot;&quot;,&quot;orientation&quot;:&quot;0&quot;}\" data-image-title=\"3\" data-image-description=\"\" data-image-caption=\"&lt;p&gt;Gletscherbruch &lt;\/p&gt;\n\" data-medium-file=\"https:\/\/www.bergundtal.com\/wp-content\/uploads\/2016\/12\/3-300x195.jpg\" data-large-file=\"https:\/\/www.bergundtal.com\/wp-content\/uploads\/2016\/12\/3.jpg\" \/><\/a>\n\t\t\t<\/div>\n\t\t\t\t<figcaption class='wp-caption-text gallery-caption' id='gallery-1-7166'>\n\t\t\t\tGletscherbruch \n\t\t\t\t<\/figcaption><\/figure><figure class='gallery-item'>\n\t\t\t<div class='gallery-icon landscape'>\n\t\t\t\t<a rel='attachment' href='https:\/\/www.bergundtal.com\/?attachment_id=7153'><img width=\"660\" height=\"441\" src=\"https:\/\/www.bergundtal.com\/wp-content\/uploads\/2016\/12\/File0516.jpg\" class=\"attachment-large size-large\" alt=\"\" decoding=\"async\" loading=\"lazy\" aria-describedby=\"gallery-1-7153\" srcset=\"https:\/\/www.bergundtal.com\/wp-content\/uploads\/2016\/12\/File0516.jpg 800w, https:\/\/www.bergundtal.com\/wp-content\/uploads\/2016\/12\/File0516-300x200.jpg 300w, https:\/\/www.bergundtal.com\/wp-content\/uploads\/2016\/12\/File0516-768x513.jpg 768w, https:\/\/www.bergundtal.com\/wp-content\/uploads\/2016\/12\/File0516-700x467.jpg 700w, https:\/\/www.bergundtal.com\/wp-content\/uploads\/2016\/12\/File0516-332x222.jpg 332w\" sizes=\"(max-width: 660px) 100vw, 660px\" data-attachment-id=\"7153\" data-permalink=\"https:\/\/www.bergundtal.com\/?attachment_id=7153\" data-orig-file=\"https:\/\/www.bergundtal.com\/wp-content\/uploads\/2016\/12\/File0516.jpg\" data-orig-size=\"800,534\" data-comments-opened=\"0\" data-image-meta=\"{&quot;aperture&quot;:&quot;0&quot;,&quot;credit&quot;:&quot;Picasa&quot;,&quot;camera&quot;:&quot;&quot;,&quot;caption&quot;:&quot;&quot;,&quot;created_timestamp&quot;:&quot;1297808532&quot;,&quot;copyright&quot;:&quot;&quot;,&quot;focal_length&quot;:&quot;0&quot;,&quot;iso&quot;:&quot;0&quot;,&quot;shutter_speed&quot;:&quot;0&quot;,&quot;title&quot;:&quot;&quot;,&quot;orientation&quot;:&quot;0&quot;}\" data-image-title=\"file0516\" data-image-description=\"\" data-image-caption=\"&lt;p&gt; neben der&lt;\/p&gt;\n\" data-medium-file=\"https:\/\/www.bergundtal.com\/wp-content\/uploads\/2016\/12\/File0516-300x200.jpg\" data-large-file=\"https:\/\/www.bergundtal.com\/wp-content\/uploads\/2016\/12\/File0516.jpg\" \/><\/a>\n\t\t\t<\/div>\n\t\t\t\t<figcaption class='wp-caption-text gallery-caption' id='gallery-1-7153'>\n\t\t\t\t neben der\n\t\t\t\t<\/figcaption><\/figure><figure class='gallery-item'>\n\t\t\t<div class='gallery-icon landscape'>\n\t\t\t\t<a rel='attachment' href='https:\/\/www.bergundtal.com\/?attachment_id=7152'><img width=\"660\" height=\"441\" src=\"https:\/\/www.bergundtal.com\/wp-content\/uploads\/2016\/12\/File0515.jpg\" class=\"attachment-large size-large\" alt=\"\" decoding=\"async\" loading=\"lazy\" aria-describedby=\"gallery-1-7152\" srcset=\"https:\/\/www.bergundtal.com\/wp-content\/uploads\/2016\/12\/File0515.jpg 800w, https:\/\/www.bergundtal.com\/wp-content\/uploads\/2016\/12\/File0515-300x200.jpg 300w, https:\/\/www.bergundtal.com\/wp-content\/uploads\/2016\/12\/File0515-768x513.jpg 768w, https:\/\/www.bergundtal.com\/wp-content\/uploads\/2016\/12\/File0515-700x467.jpg 700w, https:\/\/www.bergundtal.com\/wp-content\/uploads\/2016\/12\/File0515-332x222.jpg 332w\" sizes=\"(max-width: 660px) 100vw, 660px\" data-attachment-id=\"7152\" data-permalink=\"https:\/\/www.bergundtal.com\/?attachment_id=7152\" data-orig-file=\"https:\/\/www.bergundtal.com\/wp-content\/uploads\/2016\/12\/File0515.jpg\" data-orig-size=\"800,534\" data-comments-opened=\"0\" data-image-meta=\"{&quot;aperture&quot;:&quot;0&quot;,&quot;credit&quot;:&quot;Picasa&quot;,&quot;camera&quot;:&quot;&quot;,&quot;caption&quot;:&quot;&quot;,&quot;created_timestamp&quot;:&quot;1297808531&quot;,&quot;copyright&quot;:&quot;&quot;,&quot;focal_length&quot;:&quot;0&quot;,&quot;iso&quot;:&quot;0&quot;,&quot;shutter_speed&quot;:&quot;0&quot;,&quot;title&quot;:&quot;&quot;,&quot;orientation&quot;:&quot;0&quot;}\" data-image-title=\"file0515\" data-image-description=\"\" data-image-caption=\"&lt;p&gt;Abfahrt &#8222;Tuxer Fernerhaus&#8220;&lt;\/p&gt;\n\" data-medium-file=\"https:\/\/www.bergundtal.com\/wp-content\/uploads\/2016\/12\/File0515-300x200.jpg\" data-large-file=\"https:\/\/www.bergundtal.com\/wp-content\/uploads\/2016\/12\/File0515.jpg\" \/><\/a>\n\t\t\t<\/div>\n\t\t\t\t<figcaption class='wp-caption-text gallery-caption' id='gallery-1-7152'>\n\t\t\t\tAbfahrt &#8222;Tuxer Fernerhaus&#8220;\n\t\t\t\t<\/figcaption><\/figure><figure class='gallery-item'>\n\t\t\t<div class='gallery-icon landscape'>\n\t\t\t\t<a rel='attachment' href='https:\/\/www.bergundtal.com\/?attachment_id=7165'><img width=\"660\" height=\"428\" src=\"https:\/\/www.bergundtal.com\/wp-content\/uploads\/2016\/12\/2.jpg\" class=\"attachment-large size-large\" alt=\"\" decoding=\"async\" loading=\"lazy\" aria-describedby=\"gallery-1-7165\" srcset=\"https:\/\/www.bergundtal.com\/wp-content\/uploads\/2016\/12\/2.jpg 800w, https:\/\/www.bergundtal.com\/wp-content\/uploads\/2016\/12\/2-300x195.jpg 300w, https:\/\/www.bergundtal.com\/wp-content\/uploads\/2016\/12\/2-768x498.jpg 768w, https:\/\/www.bergundtal.com\/wp-content\/uploads\/2016\/12\/2-700x454.jpg 700w, https:\/\/www.bergundtal.com\/wp-content\/uploads\/2016\/12\/2-332x215.jpg 332w\" sizes=\"(max-width: 660px) 100vw, 660px\" data-attachment-id=\"7165\" data-permalink=\"https:\/\/www.bergundtal.com\/?attachment_id=7165\" data-orig-file=\"https:\/\/www.bergundtal.com\/wp-content\/uploads\/2016\/12\/2.jpg\" data-orig-size=\"800,519\" data-comments-opened=\"0\" data-image-meta=\"{&quot;aperture&quot;:&quot;0&quot;,&quot;credit&quot;:&quot;Picasa&quot;,&quot;camera&quot;:&quot;&quot;,&quot;caption&quot;:&quot;&quot;,&quot;created_timestamp&quot;:&quot;1481654380&quot;,&quot;copyright&quot;:&quot;&quot;,&quot;focal_length&quot;:&quot;0&quot;,&quot;iso&quot;:&quot;0&quot;,&quot;shutter_speed&quot;:&quot;0&quot;,&quot;title&quot;:&quot;&quot;,&quot;orientation&quot;:&quot;0&quot;}\" data-image-title=\"2\" data-image-description=\"\" data-image-caption=\"&lt;p&gt;Originalaufnahmen 1986, keine Montage!&lt;\/p&gt;\n\" data-medium-file=\"https:\/\/www.bergundtal.com\/wp-content\/uploads\/2016\/12\/2-300x195.jpg\" data-large-file=\"https:\/\/www.bergundtal.com\/wp-content\/uploads\/2016\/12\/2.jpg\" \/><\/a>\n\t\t\t<\/div>\n\t\t\t\t<figcaption class='wp-caption-text gallery-caption' id='gallery-1-7165'>\n\t\t\t\tOriginalaufnahmen 1986, keine Montage!\n\t\t\t\t<\/figcaption><\/figure><figure class='gallery-item'>\n\t\t\t<div class='gallery-icon landscape'>\n\t\t\t\t<a rel='attachment' href='https:\/\/www.bergundtal.com\/?attachment_id=7168'><img width=\"660\" height=\"440\" src=\"https:\/\/www.bergundtal.com\/wp-content\/uploads\/2016\/12\/File0126-1024x683.jpg\" class=\"attachment-large size-large\" alt=\"\" decoding=\"async\" loading=\"lazy\" aria-describedby=\"gallery-1-7168\" srcset=\"https:\/\/www.bergundtal.com\/wp-content\/uploads\/2016\/12\/File0126-1024x683.jpg 1024w, https:\/\/www.bergundtal.com\/wp-content\/uploads\/2016\/12\/File0126-300x200.jpg 300w, https:\/\/www.bergundtal.com\/wp-content\/uploads\/2016\/12\/File0126-768x512.jpg 768w, https:\/\/www.bergundtal.com\/wp-content\/uploads\/2016\/12\/File0126-700x467.jpg 700w, https:\/\/www.bergundtal.com\/wp-content\/uploads\/2016\/12\/File0126-332x221.jpg 332w, https:\/\/www.bergundtal.com\/wp-content\/uploads\/2016\/12\/File0126.jpg 1800w\" sizes=\"(max-width: 660px) 100vw, 660px\" data-attachment-id=\"7168\" data-permalink=\"https:\/\/www.bergundtal.com\/?attachment_id=7168\" data-orig-file=\"https:\/\/www.bergundtal.com\/wp-content\/uploads\/2016\/12\/File0126.jpg\" data-orig-size=\"1800,1200\" data-comments-opened=\"0\" data-image-meta=\"{&quot;aperture&quot;:&quot;0&quot;,&quot;credit&quot;:&quot;&quot;,&quot;camera&quot;:&quot;&quot;,&quot;caption&quot;:&quot;&quot;,&quot;created_timestamp&quot;:&quot;0&quot;,&quot;copyright&quot;:&quot;&quot;,&quot;focal_length&quot;:&quot;0&quot;,&quot;iso&quot;:&quot;0&quot;,&quot;shutter_speed&quot;:&quot;0&quot;,&quot;title&quot;:&quot;&quot;,&quot;orientation&quot;:&quot;0&quot;}\" data-image-title=\"file0126\" data-image-description=\"\" data-image-caption=\"&lt;p&gt;Blick von Schlepper &#8222;Gefrorene Wand&#8220;, 1986&lt;\/p&gt;\n\" data-medium-file=\"https:\/\/www.bergundtal.com\/wp-content\/uploads\/2016\/12\/File0126-300x200.jpg\" data-large-file=\"https:\/\/www.bergundtal.com\/wp-content\/uploads\/2016\/12\/File0126-1024x683.jpg\" \/><\/a>\n\t\t\t<\/div>\n\t\t\t\t<figcaption class='wp-caption-text gallery-caption' id='gallery-1-7168'>\n\t\t\t\tBlick von Schlepper &#8222;Gefrorene Wand&#8220;, 1986\n\t\t\t\t<\/figcaption><\/figure>\n\t\t<\/div>\n\n<p>Insgesamt bedeckt der Hintertuxer Gletcher aber immer noch eine beeindruckende Fl\u00e4che und zwischen Gefrorene Wandspitzen (3238m), Olperer (3476m) und Gr. (3263m) und Kl. Kaserer (3093m) und dem Tuxer Fernerhaus (2660m)\u00a0 erstreckt sich ein gut erschlossenes gro\u00dfz\u00fcgiges Skiareal mit vorwiegend roten Abfahrten und einem tollen Panorama; im Norden die Kette der Kalkalpen, Richtung Westen Gro\u00dfvenediger\u00a0und Gro\u00dfglockner und\u00a0im S\u00fcden die Dolomiten mit Langkofel &#8211; Plattkofel, Sella und Marmolata.<br \/>\nNeben dem Betterpark Hintertux &#8211; der h\u00f6hstgelegene Freestylepark \u00d6sterreichs &#8211; und diversen Slalomparcours der Mannschaften, die permanent hier oben trainieren, gibt es jede Menge Platz f\u00fcr das eigene Skivergn\u00fcgen; selbst der Telemark WordCup, der Ende November auf dem Gletescher stattgefunden hat, hat den normalen Skibetrieb kaum eingeschr\u00e4nkt. Die Gletscherarena wird ab dem Tuxer Fernerhaus mit insgesamt 11 Aufstiegshilfen erschlossen; also reichlich Transportkapazit\u00e4t, wobei es sich erfahrungsgem\u00e4\u00df schon lohnt, f\u00fcr die eigene Planung auch mal auf den Ferienkalender zu gucken: die Herstferien\u00a0 von Bayern und Baden W\u00fcrttemberg sollte man wenn m\u00f6glich vermeiden.<\/p>\n<figure id=\"attachment_6997\" aria-describedby=\"caption-attachment-6997\" style=\"width: 707px\" class=\"wp-caption alignleft\"><a href=\"http:\/\/www.bergundtal.com\/wp-content\/uploads\/2016\/12\/Pano_Gletscher_2015.jpg\"><img data-attachment-id=\"6997\" data-permalink=\"https:\/\/www.bergundtal.com\/?attachment_id=6997\" data-orig-file=\"https:\/\/www.bergundtal.com\/wp-content\/uploads\/2016\/12\/Pano_Gletscher_2015.jpg\" data-orig-size=\"707,800\" data-comments-opened=\"0\" data-image-meta=\"{&quot;aperture&quot;:&quot;0&quot;,&quot;credit&quot;:&quot;Picasa&quot;,&quot;camera&quot;:&quot;&quot;,&quot;caption&quot;:&quot;&quot;,&quot;created_timestamp&quot;:&quot;1480584747&quot;,&quot;copyright&quot;:&quot;&quot;,&quot;focal_length&quot;:&quot;0&quot;,&quot;iso&quot;:&quot;0&quot;,&quot;shutter_speed&quot;:&quot;0&quot;,&quot;title&quot;:&quot;Pano_Gletscher_20-04-2015_ANSICHT&quot;,&quot;orientation&quot;:&quot;0&quot;}\" data-image-title=\"Pano_Gletscher_20-04-2015_ANSICHT\" data-image-description=\"\" data-image-caption=\"&lt;p&gt;Grafik: Zillertaler Gletscherbahnen GmbH &#038; CO KG&lt;\/p&gt;\n\" data-medium-file=\"https:\/\/www.bergundtal.com\/wp-content\/uploads\/2016\/12\/Pano_Gletscher_2015-265x300.jpg\" data-large-file=\"https:\/\/www.bergundtal.com\/wp-content\/uploads\/2016\/12\/Pano_Gletscher_2015.jpg\" decoding=\"async\" loading=\"lazy\" class=\"wp-image-6997 size-full\" src=\"http:\/\/www.bergundtal.com\/wp-content\/uploads\/2016\/12\/Pano_Gletscher_2015.jpg\" width=\"707\" height=\"800\" srcset=\"https:\/\/www.bergundtal.com\/wp-content\/uploads\/2016\/12\/Pano_Gletscher_2015.jpg 707w, https:\/\/www.bergundtal.com\/wp-content\/uploads\/2016\/12\/Pano_Gletscher_2015-265x300.jpg 265w, https:\/\/www.bergundtal.com\/wp-content\/uploads\/2016\/12\/Pano_Gletscher_2015-700x792.jpg 700w, https:\/\/www.bergundtal.com\/wp-content\/uploads\/2016\/12\/Pano_Gletscher_2015-332x376.jpg 332w\" sizes=\"(max-width: 707px) 100vw, 707px\" \/><\/a><figcaption id=\"caption-attachment-6997\" class=\"wp-caption-text\">Grafik: Zillertaler Gletscherbahnen GmbH &amp; CO KG<\/figcaption><\/figure>\n<p>&nbsp;<\/p>\n<p>&nbsp;<\/p>\n<p>Die Fahrt mit der Umlaufbahn Gletscherbus 1 und 2 zum Tuxer Fernerhaus dauert 2 x 6 Minuten; auf 2660 m H\u00f6he beginnt hier das Gletscherskigebiet. Mit dem Gletscherbus 3 geht es dann noch in weiteren 5 Minuten auf einer spektakul\u00e4ren Fahrt zur gefrorenen Wand auf 3235 m H\u00f6he. Bei gutem Wetter lohnt sich hier auf jeden Fall noch der\u00a0Treppenaufstieg auf die Panoramaterrasse; in 3250 m H\u00f6he hat man einen grandiosen Rundumblick zum Genie\u00dfen.<br \/>\nNach diesem optischen Leckerbissen warten die H\u00e4nge unter der gefrorenen Wand und auf der Gegenseite die Abfahrten unter dem Olperer, der mit seinen 3476 Metern das Gebiet ganz klar dominiert. Die beiden Schlepplifte Olperer 1 und 2 erschlie\u00dfen herrlich breite H\u00e4nge mit moderater Neigung und viel Platz. Nicht vergessen bzw. \u00fcbersehen darf \u00a0man den Schlegeis Sessellift, der hinter der Gletscherh\u00fctte den Schlegeis Gletscher erschlie\u00dft; eine sch\u00f6ne rote Abfahrt. Die Gletscherh\u00fctte ist dann auch eine gute Wahl f\u00fcr die Pause; eine urige H\u00fctte mit herrlicher Panorama-Terrasse. Hinter dem Olperer warten\u00a0noch die H\u00e4nge zwischen dem gro\u00dfen und kleinen Kaserer, 2 Schlepplifte erschlie\u00dfen hier 2 rote und 2 blaue Pisten zwischen 3200m bzw. 3060m und 2700 m H\u00f6he; im letzen Jahr ist hier noch der 6er Sessel L\u00e4rmstange 2 er\u00f6ffnet worden, der eine bequeme Verbindung zwischen den Olperer- und Kaserer-Pisten schafft, und er erschlie\u00dft auch noch den anspruchsvollen Sonnenhang.<br \/>\nLetzendlich bleibt dann noch die Abfahrt zur Station Hintertuxer Fernerhaus; von etwas mehr als 3200m bis 2600m immerhin fast 600 H\u00f6henmeter, wo\u00a0wieder der Gletscherbus 3 oder die verdiente Pause warten. Das Tuxer Fernerhaus ist 2013 aufwendig renoviert worden und bietet mit Bedienungsrestaurant mit 220 Sitzpl\u00e4tzen, SB-Restaurant mit 800 Sitzpl\u00e4tzen innen und 950 Terrassensitzpl\u00e4tzen, mit Aufz\u00fcgen und Rolltreppen, gro\u00dfem Sportshop, Skischulb\u00fcro und Selbstversorger-Restaurant mit ca. 150 Sitzpl\u00e4tzen\u00a0f\u00fcr jeden etwas.<\/p>\n<p><p class=\"jetpack-slideshow-noscript robots-nocontent\">Diese Diashow ben\u00f6tigt JavaScript.<\/p><div id=\"gallery-6971-1-slideshow\" class=\"jetpack-slideshow-window jetpack-slideshow jetpack-slideshow-black\" data-trans=\"fade\" data-autostart=\"1\" data-gallery=\"[{&quot;src&quot;:&quot;https:\\\/\\\/www.bergundtal.com\\\/wp-content\\\/uploads\\\/2016\\\/12\\\/File0120.jpg&quot;,&quot;id&quot;:&quot;7159&quot;,&quot;title&quot;:&quot;file0120&quot;,&quot;alt&quot;:&quot;&quot;,&quot;caption&quot;:&quot;Herbst 1986, Blick auf das Tuxer Fernerhaus&quot;,&quot;itemprop&quot;:&quot;image&quot;},{&quot;src&quot;:&quot;https:\\\/\\\/www.bergundtal.com\\\/wp-content\\\/uploads\\\/2016\\\/12\\\/File0121.jpg&quot;,&quot;id&quot;:&quot;7150&quot;,&quot;title&quot;:&quot;file0121&quot;,&quot;alt&quot;:&quot;&quot;,&quot;caption&quot;:&quot;1986, Sessellifte ab Tuxer Fernerhaus 1986&quot;,&quot;itemprop&quot;:&quot;image&quot;},{&quot;src&quot;:&quot;https:\\\/\\\/www.bergundtal.com\\\/wp-content\\\/uploads\\\/2016\\\/12\\\/File0523.jpg&quot;,&quot;id&quot;:&quot;7161&quot;,&quot;title&quot;:&quot;file0523&quot;,&quot;alt&quot;:&quot;&quot;,&quot;caption&quot;:&quot;Richtung Gefrorene Wand&quot;,&quot;itemprop&quot;:&quot;image&quot;},{&quot;src&quot;:&quot;https:\\\/\\\/www.bergundtal.com\\\/wp-content\\\/uploads\\\/2016\\\/12\\\/File0127-1024x683.jpg&quot;,&quot;id&quot;:&quot;7169&quot;,&quot;title&quot;:&quot;file0127&quot;,&quot;alt&quot;:&quot;&quot;,&quot;caption&quot;:&quot;Abfahrt unterhalb \\u0026#8222;Gefrorene Wand\\u0026#8220;&quot;,&quot;itemprop&quot;:&quot;image&quot;},{&quot;src&quot;:&quot;https:\\\/\\\/www.bergundtal.com\\\/wp-content\\\/uploads\\\/2016\\\/12\\\/File0519.jpg&quot;,&quot;id&quot;:&quot;7154&quot;,&quot;title&quot;:&quot;file0519&quot;,&quot;alt&quot;:&quot;&quot;,&quot;caption&quot;:&quot;1986  hatten&quot;,&quot;itemprop&quot;:&quot;image&quot;},{&quot;src&quot;:&quot;https:\\\/\\\/www.bergundtal.com\\\/wp-content\\\/uploads\\\/2016\\\/12\\\/File0118.jpg&quot;,&quot;id&quot;:&quot;7158&quot;,&quot;title&quot;:&quot;file0118&quot;,&quot;alt&quot;:&quot;&quot;,&quot;caption&quot;:&quot;die Ski noch&quot;,&quot;itemprop&quot;:&quot;image&quot;},{&quot;src&quot;:&quot;https:\\\/\\\/www.bergundtal.com\\\/wp-content\\\/uploads\\\/2016\\\/12\\\/6.jpg&quot;,&quot;id&quot;:&quot;7167&quot;,&quot;title&quot;:&quot;6&quot;,&quot;alt&quot;:&quot;&quot;,&quot;caption&quot;:&quot;&quot;,&quot;itemprop&quot;:&quot;image&quot;},{&quot;src&quot;:&quot;https:\\\/\\\/www.bergundtal.com\\\/wp-content\\\/uploads\\\/2016\\\/12\\\/File0122.jpg&quot;,&quot;id&quot;:&quot;7160&quot;,&quot;title&quot;:&quot;file0122&quot;,&quot;alt&quot;:&quot;&quot;,&quot;caption&quot;:&quot;Spitzen&quot;,&quot;itemprop&quot;:&quot;image&quot;},{&quot;src&quot;:&quot;https:\\\/\\\/www.bergundtal.com\\\/wp-content\\\/uploads\\\/2016\\\/12\\\/P1150858-1.jpg&quot;,&quot;id&quot;:&quot;7052&quot;,&quot;title&quot;:&quot;p1150858&quot;,&quot;alt&quot;:&quot;&quot;,&quot;caption&quot;:&quot;2016: kurz vor der&quot;,&quot;itemprop&quot;:&quot;image&quot;},{&quot;src&quot;:&quot;https:\\\/\\\/www.bergundtal.com\\\/wp-content\\\/uploads\\\/2016\\\/12\\\/P1150903.jpg&quot;,&quot;id&quot;:&quot;7055&quot;,&quot;title&quot;:&quot;p1150903&quot;,&quot;alt&quot;:&quot;&quot;,&quot;caption&quot;:&quot;Bergstation&quot;,&quot;itemprop&quot;:&quot;image&quot;},{&quot;src&quot;:&quot;https:\\\/\\\/www.bergundtal.com\\\/wp-content\\\/uploads\\\/2016\\\/12\\\/P1150905.jpg&quot;,&quot;id&quot;:&quot;7057&quot;,&quot;title&quot;:&quot;p1150905&quot;,&quot;alt&quot;:&quot;&quot;,&quot;caption&quot;:&quot;Gefrorene Wand&quot;,&quot;itemprop&quot;:&quot;image&quot;},{&quot;src&quot;:&quot;https:\\\/\\\/www.bergundtal.com\\\/wp-content\\\/uploads\\\/2016\\\/12\\\/P1160337.jpg&quot;,&quot;id&quot;:&quot;7066&quot;,&quot;title&quot;:&quot;p1160337&quot;,&quot;alt&quot;:&quot;&quot;,&quot;caption&quot;:&quot;Treffpunkt&quot;,&quot;itemprop&quot;:&quot;image&quot;},{&quot;src&quot;:&quot;https:\\\/\\\/www.bergundtal.com\\\/wp-content\\\/uploads\\\/2016\\\/12\\\/P1160338.jpg&quot;,&quot;id&quot;:&quot;7067&quot;,&quot;title&quot;:&quot;p1160338&quot;,&quot;alt&quot;:&quot;&quot;,&quot;caption&quot;:&quot;und Start&quot;,&quot;itemprop&quot;:&quot;image&quot;},{&quot;src&quot;:&quot;https:\\\/\\\/www.bergundtal.com\\\/wp-content\\\/uploads\\\/2016\\\/12\\\/P1150759.jpg&quot;,&quot;id&quot;:&quot;7041&quot;,&quot;title&quot;:&quot;p1150759&quot;,&quot;alt&quot;:&quot;&quot;,&quot;caption&quot;:&quot;&quot;,&quot;itemprop&quot;:&quot;image&quot;},{&quot;src&quot;:&quot;https:\\\/\\\/www.bergundtal.com\\\/wp-content\\\/uploads\\\/2016\\\/12\\\/P1160112.jpg&quot;,&quot;id&quot;:&quot;7061&quot;,&quot;title&quot;:&quot;p1160112&quot;,&quot;alt&quot;:&quot;&quot;,&quot;caption&quot;:&quot;ins Gletschergebiet HIntertux&quot;,&quot;itemprop&quot;:&quot;image&quot;},{&quot;src&quot;:&quot;https:\\\/\\\/www.bergundtal.com\\\/wp-content\\\/uploads\\\/2016\\\/12\\\/P1150753.jpg&quot;,&quot;id&quot;:&quot;7038&quot;,&quot;title&quot;:&quot;p1150753&quot;,&quot;alt&quot;:&quot;&quot;,&quot;caption&quot;:&quot;Abfahrt&quot;,&quot;itemprop&quot;:&quot;image&quot;},{&quot;src&quot;:&quot;https:\\\/\\\/www.bergundtal.com\\\/wp-content\\\/uploads\\\/2016\\\/12\\\/P1150754-1.jpg&quot;,&quot;id&quot;:&quot;7039&quot;,&quot;title&quot;:&quot;p1150754&quot;,&quot;alt&quot;:&quot;&quot;,&quot;caption&quot;:&quot;Riepensattel&quot;,&quot;itemprop&quot;:&quot;image&quot;},{&quot;src&quot;:&quot;https:\\\/\\\/www.bergundtal.com\\\/wp-content\\\/uploads\\\/2016\\\/12\\\/P1150906.jpg&quot;,&quot;id&quot;:&quot;7058&quot;,&quot;title&quot;:&quot;p1150906&quot;,&quot;alt&quot;:&quot;&quot;,&quot;caption&quot;:&quot;Panorama von der Bergstation&quot;,&quot;itemprop&quot;:&quot;image&quot;},{&quot;src&quot;:&quot;https:\\\/\\\/www.bergundtal.com\\\/wp-content\\\/uploads\\\/2016\\\/12\\\/P1150756.jpg&quot;,&quot;id&quot;:&quot;7072&quot;,&quot;title&quot;:&quot;p1150756&quot;,&quot;alt&quot;:&quot;&quot;,&quot;caption&quot;:&quot;&quot;,&quot;itemprop&quot;:&quot;image&quot;},{&quot;src&quot;:&quot;https:\\\/\\\/www.bergundtal.com\\\/wp-content\\\/uploads\\\/2016\\\/12\\\/P1150852.jpg&quot;,&quot;id&quot;:&quot;7049&quot;,&quot;title&quot;:&quot;p1150852&quot;,&quot;alt&quot;:&quot;&quot;,&quot;caption&quot;:&quot;Blick auf die Olperer-Schlepper&quot;,&quot;itemprop&quot;:&quot;image&quot;},{&quot;src&quot;:&quot;https:\\\/\\\/www.bergundtal.com\\\/wp-content\\\/uploads\\\/2016\\\/12\\\/P1150886.jpg&quot;,&quot;id&quot;:&quot;7054&quot;,&quot;title&quot;:&quot;p1150886&quot;,&quot;alt&quot;:&quot;&quot;,&quot;caption&quot;:&quot;unterwegs auf der&quot;,&quot;itemprop&quot;:&quot;image&quot;},{&quot;src&quot;:&quot;https:\\\/\\\/www.bergundtal.com\\\/wp-content\\\/uploads\\\/2016\\\/12\\\/P1150883.jpg&quot;,&quot;id&quot;:&quot;7053&quot;,&quot;title&quot;:&quot;p1150883&quot;,&quot;alt&quot;:&quot;&quot;,&quot;caption&quot;:&quot;Abfahrt 4: Gefrorene Wand&quot;,&quot;itemprop&quot;:&quot;image&quot;},{&quot;src&quot;:&quot;https:\\\/\\\/www.bergundtal.com\\\/wp-content\\\/uploads\\\/2016\\\/12\\\/P1150853.jpg&quot;,&quot;id&quot;:&quot;7050&quot;,&quot;title&quot;:&quot;p1150853&quot;,&quot;alt&quot;:&quot;&quot;,&quot;caption&quot;:&quot;Slalomhang und Gefrorene Wand Schlepper&quot;,&quot;itemprop&quot;:&quot;image&quot;},{&quot;src&quot;:&quot;https:\\\/\\\/www.bergundtal.com\\\/wp-content\\\/uploads\\\/2016\\\/12\\\/P1150835.jpg&quot;,&quot;id&quot;:&quot;7046&quot;,&quot;title&quot;:&quot;p1150835&quot;,&quot;alt&quot;:&quot;&quot;,&quot;caption&quot;:&quot;unter dem Olperer&quot;,&quot;itemprop&quot;:&quot;image&quot;},{&quot;src&quot;:&quot;https:\\\/\\\/www.bergundtal.com\\\/wp-content\\\/uploads\\\/2016\\\/12\\\/P1150841.jpg&quot;,&quot;id&quot;:&quot;7048&quot;,&quot;title&quot;:&quot;p1150841&quot;,&quot;alt&quot;:&quot;&quot;,&quot;caption&quot;:&quot;&quot;,&quot;itemprop&quot;:&quot;image&quot;},{&quot;src&quot;:&quot;https:\\\/\\\/www.bergundtal.com\\\/wp-content\\\/uploads\\\/2016\\\/12\\\/P1150838.jpg&quot;,&quot;id&quot;:&quot;7047&quot;,&quot;title&quot;:&quot;p1150838&quot;,&quot;alt&quot;:&quot;&quot;,&quot;caption&quot;:&quot;Blick vom Sonnenhang auf die Gefrorene Wand-Seite&quot;,&quot;itemprop&quot;:&quot;image&quot;},{&quot;src&quot;:&quot;https:\\\/\\\/www.bergundtal.com\\\/wp-content\\\/uploads\\\/2016\\\/12\\\/P1160345.jpg&quot;,&quot;id&quot;:&quot;7069&quot;,&quot;title&quot;:&quot;p1160345&quot;,&quot;alt&quot;:&quot;&quot;,&quot;caption&quot;:&quot;Olperer in Wolken&quot;,&quot;itemprop&quot;:&quot;image&quot;},{&quot;src&quot;:&quot;https:\\\/\\\/www.bergundtal.com\\\/wp-content\\\/uploads\\\/2016\\\/12\\\/P1150807.jpg&quot;,&quot;id&quot;:&quot;7045&quot;,&quot;title&quot;:&quot;p1150807&quot;,&quot;alt&quot;:&quot;&quot;,&quot;caption&quot;:&quot;Telemarker&quot;,&quot;itemprop&quot;:&quot;image&quot;},{&quot;src&quot;:&quot;https:\\\/\\\/www.bergundtal.com\\\/wp-content\\\/uploads\\\/2016\\\/12\\\/P1150781.jpg&quot;,&quot;id&quot;:&quot;7043&quot;,&quot;title&quot;:&quot;p1150781&quot;,&quot;alt&quot;:&quot;&quot;,&quot;caption&quot;:&quot;im freien Training&quot;,&quot;itemprop&quot;:&quot;image&quot;},{&quot;src&quot;:&quot;https:\\\/\\\/www.bergundtal.com\\\/wp-content\\\/uploads\\\/2016\\\/12\\\/P1110130.jpg&quot;,&quot;id&quot;:&quot;7036&quot;,&quot;title&quot;:&quot;p1110130&quot;,&quot;alt&quot;:&quot;&quot;,&quot;caption&quot;:&quot;abgesteckter Telemark-Parcour&quot;,&quot;itemprop&quot;:&quot;image&quot;}]\" itemscope itemtype=\"https:\/\/schema.org\/ImageGallery\"><\/div><br \/>\nJetzt im November konnten wir sogar \u00fcber die Sommerbergalm bis nach Hintertux abfahren, die Abfahrt ist sehr gut mit Kunstschnee pr\u00e4pariert und unterwegs besuchen wir das neue eingerichtete Spannaglhaus kurz unter dem Tuxer Fernerhaus f\u00fcr einen Kaiserschmarn + Kaffee; absolut empfehlenswert, die Einrichtung wie auch der Kaiserschmarn &#8211; wenn es in der Skihalle Wernigerode auch so einen Kaiserschmarn gibt, dann ist ein Skitag unter dem Dach vielleicht doch denkbar? Wenn es dann an der R\u00fcckwand vielleicht noch Fototapete mit Motiven vom Hochgebirge und ein Programm f\u00fcr digitales Wind + Wetter gibt &#8230;<br \/>\n<strong>Der Hintertuxer Gletscher\u00a0 &#8211; \u00a0eine toller Einstieg in die Skisaison, ein Gletscherskigebiet mit ausreichend Pisten und Platz f\u00fcr den Saisonstart, f\u00fcr Tests, Training und Skispa\u00df und f\u00fcr uns sogar noch mit einem Telemark World Cup.<\/strong><\/p>\n<h1 style=\"text-align: center;\"><span style=\"color: #0000ff;\">SKI WORLD CUP OPENING 2016 TELEMARK<\/span><\/h1>\n<p style=\"text-align: center;\"><span style=\"color: #0000ff;\"><strong>Hintertuxer Gletscher 24. 11. &#8211; 27. 11.<\/strong> <\/span><\/p>\n<p><a href=\"http:\/\/www.bergundtal.com\/wp-content\/uploads\/2016\/12\/P1160305.jpg\"><img data-attachment-id=\"7010\" data-permalink=\"https:\/\/www.bergundtal.com\/?attachment_id=7010\" data-orig-file=\"https:\/\/www.bergundtal.com\/wp-content\/uploads\/2016\/12\/P1160305.jpg\" data-orig-size=\"800,577\" data-comments-opened=\"0\" data-image-meta=\"{&quot;aperture&quot;:&quot;4&quot;,&quot;credit&quot;:&quot;Picasa&quot;,&quot;camera&quot;:&quot;DMC-FZ200&quot;,&quot;caption&quot;:&quot;&quot;,&quot;created_timestamp&quot;:&quot;1480080100&quot;,&quot;copyright&quot;:&quot;&quot;,&quot;focal_length&quot;:&quot;12.5&quot;,&quot;iso&quot;:&quot;100&quot;,&quot;shutter_speed&quot;:&quot;0.00125&quot;,&quot;title&quot;:&quot;&quot;,&quot;orientation&quot;:&quot;0&quot;}\" data-image-title=\"p1160305\" data-image-description=\"\" data-image-caption=\"\" data-medium-file=\"https:\/\/www.bergundtal.com\/wp-content\/uploads\/2016\/12\/P1160305-300x216.jpg\" data-large-file=\"https:\/\/www.bergundtal.com\/wp-content\/uploads\/2016\/12\/P1160305.jpg\" decoding=\"async\" loading=\"lazy\" class=\"aligncenter size-full wp-image-7010\" src=\"http:\/\/www.bergundtal.com\/wp-content\/uploads\/2016\/12\/P1160305.jpg\" alt=\"p1160305\" width=\"800\" height=\"577\" srcset=\"https:\/\/www.bergundtal.com\/wp-content\/uploads\/2016\/12\/P1160305.jpg 800w, https:\/\/www.bergundtal.com\/wp-content\/uploads\/2016\/12\/P1160305-300x216.jpg 300w, https:\/\/www.bergundtal.com\/wp-content\/uploads\/2016\/12\/P1160305-768x554.jpg 768w, https:\/\/www.bergundtal.com\/wp-content\/uploads\/2016\/12\/P1160305-700x505.jpg 700w, https:\/\/www.bergundtal.com\/wp-content\/uploads\/2016\/12\/P1160305-332x239.jpg 332w\" sizes=\"(max-width: 800px) 100vw, 800px\" \/><\/a><\/p>\n<p>Vom 24. bis\u00a0 27. November fand auf dem Hintertuxer Gletscher das SKI WORLD CUP OPENING 2016 TELEMARK statt; zum vierten Mal wurde auch dieses Jahr wieder die Telemark WorldCup Saison auf dem Gletscher oberhalb von Hintertux er\u00f6ffnet; 3 Wettk\u00e4mpfe an 3 Tagen, ein volles Programm f\u00fcr die Telemarker aus Norwegen, \u00d6sterreich, Italien, Schweiz und Deutsch- land, aus Gro\u00dfbritannien, Slowenien, Tschechien, Ukraine, Russland, USA und sogar Brasilien.<br \/>\nDer Telemark Sprint Classic Wettbewerb\u00a0 &#8211; ein Wettbewerb am Freitag und ein Wettbewerb am Samstag &#8211; besteht aus einem Riesenslalom mit 15 Toren, unterbrochen durch einen Sprung mit ca 20 Metern mit einer klassischen Telemarklandung, und einer abschlie\u00dfenden 360-Grad-Steilwandkurve, an die sich dann bis zum Ziel eine Skating-Passage mit einer Spitzkehre anschlie\u00dft;\u00a0ein sog. Sprintwettbewerb mit einer Laufzeit von ca 50 Sekunden. Ein Wettbewerb\u00a0besteht aus jeweils zwei Durchg\u00e4ngen, und am Sonntag wurde dieser Sprint Wettbewerb dann noch abschlie\u00dfend als Parallel-Wettkampf durchgef\u00fchrt.<\/p>\n<p><p class=\"jetpack-slideshow-noscript robots-nocontent\">Diese Diashow ben\u00f6tigt JavaScript.<\/p><div id=\"gallery-6971-2-slideshow\" class=\"jetpack-slideshow-window jetpack-slideshow jetpack-slideshow-black\" data-trans=\"fade\" data-autostart=\"1\" data-gallery=\"[{&quot;src&quot;:&quot;https:\\\/\\\/www.bergundtal.com\\\/wp-content\\\/uploads\\\/2016\\\/12\\\/P1150917.jpg&quot;,&quot;id&quot;:&quot;7077&quot;,&quot;title&quot;:&quot;p1150917&quot;,&quot;alt&quot;:&quot;&quot;,&quot;caption&quot;:&quot;Er\\u00f6ffnungsfeier des Telemark World Cups&quot;,&quot;itemprop&quot;:&quot;image&quot;},{&quot;src&quot;:&quot;https:\\\/\\\/www.bergundtal.com\\\/wp-content\\\/uploads\\\/2016\\\/12\\\/P1150921.jpg&quot;,&quot;id&quot;:&quot;7078&quot;,&quot;title&quot;:&quot;p1150921&quot;,&quot;alt&quot;:&quot;&quot;,&quot;caption&quot;:&quot;in Lanersbach&quot;,&quot;itemprop&quot;:&quot;image&quot;},{&quot;src&quot;:&quot;https:\\\/\\\/www.bergundtal.com\\\/wp-content\\\/uploads\\\/2016\\\/12\\\/P1150933.jpg&quot;,&quot;id&quot;:&quot;7079&quot;,&quot;title&quot;:&quot;p1150933&quot;,&quot;alt&quot;:&quot;&quot;,&quot;caption&quot;:&quot;Verlosung der Startnummern Frauen&quot;,&quot;itemprop&quot;:&quot;image&quot;},{&quot;src&quot;:&quot;https:\\\/\\\/www.bergundtal.com\\\/wp-content\\\/uploads\\\/2016\\\/12\\\/P1150936.jpg&quot;,&quot;id&quot;:&quot;7080&quot;,&quot;title&quot;:&quot;p1150936&quot;,&quot;alt&quot;:&quot;&quot;,&quot;caption&quot;:&quot;M\\u00e4nner&quot;,&quot;itemprop&quot;:&quot;image&quot;},{&quot;src&quot;:&quot;https:\\\/\\\/www.bergundtal.com\\\/wp-content\\\/uploads\\\/2016\\\/12\\\/P1160200-1.jpg&quot;,&quot;id&quot;:&quot;7092&quot;,&quot;title&quot;:&quot;p1160200&quot;,&quot;alt&quot;:&quot;&quot;,&quot;caption&quot;:&quot;Telemark Sprint Parcour&quot;,&quot;itemprop&quot;:&quot;image&quot;},{&quot;src&quot;:&quot;https:\\\/\\\/www.bergundtal.com\\\/wp-content\\\/uploads\\\/2016\\\/12\\\/P1160202.jpg&quot;,&quot;id&quot;:&quot;7093&quot;,&quot;title&quot;:&quot;p1160202&quot;,&quot;alt&quot;:&quot;&quot;,&quot;caption&quot;:&quot;im Startraum&quot;,&quot;itemprop&quot;:&quot;image&quot;},{&quot;src&quot;:&quot;https:\\\/\\\/www.bergundtal.com\\\/wp-content\\\/uploads\\\/2016\\\/12\\\/P1160206.jpg&quot;,&quot;id&quot;:&quot;7095&quot;,&quot;title&quot;:&quot;p1160206&quot;,&quot;alt&quot;:&quot;&quot;,&quot;caption&quot;:&quot;&quot;,&quot;itemprop&quot;:&quot;image&quot;},{&quot;src&quot;:&quot;https:\\\/\\\/www.bergundtal.com\\\/wp-content\\\/uploads\\\/2016\\\/12\\\/P1160205.jpg&quot;,&quot;id&quot;:&quot;7094&quot;,&quot;title&quot;:&quot;p1160205&quot;,&quot;alt&quot;:&quot;&quot;,&quot;caption&quot;:&quot;&quot;,&quot;itemprop&quot;:&quot;image&quot;},{&quot;src&quot;:&quot;https:\\\/\\\/www.bergundtal.com\\\/wp-content\\\/uploads\\\/2016\\\/12\\\/P1160208.jpg&quot;,&quot;id&quot;:&quot;7096&quot;,&quot;title&quot;:&quot;p1160208&quot;,&quot;alt&quot;:&quot;&quot;,&quot;caption&quot;:&quot;im Startzelt; Matti Lopez, Fra, Rang 10&quot;,&quot;itemprop&quot;:&quot;image&quot;},{&quot;src&quot;:&quot;https:\\\/\\\/www.bergundtal.com\\\/wp-content\\\/uploads\\\/2016\\\/12\\\/P1160209.jpg&quot;,&quot;id&quot;:&quot;7137&quot;,&quot;title&quot;:&quot;p1160209&quot;,&quot;alt&quot;:&quot;&quot;,&quot;caption&quot;:&quot;&quot;,&quot;itemprop&quot;:&quot;image&quot;},{&quot;src&quot;:&quot;https:\\\/\\\/www.bergundtal.com\\\/wp-content\\\/uploads\\\/2016\\\/12\\\/P1160211.jpg&quot;,&quot;id&quot;:&quot;7097&quot;,&quot;title&quot;:&quot;p1160211&quot;,&quot;alt&quot;:&quot;&quot;,&quot;caption&quot;:&quot;Benedikt Holzmann, D,&quot;,&quot;itemprop&quot;:&quot;image&quot;},{&quot;src&quot;:&quot;https:\\\/\\\/www.bergundtal.com\\\/wp-content\\\/uploads\\\/2016\\\/12\\\/P1160226.jpg&quot;,&quot;id&quot;:&quot;7098&quot;,&quot;title&quot;:&quot;p1160226&quot;,&quot;alt&quot;:&quot;&quot;,&quot;caption&quot;:&quot;Rang 8&quot;,&quot;itemprop&quot;:&quot;image&quot;},{&quot;src&quot;:&quot;https:\\\/\\\/www.bergundtal.com\\\/wp-content\\\/uploads\\\/2016\\\/12\\\/P1160230.jpg&quot;,&quot;id&quot;:&quot;7099&quot;,&quot;title&quot;:&quot;p1160230&quot;,&quot;alt&quot;:&quot;&quot;,&quot;caption&quot;:&quot;&quot;,&quot;itemprop&quot;:&quot;image&quot;},{&quot;src&quot;:&quot;https:\\\/\\\/www.bergundtal.com\\\/wp-content\\\/uploads\\\/2016\\\/12\\\/P1160244.jpg&quot;,&quot;id&quot;:&quot;7100&quot;,&quot;title&quot;:&quot;p1160244&quot;,&quot;alt&quot;:&quot;&quot;,&quot;caption&quot;:&quot;Torkombination kurz vor der Schanze&quot;,&quot;itemprop&quot;:&quot;image&quot;},{&quot;src&quot;:&quot;https:\\\/\\\/www.bergundtal.com\\\/wp-content\\\/uploads\\\/2016\\\/12\\\/P1160249.jpg&quot;,&quot;id&quot;:&quot;7101&quot;,&quot;title&quot;:&quot;p1160249&quot;,&quot;alt&quot;:&quot;&quot;,&quot;caption&quot;:&quot;Aadna Kristenstuen, Nor,&quot;,&quot;itemprop&quot;:&quot;image&quot;},{&quot;src&quot;:&quot;https:\\\/\\\/www.bergundtal.com\\\/wp-content\\\/uploads\\\/2016\\\/12\\\/P1160250.jpg&quot;,&quot;id&quot;:&quot;7139&quot;,&quot;title&quot;:&quot;p1160250&quot;,&quot;alt&quot;:&quot;&quot;,&quot;caption&quot;:&quot;&quot;,&quot;itemprop&quot;:&quot;image&quot;},{&quot;src&quot;:&quot;https:\\\/\\\/www.bergundtal.com\\\/wp-content\\\/uploads\\\/2016\\\/12\\\/P1160251.jpg&quot;,&quot;id&quot;:&quot;7102&quot;,&quot;title&quot;:&quot;p1160251&quot;,&quot;alt&quot;:&quot;&quot;,&quot;caption&quot;:&quot;9. Rang&quot;,&quot;itemprop&quot;:&quot;image&quot;},{&quot;src&quot;:&quot;https:\\\/\\\/www.bergundtal.com\\\/wp-content\\\/uploads\\\/2016\\\/12\\\/P1160268.jpg&quot;,&quot;id&quot;:&quot;7140&quot;,&quot;title&quot;:&quot;p1160268&quot;,&quot;alt&quot;:&quot;&quot;,&quot;caption&quot;:&quot;Stefan Matter, SUI,&quot;,&quot;itemprop&quot;:&quot;image&quot;},{&quot;src&quot;:&quot;https:\\\/\\\/www.bergundtal.com\\\/wp-content\\\/uploads\\\/2016\\\/12\\\/P1160269.jpg&quot;,&quot;id&quot;:&quot;7141&quot;,&quot;title&quot;:&quot;p1160269&quot;,&quot;alt&quot;:&quot;&quot;,&quot;caption&quot;:&quot;4. Rang&quot;,&quot;itemprop&quot;:&quot;image&quot;},{&quot;src&quot;:&quot;https:\\\/\\\/www.bergundtal.com\\\/wp-content\\\/uploads\\\/2016\\\/12\\\/P1160275.jpg&quot;,&quot;id&quot;:&quot;7142&quot;,&quot;title&quot;:&quot;p1160275&quot;,&quot;alt&quot;:&quot;&quot;,&quot;caption&quot;:&quot;Philippe Lau, F,&quot;,&quot;itemprop&quot;:&quot;image&quot;},{&quot;src&quot;:&quot;https:\\\/\\\/www.bergundtal.com\\\/wp-content\\\/uploads\\\/2016\\\/12\\\/P1160291.jpg&quot;,&quot;id&quot;:&quot;7143&quot;,&quot;title&quot;:&quot;p1160291&quot;,&quot;alt&quot;:&quot;&quot;,&quot;caption&quot;:&quot;spektakul\\u00e4re Schr\\u00e4glage,&quot;,&quot;itemprop&quot;:&quot;image&quot;},{&quot;src&quot;:&quot;https:\\\/\\\/www.bergundtal.com\\\/wp-content\\\/uploads\\\/2016\\\/12\\\/P1160299.jpg&quot;,&quot;id&quot;:&quot;7103&quot;,&quot;title&quot;:&quot;p1160299&quot;,&quot;alt&quot;:&quot;&quot;,&quot;caption&quot;:&quot;auf der Skaktingstrecke,&quot;,&quot;itemprop&quot;:&quot;image&quot;},{&quot;src&quot;:&quot;https:\\\/\\\/www.bergundtal.com\\\/wp-content\\\/uploads\\\/2016\\\/12\\\/P1160305-1.jpg&quot;,&quot;id&quot;:&quot;7104&quot;,&quot;title&quot;:&quot;p1160305&quot;,&quot;alt&quot;:&quot;&quot;,&quot;caption&quot;:&quot;Zieleinlauf, Platz 1!&quot;,&quot;itemprop&quot;:&quot;image&quot;},{&quot;src&quot;:&quot;https:\\\/\\\/www.bergundtal.com\\\/wp-content\\\/uploads\\\/2016\\\/12\\\/P1160177.jpg&quot;,&quot;id&quot;:&quot;7089&quot;,&quot;title&quot;:&quot;p1160177&quot;,&quot;alt&quot;:&quot;&quot;,&quot;caption&quot;:&quot;Kathrin Reichmann, D, 6. Rang&quot;,&quot;itemprop&quot;:&quot;image&quot;},{&quot;src&quot;:&quot;https:\\\/\\\/www.bergundtal.com\\\/wp-content\\\/uploads\\\/2016\\\/12\\\/P1160162.jpg&quot;,&quot;id&quot;:&quot;7132&quot;,&quot;title&quot;:&quot;p1160162&quot;,&quot;alt&quot;:&quot;&quot;,&quot;caption&quot;:&quot;&quot;,&quot;itemprop&quot;:&quot;image&quot;},{&quot;src&quot;:&quot;https:\\\/\\\/www.bergundtal.com\\\/wp-content\\\/uploads\\\/2016\\\/12\\\/P1160171.jpg&quot;,&quot;id&quot;:&quot;7133&quot;,&quot;title&quot;:&quot;p1160171&quot;,&quot;alt&quot;:&quot;&quot;,&quot;caption&quot;:&quot;&quot;,&quot;itemprop&quot;:&quot;image&quot;},{&quot;src&quot;:&quot;https:\\\/\\\/www.bergundtal.com\\\/wp-content\\\/uploads\\\/2016\\\/12\\\/P1160159.jpg&quot;,&quot;id&quot;:&quot;7129&quot;,&quot;title&quot;:&quot;p1160159&quot;,&quot;alt&quot;:&quot;&quot;,&quot;caption&quot;:&quot;Argeline Tan Bouquet, F,&quot;,&quot;itemprop&quot;:&quot;image&quot;},{&quot;src&quot;:&quot;https:\\\/\\\/www.bergundtal.com\\\/wp-content\\\/uploads\\\/2016\\\/12\\\/P1160160.jpg&quot;,&quot;id&quot;:&quot;7130&quot;,&quot;title&quot;:&quot;p1160160&quot;,&quot;alt&quot;:&quot;&quot;,&quot;caption&quot;:&quot;Rang 7&quot;,&quot;itemprop&quot;:&quot;image&quot;},{&quot;src&quot;:&quot;https:\\\/\\\/www.bergundtal.com\\\/wp-content\\\/uploads\\\/2016\\\/12\\\/P1160161-1.jpg&quot;,&quot;id&quot;:&quot;7131&quot;,&quot;title&quot;:&quot;p1160161&quot;,&quot;alt&quot;:&quot;&quot;,&quot;caption&quot;:&quot;&quot;,&quot;itemprop&quot;:&quot;image&quot;},{&quot;src&quot;:&quot;https:\\\/\\\/www.bergundtal.com\\\/wp-content\\\/uploads\\\/2016\\\/12\\\/P1150941.jpg&quot;,&quot;id&quot;:&quot;7105&quot;,&quot;title&quot;:&quot;p1150941&quot;,&quot;alt&quot;:&quot;&quot;,&quot;caption&quot;:&quot;Thea Smedheim Lund, Norwegen, 11. im ersten Rennen, .Telemarklandung nach Sprung&quot;,&quot;itemprop&quot;:&quot;image&quot;},{&quot;src&quot;:&quot;https:\\\/\\\/www.bergundtal.com\\\/wp-content\\\/uploads\\\/2016\\\/12\\\/P1150958.jpg&quot;,&quot;id&quot;:&quot;7118&quot;,&quot;title&quot;:&quot;p1150958&quot;,&quot;alt&quot;:&quot;&quot;,&quot;caption&quot;:&quot;&quot;,&quot;itemprop&quot;:&quot;image&quot;},{&quot;src&quot;:&quot;https:\\\/\\\/www.bergundtal.com\\\/wp-content\\\/uploads\\\/2016\\\/12\\\/P1150959.jpg&quot;,&quot;id&quot;:&quot;7119&quot;,&quot;title&quot;:&quot;p1150959&quot;,&quot;alt&quot;:&quot;&quot;,&quot;caption&quot;:&quot;&quot;,&quot;itemprop&quot;:&quot;image&quot;},{&quot;src&quot;:&quot;https:\\\/\\\/www.bergundtal.com\\\/wp-content\\\/uploads\\\/2016\\\/12\\\/P1150966.jpg&quot;,&quot;id&quot;:&quot;7081&quot;,&quot;title&quot;:&quot;p1150966&quot;,&quot;alt&quot;:&quot;&quot;,&quot;caption&quot;:&quot;Amelie Reymond, Sui, Rang 1&quot;,&quot;itemprop&quot;:&quot;image&quot;},{&quot;src&quot;:&quot;https:\\\/\\\/www.bergundtal.com\\\/wp-content\\\/uploads\\\/2016\\\/12\\\/P1150974.jpg&quot;,&quot;id&quot;:&quot;7082&quot;,&quot;title&quot;:&quot;p1150974&quot;,&quot;alt&quot;:&quot;&quot;,&quot;caption&quot;:&quot;&quot;,&quot;itemprop&quot;:&quot;image&quot;},{&quot;src&quot;:&quot;https:\\\/\\\/www.bergundtal.com\\\/wp-content\\\/uploads\\\/2016\\\/12\\\/P1150976.jpg&quot;,&quot;id&quot;:&quot;7122&quot;,&quot;title&quot;:&quot;p1150976&quot;,&quot;alt&quot;:&quot;&quot;,&quot;caption&quot;:&quot;&quot;,&quot;itemprop&quot;:&quot;image&quot;},{&quot;src&quot;:&quot;https:\\\/\\\/www.bergundtal.com\\\/wp-content\\\/uploads\\\/2016\\\/12\\\/P1150981.jpg&quot;,&quot;id&quot;:&quot;7123&quot;,&quot;title&quot;:&quot;p1150981&quot;,&quot;alt&quot;:&quot;&quot;,&quot;caption&quot;:&quot;&quot;,&quot;itemprop&quot;:&quot;image&quot;},{&quot;src&quot;:&quot;https:\\\/\\\/www.bergundtal.com\\\/wp-content\\\/uploads\\\/2016\\\/12\\\/P1150982.jpg&quot;,&quot;id&quot;:&quot;7124&quot;,&quot;title&quot;:&quot;p1150982&quot;,&quot;alt&quot;:&quot;&quot;,&quot;caption&quot;:&quot;&quot;,&quot;itemprop&quot;:&quot;image&quot;},{&quot;src&quot;:&quot;https:\\\/\\\/www.bergundtal.com\\\/wp-content\\\/uploads\\\/2016\\\/12\\\/P1160058.jpg&quot;,&quot;id&quot;:&quot;7125&quot;,&quot;title&quot;:&quot;p1160058&quot;,&quot;alt&quot;:&quot;&quot;,&quot;caption&quot;:&quot;Tara Parks, GBR, Rang 9&quot;,&quot;itemprop&quot;:&quot;image&quot;},{&quot;src&quot;:&quot;https:\\\/\\\/www.bergundtal.com\\\/wp-content\\\/uploads\\\/2016\\\/12\\\/P1160059.jpg&quot;,&quot;id&quot;:&quot;7085&quot;,&quot;title&quot;:&quot;p1160059&quot;,&quot;alt&quot;:&quot;&quot;,&quot;caption&quot;:&quot;&quot;,&quot;itemprop&quot;:&quot;image&quot;},{&quot;src&quot;:&quot;https:\\\/\\\/www.bergundtal.com\\\/wp-content\\\/uploads\\\/2016\\\/12\\\/P1160064.jpg&quot;,&quot;id&quot;:&quot;7126&quot;,&quot;title&quot;:&quot;p1160064&quot;,&quot;alt&quot;:&quot;&quot;,&quot;caption&quot;:&quot;im Zielsprint&quot;,&quot;itemprop&quot;:&quot;image&quot;},{&quot;src&quot;:&quot;https:\\\/\\\/www.bergundtal.com\\\/wp-content\\\/uploads\\\/2016\\\/12\\\/P1160146.jpg&quot;,&quot;id&quot;:&quot;7087&quot;,&quot;title&quot;:&quot;p1160146&quot;,&quot;alt&quot;:&quot;&quot;,&quot;caption&quot;:&quot;Lena Attoresi, ITA,&quot;,&quot;itemprop&quot;:&quot;image&quot;},{&quot;src&quot;:&quot;https:\\\/\\\/www.bergundtal.com\\\/wp-content\\\/uploads\\\/2016\\\/12\\\/P1160025.jpg&quot;,&quot;id&quot;:&quot;7083&quot;,&quot;title&quot;:&quot;p1160025&quot;,&quot;alt&quot;:&quot;&quot;,&quot;caption&quot;:&quot;Skating kurz vor dem Ziel, ,&quot;,&quot;itemprop&quot;:&quot;image&quot;},{&quot;src&quot;:&quot;https:\\\/\\\/www.bergundtal.com\\\/wp-content\\\/uploads\\\/2016\\\/12\\\/P1160031.jpg&quot;,&quot;id&quot;:&quot;7084&quot;,&quot;title&quot;:&quot;p1160031&quot;,&quot;alt&quot;:&quot;&quot;,&quot;caption&quot;:&quot;Rang 8&quot;,&quot;itemprop&quot;:&quot;image&quot;},{&quot;src&quot;:&quot;https:\\\/\\\/www.bergundtal.com\\\/wp-content\\\/uploads\\\/2016\\\/12\\\/P1160182.jpg&quot;,&quot;id&quot;:&quot;7090&quot;,&quot;title&quot;:&quot;p1160182&quot;,&quot;alt&quot;:&quot;&quot;,&quot;caption&quot;:&quot;Maelle Froissart, F,&quot;,&quot;itemprop&quot;:&quot;image&quot;},{&quot;src&quot;:&quot;https:\\\/\\\/www.bergundtal.com\\\/wp-content\\\/uploads\\\/2016\\\/12\\\/P1160186.jpg&quot;,&quot;id&quot;:&quot;7135&quot;,&quot;title&quot;:&quot;p1160186&quot;,&quot;alt&quot;:&quot;&quot;,&quot;caption&quot;:&quot;im Ziel, Rang 5&quot;,&quot;itemprop&quot;:&quot;image&quot;},{&quot;src&quot;:&quot;https:\\\/\\\/www.bergundtal.com\\\/wp-content\\\/uploads\\\/2016\\\/12\\\/P1160198.jpg&quot;,&quot;id&quot;:&quot;7091&quot;,&quot;title&quot;:&quot;p1160198&quot;,&quot;alt&quot;:&quot;&quot;,&quot;caption&quot;:&quot;Beatrice Zimmermann, SUI, Rang 3&quot;,&quot;itemprop&quot;:&quot;image&quot;}]\" itemscope itemtype=\"https:\/\/schema.org\/ImageGallery\"><\/div><br \/>\n<em><strong>3 Tage toller Telemark-Sport, kombiniert mit Testm\u00f6glichkeiten und Workshops; ein tiefer Knicks vor dem Schnee und Olperer &amp; Co.<\/strong><\/em><\/p>\n<p>&nbsp;<\/p>\n<figure id=\"attachment_7106\" aria-describedby=\"caption-attachment-7106\" style=\"width: 681px\" class=\"wp-caption aligncenter\"><a href=\"http:\/\/www.bergundtal.com\/wp-content\/uploads\/2016\/12\/P1160230-1.jpg\"><img data-attachment-id=\"7106\" data-permalink=\"https:\/\/www.bergundtal.com\/?attachment_id=7106\" data-orig-file=\"https:\/\/www.bergundtal.com\/wp-content\/uploads\/2016\/12\/P1160230-1.jpg\" data-orig-size=\"681,800\" data-comments-opened=\"0\" data-image-meta=\"{&quot;aperture&quot;:&quot;4&quot;,&quot;credit&quot;:&quot;Picasa&quot;,&quot;camera&quot;:&quot;DMC-FZ200&quot;,&quot;caption&quot;:&quot;&quot;,&quot;created_timestamp&quot;:&quot;1480079287&quot;,&quot;copyright&quot;:&quot;&quot;,&quot;focal_length&quot;:&quot;24.8&quot;,&quot;iso&quot;:&quot;100&quot;,&quot;shutter_speed&quot;:&quot;0.001&quot;,&quot;title&quot;:&quot;&quot;,&quot;orientation&quot;:&quot;0&quot;}\" data-image-title=\"p1160230\" data-image-description=\"\" data-image-caption=\"\" data-medium-file=\"https:\/\/www.bergundtal.com\/wp-content\/uploads\/2016\/12\/P1160230-1-255x300.jpg\" data-large-file=\"https:\/\/www.bergundtal.com\/wp-content\/uploads\/2016\/12\/P1160230-1.jpg\" decoding=\"async\" loading=\"lazy\" class=\"wp-image-7106 size-full\" src=\"http:\/\/www.bergundtal.com\/wp-content\/uploads\/2016\/12\/P1160230-1.jpg\" alt=\"p1160230\" width=\"681\" height=\"800\" srcset=\"https:\/\/www.bergundtal.com\/wp-content\/uploads\/2016\/12\/P1160230-1.jpg 681w, https:\/\/www.bergundtal.com\/wp-content\/uploads\/2016\/12\/P1160230-1-255x300.jpg 255w, https:\/\/www.bergundtal.com\/wp-content\/uploads\/2016\/12\/P1160230-1-332x390.jpg 332w\" sizes=\"(max-width: 681px) 100vw, 681px\" \/><\/a><figcaption id=\"caption-attachment-7106\" class=\"wp-caption-text\">Benedikt Holzmann, Telemarkteam Deutschland<\/figcaption><\/figure>\n","protected":false},"excerpt":{"rendered":"<p>W\u00e4hrend in Werningerode, eine Kleinstadt\u00a0 im Landkreis Harz, \u00fcber den Bau einer riesigen Skihalle nachgedacht wird, g\u00f6nnen wir uns einige sch\u00f6ne Skitage auf dem Hintertuxer Gletscher: Mehr als 30 km Piste\u00a0mit sehr guten Schneeverh\u00e4ltnissen, 580 H\u00f6henmeter, wenig Betrieb und auch noch &#8211; dank Kunstschnee &#8211;\u00a0 die Abfahrt bis runter nach &#8230;<\/p>\n","protected":false},"author":2,"featured_media":7149,"comment_status":"closed","ping_status":"closed","sticky":false,"template":"","format":"standard","meta":{"jetpack_post_was_ever_published":false,"jetpack_publicize_message":"","jetpack_is_tweetstorm":false,"jetpack_publicize_feature_enabled":true,"jetpack_social_options":[]},"categories":[343,369,416],"tags":[],"coauthors":[461,460],"jetpack_publicize_connections":[],"jetpack_featured_media_url":"https:\/\/www.bergundtal.com\/wp-content\/uploads\/2016\/12\/P1150753-001.jpg","jetpack_shortlink":"https:\/\/wp.me\/p3YISc-1Or","jetpack_sharing_enabled":true,"_links":{"self":[{"href":"https:\/\/www.bergundtal.com\/index.php?rest_route=\/wp\/v2\/posts\/6971"}],"collection":[{"href":"https:\/\/www.bergundtal.com\/index.php?rest_route=\/wp\/v2\/posts"}],"about":[{"href":"https:\/\/www.bergundtal.com\/index.php?rest_route=\/wp\/v2\/types\/post"}],"author":[{"embeddable":true,"href":"https:\/\/www.bergundtal.com\/index.php?rest_route=\/wp\/v2\/users\/2"}],"replies":[{"embeddable":true,"href":"https:\/\/www.bergundtal.com\/index.php?rest_route=%2Fwp%2Fv2%2Fcomments&post=6971"}],"version-history":[{"count":38,"href":"https:\/\/www.bergundtal.com\/index.php?rest_route=\/wp\/v2\/posts\/6971\/revisions"}],"predecessor-version":[{"id":7534,"href":"https:\/\/www.bergundtal.com\/index.php?rest_route=\/wp\/v2\/posts\/6971\/revisions\/7534"}],"wp:featuredmedia":[{"embeddable":true,"href":"https:\/\/www.bergundtal.com\/index.php?rest_route=\/wp\/v2\/media\/7149"}],"wp:attachment":[{"href":"https:\/\/www.bergundtal.com\/index.php?rest_route=%2Fwp%2Fv2%2Fmedia&parent=6971"}],"wp:term":[{"taxonomy":"category","embeddable":true,"href":"https:\/\/www.bergundtal.com\/index.php?rest_route=%2Fwp%2Fv2%2Fcategories&post=6971"},{"taxonomy":"post_tag","embeddable":true,"href":"https:\/\/www.bergundtal.com\/index.php?rest_route=%2Fwp%2Fv2%2Ftags&post=6971"},{"taxonomy":"author","embeddable":true,"href":"https:\/\/www.bergundtal.com\/index.php?rest_route=%2Fwp%2Fv2%2Fcoauthors&post=6971"}],"curies":[{"name":"wp","href":"https:\/\/api.w.org\/{rel}","templated":true}]}}