{"id":8334,"date":"2017-07-02T19:54:46","date_gmt":"2017-07-02T17:54:46","guid":{"rendered":"http:\/\/www.bergundtal.com\/?p=8334"},"modified":"2018-06-05T11:27:44","modified_gmt":"2018-06-05T09:27:44","slug":"outdoor-2017-camping-2018","status":"publish","type":"post","link":"https:\/\/www.bergundtal.com\/?p=8334","title":{"rendered":"OutDoor 2017: Camping 2018"},"content":{"rendered":"<figure id=\"attachment_8267\" aria-describedby=\"caption-attachment-8267\" style=\"width: 300px\" class=\"wp-caption alignleft\"><a href=\"http:\/\/www.bergundtal.com\/wp-content\/uploads\/2017\/06\/P1180300.jpg\"><img data-attachment-id=\"8267\" data-permalink=\"https:\/\/www.bergundtal.com\/?attachment_id=8267\" data-orig-file=\"https:\/\/www.bergundtal.com\/wp-content\/uploads\/2017\/06\/P1180300.jpg\" data-orig-size=\"800,535\" data-comments-opened=\"0\" data-image-meta=\"{&quot;aperture&quot;:&quot;2.8&quot;,&quot;credit&quot;:&quot;Picasa&quot;,&quot;camera&quot;:&quot;DMC-FZ200&quot;,&quot;caption&quot;:&quot;&quot;,&quot;created_timestamp&quot;:&quot;1497882817&quot;,&quot;copyright&quot;:&quot;&quot;,&quot;focal_length&quot;:&quot;4.5&quot;,&quot;iso&quot;:&quot;400&quot;,&quot;shutter_speed&quot;:&quot;0.025&quot;,&quot;title&quot;:&quot;&quot;,&quot;orientation&quot;:&quot;0&quot;}\" data-image-title=\"P1180300\" data-image-description=\"\" data-image-caption=\"\" data-medium-file=\"https:\/\/www.bergundtal.com\/wp-content\/uploads\/2017\/06\/P1180300-300x201.jpg\" data-large-file=\"https:\/\/www.bergundtal.com\/wp-content\/uploads\/2017\/06\/P1180300.jpg\" decoding=\"async\" loading=\"lazy\" class=\"wp-image-8267 size-medium\" src=\"http:\/\/www.bergundtal.com\/wp-content\/uploads\/2017\/06\/P1180300-300x201.jpg\" alt=\"\" width=\"300\" height=\"201\" srcset=\"https:\/\/www.bergundtal.com\/wp-content\/uploads\/2017\/06\/P1180300-300x201.jpg 300w, https:\/\/www.bergundtal.com\/wp-content\/uploads\/2017\/06\/P1180300-768x514.jpg 768w, https:\/\/www.bergundtal.com\/wp-content\/uploads\/2017\/06\/P1180300-700x468.jpg 700w, https:\/\/www.bergundtal.com\/wp-content\/uploads\/2017\/06\/P1180300-332x222.jpg 332w, https:\/\/www.bergundtal.com\/wp-content\/uploads\/2017\/06\/P1180300.jpg 800w\" sizes=\"(max-width: 300px) 100vw, 300px\" \/><\/a><figcaption id=\"caption-attachment-8267\" class=\"wp-caption-text\">Fotos: Karin Aleith-H\u00fcner<\/figcaption><\/figure>\n<p><span style=\"color: #333333;\"><span style=\"font-family: 'Open Sans', sans-serif;\"><span style=\"font-size: medium;\">Zelte sind aus Sicht der Einzelh\u00e4ndler sicherlich ein schwieriges Produkt: Ihr Verkauf ist beratungsintensiv und sie beanspruchen aufgebaut viel Verkaufsfl\u00e4che, andererseits ist der \u201eZeltkunde\u201c ein K\u00e4ufer mit Gewicht, zum Zelt geh\u00f6rt ja auch eine ganze Menge Campingzubeh\u00f6r. Und d<\/span><\/span><\/span><span style=\"font-size: medium;\">er Zeltmarkt ist st\u00e4ndig in Bewegung:\u00a0Einerseits geht es um das Gewicht in Kombination mit Stabilit\u00e4t\/ Funktionalit\u00e4t und Packma\u00df, andererseits sind gro\u00dfe Zelte aktuell ein gro\u00dfer Trend.<br \/>\nZelte f\u00fcr Trekking, Radreisen u. \u00e4. m\u00fcssen leicht, klein verpackbar, stabil und dicht sein; die gro\u00dfen Zelte f\u00fcr z. B. Familien m\u00fcssen besonders wetterfest sein, getrennte Schlafkabinen, durchgehende Bodenwanne und ein sog. nachtschwarzer Schlafbereich sind hier ganz aktuelle Ausstattungstrends.<br \/>\n<\/span><\/p>\n<div class=\"tiled-gallery type-rectangular tiled-gallery-unresized\" data-original-width=\"660\" data-carousel-extra='{&quot;blog_id&quot;:1,&quot;permalink&quot;:&quot;https:\\\/\\\/www.bergundtal.com\\\/?p=8334&quot;,&quot;likes_blog_id&quot;:58801184}' itemscope itemtype=\"http:\/\/schema.org\/ImageGallery\" > <div class=\"gallery-row\" style=\"width: 660px; height: 222px;\" data-original-width=\"660\" data-original-height=\"222\" > <div class=\"gallery-group images-1\" style=\"width: 330px; height: 222px;\" data-original-width=\"330\" data-original-height=\"222\" > <div class=\"tiled-gallery-item tiled-gallery-item-large\" itemprop=\"associatedMedia\" itemscope itemtype=\"http:\/\/schema.org\/ImageObject\"> <a href=\"https:\/\/www.bergundtal.com\/?attachment_id=8336\" border=\"0\" itemprop=\"url\"> <meta itemprop=\"width\" content=\"326\"> <meta itemprop=\"height\" content=\"218\"> <img data-attachment-id=\"8336\" data-orig-file=\"https:\/\/www.bergundtal.com\/wp-content\/uploads\/2017\/07\/P1180249.jpg\" data-orig-size=\"800,535\" data-comments-opened=\"\" data-image-meta=\"{&quot;aperture&quot;:&quot;2.8&quot;,&quot;credit&quot;:&quot;Picasa&quot;,&quot;camera&quot;:&quot;DMC-FZ200&quot;,&quot;caption&quot;:&quot;&quot;,&quot;created_timestamp&quot;:&quot;1497872804&quot;,&quot;copyright&quot;:&quot;&quot;,&quot;focal_length&quot;:&quot;4.9&quot;,&quot;iso&quot;:&quot;400&quot;,&quot;shutter_speed&quot;:&quot;0.066666666666667&quot;,&quot;title&quot;:&quot;&quot;,&quot;orientation&quot;:&quot;0&quot;}\" data-image-title=\"P1180249\" data-image-description=\"\" data-medium-file=\"https:\/\/www.bergundtal.com\/wp-content\/uploads\/2017\/07\/P1180249-300x201.jpg\" data-large-file=\"https:\/\/www.bergundtal.com\/wp-content\/uploads\/2017\/07\/P1180249.jpg\" src=\"https:\/\/i0.wp.com\/www.bergundtal.com\/wp-content\/uploads\/2017\/07\/P1180249.jpg?w=326&#038;h=218&#038;ssl=1\" width=\"326\" height=\"218\" data-original-width=\"326\" data-original-height=\"218\" itemprop=\"http:\/\/schema.org\/image\" title=\"P1180249\" alt=\"OUTWELL, Nighthawk 4SA\" style=\"width: 326px; height: 218px;\" \/> <\/a> <div class=\"tiled-gallery-caption\" itemprop=\"caption description\"> OUTWELL, Nighthawk 4SA <\/div> <\/div> <\/div> <!-- close group --> <div class=\"gallery-group images-1\" style=\"width: 330px; height: 222px;\" data-original-width=\"330\" data-original-height=\"222\" > <div class=\"tiled-gallery-item tiled-gallery-item-large\" itemprop=\"associatedMedia\" itemscope itemtype=\"http:\/\/schema.org\/ImageObject\"> <a href=\"https:\/\/www.bergundtal.com\/?attachment_id=8280\" border=\"0\" itemprop=\"url\"> <meta itemprop=\"width\" content=\"326\"> <meta itemprop=\"height\" content=\"218\"> <img data-attachment-id=\"8280\" data-orig-file=\"https:\/\/www.bergundtal.com\/wp-content\/uploads\/2017\/06\/P1180322.jpg\" data-orig-size=\"800,535\" data-comments-opened=\"\" data-image-meta=\"{&quot;aperture&quot;:&quot;2.8&quot;,&quot;credit&quot;:&quot;Picasa&quot;,&quot;camera&quot;:&quot;DMC-FZ200&quot;,&quot;caption&quot;:&quot;&quot;,&quot;created_timestamp&quot;:&quot;1497885316&quot;,&quot;copyright&quot;:&quot;&quot;,&quot;focal_length&quot;:&quot;4.5&quot;,&quot;iso&quot;:&quot;400&quot;,&quot;shutter_speed&quot;:&quot;0.025&quot;,&quot;title&quot;:&quot;&quot;,&quot;orientation&quot;:&quot;0&quot;}\" data-image-title=\"P1180322\" data-image-description=\"\" data-medium-file=\"https:\/\/www.bergundtal.com\/wp-content\/uploads\/2017\/06\/P1180322-300x201.jpg\" data-large-file=\"https:\/\/www.bergundtal.com\/wp-content\/uploads\/2017\/06\/P1180322.jpg\" src=\"https:\/\/i0.wp.com\/www.bergundtal.com\/wp-content\/uploads\/2017\/06\/P1180322.jpg?w=326&#038;h=218&#038;ssl=1\" width=\"326\" height=\"218\" data-original-width=\"326\" data-original-height=\"218\" itemprop=\"http:\/\/schema.org\/image\" title=\"P1180322\" alt=\"Lofoten 1 ULW, Doppelwandzelt, 1 P, 490g, von Nordisk\" style=\"width: 326px; height: 218px;\" \/> <\/a> <div class=\"tiled-gallery-caption\" itemprop=\"caption description\"> Lofoten 1 ULW, Doppelwandzelt, 1 P, 490g, von Nordisk <\/div> <\/div> <\/div> <!-- close group --> <\/div> <!-- close row --> <\/div>\n<p><span style=\"color: #333333;\"><span style=\"font-family: 'Open Sans', sans-serif;\"><span style=\"font-size: medium;\">So z. B. Das <\/span><\/span><\/span><strong><span style=\"color: #333333;\"><span style=\"font-family: 'Open Sans', sans-serif;\"><span style=\"font-size: medium;\"><b>Coleman <\/b><\/span><\/span><\/span><\/strong><em><span style=\"color: #333333;\"><span style=\"font-family: inherit;\"><span style=\"font-size: medium;\"><i><b>Rocky <\/b><\/i><\/span><\/span><\/span><\/em><strong><span style=\"color: #333333;\"><span style=\"font-family: 'Open Sans', sans-serif;\"><span style=\"font-size: medium;\"><b>Mountain<\/b><\/span><\/span><\/span><\/strong> <strong><span style=\"color: #333333;\"><span style=\"font-family: inherit;\"><span style=\"font-size: medium;\"><i><b>5 Plus<\/b><\/i><\/span><\/span><\/span><\/strong><i><b> <\/b><\/i><span style=\"color: #333333;\"><span style=\"font-family: 'Open Sans', sans-serif;\"><span style=\"font-size: medium;\">mit nachtschwarzem Schlafbereich, das Material h\u00e4lt bis zu 99% des Tageslichtes fern und reduziert auch sp\u00fcrbar die W\u00e4rme an hei\u00dfen Tagen, bietet gro\u00dfz\u00fcgigen Platz f\u00fcr 5 Personen; der einfache Aufbau, eine Wassers\u00e4ule von 4.500 mm\u00a0und geklebte N\u00e4hte machen es zu einem interessanten Familienzelt. <\/span><\/span><\/span><strong><span style=\"color: #333333;\"><span style=\"font-family: 'Open Sans', sans-serif;\"><span style=\"font-size: medium;\"><b>VAUDE <\/b><\/span><\/span><\/span><\/strong><span style=\"color: #333333;\"><span style=\"font-family: 'Open Sans', sans-serif;\"><span style=\"font-size: medium;\">pr\u00e4sentiert f\u00fcr den Sommer 2018 mit der <\/span><\/span><\/span><strong><span style=\"color: #333333;\"><span style=\"font-family: inherit;\"><span style=\"font-size: medium;\"><i><b>Torii-Serie<\/b><\/i><\/span><\/span><\/span><\/strong><i><b> <\/b><\/i><span style=\"color: #333333;\"><span style=\"font-family: 'Open Sans', sans-serif;\"><span style=\"font-size: medium;\">neue gro\u00dfe Camping-Zelte: Wohnraum in Stehh\u00f6he, abgedunkelte Schlafkabinen und ein Ventorama-Schiebedach. <\/span><\/span><\/span><span style=\"color: #333333;\"><span style=\"font-family: 'Open Sans', sans-serif;\"><span style=\"font-size: medium;\">VAUDE kann aber auch kleine Zelte, z. B:\u00a0<\/span><\/span><\/span><span style=\"color: #333333;\"><span style=\"font-family: 'Open Sans', sans-serif;\"><span style=\"font-size: medium;\">ein robustes und langlebiges Ultraleicht-Zelt mit nur 1400 g Gewicht, das Space SUL, 1\u20132 P. Weltneuheit ist hierbei die \u201eSiliconized bonded seams\u201c-Technologie, die absolut wasserdichte Verklebungen erm\u00f6glicht (Keine N\u00e4hte!), doppelt so rei\u00dffest ist, und das bei sehr hoher UV Stabilit\u00e4t dank beidseitig silikonisiertem Nylon-Ripstop Material. Das Zelt mit zwei Apsiden und gro\u00dfz\u00fcgigem Innenraum f\u00fcr 1-2 Personen ist eine selbststehende \u00dcberwurf-Konstruktion.<\/span><\/span><\/span><br \/>\n<span style=\"color: #333333;\"><span style=\"font-family: 'Open Sans', sans-serif;\"><span style=\"font-size: medium;\">Die neue <\/span><\/span><\/span><strong><span style=\"color: #333333;\"><span style=\"font-family: 'Open Sans', sans-serif;\"><span style=\"font-size: medium;\"><b>Therm-a-Rest <\/b><\/span><\/span><\/span><\/strong><strong><span style=\"color: #333333;\"><span style=\"font-family: inherit;\"><span style=\"font-size: medium;\"><i><b>NeoAir Camper Duo<\/b><\/i><\/span><\/span><\/span><\/strong><i><b> <\/b><\/i><span style=\"color: #333333;\"><span style=\"font-family: 'Open Sans', sans-serif;\"><span style=\"font-size: medium;\">Isomatte bietet unvergleichlichen Luxus f\u00fcr zwei: Die unabh\u00e4ngigen Luftkammern k\u00f6nnen je nach individuellen Komfortvor-stellungen angepasst werden. Dank der mitgelieferten Pumpe ist die 7,6cm dicke Isomatte (1872g) mit einem R-Wert von 2,2 schnell aufgepumpt \u2013 das Doppelbett f\u00fcr unterwegs! <\/span><\/span><\/span><strong><span style=\"color: #333333;\"><span style=\"font-family: 'Open Sans', sans-serif;\"><span style=\"font-size: medium;\"><b>Exped <\/b><\/span><\/span><\/span><\/strong><span style=\"color: #333333;\"><span style=\"font-family: 'Open Sans', sans-serif;\"><span style=\"font-size: medium;\">hat ebenso luxuri\u00f6se Doppel \u2013 Isomatten im Angebot, andererseits aber auch leichte und kleinverpackbare Matten und die Award-Gewinner-Matte <em><strong>DownMat TT 9<\/strong><\/em>: Mit Daunen gef\u00fcllte Schl\u00e4uche sind zu einer Matraze verbunden; die einzelnen Daunen-Luftschl\u00e4uche k\u00f6nnen separat ausgewechselt werden! Das Jury Statement: \u201c <\/span><\/span><\/span><em><span style=\"color: #333333;\"><span style=\"font-family: 'Open Sans', sans-serif;\"><span style=\"font-size: medium;\"><i>F\u00fcr lange Expeditionen gef\u00e4llt uns diese Matte besonders gut. Sie ist sehr bequem, langlebig und robust. Zudem bietet sie eine hervorragende Isolation. \u2026 leicht zu reparieren \u2026 durchdachtes Luftsystem.\u201c<\/i><\/span><\/span><\/span><\/em><br \/>\n<strong><span style=\"color: #333333;\"><span style=\"font-family: 'Open Sans', sans-serif;\"><span style=\"font-size: medium;\"><b>VauDe<\/b><\/span><\/span><\/span><\/strong><span style=\"color: #333333;\"><span style=\"font-family: 'Open Sans', sans-serif;\"><span style=\"font-size: medium;\">s flexibler Kunstfaser-Schlafsack <\/span><\/span><\/span><strong><span style=\"color: #333333;\"><span style=\"font-family: inherit;\"><span style=\"font-size: medium;\"><i><b>VAUDE Gampl\u00fc<\/b><\/i><\/span><\/span><\/span><\/strong><span style=\"color: #333333;\"><span style=\"font-family: 'Open Sans', sans-serif;\"><span style=\"font-size: medium;\">t kann als Mantel, Decke und ganz \u201enormal\u201c als Schlafsack verwendet werden. Zwei Stulpen f\u00fcr die Arme machen den Gampl\u00fct zum Allesk\u00f6nner im Alltag oder auf dem Campingplatz. <\/span><\/span><\/span><strong><span style=\"color: #333333;\"><span style=\"font-family: 'Open Sans', sans-serif;\"><span style=\"font-size: medium;\"><b>Gr\u00fcezi bag<\/b><\/span><\/span><\/span><\/strong><span style=\"color: #333333;\"><span style=\"font-family: 'Open Sans', sans-serif;\"><span style=\"font-size: medium;\">, eine Marke des jungen Deutschen Unternehmens Kultschlafsack GmbH, bietet ab 2018 erstmals Schlafs\u00e4cke mit \u201eDownwool\u201c als Isolationsmaterial an: Den <\/span><\/span><\/span><strong><span style=\"color: #333333;\"><span style=\"font-family: inherit;\"><span style=\"font-size: medium;\"><i><b>BIOPOD DOWNWOOL SUBZERO<\/b><\/i><\/span><\/span><\/span><\/strong><i><b> <\/b><\/i><span style=\"color: #333333;\"><span style=\"font-family: 'Open Sans', sans-serif;\"><span style=\"font-size: medium;\">sowie den <\/span><\/span><\/span><strong><span style=\"color: #333333;\"><span style=\"font-family: inherit;\"><span style=\"font-size: medium;\"><i><b>BIOPOD DOWNWOOL ICE.<\/b><\/i><\/span><\/span><\/span><\/strong><i><b> <\/b><\/i><span style=\"color: #333333;\"><span style=\"font-family: 'Open Sans', sans-serif;\"><span style=\"font-size: medium;\">Der Mix aus Wolle und Daune schafft ein angenehmes Schlafklima; die Daune sorgt f\u00fcr Isolation bei minimalem Gewicht, die Wolle nimmt Feuchtigkeit auf, isoliert zus\u00e4tzlich und wirkt antibakteriell.<br \/>\n<\/span><\/span><\/span>Primus macht erneut mit einem sehr umfangreichen Angebot an Gaskochern jeder Gr\u00f6\u00dfe, T\u00f6pfen,\u00a0\u00a0Pfannen und\u00a0dem kompletten Zubeh\u00f6r einer Outdoor-K\u00fcche Eindruck.\u00a0<span style=\"color: #333333;\"><span style=\"font-family: 'Open Sans', sans-serif;\"><span style=\"font-size: medium;\">Eine rustikale Alternative zu den diversen Gaskochern bietet die Magdeburger Firma <\/span><\/span><\/span><strong><span style=\"color: #333333;\"><span style=\"font-family: 'Open Sans', sans-serif;\"><span style=\"font-size: medium;\"><b>Petromax <\/b><\/span><\/span><\/span><\/strong><span style=\"color: #333333;\"><span style=\"font-family: 'Open Sans', sans-serif;\"><span style=\"font-size: medium;\">mit Feuertonne, Allround Grillofen, einem Raketenofen und einer Reihe von unterschiedlich gro\u00dfen gusseisernen T\u00f6pfen.<\/span><\/span><\/span><\/p>\n<p class=\"jetpack-slideshow-noscript robots-nocontent\">Diese Diashow ben\u00f6tigt JavaScript.<\/p><div id=\"gallery-8334-1-slideshow\" class=\"jetpack-slideshow-window jetpack-slideshow jetpack-slideshow-black\" data-trans=\"fade\" data-autostart=\"1\" data-gallery=\"[{&quot;src&quot;:&quot;https:\\\/\\\/www.bergundtal.com\\\/wp-content\\\/uploads\\\/2017\\\/06\\\/P1180307.jpg&quot;,&quot;id&quot;:&quot;8273&quot;,&quot;title&quot;:&quot;P1180307&quot;,&quot;alt&quot;:&quot;&quot;,&quot;caption&quot;:&quot;Coleman Rocky Mountain 5 Plus&quot;,&quot;itemprop&quot;:&quot;image&quot;},{&quot;src&quot;:&quot;https:\\\/\\\/www.bergundtal.com\\\/wp-content\\\/uploads\\\/2017\\\/06\\\/P1180308.jpg&quot;,&quot;id&quot;:&quot;8274&quot;,&quot;title&quot;:&quot;P1180308&quot;,&quot;alt&quot;:&quot;&quot;,&quot;caption&quot;:&quot;&quot;,&quot;itemprop&quot;:&quot;image&quot;},{&quot;src&quot;:&quot;https:\\\/\\\/www.bergundtal.com\\\/wp-content\\\/uploads\\\/2017\\\/06\\\/2051-1.jpg&quot;,&quot;id&quot;:&quot;8248&quot;,&quot;title&quot;:&quot;2051&quot;,&quot;alt&quot;:&quot;&quot;,&quot;caption&quot;:&quot;VAUDE Torii&quot;,&quot;itemprop&quot;:&quot;image&quot;},{&quot;src&quot;:&quot;https:\\\/\\\/www.bergundtal.com\\\/wp-content\\\/uploads\\\/2017\\\/06\\\/P1180301.jpg&quot;,&quot;id&quot;:&quot;8268&quot;,&quot;title&quot;:&quot;P1180301&quot;,&quot;alt&quot;:&quot;&quot;,&quot;caption&quot;:&quot;easy camp Familienzelt, mit Gest\\u00e4nge oder Luftkan\\u00e4len&quot;,&quot;itemprop&quot;:&quot;image&quot;},{&quot;src&quot;:&quot;https:\\\/\\\/www.bergundtal.com\\\/wp-content\\\/uploads\\\/2017\\\/06\\\/P1180310.jpg&quot;,&quot;id&quot;:&quot;8275&quot;,&quot;title&quot;:&quot;P1180310&quot;,&quot;alt&quot;:&quot;&quot;,&quot;caption&quot;:&quot;Pinguin Familienzelt aus der Tschechischen Republik,&quot;,&quot;itemprop&quot;:&quot;image&quot;},{&quot;src&quot;:&quot;https:\\\/\\\/www.bergundtal.com\\\/wp-content\\\/uploads\\\/2017\\\/06\\\/P1180305.jpg&quot;,&quot;id&quot;:&quot;8271&quot;,&quot;title&quot;:&quot;P1180305&quot;,&quot;alt&quot;:&quot;&quot;,&quot;caption&quot;:&quot;Coleman, 3 Personen Zelt&quot;,&quot;itemprop&quot;:&quot;image&quot;},{&quot;src&quot;:&quot;https:\\\/\\\/www.bergundtal.com\\\/wp-content\\\/uploads\\\/2017\\\/06\\\/P1180306.jpg&quot;,&quot;id&quot;:&quot;8272&quot;,&quot;title&quot;:&quot;P1180306&quot;,&quot;alt&quot;:&quot;&quot;,&quot;caption&quot;:&quot;&quot;,&quot;itemprop&quot;:&quot;image&quot;},{&quot;src&quot;:&quot;https:\\\/\\\/www.bergundtal.com\\\/wp-content\\\/uploads\\\/2017\\\/06\\\/P1180313.jpg&quot;,&quot;id&quot;:&quot;8278&quot;,&quot;title&quot;:&quot;P1180313&quot;,&quot;alt&quot;:&quot;&quot;,&quot;caption&quot;:&quot;Redfox Expeditioszelt&quot;,&quot;itemprop&quot;:&quot;image&quot;},{&quot;src&quot;:&quot;https:\\\/\\\/www.bergundtal.com\\\/wp-content\\\/uploads\\\/2017\\\/06\\\/P1180302.jpg&quot;,&quot;id&quot;:&quot;8269&quot;,&quot;title&quot;:&quot;P1180302&quot;,&quot;alt&quot;:&quot;&quot;,&quot;caption&quot;:&quot;easy camp, Cyrus 200&quot;,&quot;itemprop&quot;:&quot;image&quot;},{&quot;src&quot;:&quot;https:\\\/\\\/www.bergundtal.com\\\/wp-content\\\/uploads\\\/2017\\\/06\\\/P1180303.jpg&quot;,&quot;id&quot;:&quot;8270&quot;,&quot;title&quot;:&quot;P1180303&quot;,&quot;alt&quot;:&quot;&quot;,&quot;caption&quot;:&quot;&quot;,&quot;itemprop&quot;:&quot;image&quot;},{&quot;src&quot;:&quot;https:\\\/\\\/www.bergundtal.com\\\/wp-content\\\/uploads\\\/2017\\\/06\\\/P1180324.jpg&quot;,&quot;id&quot;:&quot;8281&quot;,&quot;title&quot;:&quot;P1180324&quot;,&quot;alt&quot;:&quot;&quot;,&quot;caption&quot;:&quot;Vaude, neues Leichtzelt Space SUL, 1,4 kg&quot;,&quot;itemprop&quot;:&quot;image&quot;},{&quot;src&quot;:&quot;https:\\\/\\\/www.bergundtal.com\\\/wp-content\\\/uploads\\\/2017\\\/06\\\/P1180311.jpg&quot;,&quot;id&quot;:&quot;8276&quot;,&quot;title&quot;:&quot;P1180311&quot;,&quot;alt&quot;:&quot;&quot;,&quot;caption&quot;:&quot;Wechsel Zelt Scout&quot;,&quot;itemprop&quot;:&quot;image&quot;},{&quot;src&quot;:&quot;https:\\\/\\\/www.bergundtal.com\\\/wp-content\\\/uploads\\\/2017\\\/06\\\/P1180312.jpg&quot;,&quot;id&quot;:&quot;8277&quot;,&quot;title&quot;:&quot;P1180312&quot;,&quot;alt&quot;:&quot;&quot;,&quot;caption&quot;:&quot;&quot;,&quot;itemprop&quot;:&quot;image&quot;},{&quot;src&quot;:&quot;https:\\\/\\\/www.bergundtal.com\\\/wp-content\\\/uploads\\\/2017\\\/06\\\/P1180206.jpg&quot;,&quot;id&quot;:&quot;8257&quot;,&quot;title&quot;:&quot;P1180206&quot;,&quot;alt&quot;:&quot;&quot;,&quot;caption&quot;:&quot;Mars II EXTREM von EXPED&quot;,&quot;itemprop&quot;:&quot;image&quot;},{&quot;src&quot;:&quot;https:\\\/\\\/www.bergundtal.com\\\/wp-content\\\/uploads\\\/2017\\\/06\\\/P1180204.jpg&quot;,&quot;id&quot;:&quot;8255&quot;,&quot;title&quot;:&quot;P1180204&quot;,&quot;alt&quot;:&quot;&quot;,&quot;caption&quot;:&quot;&quot;,&quot;itemprop&quot;:&quot;image&quot;},{&quot;src&quot;:&quot;https:\\\/\\\/www.bergundtal.com\\\/wp-content\\\/uploads\\\/2017\\\/06\\\/P1180205.jpg&quot;,&quot;id&quot;:&quot;8256&quot;,&quot;title&quot;:&quot;P1180205&quot;,&quot;alt&quot;:&quot;&quot;,&quot;caption&quot;:&quot;&quot;,&quot;itemprop&quot;:&quot;image&quot;},{&quot;src&quot;:&quot;https:\\\/\\\/www.bergundtal.com\\\/wp-content\\\/uploads\\\/2017\\\/06\\\/P1180199.jpg&quot;,&quot;id&quot;:&quot;8254&quot;,&quot;title&quot;:&quot;P1180199&quot;,&quot;alt&quot;:&quot;&quot;,&quot;caption&quot;:&quot;EXPED, Orion II&quot;,&quot;itemprop&quot;:&quot;image&quot;},{&quot;src&quot;:&quot;https:\\\/\\\/www.bergundtal.com\\\/wp-content\\\/uploads\\\/2017\\\/06\\\/P1180253.jpg&quot;,&quot;id&quot;:&quot;8263&quot;,&quot;title&quot;:&quot;P1180253&quot;,&quot;alt&quot;:&quot;&quot;,&quot;caption&quot;:&quot;Goldcest 2 von Robens&quot;,&quot;itemprop&quot;:&quot;image&quot;},{&quot;src&quot;:&quot;https:\\\/\\\/www.bergundtal.com\\\/wp-content\\\/uploads\\\/2017\\\/06\\\/P1180251.jpg&quot;,&quot;id&quot;:&quot;8262&quot;,&quot;title&quot;:&quot;P1180251&quot;,&quot;alt&quot;:&quot;&quot;,&quot;caption&quot;:&quot;&quot;,&quot;itemprop&quot;:&quot;image&quot;},{&quot;src&quot;:&quot;https:\\\/\\\/www.bergundtal.com\\\/wp-content\\\/uploads\\\/2017\\\/06\\\/P1180191.jpg&quot;,&quot;id&quot;:&quot;8251&quot;,&quot;title&quot;:&quot;P1180191&quot;,&quot;alt&quot;:&quot;&quot;,&quot;caption&quot;:&quot;&quot;,&quot;itemprop&quot;:&quot;image&quot;},{&quot;src&quot;:&quot;https:\\\/\\\/www.bergundtal.com\\\/wp-content\\\/uploads\\\/2017\\\/06\\\/2012-1.jpg&quot;,&quot;id&quot;:&quot;8247&quot;,&quot;title&quot;:&quot;2012&quot;,&quot;alt&quot;:&quot;&quot;,&quot;caption&quot;:&quot;Foto: Therm-a-Rest,  NeoAir Camper Duo Isomatte&quot;,&quot;itemprop&quot;:&quot;image&quot;},{&quot;src&quot;:&quot;https:\\\/\\\/www.bergundtal.com\\\/wp-content\\\/uploads\\\/2017\\\/06\\\/P1180197.jpg&quot;,&quot;id&quot;:&quot;8252&quot;,&quot;title&quot;:&quot;P1180197&quot;,&quot;alt&quot;:&quot;&quot;,&quot;caption&quot;:&quot;Exped Maten&quot;,&quot;itemprop&quot;:&quot;image&quot;},{&quot;src&quot;:&quot;https:\\\/\\\/www.bergundtal.com\\\/wp-content\\\/uploads\\\/2017\\\/06\\\/OD17-007-0337_01_web.jpg&quot;,&quot;id&quot;:&quot;8290&quot;,&quot;title&quot;:&quot;OD17-007-0337_01_web&quot;,&quot;alt&quot;:&quot;&quot;,&quot;caption&quot;:&quot;Bilder: Messe Friedrichshafen; DownMat TT 9 von Exped&quot;,&quot;itemprop&quot;:&quot;image&quot;},{&quot;src&quot;:&quot;https:\\\/\\\/www.bergundtal.com\\\/wp-content\\\/uploads\\\/2017\\\/06\\\/OD17-007-0337_02_web.jpg&quot;,&quot;id&quot;:&quot;8291&quot;,&quot;title&quot;:&quot;OD17-007-0337_02_web&quot;,&quot;alt&quot;:&quot;&quot;,&quot;caption&quot;:&quot;mit einzeln wechselbaren Schl\\u00e4uchen&quot;,&quot;itemprop&quot;:&quot;image&quot;},{&quot;src&quot;:&quot;https:\\\/\\\/www.bergundtal.com\\\/wp-content\\\/uploads\\\/2017\\\/06\\\/2052-1.jpg&quot;,&quot;id&quot;:&quot;8249&quot;,&quot;title&quot;:&quot;2052&quot;,&quot;alt&quot;:&quot;&quot;,&quot;caption&quot;:&quot;Foto: VauDe,\\nSchlafsack Gampl\\u00fct&quot;,&quot;itemprop&quot;:&quot;image&quot;},{&quot;src&quot;:&quot;https:\\\/\\\/www.bergundtal.com\\\/wp-content\\\/uploads\\\/2017\\\/06\\\/Biopod_Downwool_Subzero-1.jpg&quot;,&quot;id&quot;:&quot;8250&quot;,&quot;title&quot;:&quot;Biopod_Downwool_Subzero&quot;,&quot;alt&quot;:&quot;&quot;,&quot;caption&quot;:&quot;DownWool Schlafs\\u00e4cke&quot;,&quot;itemprop&quot;:&quot;image&quot;},{&quot;src&quot;:&quot;https:\\\/\\\/www.bergundtal.com\\\/wp-content\\\/uploads\\\/2017\\\/06\\\/OD17-007-0265_01_high.jpg&quot;,&quot;id&quot;:&quot;8294&quot;,&quot;title&quot;:&quot;OD17-007-0265_01_high&quot;,&quot;alt&quot;:&quot;&quot;,&quot;caption&quot;:&quot;von Gr\\u00fctzi bag&quot;,&quot;itemprop&quot;:&quot;image&quot;},{&quot;src&quot;:&quot;https:\\\/\\\/www.bergundtal.com\\\/wp-content\\\/uploads\\\/2017\\\/06\\\/OD17-007-0265_02_high.jpg&quot;,&quot;id&quot;:&quot;8295&quot;,&quot;title&quot;:&quot;OD17-007-0265_02_high&quot;,&quot;alt&quot;:&quot;&quot;,&quot;caption&quot;:&quot;&quot;,&quot;itemprop&quot;:&quot;image&quot;},{&quot;src&quot;:&quot;https:\\\/\\\/www.bergundtal.com\\\/wp-content\\\/uploads\\\/2017\\\/06\\\/P1180292.jpg&quot;,&quot;id&quot;:&quot;8265&quot;,&quot;title&quot;:&quot;P1180292&quot;,&quot;alt&quot;:&quot;&quot;,&quot;caption&quot;:&quot;Sitzgruppe von Nigor&quot;,&quot;itemprop&quot;:&quot;image&quot;},{&quot;src&quot;:&quot;https:\\\/\\\/www.bergundtal.com\\\/wp-content\\\/uploads\\\/2017\\\/06\\\/P1180293.jpg&quot;,&quot;id&quot;:&quot;8266&quot;,&quot;title&quot;:&quot;P1180293&quot;,&quot;alt&quot;:&quot;&quot;,&quot;caption&quot;:&quot;&quot;,&quot;itemprop&quot;:&quot;image&quot;},{&quot;src&quot;:&quot;https:\\\/\\\/www.bergundtal.com\\\/wp-content\\\/uploads\\\/2017\\\/06\\\/P1180246.jpg&quot;,&quot;id&quot;:&quot;8261&quot;,&quot;title&quot;:&quot;P1180246&quot;,&quot;alt&quot;:&quot;&quot;,&quot;caption&quot;:&quot;Campingk\\u00fcche von Primus&quot;,&quot;itemprop&quot;:&quot;image&quot;},{&quot;src&quot;:&quot;https:\\\/\\\/www.bergundtal.com\\\/wp-content\\\/uploads\\\/2017\\\/06\\\/P1180242.jpg&quot;,&quot;id&quot;:&quot;8258&quot;,&quot;title&quot;:&quot;P1180242&quot;,&quot;alt&quot;:&quot;&quot;,&quot;caption&quot;:&quot;&quot;,&quot;itemprop&quot;:&quot;image&quot;},{&quot;src&quot;:&quot;https:\\\/\\\/www.bergundtal.com\\\/wp-content\\\/uploads\\\/2017\\\/06\\\/P1180243.jpg&quot;,&quot;id&quot;:&quot;8259&quot;,&quot;title&quot;:&quot;P1180243&quot;,&quot;alt&quot;:&quot;&quot;,&quot;caption&quot;:&quot;&quot;,&quot;itemprop&quot;:&quot;image&quot;},{&quot;src&quot;:&quot;https:\\\/\\\/www.bergundtal.com\\\/wp-content\\\/uploads\\\/2017\\\/06\\\/P1180245.jpg&quot;,&quot;id&quot;:&quot;8260&quot;,&quot;title&quot;:&quot;P1180245&quot;,&quot;alt&quot;:&quot;&quot;,&quot;caption&quot;:&quot;&quot;,&quot;itemprop&quot;:&quot;image&quot;},{&quot;src&quot;:&quot;https:\\\/\\\/www.bergundtal.com\\\/wp-content\\\/uploads\\\/2017\\\/06\\\/P1180254.jpg&quot;,&quot;id&quot;:&quot;8264&quot;,&quot;title&quot;:&quot;P1180254&quot;,&quot;alt&quot;:&quot;&quot;,&quot;caption&quot;:&quot;K\\u00fcchengeschirr von Robens&quot;,&quot;itemprop&quot;:&quot;image&quot;},{&quot;src&quot;:&quot;https:\\\/\\\/www.bergundtal.com\\\/wp-content\\\/uploads\\\/2017\\\/06\\\/P1180403-1.jpg&quot;,&quot;id&quot;:&quot;8283&quot;,&quot;title&quot;:&quot;P1180403&quot;,&quot;alt&quot;:&quot;&quot;,&quot;caption&quot;:&quot;rustikale K\\u00fcchen&quot;,&quot;itemprop&quot;:&quot;image&quot;},{&quot;src&quot;:&quot;https:\\\/\\\/www.bergundtal.com\\\/wp-content\\\/uploads\\\/2017\\\/06\\\/P1180402-1.jpg&quot;,&quot;id&quot;:&quot;8282&quot;,&quot;title&quot;:&quot;P1180402&quot;,&quot;alt&quot;:&quot;&quot;,&quot;caption&quot;:&quot;von Petromax&quot;,&quot;itemprop&quot;:&quot;image&quot;},{&quot;src&quot;:&quot;https:\\\/\\\/www.bergundtal.com\\\/wp-content\\\/uploads\\\/2017\\\/06\\\/P1180405-1.jpg&quot;,&quot;id&quot;:&quot;8285&quot;,&quot;title&quot;:&quot;P1180405&quot;,&quot;alt&quot;:&quot;&quot;,&quot;caption&quot;:&quot;&quot;,&quot;itemprop&quot;:&quot;image&quot;},{&quot;src&quot;:&quot;https:\\\/\\\/www.bergundtal.com\\\/wp-content\\\/uploads\\\/2017\\\/06\\\/P1180404.jpg&quot;,&quot;id&quot;:&quot;8284&quot;,&quot;title&quot;:&quot;P1180404&quot;,&quot;alt&quot;:&quot;&quot;,&quot;caption&quot;:&quot;&quot;,&quot;itemprop&quot;:&quot;image&quot;},{&quot;src&quot;:&quot;https:\\\/\\\/www.bergundtal.com\\\/wp-content\\\/uploads\\\/2017\\\/06\\\/P1180406.jpg&quot;,&quot;id&quot;:&quot;8286&quot;,&quot;title&quot;:&quot;P1180406&quot;,&quot;alt&quot;:&quot;&quot;,&quot;caption&quot;:&quot;Opinel Messer&quot;,&quot;itemprop&quot;:&quot;image&quot;},{&quot;src&quot;:&quot;https:\\\/\\\/www.bergundtal.com\\\/wp-content\\\/uploads\\\/2017\\\/06\\\/P1180407.jpg&quot;,&quot;id&quot;:&quot;8287&quot;,&quot;title&quot;:&quot;P1180407&quot;,&quot;alt&quot;:&quot;&quot;,&quot;caption&quot;:&quot;&quot;,&quot;itemprop&quot;:&quot;image&quot;}]\" itemscope itemtype=\"https:\/\/schema.org\/ImageGallery\"><\/div>\n","protected":false},"excerpt":{"rendered":"<p>Zelte sind aus Sicht der Einzelh\u00e4ndler sicherlich ein schwieriges Produkt: Ihr Verkauf ist beratungsintensiv und sie beanspruchen aufgebaut viel Verkaufsfl\u00e4che, andererseits ist der \u201eZeltkunde\u201c ein K\u00e4ufer mit Gewicht, zum Zelt geh\u00f6rt ja auch eine ganze Menge Campingzubeh\u00f6r. Und der Zeltmarkt ist st\u00e4ndig in Bewegung:\u00a0Einerseits geht es um das Gewicht in &#8230;<\/p>\n","protected":false},"author":2,"featured_media":8361,"comment_status":"closed","ping_status":"closed","sticky":false,"template":"","format":"standard","meta":{"jetpack_post_was_ever_published":false,"jetpack_publicize_message":"","jetpack_is_tweetstorm":false,"jetpack_publicize_feature_enabled":true,"jetpack_social_options":[]},"categories":[1,360],"tags":[],"coauthors":[461],"jetpack_publicize_connections":[],"jetpack_featured_media_url":"https:\/\/www.bergundtal.com\/wp-content\/uploads\/2017\/07\/P1180204.jpg","jetpack_shortlink":"https:\/\/wp.me\/p3YISc-2aq","jetpack_sharing_enabled":true,"_links":{"self":[{"href":"https:\/\/www.bergundtal.com\/index.php?rest_route=\/wp\/v2\/posts\/8334"}],"collection":[{"href":"https:\/\/www.bergundtal.com\/index.php?rest_route=\/wp\/v2\/posts"}],"about":[{"href":"https:\/\/www.bergundtal.com\/index.php?rest_route=\/wp\/v2\/types\/post"}],"author":[{"embeddable":true,"href":"https:\/\/www.bergundtal.com\/index.php?rest_route=\/wp\/v2\/users\/2"}],"replies":[{"embeddable":true,"href":"https:\/\/www.bergundtal.com\/index.php?rest_route=%2Fwp%2Fv2%2Fcomments&post=8334"}],"version-history":[{"count":5,"href":"https:\/\/www.bergundtal.com\/index.php?rest_route=\/wp\/v2\/posts\/8334\/revisions"}],"predecessor-version":[{"id":9573,"href":"https:\/\/www.bergundtal.com\/index.php?rest_route=\/wp\/v2\/posts\/8334\/revisions\/9573"}],"wp:featuredmedia":[{"embeddable":true,"href":"https:\/\/www.bergundtal.com\/index.php?rest_route=\/wp\/v2\/media\/8361"}],"wp:attachment":[{"href":"https:\/\/www.bergundtal.com\/index.php?rest_route=%2Fwp%2Fv2%2Fmedia&parent=8334"}],"wp:term":[{"taxonomy":"category","embeddable":true,"href":"https:\/\/www.bergundtal.com\/index.php?rest_route=%2Fwp%2Fv2%2Fcategories&post=8334"},{"taxonomy":"post_tag","embeddable":true,"href":"https:\/\/www.bergundtal.com\/index.php?rest_route=%2Fwp%2Fv2%2Ftags&post=8334"},{"taxonomy":"author","embeddable":true,"href":"https:\/\/www.bergundtal.com\/index.php?rest_route=%2Fwp%2Fv2%2Fcoauthors&post=8334"}],"curies":[{"name":"wp","href":"https:\/\/api.w.org\/{rel}","templated":true}]}}