{"id":8368,"date":"2017-08-04T23:35:23","date_gmt":"2017-08-04T21:35:23","guid":{"rendered":"http:\/\/www.bergundtal.com\/?p=8368"},"modified":"2018-02-08T22:24:31","modified_gmt":"2018-02-08T21:24:31","slug":"8368","status":"publish","type":"post","link":"https:\/\/www.bergundtal.com\/?p=8368","title":{"rendered":"Europaweg Gr\u00e4chen Zermatt"},"content":{"rendered":"<p><span style=\"font-family: 'Times New Roman', serif;\"><span style=\"font-size: medium;\"><span style=\"color: #404040;\">Dank der neuen mit 494 m l\u00e4ngsten Fussg\u00e4ngerh\u00e4ngebr\u00fccke der Welt ist der international bekannte und bei Wanderern so beliebte Europaweg wieder durchg\u00e4ngig begehbar.Die bisherige H\u00e4ngebr\u00fccke wurde 2010 durch Steinschlag besch\u00e4digt, eine zeitaufwendige und anstrengende Umgehung machte den Europaweg uninteressant.<br \/>\nDer H\u00f6henweg im Kanton Wallis f\u00fchrt von Gr\u00e4chen zun\u00e4chst beinahe eben nach Gasenried, bevor es bei der Verzweigung zur Bordierh\u00fctte steil hinauf zum Grat geht. Hoch \u00fcber dem Mattertal &#8211; durchgehend oberhalb von 2400m &#8211; erreicht der Weg bald den \u201eGrossen Graben\u201c und f\u00fchrt bald danach oberhalb von Randa zur Europah\u00fctte; kurz danach quert der Weg dann das Grabengufer, eine<\/span><\/span><\/span><\/p>\n<figure id=\"attachment_8371\" aria-describedby=\"caption-attachment-8371\" style=\"width: 300px\" class=\"wp-caption alignleft\"><a href=\"http:\/\/www.bergundtal.com\/wp-content\/uploads\/2017\/08\/RANDA_6.jpg\"><img data-attachment-id=\"8371\" data-permalink=\"https:\/\/www.bergundtal.com\/?attachment_id=8371\" data-orig-file=\"https:\/\/www.bergundtal.com\/wp-content\/uploads\/2017\/08\/RANDA_6.jpg\" data-orig-size=\"800,534\" data-comments-opened=\"0\" data-image-meta=\"{&quot;aperture&quot;:&quot;1&quot;,&quot;credit&quot;:&quot;Picasa&quot;,&quot;camera&quot;:&quot;FC6520&quot;,&quot;caption&quot;:&quot;&quot;,&quot;created_timestamp&quot;:&quot;1501262938&quot;,&quot;copyright&quot;:&quot;&quot;,&quot;focal_length&quot;:&quot;0&quot;,&quot;iso&quot;:&quot;100&quot;,&quot;shutter_speed&quot;:&quot;0.00625&quot;,&quot;title&quot;:&quot;&quot;,&quot;orientation&quot;:&quot;0&quot;}\" data-image-title=\"RANDA_6\" data-image-description=\"\" data-image-caption=\"&lt;p&gt;Foto: Valentin Flauraud; dieneue Br\u00fccke \u00fcber die Ger\u00f6llflanke &lt;\/p&gt;\n\" data-medium-file=\"https:\/\/www.bergundtal.com\/wp-content\/uploads\/2017\/08\/RANDA_6-300x200.jpg\" data-large-file=\"https:\/\/www.bergundtal.com\/wp-content\/uploads\/2017\/08\/RANDA_6.jpg\" decoding=\"async\" loading=\"lazy\" class=\"wp-image-8371 size-medium\" src=\"http:\/\/www.bergundtal.com\/wp-content\/uploads\/2017\/08\/RANDA_6-300x200.jpg\" alt=\"\" width=\"300\" height=\"200\" srcset=\"https:\/\/www.bergundtal.com\/wp-content\/uploads\/2017\/08\/RANDA_6-300x200.jpg 300w, https:\/\/www.bergundtal.com\/wp-content\/uploads\/2017\/08\/RANDA_6-768x513.jpg 768w, https:\/\/www.bergundtal.com\/wp-content\/uploads\/2017\/08\/RANDA_6-700x467.jpg 700w, https:\/\/www.bergundtal.com\/wp-content\/uploads\/2017\/08\/RANDA_6-332x222.jpg 332w, https:\/\/www.bergundtal.com\/wp-content\/uploads\/2017\/08\/RANDA_6.jpg 800w\" sizes=\"(max-width: 300px) 100vw, 300px\" \/><\/a><figcaption id=\"caption-attachment-8371\" class=\"wp-caption-text\">Foto: Valentin Flauraud; die neue Br\u00fccke \u00fcber die Ger\u00f6llflanke Grabengrufer<\/figcaption><\/figure>\n<p><span style=\"font-family: 'Times New Roman', serif;\"><span style=\"font-size: medium;\"><span style=\"color: #404040;\">Ger\u00f6llflanke, die jetzt von der neuen Fussg\u00e4nger-H\u00e4ngebr\u00fccke in einer H\u00f6he von 85 Metern\u00a0\u00fcberquert wird. Zu der grandiosen Aussicht gesellt sich ein leichter Nervenkitzel, da sich der Abgrund durch die Trittgitter gut einsehen l\u00e4sst, d<\/span><span style=\"color: #313131;\">ie neue Br\u00fccke verf\u00fcgt aber nach Angaben der Herstellerfirma Swissrope \u00fcber ein besonderes D\u00e4mpfungssystem, so dass sie kaum ins Schwingen ger\u00e4t<\/span><span style=\"color: #404040;\">.<br \/>\nWeiter geht es in Richtung T\u00e4schalp mit dem Abzweig nach T\u00e4sch oder noch weiter bis Zermatt. Diese insgesamt 36 km sind eine tolle 2-Tages-Tour mit Zwischen\u00fcbernachtung in der Europah\u00fctte.<\/span><\/span><\/span><\/p>\n<p><span style=\"font-family: 'Times New Roman', serif;\"><span style=\"font-size: medium;\"><span style=\"color: #404040;\">Die neue H\u00e4ngebr\u00fccke wurde mit Hilfe der Tr\u00e4gergemeinden Gr\u00e4chen, St. Niklaus, Randa, T\u00e4sch und Zermatt sowie zahlreicher Sponsoren realisieren. D<\/span><span style=\"color: #404040;\">ie Kosten f\u00fcr das Bauwerk beliefen sich auf rund 750&#8217;000 Franken. Ein Grossteil der Summe sei von Sponsoren gedeckt worden, teilte Zermatt Tourismus mit. <\/span><span style=\"color: #333333;\">Getauft wurde die Br\u00fccke dann nach ihrem Hauptsponsor auf den Namen &#8222;Charles Kuonen H\u00e4ngebr\u00fccke&#8220;.<\/span><\/span><\/span><\/p>\n<p class=\"jetpack-slideshow-noscript robots-nocontent\">Diese Diashow ben\u00f6tigt JavaScript.<\/p><div id=\"gallery-8368-1-slideshow\" class=\"jetpack-slideshow-window jetpack-slideshow jetpack-slideshow-black\" data-trans=\"fade\" data-autostart=\"1\" data-gallery=\"[{&quot;src&quot;:&quot;https:\\\/\\\/www.bergundtal.com\\\/wp-content\\\/uploads\\\/2017\\\/08\\\/Br\\u00fcckenstandort-3.jpg&quot;,&quot;id&quot;:&quot;8369&quot;,&quot;title&quot;:&quot;Br\\u00fcckenstandort (3)&quot;,&quot;alt&quot;:&quot;&quot;,&quot;caption&quot;:&quot;Lage der Br\\u00fccke&quot;,&quot;itemprop&quot;:&quot;image&quot;},{&quot;src&quot;:&quot;https:\\\/\\\/www.bergundtal.com\\\/wp-content\\\/uploads\\\/2017\\\/08\\\/RANDA_4.jpg&quot;,&quot;id&quot;:&quot;8370&quot;,&quot;title&quot;:&quot;RANDA_4&quot;,&quot;alt&quot;:&quot;&quot;,&quot;caption&quot;:&quot;Foto: Valentin Flauraud&quot;,&quot;itemprop&quot;:&quot;image&quot;},{&quot;src&quot;:&quot;https:\\\/\\\/www.bergundtal.com\\\/wp-content\\\/uploads\\\/2017\\\/08\\\/RANDA_36.jpg&quot;,&quot;id&quot;:&quot;8377&quot;,&quot;title&quot;:&quot;SCHWEIZ RANDA HANGEBRUECKE&quot;,&quot;alt&quot;:&quot;&quot;,&quot;caption&quot;:&quot;Foto: Valentin Flauraud&quot;,&quot;itemprop&quot;:&quot;image&quot;},{&quot;src&quot;:&quot;https:\\\/\\\/www.bergundtal.com\\\/wp-content\\\/uploads\\\/2017\\\/08\\\/RANDA_15.jpg&quot;,&quot;id&quot;:&quot;8373&quot;,&quot;title&quot;:&quot;SCHWEIZ RANDA HANGEBRUECKE&quot;,&quot;alt&quot;:&quot;&quot;,&quot;caption&quot;:&quot;Foto: Valentin Flauraud&quot;,&quot;itemprop&quot;:&quot;image&quot;},{&quot;src&quot;:&quot;https:\\\/\\\/www.bergundtal.com\\\/wp-content\\\/uploads\\\/2017\\\/08\\\/RANDA_28.jpg&quot;,&quot;id&quot;:&quot;8376&quot;,&quot;title&quot;:&quot;SCHWEIZ RANDA HANGEBRUECKE&quot;,&quot;alt&quot;:&quot;&quot;,&quot;caption&quot;:&quot;Foto: Valentin Flauraud&quot;,&quot;itemprop&quot;:&quot;image&quot;},{&quot;src&quot;:&quot;https:\\\/\\\/www.bergundtal.com\\\/wp-content\\\/uploads\\\/2017\\\/08\\\/RANDA_27.jpg&quot;,&quot;id&quot;:&quot;8375&quot;,&quot;title&quot;:&quot;SCHWEIZ RANDA HANGEBRUECKE&quot;,&quot;alt&quot;:&quot;&quot;,&quot;caption&quot;:&quot;Foto: Valentin Flauraud&quot;,&quot;itemprop&quot;:&quot;image&quot;},{&quot;src&quot;:&quot;https:\\\/\\\/www.bergundtal.com\\\/wp-content\\\/uploads\\\/2017\\\/08\\\/RANDA_45.jpg&quot;,&quot;id&quot;:&quot;8379&quot;,&quot;title&quot;:&quot;SCHWEIZ RANDA HANGEBRUECKE&quot;,&quot;alt&quot;:&quot;&quot;,&quot;caption&quot;:&quot;Foto: Valentin Flauraud&quot;,&quot;itemprop&quot;:&quot;image&quot;}]\" itemscope itemtype=\"https:\/\/schema.org\/ImageGallery\"><\/div>\n<p><span style=\"font-family: 'Times New Roman', serif;\"><span style=\"font-size: medium;\"><span style=\"color: #404040;\"><i><b>Details zur Europaweg-Fussg\u00e4ngerh\u00e4ngebr\u00fccke Charles Kuonen:<\/b><\/i><\/span><span style=\"color: #404040;\"><br \/>\nBr\u00fcckenl\u00e4nge 494 m<br \/>\nH\u00f6chster Punkt 85 m<br \/>\nBreite 65 cm<br \/>\nTragseildurchmesser 53 mm<br \/>\nGewicht der Tragseile 8 Tonnen<br \/>\n<\/span><span style=\"color: #313131;\">Bauzeit ca. 7 Monate<\/span><\/span><\/span><\/p>\n<p align=\"JUSTIFY\"><u><b><\/b><\/u><span style=\"font-family: 'Times New Roman', serif;\"><span style=\"font-size: medium;\"><u><b>Ein kurzer Exkurs zum Thema \u201aBr\u00fccke\u2018:<\/b><\/u><u> <\/u><em>(entnommen der Rede des Hauptsponsors zur Er\u00f6ffnung der neuen Br\u00fccke)<\/em><br \/>\n<\/span><\/span><span style=\"font-size: medium;\"><em><strong><span style=\"font-family: 'Times New Roman', serif;\">&#8222;Br\u00fccken faszinieren die Menschen seit je her. Sei es als Wunderwerke und ihrem praktischen Nutzen oder wegen ihrer symbolhaften Bedeutung:<br \/>\n&#8211; Br\u00fccken verbinden Menschen, die vorher voneinander getrennt gewesen sind bzw. die nur auf Umwegen zueinander finden konnten;<br \/>\n&#8211; Beim \u00dcberqueren einer Br\u00fccke hinterl\u00e4sst der Mensch immer auch Spuren seiner Vergangenheit, Spuren des Lebens;<br \/>\n&#8211; <span style=\"color: #313131;\">F\u00fcr mich selber symbolisiert die neue H\u00e4ngebr\u00fccke ebenfalls den \u00dcbertritt von meinem aktiven Berufsleben ins Pensionsalter; den \u00dcbergang in einen Lebensabschnitt in \u201aruhigere Gew\u00e4sser\u2018; dies verbunden mit nichts Sch\u00f6nerem, als durch den Namen der H\u00e4ngebr\u00fccke am Europaweg Spuren des Lebens zu hinterlassen!&#8220;<br \/>\n<\/span><\/span><\/strong><\/em><\/span><span style=\"font-family: 'Times New Roman', serif;\"><i><b><span style=\"font-family: Arial, sans-serif;\">Charles Kuonen, <\/span><span style=\"color: #404040;\"><span style=\"font-family: 'Open Sans', serif;\"><span style=\"font-size: small;\">Zermatt, 29. Juli 2017<\/span><\/span><\/span><\/b><\/i><\/span><\/p>\n","protected":false},"excerpt":{"rendered":"<p>Dank der neuen mit 494 m l\u00e4ngsten Fussg\u00e4ngerh\u00e4ngebr\u00fccke der Welt ist der international bekannte und bei Wanderern so beliebte Europaweg wieder durchg\u00e4ngig begehbar.Die bisherige H\u00e4ngebr\u00fccke wurde 2010 durch Steinschlag besch\u00e4digt, eine zeitaufwendige und anstrengende Umgehung machte den Europaweg uninteressant. Der H\u00f6henweg im Kanton Wallis f\u00fchrt von Gr\u00e4chen zun\u00e4chst beinahe eben &#8230;<\/p>\n","protected":false},"author":2,"featured_media":8385,"comment_status":"closed","ping_status":"closed","sticky":false,"template":"","format":"standard","meta":{"jetpack_post_was_ever_published":false,"jetpack_publicize_message":"","jetpack_is_tweetstorm":false,"jetpack_publicize_feature_enabled":true,"jetpack_social_options":[]},"categories":[421],"tags":[],"coauthors":[461],"jetpack_publicize_connections":[],"jetpack_featured_media_url":"https:\/\/www.bergundtal.com\/wp-content\/uploads\/2017\/08\/RANDA_12-1.jpg","jetpack_shortlink":"https:\/\/wp.me\/s3YISc-8368","jetpack_sharing_enabled":true,"_links":{"self":[{"href":"https:\/\/www.bergundtal.com\/index.php?rest_route=\/wp\/v2\/posts\/8368"}],"collection":[{"href":"https:\/\/www.bergundtal.com\/index.php?rest_route=\/wp\/v2\/posts"}],"about":[{"href":"https:\/\/www.bergundtal.com\/index.php?rest_route=\/wp\/v2\/types\/post"}],"author":[{"embeddable":true,"href":"https:\/\/www.bergundtal.com\/index.php?rest_route=\/wp\/v2\/users\/2"}],"replies":[{"embeddable":true,"href":"https:\/\/www.bergundtal.com\/index.php?rest_route=%2Fwp%2Fv2%2Fcomments&post=8368"}],"version-history":[{"count":4,"href":"https:\/\/www.bergundtal.com\/index.php?rest_route=\/wp\/v2\/posts\/8368\/revisions"}],"predecessor-version":[{"id":9103,"href":"https:\/\/www.bergundtal.com\/index.php?rest_route=\/wp\/v2\/posts\/8368\/revisions\/9103"}],"wp:featuredmedia":[{"embeddable":true,"href":"https:\/\/www.bergundtal.com\/index.php?rest_route=\/wp\/v2\/media\/8385"}],"wp:attachment":[{"href":"https:\/\/www.bergundtal.com\/index.php?rest_route=%2Fwp%2Fv2%2Fmedia&parent=8368"}],"wp:term":[{"taxonomy":"category","embeddable":true,"href":"https:\/\/www.bergundtal.com\/index.php?rest_route=%2Fwp%2Fv2%2Fcategories&post=8368"},{"taxonomy":"post_tag","embeddable":true,"href":"https:\/\/www.bergundtal.com\/index.php?rest_route=%2Fwp%2Fv2%2Ftags&post=8368"},{"taxonomy":"author","embeddable":true,"href":"https:\/\/www.bergundtal.com\/index.php?rest_route=%2Fwp%2Fv2%2Fcoauthors&post=8368"}],"curies":[{"name":"wp","href":"https:\/\/api.w.org\/{rel}","templated":true}]}}