{"id":8661,"date":"2017-11-04T22:37:58","date_gmt":"2017-11-04T21:37:58","guid":{"rendered":"http:\/\/www.bergundtal.com\/?p=8661"},"modified":"2017-11-23T12:19:01","modified_gmt":"2017-11-23T11:19:01","slug":"zermatt-macht-kinder-zu-vips","status":"publish","type":"post","link":"https:\/\/www.bergundtal.com\/?p=8661","title":{"rendered":"Zermatt macht Kinder zu VIP`s"},"content":{"rendered":"<p><a href=\"http:\/\/www.bergundtal.com\/wp-content\/uploads\/2017\/11\/Familienoffensive_front_embed.jpg\"><img data-attachment-id=\"8662\" data-permalink=\"https:\/\/www.bergundtal.com\/?attachment_id=8662\" data-orig-file=\"https:\/\/www.bergundtal.com\/wp-content\/uploads\/2017\/11\/Familienoffensive_front_embed.jpg\" data-orig-size=\"720,480\" data-comments-opened=\"0\" data-image-meta=\"{&quot;aperture&quot;:&quot;0&quot;,&quot;credit&quot;:&quot;Picasa&quot;,&quot;camera&quot;:&quot;&quot;,&quot;caption&quot;:&quot;&quot;,&quot;created_timestamp&quot;:&quot;1509795304&quot;,&quot;copyright&quot;:&quot;&quot;,&quot;focal_length&quot;:&quot;0&quot;,&quot;iso&quot;:&quot;0&quot;,&quot;shutter_speed&quot;:&quot;0&quot;,&quot;title&quot;:&quot;&quot;,&quot;orientation&quot;:&quot;0&quot;}\" data-image-title=\"Familienoffensive_front_embed\" data-image-description=\"\" data-image-caption=\"\" data-medium-file=\"https:\/\/www.bergundtal.com\/wp-content\/uploads\/2017\/11\/Familienoffensive_front_embed-300x200.jpg\" data-large-file=\"https:\/\/www.bergundtal.com\/wp-content\/uploads\/2017\/11\/Familienoffensive_front_embed.jpg\" decoding=\"async\" loading=\"lazy\" class=\"alignleft size-medium wp-image-8662\" src=\"http:\/\/www.bergundtal.com\/wp-content\/uploads\/2017\/11\/Familienoffensive_front_embed-300x200.jpg\" alt=\"\" width=\"300\" height=\"200\" srcset=\"https:\/\/www.bergundtal.com\/wp-content\/uploads\/2017\/11\/Familienoffensive_front_embed-300x200.jpg 300w, https:\/\/www.bergundtal.com\/wp-content\/uploads\/2017\/11\/Familienoffensive_front_embed-700x467.jpg 700w, https:\/\/www.bergundtal.com\/wp-content\/uploads\/2017\/11\/Familienoffensive_front_embed-332x221.jpg 332w, https:\/\/www.bergundtal.com\/wp-content\/uploads\/2017\/11\/Familienoffensive_front_embed.jpg 720w\" sizes=\"(max-width: 300px) 100vw, 300px\" \/><\/a>Zermatt startet zur Wintersaison 2017\/2018 eine Familienoffensive: \u201e<em>Die Destination Zermatt \u2013 Matterhorn (Zermatt, T\u00e4sch und Randa) ist seit 2013 mit dem G\u00fctesiegel &#8222;Family Destination&#8220; ausgezeichnet. Der Tourismusort will die familienfreundliche Strategie fortf\u00fchren und lanciert deshalb eine Familienoffensive. Kinder bis neun Jahre bezahlen neu keine Kurtaxen mehr. Ausserdem erhalten sie \u2013 wenn\u00a0Eltern einen Bergbahnen-Mehrtagespass erwerben \u2013 eine <strong><a href=\"https:\/\/www.zermatt.ch\/wollicard\" target=\"_blank\" rel=\"noopener noreferrer\">Wolli Card<\/a><\/strong>, die jeweils f\u00fcr das ganze Gesch\u00e4ftsjahr (bis Ende Oktober) g\u00fcltig ist. Mit der Wolli Card fahren die Kinder ohne Limit mit den Bergbahnen, logieren kostenlos in verschiedenen Hotels und profitieren von weiteren Spezialangeboten. Dazu geh\u00f6ren kostenlose Bikekurse, Miete von Sportausr\u00fcstung, Kindermen\u00fcs, Zugfahrten oder Museumseintritte\u201c. So die aktuelle Presseerkl\u00e4rung. <\/em><em>&#8222;Kinder sind unsere VIPs, denn die Kinder sind die G\u00e4ste der Zukunft.&#8220;<\/em> So begr\u00fcndet der Kurdirektor der Destination Zermatt \u2013 Matterhorn, Daniel Luggen, die Offensive.<br \/>\nDie Partnerliste der Hotels und Anbieter von Ferienwohnungen ist lang, es gibt kostenlose Kindermen\u00fcs, wenn die Eltern auch essen und es gibt z. B. bei Glacier Sport kostenlose Leihausr\u00fcstung, wenn auch 2 Erwachsene Ausr\u00fcstung ausleihen \u2013 insgesamt ein sehr umfangreiches Paket an Verg\u00fcnstigungen f\u00fcr Kinder bis zu ihrem 9. Geburtstag: <a href=\"https:\/\/www.zermatt.ch\/wollicard\">https:\/\/www.zermatt.ch\/wollicard<\/a><\/p>\n<div class=\"tiled-gallery type-rectangular tiled-gallery-unresized\" data-original-width=\"660\" data-carousel-extra='{&quot;blog_id&quot;:1,&quot;permalink&quot;:&quot;https:\\\/\\\/www.bergundtal.com\\\/?p=8661&quot;,&quot;likes_blog_id&quot;:58801184}' itemscope itemtype=\"http:\/\/schema.org\/ImageGallery\" > <div class=\"gallery-row\" style=\"width: 660px; height: 315px;\" data-original-width=\"660\" data-original-height=\"315\" > <div class=\"gallery-group images-1\" style=\"width: 439px; height: 315px;\" data-original-width=\"439\" data-original-height=\"315\" > <div class=\"tiled-gallery-item tiled-gallery-item-large\" itemprop=\"associatedMedia\" itemscope itemtype=\"http:\/\/schema.org\/ImageObject\"> <a href=\"https:\/\/www.bergundtal.com\/?attachment_id=8671\" border=\"0\" itemprop=\"url\"> <meta itemprop=\"width\" content=\"435\"> <meta itemprop=\"height\" content=\"311\"> <img data-attachment-id=\"8671\" data-orig-file=\"https:\/\/www.bergundtal.com\/wp-content\/uploads\/2017\/11\/schweizerische-skischule-_-407-007.jpg\" data-orig-size=\"768,550\" data-comments-opened=\"\" data-image-meta=\"{&quot;aperture&quot;:&quot;0&quot;,&quot;credit&quot;:&quot;Picasa&quot;,&quot;camera&quot;:&quot;&quot;,&quot;caption&quot;:&quot;&quot;,&quot;created_timestamp&quot;:&quot;1509799909&quot;,&quot;copyright&quot;:&quot;&quot;,&quot;focal_length&quot;:&quot;0&quot;,&quot;iso&quot;:&quot;0&quot;,&quot;shutter_speed&quot;:&quot;0&quot;,&quot;title&quot;:&quot;&quot;,&quot;orientation&quot;:&quot;0&quot;}\" data-image-title=\"schweizerische-skischule-_-407-007\" data-image-description=\"\" data-medium-file=\"https:\/\/www.bergundtal.com\/wp-content\/uploads\/2017\/11\/schweizerische-skischule-_-407-007-300x215.jpg\" data-large-file=\"https:\/\/www.bergundtal.com\/wp-content\/uploads\/2017\/11\/schweizerische-skischule-_-407-007.jpg\" src=\"https:\/\/i0.wp.com\/www.bergundtal.com\/wp-content\/uploads\/2017\/11\/schweizerische-skischule-_-407-007.jpg?w=435&#038;h=311&#038;ssl=1\" width=\"435\" height=\"311\" data-original-width=\"435\" data-original-height=\"311\" itemprop=\"http:\/\/schema.org\/image\" title=\"schweizerische-skischule-_-407-007\" alt=\"Foto: Schweizer Ski- und Snowboardschule Zermatt\" style=\"width: 435px; height: 311px;\" \/> <\/a> <div class=\"tiled-gallery-caption\" itemprop=\"caption description\"> Foto: Schweizer Ski- und Snowboardschule Zermatt <\/div> <\/div> <\/div> <!-- close group --> <div class=\"gallery-group images-2\" style=\"width: 221px; height: 315px;\" data-original-width=\"221\" data-original-height=\"315\" > <div class=\"tiled-gallery-item tiled-gallery-item-small\" itemprop=\"associatedMedia\" itemscope itemtype=\"http:\/\/schema.org\/ImageObject\"> <a href=\"https:\/\/www.bergundtal.com\/?attachment_id=8664\" border=\"0\" itemprop=\"url\"> <meta itemprop=\"width\" content=\"217\"> <meta itemprop=\"height\" content=\"163\"> <img data-attachment-id=\"8664\" data-orig-file=\"https:\/\/www.bergundtal.com\/wp-content\/uploads\/2017\/11\/P1030159.jpg\" data-orig-size=\"800,600\" data-comments-opened=\"\" data-image-meta=\"{&quot;aperture&quot;:&quot;6.3&quot;,&quot;credit&quot;:&quot;Picasa&quot;,&quot;camera&quot;:&quot;DMC-TZ7&quot;,&quot;caption&quot;:&quot;&quot;,&quot;created_timestamp&quot;:&quot;1303133236&quot;,&quot;copyright&quot;:&quot;&quot;,&quot;focal_length&quot;:&quot;4.1&quot;,&quot;iso&quot;:&quot;80&quot;,&quot;shutter_speed&quot;:&quot;0.001&quot;,&quot;title&quot;:&quot;&quot;,&quot;orientation&quot;:&quot;0&quot;}\" data-image-title=\"P1030159\" data-image-description=\"\" data-medium-file=\"https:\/\/www.bergundtal.com\/wp-content\/uploads\/2017\/11\/P1030159-300x225.jpg\" data-large-file=\"https:\/\/www.bergundtal.com\/wp-content\/uploads\/2017\/11\/P1030159.jpg\" src=\"https:\/\/i0.wp.com\/www.bergundtal.com\/wp-content\/uploads\/2017\/11\/P1030159.jpg?w=217&#038;h=163&#038;ssl=1\" width=\"217\" height=\"163\" data-original-width=\"217\" data-original-height=\"163\" itemprop=\"http:\/\/schema.org\/image\" title=\"P1030159\" alt=\"Foto: Karin Aleith-H\u00fcner\" style=\"width: 217px; height: 163px;\" \/> <\/a> <div class=\"tiled-gallery-caption\" itemprop=\"caption description\"> Foto: Karin Aleith-H\u00fcner <\/div> <\/div> <div class=\"tiled-gallery-item tiled-gallery-item-small\" itemprop=\"associatedMedia\" itemscope itemtype=\"http:\/\/schema.org\/ImageObject\"> <a href=\"https:\/\/www.bergundtal.com\/?attachment_id=8663\" border=\"0\" itemprop=\"url\"> <meta itemprop=\"width\" content=\"217\"> <meta itemprop=\"height\" content=\"144\"> <img data-attachment-id=\"8663\" data-orig-file=\"https:\/\/www.bergundtal.com\/wp-content\/uploads\/2017\/11\/Familienoffensive_front_gallery_first.jpg\" data-orig-size=\"555,370\" data-comments-opened=\"\" data-image-meta=\"{&quot;aperture&quot;:&quot;10&quot;,&quot;credit&quot;:&quot;MICHAEL PORTANN&quot;,&quot;camera&quot;:&quot;NIKON D4&quot;,&quot;caption&quot;:&quot;&quot;,&quot;created_timestamp&quot;:&quot;1426204800&quot;,&quot;copyright&quot;:&quot;MICHAEL PORTMANN&quot;,&quot;focal_length&quot;:&quot;32&quot;,&quot;iso&quot;:&quot;200&quot;,&quot;shutter_speed&quot;:&quot;0.001&quot;,&quot;title&quot;:&quot;&quot;,&quot;orientation&quot;:&quot;0&quot;}\" data-image-title=\"Familienoffensive_front_gallery_first\" data-image-description=\"\" data-medium-file=\"https:\/\/www.bergundtal.com\/wp-content\/uploads\/2017\/11\/Familienoffensive_front_gallery_first-300x200.jpg\" data-large-file=\"https:\/\/www.bergundtal.com\/wp-content\/uploads\/2017\/11\/Familienoffensive_front_gallery_first.jpg\" src=\"https:\/\/i0.wp.com\/www.bergundtal.com\/wp-content\/uploads\/2017\/11\/Familienoffensive_front_gallery_first.jpg?w=217&#038;h=144&#038;ssl=1\" width=\"217\" height=\"144\" data-original-width=\"217\" data-original-height=\"144\" itemprop=\"http:\/\/schema.org\/image\" title=\"Familienoffensive_front_gallery_first\" alt=\"Foto: Schweizer Ski- und Snowboardschule Zermatt\" style=\"width: 217px; height: 144px;\" \/> <\/a> <div class=\"tiled-gallery-caption\" itemprop=\"caption description\"> Foto: Schweizer Ski- und Snowboardschule Zermatt <\/div> <\/div> <\/div> <!-- close group --> <\/div> <!-- close row --> <div class=\"gallery-row\" style=\"width: 660px; height: 496px;\" data-original-width=\"660\" data-original-height=\"496\" > <div class=\"gallery-group images-1\" style=\"width: 660px; height: 496px;\" data-original-width=\"660\" data-original-height=\"496\" > <div class=\"tiled-gallery-item tiled-gallery-item-large\" itemprop=\"associatedMedia\" itemscope itemtype=\"http:\/\/schema.org\/ImageObject\"> <a href=\"https:\/\/www.bergundtal.com\/?attachment_id=8665\" border=\"0\" itemprop=\"url\"> <meta itemprop=\"width\" content=\"656\"> <meta itemprop=\"height\" content=\"492\"> <img data-attachment-id=\"8665\" data-orig-file=\"https:\/\/www.bergundtal.com\/wp-content\/uploads\/2017\/11\/P1050751.jpg\" data-orig-size=\"800,600\" data-comments-opened=\"\" data-image-meta=\"{&quot;aperture&quot;:&quot;6.3&quot;,&quot;credit&quot;:&quot;Picasa&quot;,&quot;camera&quot;:&quot;DMC-TZ7&quot;,&quot;caption&quot;:&quot;&quot;,&quot;created_timestamp&quot;:&quot;1334311254&quot;,&quot;copyright&quot;:&quot;&quot;,&quot;focal_length&quot;:&quot;4.1&quot;,&quot;iso&quot;:&quot;100&quot;,&quot;shutter_speed&quot;:&quot;0.000625&quot;,&quot;title&quot;:&quot;&quot;,&quot;orientation&quot;:&quot;0&quot;}\" data-image-title=\"P1050751\" data-image-description=\"\" data-medium-file=\"https:\/\/www.bergundtal.com\/wp-content\/uploads\/2017\/11\/P1050751-300x225.jpg\" data-large-file=\"https:\/\/www.bergundtal.com\/wp-content\/uploads\/2017\/11\/P1050751.jpg\" src=\"https:\/\/i0.wp.com\/www.bergundtal.com\/wp-content\/uploads\/2017\/11\/P1050751.jpg?w=656&#038;h=492&#038;ssl=1\" width=\"656\" height=\"492\" data-original-width=\"656\" data-original-height=\"492\" itemprop=\"http:\/\/schema.org\/image\" title=\"P1050751\" alt=\"Foto: Karin Aleith-H\u00fcner\" style=\"width: 656px; height: 492px;\" \/> <\/a> <div class=\"tiled-gallery-caption\" itemprop=\"caption description\"> Foto: Karin Aleith-H\u00fcner <\/div> <\/div> <\/div> <!-- close group --> <\/div> <!-- close row --> <\/div>\n<p>Klar, Skiurlaub in Zermatt wird durch die Offensive f\u00fcr Familien noch kein Schn\u00e4ppchen oder Geheimtipp, die Gr\u00f6\u00dfe und Exklusivit\u00e4t\/Mond\u00e4nit\u00e4t des Ortes und des Skigebietes sind ja generell nicht so ganz die optimalen Rahmenbedingungen f\u00fcr einen Familien-Skiurlaub; und dann taucht nat\u00fcrlich auch die einfache Frag nach dem \u201eund dann??\u201c auf. Wenn nun die Kinder die G\u00e4ste der Zukunft sind, dann sind es ja nicht nur die bis 9 J\u00e4hrigen, diese aktuelle Familienoffensive m\u00fcsste also ja eigentlich Teil eines umfassendes Familienkonzeptes seien, erg\u00e4nzt z. B. durch Familientarife und auch Skipass-Sharing f\u00fcr Eltern kleiner Kinder. Liebe Destination Zermatt-Matehorn, es gibt noch viel zu tun f\u00fcr die G\u00e4ste der Zukunft, es gibt nichts Gutes, au\u00dfer man tu es (Erich K\u00e4stner)!<\/p>\n<p>aber trotzdem ist die Wolli Card mit ihren Verg\u00fcnstigungen eine lobenswerte Initiative, absolut beispielhaft und in der Kombination bisher auch einmalig \u2013 ein gro\u00dfes Lob f\u00fcr die Macher.<\/p>\n","protected":false},"excerpt":{"rendered":"<p>Zermatt startet zur Wintersaison 2017\/2018 eine Familienoffensive: \u201eDie Destination Zermatt \u2013 Matterhorn (Zermatt, T\u00e4sch und Randa) ist seit 2013 mit dem G\u00fctesiegel &#8222;Family Destination&#8220; ausgezeichnet. Der Tourismusort will die familienfreundliche Strategie fortf\u00fchren und lanciert deshalb eine Familienoffensive. Kinder bis neun Jahre bezahlen neu keine Kurtaxen mehr. Ausserdem erhalten sie \u2013 &#8230;<\/p>\n","protected":false},"author":2,"featured_media":8668,"comment_status":"closed","ping_status":"closed","sticky":false,"template":"","format":"standard","meta":{"jetpack_post_was_ever_published":false,"jetpack_publicize_message":"","jetpack_is_tweetstorm":false,"jetpack_publicize_feature_enabled":true,"jetpack_social_options":[]},"categories":[369,416],"tags":[],"coauthors":[461],"jetpack_publicize_connections":[],"jetpack_featured_media_url":"https:\/\/www.bergundtal.com\/wp-content\/uploads\/2017\/11\/Bilder.jpg","jetpack_shortlink":"https:\/\/wp.me\/p3YISc-2fH","jetpack_sharing_enabled":true,"_links":{"self":[{"href":"https:\/\/www.bergundtal.com\/index.php?rest_route=\/wp\/v2\/posts\/8661"}],"collection":[{"href":"https:\/\/www.bergundtal.com\/index.php?rest_route=\/wp\/v2\/posts"}],"about":[{"href":"https:\/\/www.bergundtal.com\/index.php?rest_route=\/wp\/v2\/types\/post"}],"author":[{"embeddable":true,"href":"https:\/\/www.bergundtal.com\/index.php?rest_route=\/wp\/v2\/users\/2"}],"replies":[{"embeddable":true,"href":"https:\/\/www.bergundtal.com\/index.php?rest_route=%2Fwp%2Fv2%2Fcomments&post=8661"}],"version-history":[{"count":2,"href":"https:\/\/www.bergundtal.com\/index.php?rest_route=\/wp\/v2\/posts\/8661\/revisions"}],"predecessor-version":[{"id":8672,"href":"https:\/\/www.bergundtal.com\/index.php?rest_route=\/wp\/v2\/posts\/8661\/revisions\/8672"}],"wp:featuredmedia":[{"embeddable":true,"href":"https:\/\/www.bergundtal.com\/index.php?rest_route=\/wp\/v2\/media\/8668"}],"wp:attachment":[{"href":"https:\/\/www.bergundtal.com\/index.php?rest_route=%2Fwp%2Fv2%2Fmedia&parent=8661"}],"wp:term":[{"taxonomy":"category","embeddable":true,"href":"https:\/\/www.bergundtal.com\/index.php?rest_route=%2Fwp%2Fv2%2Fcategories&post=8661"},{"taxonomy":"post_tag","embeddable":true,"href":"https:\/\/www.bergundtal.com\/index.php?rest_route=%2Fwp%2Fv2%2Ftags&post=8661"},{"taxonomy":"author","embeddable":true,"href":"https:\/\/www.bergundtal.com\/index.php?rest_route=%2Fwp%2Fv2%2Fcoauthors&post=8661"}],"curies":[{"name":"wp","href":"https:\/\/api.w.org\/{rel}","templated":true}]}}