{"id":9884,"date":"2018-08-30T14:01:40","date_gmt":"2018-08-30T12:01:40","guid":{"rendered":"http:\/\/www.bergundtal.com\/?p=9884"},"modified":"2018-09-04T21:09:09","modified_gmt":"2018-09-04T19:09:09","slug":"stand-up-paddeln-trendport-mit-hohem-spassfaktor","status":"publish","type":"post","link":"https:\/\/www.bergundtal.com\/?p=9884","title":{"rendered":"Stand-Up Paddeln &#8211; Trendsport mit hohem Spa\u00dffaktor"},"content":{"rendered":"<p>Wenn sich sogar die Apotheken Umschau mit diesem Thema besch\u00e4ftigt, kann man ruhigen Gewissens davon sprechen, Stand-Up-Paddeln ist in der Mitte der Gesellschaft angekommen, ist ein rasant wachsender Trend der Fitness-Bewegung im Sommer \u2013 Stand-up Paddeln mit aufblasbaren Boards, sog. Inflatables.<\/p>\n<div class=\"tiled-gallery type-rectangular tiled-gallery-unresized\" data-original-width=\"660\" data-carousel-extra='{&quot;blog_id&quot;:1,&quot;permalink&quot;:&quot;https:\\\/\\\/www.bergundtal.com\\\/?p=9884&quot;,&quot;likes_blog_id&quot;:58801184}' itemscope itemtype=\"http:\/\/schema.org\/ImageGallery\" > <div class=\"gallery-row\" style=\"width: 660px; height: 200px;\" data-original-width=\"660\" data-original-height=\"200\" > <div class=\"gallery-group images-2\" style=\"width: 130px; height: 200px;\" data-original-width=\"130\" data-original-height=\"200\" > <div class=\"tiled-gallery-item tiled-gallery-item-small\" itemprop=\"associatedMedia\" itemscope itemtype=\"http:\/\/schema.org\/ImageObject\"> <a href=\"https:\/\/www.bergundtal.com\/?attachment_id=9895\" border=\"0\" itemprop=\"url\"> <meta itemprop=\"width\" content=\"126\"> <meta itemprop=\"height\" content=\"97\"> <img data-attachment-id=\"9895\" data-orig-file=\"https:\/\/www.bergundtal.com\/wp-content\/uploads\/2018\/08\/P1020959.jpg\" data-orig-size=\"640,491\" data-comments-opened=\"\" data-image-meta=\"{&quot;aperture&quot;:&quot;4&quot;,&quot;credit&quot;:&quot;Picasa&quot;,&quot;camera&quot;:&quot;DMC-FZ200&quot;,&quot;caption&quot;:&quot;&quot;,&quot;created_timestamp&quot;:&quot;1408357680&quot;,&quot;copyright&quot;:&quot;&quot;,&quot;focal_length&quot;:&quot;41.1&quot;,&quot;iso&quot;:&quot;100&quot;,&quot;shutter_speed&quot;:&quot;0.00076923076923077&quot;,&quot;title&quot;:&quot;&quot;,&quot;orientation&quot;:&quot;0&quot;}\" data-image-title=\"P1020959\" data-image-description=\"\" data-medium-file=\"https:\/\/www.bergundtal.com\/wp-content\/uploads\/2018\/08\/P1020959-300x230.jpg\" data-large-file=\"https:\/\/www.bergundtal.com\/wp-content\/uploads\/2018\/08\/P1020959.jpg\" src=\"https:\/\/i0.wp.com\/www.bergundtal.com\/wp-content\/uploads\/2018\/08\/P1020959.jpg?w=126&#038;h=97&#038;ssl=1\" width=\"126\" height=\"97\" data-original-width=\"126\" data-original-height=\"97\" itemprop=\"http:\/\/schema.org\/image\" title=\"P1020959\" alt=\"Stand-up Paddeln auf dem Lac D`Annecy\" style=\"width: 126px; height: 97px;\" \/> <\/a> <div class=\"tiled-gallery-caption\" itemprop=\"caption description\"> Stand-up Paddeln auf dem Lac D`Annecy <\/div> <\/div> <div class=\"tiled-gallery-item tiled-gallery-item-small\" itemprop=\"associatedMedia\" itemscope itemtype=\"http:\/\/schema.org\/ImageObject\"> <a href=\"https:\/\/www.bergundtal.com\/?attachment_id=9888\" border=\"0\" itemprop=\"url\"> <meta itemprop=\"width\" content=\"126\"> <meta itemprop=\"height\" content=\"95\"> <img data-attachment-id=\"9888\" data-orig-file=\"https:\/\/www.bergundtal.com\/wp-content\/uploads\/2018\/08\/DSC01436.jpg\" data-orig-size=\"1600,1200\" data-comments-opened=\"\" data-image-meta=\"{&quot;aperture&quot;:&quot;5.6&quot;,&quot;credit&quot;:&quot;Picasa&quot;,&quot;camera&quot;:&quot;DSC-HX400V&quot;,&quot;caption&quot;:&quot;&quot;,&quot;created_timestamp&quot;:&quot;1533568638&quot;,&quot;copyright&quot;:&quot;&quot;,&quot;focal_length&quot;:&quot;145.66&quot;,&quot;iso&quot;:&quot;80&quot;,&quot;shutter_speed&quot;:&quot;0.00125&quot;,&quot;title&quot;:&quot;&quot;,&quot;orientation&quot;:&quot;0&quot;}\" data-image-title=\"DSC01436\" data-image-description=\"\" data-medium-file=\"https:\/\/www.bergundtal.com\/wp-content\/uploads\/2018\/08\/DSC01436-300x225.jpg\" data-large-file=\"https:\/\/www.bergundtal.com\/wp-content\/uploads\/2018\/08\/DSC01436-1024x768.jpg\" src=\"https:\/\/i0.wp.com\/www.bergundtal.com\/wp-content\/uploads\/2018\/08\/DSC01436.jpg?w=126&#038;h=95&#038;ssl=1\" width=\"126\" height=\"95\" data-original-width=\"126\" data-original-height=\"95\" itemprop=\"http:\/\/schema.org\/image\" title=\"DSC01436\" alt=\"vor der K\u00fcste der Bretagne\" style=\"width: 126px; height: 95px;\" \/> <\/a> <div class=\"tiled-gallery-caption\" itemprop=\"caption description\"> vor der K\u00fcste der Bretagne <\/div> <\/div> <\/div> <!-- close group --> <div class=\"gallery-group images-1\" style=\"width: 265px; height: 200px;\" data-original-width=\"265\" data-original-height=\"200\" > <div class=\"tiled-gallery-item tiled-gallery-item-large\" itemprop=\"associatedMedia\" itemscope itemtype=\"http:\/\/schema.org\/ImageObject\"> <a href=\"https:\/\/www.bergundtal.com\/?attachment_id=9889\" border=\"0\" itemprop=\"url\"> <meta itemprop=\"width\" content=\"261\"> <meta itemprop=\"height\" content=\"196\"> <img data-attachment-id=\"9889\" data-orig-file=\"https:\/\/www.bergundtal.com\/wp-content\/uploads\/2018\/08\/Foto-1.jpg\" data-orig-size=\"640,480\" data-comments-opened=\"\" data-image-meta=\"{&quot;aperture&quot;:&quot;4&quot;,&quot;credit&quot;:&quot;Picasa&quot;,&quot;camera&quot;:&quot;DMC-FZ20&quot;,&quot;caption&quot;:&quot;&quot;,&quot;created_timestamp&quot;:&quot;1410258491&quot;,&quot;copyright&quot;:&quot;&quot;,&quot;focal_length&quot;:&quot;15.1&quot;,&quot;iso&quot;:&quot;80&quot;,&quot;shutter_speed&quot;:&quot;0.003125&quot;,&quot;title&quot;:&quot;&quot;,&quot;orientation&quot;:&quot;0&quot;}\" data-image-title=\"Foto 1\" data-image-description=\"\" data-medium-file=\"https:\/\/www.bergundtal.com\/wp-content\/uploads\/2018\/08\/Foto-1-300x225.jpg\" data-large-file=\"https:\/\/www.bergundtal.com\/wp-content\/uploads\/2018\/08\/Foto-1.jpg\" src=\"https:\/\/i0.wp.com\/www.bergundtal.com\/wp-content\/uploads\/2018\/08\/Foto-1.jpg?w=261&#038;h=196&#038;ssl=1\" width=\"261\" height=\"196\" data-original-width=\"261\" data-original-height=\"196\" itemprop=\"http:\/\/schema.org\/image\" title=\"Foto 1\" alt=\"im Flu\u00df\" style=\"width: 261px; height: 196px;\" \/> <\/a> <div class=\"tiled-gallery-caption\" itemprop=\"caption description\"> im Flu\u00df <\/div> <\/div> <\/div> <!-- close group --> <div class=\"gallery-group images-1\" style=\"width: 265px; height: 200px;\" data-original-width=\"265\" data-original-height=\"200\" > <div class=\"tiled-gallery-item tiled-gallery-item-large\" itemprop=\"associatedMedia\" itemscope itemtype=\"http:\/\/schema.org\/ImageObject\"> <a href=\"https:\/\/www.bergundtal.com\/?attachment_id=9890\" border=\"0\" itemprop=\"url\"> <meta itemprop=\"width\" content=\"261\"> <meta itemprop=\"height\" content=\"196\"> <img data-attachment-id=\"9890\" data-orig-file=\"https:\/\/www.bergundtal.com\/wp-content\/uploads\/2018\/08\/Foto-3.jpg\" data-orig-size=\"640,480\" data-comments-opened=\"\" data-image-meta=\"{&quot;aperture&quot;:&quot;5.6&quot;,&quot;credit&quot;:&quot;Picasa&quot;,&quot;camera&quot;:&quot;DMC-FZ20&quot;,&quot;caption&quot;:&quot;&quot;,&quot;created_timestamp&quot;:&quot;1410619803&quot;,&quot;copyright&quot;:&quot;&quot;,&quot;focal_length&quot;:&quot;72&quot;,&quot;iso&quot;:&quot;80&quot;,&quot;shutter_speed&quot;:&quot;0.00125&quot;,&quot;title&quot;:&quot;&quot;,&quot;orientation&quot;:&quot;0&quot;}\" data-image-title=\"Foto 3\" data-image-description=\"\" data-medium-file=\"https:\/\/www.bergundtal.com\/wp-content\/uploads\/2018\/08\/Foto-3-300x225.jpg\" data-large-file=\"https:\/\/www.bergundtal.com\/wp-content\/uploads\/2018\/08\/Foto-3.jpg\" src=\"https:\/\/i0.wp.com\/www.bergundtal.com\/wp-content\/uploads\/2018\/08\/Foto-3.jpg?w=261&#038;h=196&#038;ssl=1\" width=\"261\" height=\"196\" data-original-width=\"261\" data-original-height=\"196\" itemprop=\"http:\/\/schema.org\/image\" title=\"Foto 3\" alt=\"in den Wellen\" style=\"width: 261px; height: 196px;\" \/> <\/a> <div class=\"tiled-gallery-caption\" itemprop=\"caption description\"> in den Wellen <\/div> <\/div> <\/div> <!-- close group --> <\/div> <!-- close row --> <\/div>\n<p>Es gibt neben den Fluss- und See \u2013 Paddlern auch Wellen- und Wildwasser- Paddeln auf dem Stand-up Board und auch Stand-up Yoga. W\u00e4hrend Yoga und Fluss- und See-Paddeln auf den Inflatables uneingeschr\u00e4nkt funktioniert, kommen die aufblasbaren Boards in Wellen, im Wildwasser und im Wettkampfsport ganz sicher schnell an ihre Grenzen, hier kommen eher Hardboards zum Einsatz.<br \/>\nEs gibt\u00a0 mittlerweile kaum einen Baggersee, keine Talsperre und auch kaum noch einen Meeresstrand ohne Stand-Up-Paddler. Kein Wunder, denn die aufblasbaren \u201eBretter\u201c sind leicht zu transportieren, mittlerweile schon relativ g\u00fcnstig zu haben und die Sportart ist leicht erlernbar.<br \/>\nAllerdings ist in diesem Fall Geiz nicht unbedingt geil, denn es gibt gro\u00dfe Unterschiede in Bezug auf Qualit\u00e4t, vor allem Stabilit\u00e4t. Es gibt zwar SUPs f\u00fcr knapp 300,- im Baumarkt oder beim Discounter, allerdings darf man solche \u201eBananen\u201c nicht mit SUP-Boards der renommierten Hersteller, die nach wie vor erheblich teurer sind, vergleichen.\u00a0<a href=\"http:\/\/www.bergundtal.com\/wp-content\/uploads\/2018\/08\/2019_construcion_third_layer_rev1@2x.jpg\"><img data-attachment-id=\"9902\" data-permalink=\"https:\/\/www.bergundtal.com\/?attachment_id=9902\" data-orig-file=\"https:\/\/www.bergundtal.com\/wp-content\/uploads\/2018\/08\/2019_construcion_third_layer_rev1@2x.jpg\" data-orig-size=\"1600,1175\" data-comments-opened=\"0\" data-image-meta=\"{&quot;aperture&quot;:&quot;0&quot;,&quot;credit&quot;:&quot;Picasa&quot;,&quot;camera&quot;:&quot;&quot;,&quot;caption&quot;:&quot;&quot;,&quot;created_timestamp&quot;:&quot;1535621458&quot;,&quot;copyright&quot;:&quot;&quot;,&quot;focal_length&quot;:&quot;0&quot;,&quot;iso&quot;:&quot;0&quot;,&quot;shutter_speed&quot;:&quot;0&quot;,&quot;title&quot;:&quot;&quot;,&quot;orientation&quot;:&quot;0&quot;}\" data-image-title=\"2019_construcion_third_layer_rev1@2x\" data-image-description=\"\" data-image-caption=\"\" data-medium-file=\"https:\/\/www.bergundtal.com\/wp-content\/uploads\/2018\/08\/2019_construcion_third_layer_rev1@2x-300x220.jpg\" data-large-file=\"https:\/\/www.bergundtal.com\/wp-content\/uploads\/2018\/08\/2019_construcion_third_layer_rev1@2x-1024x752.jpg\" decoding=\"async\" loading=\"lazy\" class=\"alignleft size-medium wp-image-9902\" src=\"http:\/\/www.bergundtal.com\/wp-content\/uploads\/2018\/08\/2019_construcion_third_layer_rev1@2x-300x220.jpg\" alt=\"\" width=\"300\" height=\"220\" srcset=\"https:\/\/www.bergundtal.com\/wp-content\/uploads\/2018\/08\/2019_construcion_third_layer_rev1@2x-300x220.jpg 300w, https:\/\/www.bergundtal.com\/wp-content\/uploads\/2018\/08\/2019_construcion_third_layer_rev1@2x-768x564.jpg 768w, https:\/\/www.bergundtal.com\/wp-content\/uploads\/2018\/08\/2019_construcion_third_layer_rev1@2x-1024x752.jpg 1024w, https:\/\/www.bergundtal.com\/wp-content\/uploads\/2018\/08\/2019_construcion_third_layer_rev1@2x-700x514.jpg 700w, https:\/\/www.bergundtal.com\/wp-content\/uploads\/2018\/08\/2019_construcion_third_layer_rev1@2x-332x244.jpg 332w, https:\/\/www.bergundtal.com\/wp-content\/uploads\/2018\/08\/2019_construcion_third_layer_rev1@2x.jpg 1600w\" sizes=\"(max-width: 300px) 100vw, 300px\" \/><\/a>Die einen liegen wie ein \u201eBrett\u201c im Wasser, die anderen sind durchgebogen, schwimmen eben wie eine Banane. Das liegt haupts\u00e4chlich daran, dass die hochwertigen Inflatables mit bis zu 20-23 psi (ca. 1,5bar) aufgepumpt werden und zus\u00e4tzlich zum\u00a0 Dropstitch Kern weitere stabilisierende Materialschichten eingearbeitet haben; bei den meisten der g\u00fcnstigen Boards ist schon bei 10-15psi (knapp 1bar) Schluss und der Dropstitch \u2013 Kern wird lediglich von einer Materiallage umh\u00fcllt.<br \/>\n<em>Dropstitch ist aber auch nicht gleich Dropstitch! Die Anzahl der Nylonf\u00e4den, die bei dieser Technik die beiden Kunststoff-Schichten miteinander verbinden, ist unterschiedlich; je enger diese F\u00e4den aneinander liegen, umso fester ist das Board im aufgeblasenen Zustand.<br \/>\n<\/em> Diese unterschiedliche H\u00e4rte\/Stabilit\u00e4t macht sich beim Paddeln bemerkbar, je h\u00e4rter das \u201eBrett\u201c, umso mehr Vortrieb, bei den \u201eBananen\u201c macht sich emsiges Paddeln durch mehr oder weniger ausgepr\u00e4gtes \u201eWippen\u201c und Durchbiegen bemerkbar.<\/p>\n<p>Im Wettkampf, mittlerweile gibt es ja auch Stand-Up-Paddeln als ernstzunehmende Sportart, k\u00e4me niemand auf die Idee, ein Inflatable einzusetzen, denn ein hartes Epoxy- oder Carbonboard besitzt nat\u00fcrlich nach wie vor ganz andere Fahreigenschaften, ist allerdings auch sperrig, weil es sich nicht einfach zusammenrollen und in einem Rucksack verstauen l\u00e4sst. Die Inflatables holen allerdings, was die Steifigkeit betrifft, immer mehr auf. Man versucht auch, durch ein Mehrkammersystem die Steifigkeit\/H\u00e4rte zu optimieren. In einer separat aufzupumpenden Kammer in Boardmitte entfaltet sich beim Aufpumpen eine Art T-Tr\u00e4ger, der die Steifigkeit erh\u00f6ht. Diese Luftkammer sorgt nat\u00fcrlich im Fall eine \u201ePanne\u201cauf hoher See als Auftriebsk\u00f6rper f\u00fcr Sicherheit. Bei manchen Modellen lassen sich seitlich Kunststoffteile einschieben, die auch f\u00fcr eine bessere Steifigkeit sorgen. Durch die Idee, mehrere separate Luftkammern aufzupusten, l\u00e4sst sich nat\u00fcrlich auch die Bug- oder Unterwasserform ver\u00e4ndern, um mehr Vortrieb zu erzeugen.<\/p>\n<p>Das Spektrum der SUP-Fans und der Einsatz der Boards hat sich in den letzten Jahren\u00a0 rasant erweitert, aber kein Board ist f\u00fcrs Fahren auf stillen Gew\u00e4ssern, f\u00fcr lange Touren, Wellenreiten oder Wildwasserfahren gleicherma\u00dfen geeignet, es gibt auch hier unterschiedliche Boardformen und \u2013gr\u00f6\u00dfen f\u00fcr unterschiedliche Einsatzzwecke:<br \/>\n<a href=\"http:\/\/www.bergundtal.com\/wp-content\/uploads\/2018\/08\/P1110795.jpg\"><img data-attachment-id=\"9903\" data-permalink=\"https:\/\/www.bergundtal.com\/?attachment_id=9903\" data-orig-file=\"https:\/\/www.bergundtal.com\/wp-content\/uploads\/2018\/08\/P1110795.jpg\" data-orig-size=\"1600,1200\" data-comments-opened=\"0\" data-image-meta=\"{&quot;aperture&quot;:&quot;7.3&quot;,&quot;credit&quot;:&quot;Picasa&quot;,&quot;camera&quot;:&quot;DMC-FZ20&quot;,&quot;caption&quot;:&quot;&quot;,&quot;created_timestamp&quot;:&quot;1532254228&quot;,&quot;copyright&quot;:&quot;&quot;,&quot;focal_length&quot;:&quot;7.2&quot;,&quot;iso&quot;:&quot;400&quot;,&quot;shutter_speed&quot;:&quot;0.001&quot;,&quot;title&quot;:&quot;&quot;,&quot;orientation&quot;:&quot;0&quot;}\" data-image-title=\"P1110795\" data-image-description=\"\" data-image-caption=\"\" data-medium-file=\"https:\/\/www.bergundtal.com\/wp-content\/uploads\/2018\/08\/P1110795-300x225.jpg\" data-large-file=\"https:\/\/www.bergundtal.com\/wp-content\/uploads\/2018\/08\/P1110795-1024x768.jpg\" decoding=\"async\" loading=\"lazy\" class=\"alignleft size-medium wp-image-9903\" src=\"http:\/\/www.bergundtal.com\/wp-content\/uploads\/2018\/08\/P1110795-300x225.jpg\" alt=\"\" width=\"300\" height=\"225\" srcset=\"https:\/\/www.bergundtal.com\/wp-content\/uploads\/2018\/08\/P1110795-300x225.jpg 300w, https:\/\/www.bergundtal.com\/wp-content\/uploads\/2018\/08\/P1110795-768x576.jpg 768w, https:\/\/www.bergundtal.com\/wp-content\/uploads\/2018\/08\/P1110795-1024x768.jpg 1024w, https:\/\/www.bergundtal.com\/wp-content\/uploads\/2018\/08\/P1110795-700x525.jpg 700w, https:\/\/www.bergundtal.com\/wp-content\/uploads\/2018\/08\/P1110795-332x249.jpg 332w, https:\/\/www.bergundtal.com\/wp-content\/uploads\/2018\/08\/P1110795.jpg 1600w\" sizes=\"(max-width: 300px) 100vw, 300px\" \/><\/a>Es gibt Touren-SUPs f\u00fcr sportlich Ambitio- nierte, die m\u00f6glichst schnell unterwegs sein wollen. Diese Modelle haben einen spitz zulaufenden Bug, sind h\u00e4ufig etwas schmaler \u2013 um die 70-75cm ( 30-32\u201c ) und daf\u00fcr l\u00e4nger, und die Hersteller versuchen auch, sie durch Mehrkammersysteme oder seitlich einschieb-bare &#8222;Leisten&#8220; steifer zu machen. Ein gelungenes Beispiel f\u00fcr ein sportliches Board \u2013 auch f\u00fcr lange Touren &#8211; ist das Modell <em><strong>Roam Air 12\u00b46<\/strong><\/em>\u00a0 (ca. 381cm L, 335 Liter Volumen) von <em><strong>Quatro<\/strong><\/em>. Das Board l\u00e4uft beim Paddeln sehr fl\u00fcssig, l\u00e4sst sich auch bei unruhigem Wasser noch sehr gut paddeln, der Bug ist etwas nach oben gebogen, taucht also bei Wellen nicht ein; trotz der gem\u00e4\u00dfigten Breite ist es noch ausreichend kippstabil.<br \/>\n<em>Es kostet zur Zeit im Handel so ca. 1000 Euro.<\/em><br \/>\n<a href=\"http:\/\/www.bergundtal.com\/wp-content\/uploads\/2018\/08\/DSC01430.jpg\"><img data-attachment-id=\"9885\" data-permalink=\"https:\/\/www.bergundtal.com\/?attachment_id=9885\" data-orig-file=\"https:\/\/www.bergundtal.com\/wp-content\/uploads\/2018\/08\/DSC01430.jpg\" data-orig-size=\"1600,991\" data-comments-opened=\"0\" data-image-meta=\"{&quot;aperture&quot;:&quot;3.2&quot;,&quot;credit&quot;:&quot;Picasa&quot;,&quot;camera&quot;:&quot;DSC-HX400V&quot;,&quot;caption&quot;:&quot;&quot;,&quot;created_timestamp&quot;:&quot;1533564642&quot;,&quot;copyright&quot;:&quot;&quot;,&quot;focal_length&quot;:&quot;4.34&quot;,&quot;iso&quot;:&quot;80&quot;,&quot;shutter_speed&quot;:&quot;0.0005&quot;,&quot;title&quot;:&quot;&quot;,&quot;orientation&quot;:&quot;0&quot;}\" data-image-title=\"DSC01430\" data-image-description=\"\" data-image-caption=\"\" data-medium-file=\"https:\/\/www.bergundtal.com\/wp-content\/uploads\/2018\/08\/DSC01430-300x186.jpg\" data-large-file=\"https:\/\/www.bergundtal.com\/wp-content\/uploads\/2018\/08\/DSC01430-1024x634.jpg\" decoding=\"async\" loading=\"lazy\" class=\"alignleft size-medium wp-image-9885\" src=\"http:\/\/www.bergundtal.com\/wp-content\/uploads\/2018\/08\/DSC01430-300x186.jpg\" alt=\"\" width=\"300\" height=\"186\" srcset=\"https:\/\/www.bergundtal.com\/wp-content\/uploads\/2018\/08\/DSC01430-300x186.jpg 300w, https:\/\/www.bergundtal.com\/wp-content\/uploads\/2018\/08\/DSC01430-768x476.jpg 768w, https:\/\/www.bergundtal.com\/wp-content\/uploads\/2018\/08\/DSC01430-1024x634.jpg 1024w, https:\/\/www.bergundtal.com\/wp-content\/uploads\/2018\/08\/DSC01430-700x434.jpg 700w, https:\/\/www.bergundtal.com\/wp-content\/uploads\/2018\/08\/DSC01430-332x206.jpg 332w, https:\/\/www.bergundtal.com\/wp-content\/uploads\/2018\/08\/DSC01430.jpg 1600w\" sizes=\"(max-width: 300px) 100vw, 300px\" \/><\/a>Sog. Allround-Boards \u00e4hneln in der Form dem altbekannten Malibu; runder Bug, breiteres Heck, oft ausgestattet mit 3 Finnen. Diese SUPs sind f\u00fcr verschiedene Einsatzgebiete geeignet, vom Baggersee bis zum Meer bei niedrigen Wellen. Wir haben in diesem Sommer das Modell <em><strong>Glide Air 10.0<\/strong><\/em> von <em><strong>Quatro<\/strong> <\/em>u. a. in der Bretagne eingesetzt \u2013 ein stabiles und festes Allround-Board, das mit 350cm L, 84cm B und 15cm St\u00e4rke auf 265 Liter Volumen kommt.\u00a0Ein sehr wendiges und kippstabiles Board, das mit einer guten Doppelhubpumpe schnell aufzublasen und mit dem Rucksack und ca. 10 Kg Gewicht auch hinreichend mobil ist. Der Kern des Boards ist aus sog. Dropstitch-Material + Two Layer Technologie, wobei eine drittes Gurtband \u2013 Third Layer Construction \u2013 noch den Bug stabilisiert. Diese Gesamtkonstruktion macht das Board besonders stabil, es liegt souver\u00e4n auf dem Wasser, kein Durchbiegen, keine Unruhe bei Wellen. Dank dieser Stabilit\u00e4t ist es auch mit einem Gewinde f\u00fcr einen Windsurf-Mastfu\u00df ausgestattet, kann also auch zum Windsurfen (allerdings nur f\u00fcr \u201egem\u00fctliche\u201c Ausfl\u00fcge) eingesetzt werden.<br \/>\n<em>Diese Board wird zur Zeit f\u00fcr knapp 900 Euro angeboten.<\/em><\/p>\n<div data-carousel-extra='{\"blog_id\":1,\"permalink\":\"https:\\\/\\\/www.bergundtal.com\\\/?p=9884\"}' id='gallery-2' class='gallery galleryid-9884 gallery-columns-3 gallery-size-medium'><figure class='gallery-item'>\n\t\t\t<div class='gallery-icon landscape'>\n\t\t\t\t<a rel='attachment' href='https:\/\/www.bergundtal.com\/?attachment_id=9887'><img width=\"300\" height=\"225\" src=\"https:\/\/www.bergundtal.com\/wp-content\/uploads\/2018\/08\/DSC01432-300x225.jpg\" class=\"attachment-medium size-medium\" alt=\"\" decoding=\"async\" loading=\"lazy\" aria-describedby=\"gallery-2-9887\" srcset=\"https:\/\/www.bergundtal.com\/wp-content\/uploads\/2018\/08\/DSC01432-300x225.jpg 300w, https:\/\/www.bergundtal.com\/wp-content\/uploads\/2018\/08\/DSC01432-768x576.jpg 768w, https:\/\/www.bergundtal.com\/wp-content\/uploads\/2018\/08\/DSC01432-1024x768.jpg 1024w, https:\/\/www.bergundtal.com\/wp-content\/uploads\/2018\/08\/DSC01432-700x525.jpg 700w, https:\/\/www.bergundtal.com\/wp-content\/uploads\/2018\/08\/DSC01432-332x249.jpg 332w, https:\/\/www.bergundtal.com\/wp-content\/uploads\/2018\/08\/DSC01432.jpg 1600w\" sizes=\"(max-width: 300px) 100vw, 300px\" data-attachment-id=\"9887\" data-permalink=\"https:\/\/www.bergundtal.com\/?attachment_id=9887\" data-orig-file=\"https:\/\/www.bergundtal.com\/wp-content\/uploads\/2018\/08\/DSC01432.jpg\" data-orig-size=\"1600,1200\" data-comments-opened=\"0\" data-image-meta=\"{&quot;aperture&quot;:&quot;3.5&quot;,&quot;credit&quot;:&quot;Picasa&quot;,&quot;camera&quot;:&quot;DSC-HX400V&quot;,&quot;caption&quot;:&quot;&quot;,&quot;created_timestamp&quot;:&quot;1533564689&quot;,&quot;copyright&quot;:&quot;&quot;,&quot;focal_length&quot;:&quot;7.29&quot;,&quot;iso&quot;:&quot;80&quot;,&quot;shutter_speed&quot;:&quot;0.0005&quot;,&quot;title&quot;:&quot;&quot;,&quot;orientation&quot;:&quot;0&quot;}\" data-image-title=\"DSC01432\" data-image-description=\"\" data-image-caption=\"&lt;p&gt;Glide Air 10.0 von Quatro; Bug mit Befestigungsleine &lt;\/p&gt;\n\" data-medium-file=\"https:\/\/www.bergundtal.com\/wp-content\/uploads\/2018\/08\/DSC01432-300x225.jpg\" data-large-file=\"https:\/\/www.bergundtal.com\/wp-content\/uploads\/2018\/08\/DSC01432-1024x768.jpg\" \/><\/a>\n\t\t\t<\/div>\n\t\t\t\t<figcaption class='wp-caption-text gallery-caption' id='gallery-2-9887'>\n\t\t\t\tGlide Air 10.0 von Quatro; Bug mit Befestigungsleine \n\t\t\t\t<\/figcaption><\/figure><figure class='gallery-item'>\n\t\t\t<div class='gallery-icon landscape'>\n\t\t\t\t<a rel='attachment' href='https:\/\/www.bergundtal.com\/?attachment_id=9886'><img width=\"300\" height=\"225\" src=\"https:\/\/www.bergundtal.com\/wp-content\/uploads\/2018\/08\/DSC01431-300x225.jpg\" class=\"attachment-medium size-medium\" alt=\"\" decoding=\"async\" loading=\"lazy\" aria-describedby=\"gallery-2-9886\" srcset=\"https:\/\/www.bergundtal.com\/wp-content\/uploads\/2018\/08\/DSC01431-300x225.jpg 300w, https:\/\/www.bergundtal.com\/wp-content\/uploads\/2018\/08\/DSC01431-768x576.jpg 768w, https:\/\/www.bergundtal.com\/wp-content\/uploads\/2018\/08\/DSC01431-1024x768.jpg 1024w, https:\/\/www.bergundtal.com\/wp-content\/uploads\/2018\/08\/DSC01431-700x525.jpg 700w, https:\/\/www.bergundtal.com\/wp-content\/uploads\/2018\/08\/DSC01431-332x249.jpg 332w, https:\/\/www.bergundtal.com\/wp-content\/uploads\/2018\/08\/DSC01431.jpg 1600w\" sizes=\"(max-width: 300px) 100vw, 300px\" data-attachment-id=\"9886\" data-permalink=\"https:\/\/www.bergundtal.com\/?attachment_id=9886\" data-orig-file=\"https:\/\/www.bergundtal.com\/wp-content\/uploads\/2018\/08\/DSC01431.jpg\" data-orig-size=\"1600,1200\" data-comments-opened=\"0\" data-image-meta=\"{&quot;aperture&quot;:&quot;4&quot;,&quot;credit&quot;:&quot;Picasa&quot;,&quot;camera&quot;:&quot;DSC-HX400V&quot;,&quot;caption&quot;:&quot;&quot;,&quot;created_timestamp&quot;:&quot;1533564674&quot;,&quot;copyright&quot;:&quot;&quot;,&quot;focal_length&quot;:&quot;7.29&quot;,&quot;iso&quot;:&quot;80&quot;,&quot;shutter_speed&quot;:&quot;0.0005&quot;,&quot;title&quot;:&quot;&quot;,&quot;orientation&quot;:&quot;0&quot;}\" data-image-title=\"DSC01431\" data-image-description=\"\" data-image-caption=\"&lt;p&gt;und Gewinde f\u00fcr Mastfuss,&lt;\/p&gt;\n\" data-medium-file=\"https:\/\/www.bergundtal.com\/wp-content\/uploads\/2018\/08\/DSC01431-300x225.jpg\" data-large-file=\"https:\/\/www.bergundtal.com\/wp-content\/uploads\/2018\/08\/DSC01431-1024x768.jpg\" \/><\/a>\n\t\t\t<\/div>\n\t\t\t\t<figcaption class='wp-caption-text gallery-caption' id='gallery-2-9886'>\n\t\t\t\tund Gewinde f\u00fcr Mastfuss,\n\t\t\t\t<\/figcaption><\/figure><figure class='gallery-item'>\n\t\t\t<div class='gallery-icon portrait'>\n\t\t\t\t<a rel='attachment' href='https:\/\/www.bergundtal.com\/?attachment_id=9900'><img width=\"225\" height=\"300\" src=\"https:\/\/www.bergundtal.com\/wp-content\/uploads\/2018\/08\/P1110801-225x300.jpg\" class=\"attachment-medium size-medium\" alt=\"\" decoding=\"async\" loading=\"lazy\" aria-describedby=\"gallery-2-9900\" srcset=\"https:\/\/www.bergundtal.com\/wp-content\/uploads\/2018\/08\/P1110801-225x300.jpg 225w, https:\/\/www.bergundtal.com\/wp-content\/uploads\/2018\/08\/P1110801-768x1024.jpg 768w, https:\/\/www.bergundtal.com\/wp-content\/uploads\/2018\/08\/P1110801-700x933.jpg 700w, https:\/\/www.bergundtal.com\/wp-content\/uploads\/2018\/08\/P1110801-332x443.jpg 332w, https:\/\/www.bergundtal.com\/wp-content\/uploads\/2018\/08\/P1110801.jpg 1200w\" sizes=\"(max-width: 225px) 100vw, 225px\" data-attachment-id=\"9900\" data-permalink=\"https:\/\/www.bergundtal.com\/?attachment_id=9900\" data-orig-file=\"https:\/\/www.bergundtal.com\/wp-content\/uploads\/2018\/08\/P1110801.jpg\" data-orig-size=\"1200,1600\" data-comments-opened=\"0\" data-image-meta=\"{&quot;aperture&quot;:&quot;2.8&quot;,&quot;credit&quot;:&quot;Picasa&quot;,&quot;camera&quot;:&quot;DMC-FZ20&quot;,&quot;caption&quot;:&quot;&quot;,&quot;created_timestamp&quot;:&quot;1532255312&quot;,&quot;copyright&quot;:&quot;&quot;,&quot;focal_length&quot;:&quot;13.8&quot;,&quot;iso&quot;:&quot;400&quot;,&quot;shutter_speed&quot;:&quot;0.01&quot;,&quot;title&quot;:&quot;&quot;,&quot;orientation&quot;:&quot;0&quot;}\" data-image-title=\"P1110801\" data-image-description=\"\" data-image-caption=\"&lt;p&gt;&#8230; im Rucksack verpackt&lt;\/p&gt;\n\" data-medium-file=\"https:\/\/www.bergundtal.com\/wp-content\/uploads\/2018\/08\/P1110801-225x300.jpg\" data-large-file=\"https:\/\/www.bergundtal.com\/wp-content\/uploads\/2018\/08\/P1110801-768x1024.jpg\" \/><\/a>\n\t\t\t<\/div>\n\t\t\t\t<figcaption class='wp-caption-text gallery-caption' id='gallery-2-9900'>\n\t\t\t\t&#8230; im Rucksack verpackt\n\t\t\t\t<\/figcaption><\/figure>\n\t\t<\/div>\n\n<p><a href=\"http:\/\/www.bergundtal.com\/wp-content\/uploads\/2018\/08\/P1080115.jpg\"><img data-attachment-id=\"9904\" data-permalink=\"https:\/\/www.bergundtal.com\/?attachment_id=9904\" data-orig-file=\"https:\/\/www.bergundtal.com\/wp-content\/uploads\/2018\/08\/P1080115.jpg\" data-orig-size=\"640,480\" data-comments-opened=\"0\" data-image-meta=\"{&quot;aperture&quot;:&quot;8&quot;,&quot;credit&quot;:&quot;Picasa&quot;,&quot;camera&quot;:&quot;DMC-FZ20&quot;,&quot;caption&quot;:&quot;&quot;,&quot;created_timestamp&quot;:&quot;1377621474&quot;,&quot;copyright&quot;:&quot;&quot;,&quot;focal_length&quot;:&quot;72&quot;,&quot;iso&quot;:&quot;80&quot;,&quot;shutter_speed&quot;:&quot;0.0005&quot;,&quot;title&quot;:&quot;&quot;,&quot;orientation&quot;:&quot;0&quot;}\" data-image-title=\"P1080115\" data-image-description=\"\" data-image-caption=\"\" data-medium-file=\"https:\/\/www.bergundtal.com\/wp-content\/uploads\/2018\/08\/P1080115-300x225.jpg\" data-large-file=\"https:\/\/www.bergundtal.com\/wp-content\/uploads\/2018\/08\/P1080115.jpg\" decoding=\"async\" loading=\"lazy\" class=\"alignleft size-medium wp-image-9904\" src=\"http:\/\/www.bergundtal.com\/wp-content\/uploads\/2018\/08\/P1080115-300x225.jpg\" alt=\"\" width=\"300\" height=\"225\" srcset=\"https:\/\/www.bergundtal.com\/wp-content\/uploads\/2018\/08\/P1080115-300x225.jpg 300w, https:\/\/www.bergundtal.com\/wp-content\/uploads\/2018\/08\/P1080115-332x249.jpg 332w, https:\/\/www.bergundtal.com\/wp-content\/uploads\/2018\/08\/P1080115.jpg 640w\" sizes=\"(max-width: 300px) 100vw, 300px\" \/><\/a>Wer mit einem Inflatable-Board ans Meer m\u00f6chte, evtl sogar erste Versuche im Wellen- reiten wagen m\u00f6chte, sollte auf die Volumen- angabe achten, ein kleineres Brett mit vielleicht nur 200Litern, vor allem aber ein etwas d\u00fcnneres Board w\u00e4hlen. Die meisten Inflatables haben eine Dicke von etwa 15cm\u00a0 \u00a0 \u00a0(6\u201c), dick bedeutet hier mehr Stabilit\u00e4t. Es gibt aber Modelle mit 4\u201c, und wenn das Board dazu noch scharfe \u201erails ( Kanten ) besitzt, ist es besser f\u00fcr Ausfl\u00fcge ans Meer geeignet.<br \/>\nMittlerweile gibt es aber auch kurze Inflatables speziell f\u00fcrs Wellenreiten. Wir haben ein solches Boards &#8211; <em><strong>INDIANA 7.10<\/strong><\/em>, 240cm L, 58,4cm B und 7,5cm stark &#8211; ausprobiert. Trotz hohem Pumpendruck ( 1,5bar ) und aufgeklebter umlaufender Kante war das Ergebnis etwas zwiesp\u00e4ltig. Man sp\u00fcrt deutlich, wenn die Welle unter dem Board durchl\u00e4uft, das Board \u201egibt nach\u201c, der Unterschied zum normalen Surfbrett ist noch sehr gro\u00df.<br \/>\nViele hochwertige Inflatables sind mittlerweile auch WindSUPs, sind auch f\u00fcrs Windsurfen geeignet und besitzen eine Aufnahmebuchse f\u00fcr den Mastfu\u00df. Egal, ob man ein Rigg zum Aufpusten, das sog. iRig, oder ein SUP-Rig (ein 3-teiligerMast, ein kurzer, zerlegbarer Gabelbaum, ein einfach einrollbares Segel \u2013 alles in einer Tragetasche verpackt) einsetzen m\u00f6chte, windsurferische Wunderdinge darf man nat\u00fcrlich nicht erwarten. Die langen \u201eBretter\u201c eignen sich nur zum gem\u00fctlichen \u201ecruisen\u201c, H\u00f6helaufen ist selbst bei Modellen mit Schwert nicht allzu ergiebig. Die Boards sind zu volumin\u00f6s, bieten dem Wind zu viel Angriffsfl\u00e4che. Bisher gibt es nur zwei WindSUPS, die den Namen auch wirklich verdienen, und zwar von JP\u00a0 \u00a0 \u00a0(Magicair) und Roberto Ricci (Airwindsurf Freeride). Es sind kurze Inflatables mit nur 150 Litern Volumen, sie besitzen eine lange Finne und \u201evertragen\u201c daher auch gro\u00dfe Segel.<br \/>\nMit diesen Modellen macht Windsurfen richtig Spa\u00df, sogar im Meer bei ordentlichem Wind!<\/p>\n<p class=\"jetpack-slideshow-noscript robots-nocontent\">Diese Diashow ben\u00f6tigt JavaScript.<\/p><div id=\"gallery-9884-1-slideshow\" class=\"jetpack-slideshow-window jetpack-slideshow jetpack-slideshow-black\" data-trans=\"fade\" data-autostart=\"1\" data-gallery=\"[{&quot;src&quot;:&quot;https:\\\/\\\/www.bergundtal.com\\\/wp-content\\\/uploads\\\/2018\\\/08\\\/P1110793-1024x768.jpg&quot;,&quot;id&quot;:&quot;9899&quot;,&quot;title&quot;:&quot;P1110793&quot;,&quot;alt&quot;:&quot;&quot;,&quot;caption&quot;:&quot;kleines aufblasbares Surfboard&quot;,&quot;itemprop&quot;:&quot;image&quot;},{&quot;src&quot;:&quot;https:\\\/\\\/www.bergundtal.com\\\/wp-content\\\/uploads\\\/2018\\\/08\\\/P1010448-768x1024.jpg&quot;,&quot;id&quot;:&quot;9892&quot;,&quot;title&quot;:&quot;P1010448&quot;,&quot;alt&quot;:&quot;&quot;,&quot;caption&quot;:&quot;Windsurfen mit Allroundboard&quot;,&quot;itemprop&quot;:&quot;image&quot;},{&quot;src&quot;:&quot;https:\\\/\\\/www.bergundtal.com\\\/wp-content\\\/uploads\\\/2018\\\/08\\\/P1010600-1024x768.jpg&quot;,&quot;id&quot;:&quot;9893&quot;,&quot;title&quot;:&quot;P1010600&quot;,&quot;alt&quot;:&quot;&quot;,&quot;caption&quot;:&quot;\\u0026#8211; \\u0026#8222;gem\\u00fctliches\\u0026#8220; Surfen.&quot;,&quot;itemprop&quot;:&quot;image&quot;},{&quot;src&quot;:&quot;https:\\\/\\\/www.bergundtal.com\\\/wp-content\\\/uploads\\\/2018\\\/08\\\/P1100899-1024x768.jpg&quot;,&quot;id&quot;:&quot;9897&quot;,&quot;title&quot;:&quot;P1100899&quot;,&quot;alt&quot;:&quot;&quot;,&quot;caption&quot;:&quot;iRig und SUP-Rig&quot;,&quot;itemprop&quot;:&quot;image&quot;},{&quot;src&quot;:&quot;https:\\\/\\\/www.bergundtal.com\\\/wp-content\\\/uploads\\\/2018\\\/08\\\/P1110789-1024x768.jpg&quot;,&quot;id&quot;:&quot;9898&quot;,&quot;title&quot;:&quot;P1110789&quot;,&quot;alt&quot;:&quot;&quot;,&quot;caption&quot;:&quot;aufblasbares Windsurf-Board&quot;,&quot;itemprop&quot;:&quot;image&quot;},{&quot;src&quot;:&quot;https:\\\/\\\/www.bergundtal.com\\\/wp-content\\\/uploads\\\/2018\\\/08\\\/P1030551-1024x768.jpg&quot;,&quot;id&quot;:&quot;9896&quot;,&quot;title&quot;:&quot;P1030551&quot;,&quot;alt&quot;:&quot;&quot;,&quot;caption&quot;:&quot;Windsurfen mit einem speziellen WindSUP&quot;,&quot;itemprop&quot;:&quot;image&quot;}]\" itemscope itemtype=\"https:\/\/schema.org\/ImageGallery\"><\/div>\n","protected":false},"excerpt":{"rendered":"<p>Wenn sich sogar die Apotheken Umschau mit diesem Thema besch\u00e4ftigt, kann man ruhigen Gewissens davon sprechen, Stand-Up-Paddeln ist in der Mitte der Gesellschaft angekommen, ist ein rasant wachsender Trend der Fitness-Bewegung im Sommer \u2013 Stand-up Paddeln mit aufblasbaren Boards, sog. Inflatables. Es gibt neben den Fluss- und See \u2013 Paddlern &#8230;<\/p>\n","protected":false},"author":2,"featured_media":9885,"comment_status":"closed","ping_status":"closed","sticky":false,"template":"","format":"standard","meta":{"jetpack_post_was_ever_published":false,"jetpack_publicize_message":"","jetpack_is_tweetstorm":false,"jetpack_publicize_feature_enabled":true,"jetpack_social_options":[]},"categories":[1],"tags":[],"coauthors":[461,460],"jetpack_publicize_connections":[],"jetpack_featured_media_url":"https:\/\/www.bergundtal.com\/wp-content\/uploads\/2018\/08\/DSC01430.jpg","jetpack_shortlink":"https:\/\/wp.me\/p3YISc-2zq","jetpack_sharing_enabled":true,"_links":{"self":[{"href":"https:\/\/www.bergundtal.com\/index.php?rest_route=\/wp\/v2\/posts\/9884"}],"collection":[{"href":"https:\/\/www.bergundtal.com\/index.php?rest_route=\/wp\/v2\/posts"}],"about":[{"href":"https:\/\/www.bergundtal.com\/index.php?rest_route=\/wp\/v2\/types\/post"}],"author":[{"embeddable":true,"href":"https:\/\/www.bergundtal.com\/index.php?rest_route=\/wp\/v2\/users\/2"}],"replies":[{"embeddable":true,"href":"https:\/\/www.bergundtal.com\/index.php?rest_route=%2Fwp%2Fv2%2Fcomments&post=9884"}],"version-history":[{"count":6,"href":"https:\/\/www.bergundtal.com\/index.php?rest_route=\/wp\/v2\/posts\/9884\/revisions"}],"predecessor-version":[{"id":9911,"href":"https:\/\/www.bergundtal.com\/index.php?rest_route=\/wp\/v2\/posts\/9884\/revisions\/9911"}],"wp:featuredmedia":[{"embeddable":true,"href":"https:\/\/www.bergundtal.com\/index.php?rest_route=\/wp\/v2\/media\/9885"}],"wp:attachment":[{"href":"https:\/\/www.bergundtal.com\/index.php?rest_route=%2Fwp%2Fv2%2Fmedia&parent=9884"}],"wp:term":[{"taxonomy":"category","embeddable":true,"href":"https:\/\/www.bergundtal.com\/index.php?rest_route=%2Fwp%2Fv2%2Fcategories&post=9884"},{"taxonomy":"post_tag","embeddable":true,"href":"https:\/\/www.bergundtal.com\/index.php?rest_route=%2Fwp%2Fv2%2Ftags&post=9884"},{"taxonomy":"author","embeddable":true,"href":"https:\/\/www.bergundtal.com\/index.php?rest_route=%2Fwp%2Fv2%2Fcoauthors&post=9884"}],"curies":[{"name":"wp","href":"https:\/\/api.w.org\/{rel}","templated":true}]}}